{"id":246172,"date":"2025-07-03T13:17:42","date_gmt":"2025-07-03T10:17:42","guid":{"rendered":"https:\/\/vof-news.eu\/un-policia-imputado-reconoce-ante-el-juez-que-investigo-a-pablo-iglesias-a-partir-del-montaje-con-la-cocaina-a-miguel-urban\/"},"modified":"2025-07-03T13:18:10","modified_gmt":"2025-07-03T10:18:10","slug":"un-policia-imputado-reconoce-ante-el-juez-que-investigo-a-pablo-iglesias-a-partir-del-montaje-con-la-cocaina-a-miguel-urban","status":"publish","type":"post","link":"https:\/\/vof-news.eu\/es\/un-policia-imputado-reconoce-ante-el-juez-que-investigo-a-pablo-iglesias-a-partir-del-montaje-con-la-cocaina-a-miguel-urban\/","title":{"rendered":"Un polic\u00eda imputado reconoce ante el juez que investig\u00f3 a Pablo Iglesias a partir del montaje con la coca\u00edna a Miguel Urb\u00e1n"},"content":{"rendered":"<div>\n<p>\n        Un inspector jefe de la Unidad contra la Drogas y el Crimen Organizado (Udyco) de la Polic\u00eda ha reconocido este jueves ante el juez Santiago Pedraz que decidi\u00f3 consultar en las bases de datos del Cuerpo informaci\u00f3n sobre Pablo Iglesias a ra\u00edz de investigaci\u00f3n abierta al tambi\u00e9n fundador de Podemos Miguel Urb\u00e1n, unas pesquisas que se han revelado como <a href=\"https:\/\/www.eldiario.es\/politica\/invento-secreto-policia-miguel-urban-40-kilos-coca-pub-nueva-vision-malasana_1_12304862.html\" rel=\"nofollow\">un montaje<\/a> que atribu\u00eda al militante de Anticapitalistas la venta de 40 kilos de coca\u00edna para finanaciar al partido.\n    <\/p>\n<p>\n        El mando policial ha declarado <a href=\"https:\/\/www.eldiario.es\/politica\/juez-pedraz-imputa-policia-utilizar-montaje-miguel-urban-investigar-pablo-iglesias_1_12356184.html\" rel=\"nofollow\">como investigado<\/a> en el marco de la causa abierta en el Juzgado de Instrucci\u00f3n n\u00famero 5 de la Audiencia Nacional por las maniobras policiales contra Podemos durante el \u00faltimo Gobierno del Partido Popular. El fiscal Vicente Gonz\u00e1lez Mota solicit\u00f3 su imputaci\u00f3n al aparecer el carnet profesional del polic\u00eda en un informe que recog\u00eda las consultas realizadas a diputados del partido que entonces lideraba Iglesias.\n    <\/p>\n<p>\n        El agente ha afirmado esta ma\u00f1ana en el juzgado que a las semanas de llegar destinado a la Udyco, en 2016, fue informado de la existencia de una operaci\u00f3n denominada Cardenal donde se investigaba a un tal Miguel Urb\u00e1n por tr\u00e1fico de drogas y que en la operativa podr\u00eda darse un delito de financiaci\u00f3n irregular de Podemos. El investigado ha dicho que, una vez averig\u00fc\u00f3 quien era Urb\u00e1n, al que no conoc\u00eda, decidi\u00f3  consultar en las bases de datos a Pablo Iglesias por ser el l\u00edder del partido al que pertenec\u00eda el anterior.\n    <\/p>\n<p>\n        Seg\u00fan fuentes presentes en la declaraci\u00f3n, el mando de la Udyco ha defendido que se trata de una pr\u00e1ctica habitual de los investigadores hacer comprobaciones sobre el \u201centorno\u201d del investigado. Tambi\u00e9n ha dicho que no recuerda haber realizado consultas sobre otro dirigente de Podemos que no fuera Pablo Iglesias.\n    <\/p>\n<p>\n        El fiscal Gonz\u00e1lez Mota le ha intentado preguntar si hubiera hecho lo mismo en el caso de que, por ejemplo, el investigado fuera el Partido Popular. Es decir, si en ese caso hubiera introducido el nombre de Mariano Rajoy en una base de datos. El juez Santiago Pedraz, a instancias de la defensa del polic\u00eda, ha interrupido al fiscal y ha considerado que la pregunta no era pertinente.\n    <\/p>\n<h2>El polic\u00eda imputado critica el montaje<\/h2>\n<p>\n        La abogada del polic\u00eda le ha preguntado si, una vez ha conocido que la Operaci\u00f3n Cardenal se basaba en el testimonio de un confidente y de un relato tan incre\u00edble como el que hac\u00eda de la venta de droga por Miguel Urb\u00e1n, \u00e9l habr\u00eda enviado ese testimonio del colaborador a la Fiscal\u00eda Antidroga, como hizo el comisario Jos\u00e9 Luis Olivera. El imputado ha dicho que, seg\u00fan su criterio, esa investigaci\u00f3n no deb\u00eda haberse producido de acuerdo a ese testimonio de un confidente.\n    <\/p>\n<p>\n        La investigaci\u00f3n a Urb\u00e1n por vender supuestamente 40 kilos de coca\u00edna fue <a href=\"https:\/\/www.eldiario.es\/politica\/invento-secreto-policia-miguel-urban-40-kilos-coca-pub-nueva-vision-malasana_1_12304862.html\" rel=\"nofollow\">un montaje<\/a> para sustentar una causa por financiaci\u00f3n irregular a Podemos en plenas negociaciones con el PSOE para formar gobierno en 2016. En el marco de la <a href=\"https:\/\/www.eldiario.es\/politica\/investigacion-audiencia-nacional-comienza-cuadrar-puzle-guerra-sucia_1_11927745.html\" rel=\"nofollow\">causa que instruye Pedraz<\/a>, la propia Polic\u00eda inform\u00f3 hace unos meses a la Audiencia Nacional de la existencia de las indagaciones sobre Urb\u00e1n. Hab\u00eda aparecido una b\u00fasqueda sobre Pablo Iglesias y la Polic\u00eda respondi\u00f3 que se hab\u00edan hecho consultas a bases de datos policiales \u201csobre las personas del entorno de Urb\u00e1n\u201d. Lo bautizaron como la Operaci\u00f3n Cardenal. Esa fue la primera pista para dar con el montaje sobre Miguel Urb\u00e1n y la coca\u00edna.\n    <\/p>\n<p>\n        El director del Centro de Inteligencia contra el Terrorismo y el Crimen Organizado (CITCO) en 2016, el comisario Jos\u00e9 Luis Olivera, utiliz\u00f3 el supuesto relato de un confidente para informar a Antidroga de que Urb\u00e1n habr\u00eda vendido 40 kilos de coca\u00edna procedente de Venezuela en un pub de Malasa\u00f1a para financiar a Podemos. El relato era disparatado, pero en la investigaci\u00f3n acabaron involucradas las unidades centrales de la Polic\u00eda contra el crimen organizado y Anticorrupci\u00f3n, la Oficina Nacional de Investigaci\u00f3n del Fraude (ONIF) y la propia Fiscal\u00eda Antidroga. Esta \u00faltima archiv\u00f3 el caso seis meses despu\u00e9s al no encontrar ning\u00fan indicio de delito en la informaci\u00f3n que le facilitaba la Polic\u00eda.\n    <\/p>\n<\/div>\n","protected":false},"excerpt":{"rendered":"<p>Un inspector jefe de la Unidad contra la Drogas y el Crimen Organizado (Udyco) de la Polic\u00eda ha reconocido este jueves ante el juez Santiago Pedraz que decidi\u00f3 consultar en las bases de datos del Cuerpo informaci\u00f3n sobre Pablo Iglesias a ra\u00edz de investigaci\u00f3n abierta al tambi\u00e9n fundador de Podemos Miguel Urb\u00e1n, unas pesquisas que<\/p>\n","protected":false},"author":1,"featured_media":246173,"comment_status":"open","ping_status":"open","sticky":false,"template":"","format":"standard","meta":{"footnotes":""},"categories":[71],"tags":[],"class_list":["post-246172","post","type-post","status-publish","format-standard","has-post-thumbnail","hentry","category-politics-es"],"acf":[],"yoast_head":"<!-- This site is optimized with the Yoast SEO plugin v22.9 - https:\/\/yoast.com\/wordpress\/plugins\/seo\/ -->\n<title>Un polic\u00eda imputado reconoce ante el juez que investig\u00f3 a Pablo Iglesias a partir del montaje con la coca\u00edna a Miguel Urb\u00e1n - vof-news.eu<\/title>\n<meta name=\"description\" content=\"Un inspector jefe de la Unidad contra la Drogas y el Crimen Organizado (Udyco) de la Polic\u00eda ha reconocido este jueves ante el juez Santiago Pedraz que decidi\u00f3 consultar en las bases de datos del Cuerpo informaci\u00f3n sobre Pablo Iglesias a ra\u00edz de investigaci\u00f3n abierta al tambi\u00e9n fundador de Podemos Miguel Urb\u00e1n, unas pesquisas que se han revelado como un montaje que atribu\u00eda al militante de Anticapitalistas la venta de 40 kilos de coca\u00edna para finanaciar al partido.\" \/>\n<meta name=\"robots\" content=\"noindex, follow, max-snippet:-1, max-image-preview:large, max-video-preview:-1\" \/>\n<meta property=\"og:locale\" content=\"es_ES\" \/>\n<meta property=\"og:type\" content=\"article\" \/>\n<meta property=\"og:title\" content=\"Un polic\u00eda imputado reconoce ante el juez que investig\u00f3 a Pablo Iglesias a partir del montaje con la coca\u00edna a Miguel Urb\u00e1n - vof-news.eu\" \/>\n<meta property=\"og:description\" content=\"Un inspector jefe de la Unidad contra la Drogas y el Crimen Organizado (Udyco) de la Polic\u00eda ha reconocido este jueves ante el juez Santiago Pedraz que decidi\u00f3 consultar en las bases de datos del Cuerpo informaci\u00f3n sobre Pablo Iglesias a ra\u00edz de investigaci\u00f3n abierta al tambi\u00e9n fundador de Podemos Miguel Urb\u00e1n, unas pesquisas que se han revelado como un montaje que atribu\u00eda al militante de Anticapitalistas la venta de 40 kilos de coca\u00edna para finanaciar al partido.\" \/>\n<meta property=\"og:url\" content=\"https:\/\/vof-news.eu\/es\/un-policia-imputado-reconoce-ante-el-juez-que-investigo-a-pablo-iglesias-a-partir-del-montaje-con-la-cocaina-a-miguel-urban\/\" \/>\n<meta property=\"og:site_name\" content=\"vof-news.eu\" \/>\n<meta property=\"article:published_time\" content=\"2025-07-03T10:17:42+00:00\" \/>\n<meta property=\"article:modified_time\" content=\"2025-07-03T10:18:10+00:00\" \/>\n<meta property=\"og:image\" content=\"https:\/\/vof-news.eu\/wp-content\/uploads\/2025\/07\/e08e6a36-1583-4033-9048-7811bf647aa8_16-9-discover-aspect-ratio_default_0.jpg\" \/>\n\t<meta property=\"og:image:width\" content=\"1200\" \/>\n\t<meta property=\"og:image:height\" content=\"675\" \/>\n\t<meta property=\"og:image:type\" content=\"image\/jpeg\" \/>\n<meta name=\"author\" content=\"Author\" \/>\n<meta name=\"twitter:card\" content=\"summary_large_image\" \/>\n<meta name=\"twitter:label1\" content=\"Escrito por\" \/>\n\t<meta name=\"twitter:data1\" content=\"Author\" \/>\n\t<meta name=\"twitter:label2\" content=\"Tiempo de lectura\" \/>\n\t<meta name=\"twitter:data2\" content=\"4 minutos\" \/>\n<script type=\"application\/ld+json\" class=\"yoast-schema-graph\">{\"@context\":\"https:\/\/schema.org\",\"@graph\":[{\"@type\":\"WebPage\",\"@id\":\"https:\/\/vof-news.eu\/es\/un-policia-imputado-reconoce-ante-el-juez-que-investigo-a-pablo-iglesias-a-partir-del-montaje-con-la-cocaina-a-miguel-urban\/\",\"url\":\"https:\/\/vof-news.eu\/es\/un-policia-imputado-reconoce-ante-el-juez-que-investigo-a-pablo-iglesias-a-partir-del-montaje-con-la-cocaina-a-miguel-urban\/\",\"name\":\"Un polic\u00eda imputado reconoce ante el juez que investig\u00f3 a Pablo Iglesias a partir del montaje con la coca\u00edna a Miguel Urb\u00e1n - vof-news.eu\",\"isPartOf\":{\"@id\":\"https:\/\/vof-news.eu\/es\/#website\"},\"primaryImageOfPage\":{\"@id\":\"https:\/\/vof-news.eu\/es\/un-policia-imputado-reconoce-ante-el-juez-que-investigo-a-pablo-iglesias-a-partir-del-montaje-con-la-cocaina-a-miguel-urban\/#primaryimage\"},\"image\":{\"@id\":\"https:\/\/vof-news.eu\/es\/un-policia-imputado-reconoce-ante-el-juez-que-investigo-a-pablo-iglesias-a-partir-del-montaje-con-la-cocaina-a-miguel-urban\/#primaryimage\"},\"thumbnailUrl\":\"https:\/\/vof-news.eu\/wp-content\/uploads\/2025\/07\/e08e6a36-1583-4033-9048-7811bf647aa8_16-9-discover-aspect-ratio_default_0.jpg\",\"datePublished\":\"2025-07-03T10:17:42+00:00\",\"dateModified\":\"2025-07-03T10:18:10+00:00\",\"author\":{\"@id\":\"https:\/\/vof-news.eu\/es\/#\/schema\/person\/f6a2a4309f0561835797fd8c19b333ed\"},\"description\":\"Un inspector jefe de la Unidad contra la Drogas y el Crimen Organizado (Udyco) de la Polic\u00eda ha reconocido este jueves ante el juez Santiago Pedraz que decidi\u00f3 consultar en las bases de datos del Cuerpo informaci\u00f3n sobre Pablo Iglesias a ra\u00edz de investigaci\u00f3n abierta al tambi\u00e9n fundador de Podemos Miguel Urb\u00e1n, unas pesquisas que se han revelado como un montaje que atribu\u00eda al militante de Anticapitalistas la venta de 40 kilos de coca\u00edna para finanaciar al partido.\",\"breadcrumb\":{\"@id\":\"https:\/\/vof-news.eu\/es\/un-policia-imputado-reconoce-ante-el-juez-que-investigo-a-pablo-iglesias-a-partir-del-montaje-con-la-cocaina-a-miguel-urban\/#breadcrumb\"},\"inLanguage\":\"es\",\"potentialAction\":[{\"@type\":\"ReadAction\",\"target\":[\"https:\/\/vof-news.eu\/es\/un-policia-imputado-reconoce-ante-el-juez-que-investigo-a-pablo-iglesias-a-partir-del-montaje-con-la-cocaina-a-miguel-urban\/\"]}]},{\"@type\":\"ImageObject\",\"inLanguage\":\"es\",\"@id\":\"https:\/\/vof-news.eu\/es\/un-policia-imputado-reconoce-ante-el-juez-que-investigo-a-pablo-iglesias-a-partir-del-montaje-con-la-cocaina-a-miguel-urban\/#primaryimage\",\"url\":\"https:\/\/vof-news.eu\/wp-content\/uploads\/2025\/07\/e08e6a36-1583-4033-9048-7811bf647aa8_16-9-discover-aspect-ratio_default_0.jpg\",\"contentUrl\":\"https:\/\/vof-news.eu\/wp-content\/uploads\/2025\/07\/e08e6a36-1583-4033-9048-7811bf647aa8_16-9-discover-aspect-ratio_default_0.jpg\",\"width\":1200,\"height\":675},{\"@type\":\"BreadcrumbList\",\"@id\":\"https:\/\/vof-news.eu\/es\/un-policia-imputado-reconoce-ante-el-juez-que-investigo-a-pablo-iglesias-a-partir-del-montaje-con-la-cocaina-a-miguel-urban\/#breadcrumb\",\"itemListElement\":[{\"@type\":\"ListItem\",\"position\":1,\"name\":\"Home\",\"item\":\"https:\/\/vof-news.eu\/es\/\"},{\"@type\":\"ListItem\",\"position\":2,\"name\":\"Un polic\u00eda imputado reconoce ante el juez que investig\u00f3 a Pablo Iglesias a partir del montaje con la coca\u00edna a Miguel Urb\u00e1n\"}]},{\"@type\":\"WebSite\",\"@id\":\"https:\/\/vof-news.eu\/es\/#website\",\"url\":\"https:\/\/vof-news.eu\/es\/\",\"name\":\"vof-news.eu\",\"description\":\"\",\"potentialAction\":[{\"@type\":\"SearchAction\",\"target\":{\"@type\":\"EntryPoint\",\"urlTemplate\":\"https:\/\/vof-news.eu\/es\/?s={search_term_string}\"},\"query-input\":\"required name=search_term_string\"}],\"inLanguage\":\"es\"},{\"@type\":\"Person\",\"@id\":\"https:\/\/vof-news.eu\/es\/#\/schema\/person\/f6a2a4309f0561835797fd8c19b333ed\",\"name\":\"Author\",\"image\":{\"@type\":\"ImageObject\",\"inLanguage\":\"es\",\"@id\":\"https:\/\/vof-news.eu\/es\/#\/schema\/person\/image\/\",\"url\":\"https:\/\/secure.gravatar.com\/avatar\/b67e614b1b25b3e9c0c239efdd2fde5ab015b5affd6f1c3c85911ca4b384e790?s=96&d=mm&r=g\",\"contentUrl\":\"https:\/\/secure.gravatar.com\/avatar\/b67e614b1b25b3e9c0c239efdd2fde5ab015b5affd6f1c3c85911ca4b384e790?s=96&d=mm&r=g\",\"caption\":\"Author\"},\"sameAs\":[\"http:\/\/vof-news.eu\"],\"url\":\"https:\/\/vof-news.eu\/es\/author\/zwt6qxnjulxbnyg\/\"}]}<\/script>\n<!-- \/ Yoast SEO plugin. -->","yoast_head_json":{"title":"Un polic\u00eda imputado reconoce ante el juez que investig\u00f3 a Pablo Iglesias a partir del montaje con la coca\u00edna a Miguel Urb\u00e1n - vof-news.eu","description":"Un inspector jefe de la Unidad contra la Drogas y el Crimen Organizado (Udyco) de la Polic\u00eda ha reconocido este jueves ante el juez Santiago Pedraz que decidi\u00f3 consultar en las bases de datos del Cuerpo informaci\u00f3n sobre Pablo Iglesias a ra\u00edz de investigaci\u00f3n abierta al tambi\u00e9n fundador de Podemos Miguel Urb\u00e1n, unas pesquisas que se han revelado como un montaje que atribu\u00eda al militante de Anticapitalistas la venta de 40 kilos de coca\u00edna para finanaciar al partido.","robots":{"index":"noindex","follow":"follow","max-snippet":"max-snippet:-1","max-image-preview":"max-image-preview:large","max-video-preview":"max-video-preview:-1"},"og_locale":"es_ES","og_type":"article","og_title":"Un polic\u00eda imputado reconoce ante el juez que investig\u00f3 a Pablo Iglesias a partir del montaje con la coca\u00edna a Miguel Urb\u00e1n - vof-news.eu","og_description":"Un inspector jefe de la Unidad contra la Drogas y el Crimen Organizado (Udyco) de la Polic\u00eda ha reconocido este jueves ante el juez Santiago Pedraz que decidi\u00f3 consultar en las bases de datos del Cuerpo informaci\u00f3n sobre Pablo Iglesias a ra\u00edz de investigaci\u00f3n abierta al tambi\u00e9n fundador de Podemos Miguel Urb\u00e1n, unas pesquisas que se han revelado como un montaje que atribu\u00eda al militante de Anticapitalistas la venta de 40 kilos de coca\u00edna para finanaciar al partido.","og_url":"https:\/\/vof-news.eu\/es\/un-policia-imputado-reconoce-ante-el-juez-que-investigo-a-pablo-iglesias-a-partir-del-montaje-con-la-cocaina-a-miguel-urban\/","og_site_name":"vof-news.eu","article_published_time":"2025-07-03T10:17:42+00:00","article_modified_time":"2025-07-03T10:18:10+00:00","og_image":[{"width":1200,"height":675,"url":"https:\/\/vof-news.eu\/wp-content\/uploads\/2025\/07\/e08e6a36-1583-4033-9048-7811bf647aa8_16-9-discover-aspect-ratio_default_0.jpg","type":"image\/jpeg"}],"author":"Author","twitter_card":"summary_large_image","twitter_misc":{"Escrito por":"Author","Tiempo de lectura":"4 minutos"},"schema":{"@context":"https:\/\/schema.org","@graph":[{"@type":"WebPage","@id":"https:\/\/vof-news.eu\/es\/un-policia-imputado-reconoce-ante-el-juez-que-investigo-a-pablo-iglesias-a-partir-del-montaje-con-la-cocaina-a-miguel-urban\/","url":"https:\/\/vof-news.eu\/es\/un-policia-imputado-reconoce-ante-el-juez-que-investigo-a-pablo-iglesias-a-partir-del-montaje-con-la-cocaina-a-miguel-urban\/","name":"Un polic\u00eda imputado reconoce ante el juez que investig\u00f3 a Pablo Iglesias a partir del montaje con la coca\u00edna a Miguel Urb\u00e1n - vof-news.eu","isPartOf":{"@id":"https:\/\/vof-news.eu\/es\/#website"},"primaryImageOfPage":{"@id":"https:\/\/vof-news.eu\/es\/un-policia-imputado-reconoce-ante-el-juez-que-investigo-a-pablo-iglesias-a-partir-del-montaje-con-la-cocaina-a-miguel-urban\/#primaryimage"},"image":{"@id":"https:\/\/vof-news.eu\/es\/un-policia-imputado-reconoce-ante-el-juez-que-investigo-a-pablo-iglesias-a-partir-del-montaje-con-la-cocaina-a-miguel-urban\/#primaryimage"},"thumbnailUrl":"https:\/\/vof-news.eu\/wp-content\/uploads\/2025\/07\/e08e6a36-1583-4033-9048-7811bf647aa8_16-9-discover-aspect-ratio_default_0.jpg","datePublished":"2025-07-03T10:17:42+00:00","dateModified":"2025-07-03T10:18:10+00:00","author":{"@id":"https:\/\/vof-news.eu\/es\/#\/schema\/person\/f6a2a4309f0561835797fd8c19b333ed"},"description":"Un inspector jefe de la Unidad contra la Drogas y el Crimen Organizado (Udyco) de la Polic\u00eda ha reconocido este jueves ante el juez Santiago Pedraz que decidi\u00f3 consultar en las bases de datos del Cuerpo informaci\u00f3n sobre Pablo Iglesias a ra\u00edz de investigaci\u00f3n abierta al tambi\u00e9n fundador de Podemos Miguel Urb\u00e1n, unas pesquisas que se han revelado como un montaje que atribu\u00eda al militante de Anticapitalistas la venta de 40 kilos de coca\u00edna para finanaciar al partido.","breadcrumb":{"@id":"https:\/\/vof-news.eu\/es\/un-policia-imputado-reconoce-ante-el-juez-que-investigo-a-pablo-iglesias-a-partir-del-montaje-con-la-cocaina-a-miguel-urban\/#breadcrumb"},"inLanguage":"es","potentialAction":[{"@type":"ReadAction","target":["https:\/\/vof-news.eu\/es\/un-policia-imputado-reconoce-ante-el-juez-que-investigo-a-pablo-iglesias-a-partir-del-montaje-con-la-cocaina-a-miguel-urban\/"]}]},{"@type":"ImageObject","inLanguage":"es","@id":"https:\/\/vof-news.eu\/es\/un-policia-imputado-reconoce-ante-el-juez-que-investigo-a-pablo-iglesias-a-partir-del-montaje-con-la-cocaina-a-miguel-urban\/#primaryimage","url":"https:\/\/vof-news.eu\/wp-content\/uploads\/2025\/07\/e08e6a36-1583-4033-9048-7811bf647aa8_16-9-discover-aspect-ratio_default_0.jpg","contentUrl":"https:\/\/vof-news.eu\/wp-content\/uploads\/2025\/07\/e08e6a36-1583-4033-9048-7811bf647aa8_16-9-discover-aspect-ratio_default_0.jpg","width":1200,"height":675},{"@type":"BreadcrumbList","@id":"https:\/\/vof-news.eu\/es\/un-policia-imputado-reconoce-ante-el-juez-que-investigo-a-pablo-iglesias-a-partir-del-montaje-con-la-cocaina-a-miguel-urban\/#breadcrumb","itemListElement":[{"@type":"ListItem","position":1,"name":"Home","item":"https:\/\/vof-news.eu\/es\/"},{"@type":"ListItem","position":2,"name":"Un polic\u00eda imputado reconoce ante el juez que investig\u00f3 a Pablo Iglesias a partir del montaje con la coca\u00edna a Miguel Urb\u00e1n"}]},{"@type":"WebSite","@id":"https:\/\/vof-news.eu\/es\/#website","url":"https:\/\/vof-news.eu\/es\/","name":"vof-news.eu","description":"","potentialAction":[{"@type":"SearchAction","target":{"@type":"EntryPoint","urlTemplate":"https:\/\/vof-news.eu\/es\/?s={search_term_string}"},"query-input":"required name=search_term_string"}],"inLanguage":"es"},{"@type":"Person","@id":"https:\/\/vof-news.eu\/es\/#\/schema\/person\/f6a2a4309f0561835797fd8c19b333ed","name":"Author","image":{"@type":"ImageObject","inLanguage":"es","@id":"https:\/\/vof-news.eu\/es\/#\/schema\/person\/image\/","url":"https:\/\/secure.gravatar.com\/avatar\/b67e614b1b25b3e9c0c239efdd2fde5ab015b5affd6f1c3c85911ca4b384e790?s=96&d=mm&r=g","contentUrl":"https:\/\/secure.gravatar.com\/avatar\/b67e614b1b25b3e9c0c239efdd2fde5ab015b5affd6f1c3c85911ca4b384e790?s=96&d=mm&r=g","caption":"Author"},"sameAs":["http:\/\/vof-news.eu"],"url":"https:\/\/vof-news.eu\/es\/author\/zwt6qxnjulxbnyg\/"}]}},"yoast_meta":{"yoast_wpseo_title":"","yoast_wpseo_metadesc":"","yoast_wpseo_canonical":""},"_links":{"self":[{"href":"https:\/\/vof-news.eu\/es\/wp-json\/wp\/v2\/posts\/246172","targetHints":{"allow":["GET"]}}],"collection":[{"href":"https:\/\/vof-news.eu\/es\/wp-json\/wp\/v2\/posts"}],"about":[{"href":"https:\/\/vof-news.eu\/es\/wp-json\/wp\/v2\/types\/post"}],"author":[{"embeddable":true,"href":"https:\/\/vof-news.eu\/es\/wp-json\/wp\/v2\/users\/1"}],"replies":[{"embeddable":true,"href":"https:\/\/vof-news.eu\/es\/wp-json\/wp\/v2\/comments?post=246172"}],"version-history":[{"count":1,"href":"https:\/\/vof-news.eu\/es\/wp-json\/wp\/v2\/posts\/246172\/revisions"}],"predecessor-version":[{"id":246179,"href":"https:\/\/vof-news.eu\/es\/wp-json\/wp\/v2\/posts\/246172\/revisions\/246179"}],"wp:featuredmedia":[{"embeddable":true,"href":"https:\/\/vof-news.eu\/es\/wp-json\/wp\/v2\/media\/246173"}],"wp:attachment":[{"href":"https:\/\/vof-news.eu\/es\/wp-json\/wp\/v2\/media?parent=246172"}],"wp:term":[{"taxonomy":"category","embeddable":true,"href":"https:\/\/vof-news.eu\/es\/wp-json\/wp\/v2\/categories?post=246172"},{"taxonomy":"post_tag","embeddable":true,"href":"https:\/\/vof-news.eu\/es\/wp-json\/wp\/v2\/tags?post=246172"}],"curies":[{"name":"wp","href":"https:\/\/api.w.org\/{rel}","templated":true}]}}