{"id":246164,"date":"2025-07-03T13:17:11","date_gmt":"2025-07-03T10:17:11","guid":{"rendered":"https:\/\/vof-news.eu\/un-error-del-juez-peinado-compromete-la-investigacion-contra-un-alto-cargo-del-ayuntamiento-de-madrid\/"},"modified":"2025-07-03T13:17:27","modified_gmt":"2025-07-03T10:17:27","slug":"un-error-del-juez-peinado-compromete-la-investigacion-contra-un-alto-cargo-del-ayuntamiento-de-madrid","status":"publish","type":"post","link":"https:\/\/vof-news.eu\/es\/un-error-del-juez-peinado-compromete-la-investigacion-contra-un-alto-cargo-del-ayuntamiento-de-madrid\/","title":{"rendered":"Un error del juez Peinado compromete la investigaci\u00f3n contra un alto cargo del Ayuntamiento de Madrid"},"content":{"rendered":"<div>\n<p>\n        La Audiencia Provincial de Madrid ha denegado las diligencias de investigaci\u00f3n pendientes en un caso de malversaci\u00f3n contra el gerente de la Empresa Municipal de Transportes (EMT) de Madrid porque el instructor de las diligencias, el juez Juan Carlos Peinado, dict\u00f3 una pr\u00f3rroga fuera de plazo. El error de Peinado compromete seriamente la investigaci\u00f3n a Alfonso S\u00e1nchez Vicente, alto cargo de la Administraci\u00f3n que dirige Jos\u00e9 Luis Mart\u00ednez-Almeida.\n    <\/p>\n<p>\n        Los jueces de la Audiencia Provincial explican en su auto, adelantado por El Pa\u00eds, que Peinado acord\u00f3 la pr\u00f3rroga dos meses despu\u00e9s de que expirara y orden\u00f3 diligencias fuera de plazo. \u201cDicha decisi\u00f3n se adopt\u00f3 una vez vencido el plazo de instrucci\u00f3n en fecha 27 de enero de 2025 e incluso antes de que se acordara una nueva pr\u00f3rroga de instrucci\u00f3n (auto de abril de 2025)\u201d, recoge la resoluci\u00f3n, a la que ha tenido acceso elDiario.es.\n    <\/p>\n<p>\n        El caso parte de una denuncia de Podemos por malversaci\u00f3n relacionada con el encargo de un evento sobre movilidad por parte de la EMT al digital Okdiario. La adjudicaci\u00f3n ascend\u00eda a 72.600 euros, cuatro veces m\u00e1s de lo que hab\u00eda pagado poco antes la empresa p\u00fablica a otra empresa por un acto similar.\n    <\/p>\n<p>\n        Ahora, dicen los jueces de la instancia superior, \u201cno son v\u00e1lidas las diligencias acordadas en fecha posterior al 23 de enero de 2025, en que finaliz\u00f3 el plazo m\u00e1ximo de instrucci\u00f3n\u201d. Los magistrados advierten de que la estimaci\u00f3n del recurso de la acusaci\u00f3n particular es parcial y que las diligencias acordadas antes del 27 de enero podr\u00edan practicarse a\u00fan fuera de plazo.\n    <\/p>\n<p>\n        Los jueces de la Audiencia de Madrid resuelven un recurso de los abogados del Ayuntamiento de Madrid y de Okdiario, que adviertieron el error.\n    <\/p>\n<\/div>\n","protected":false},"excerpt":{"rendered":"<p>La Audiencia Provincial de Madrid ha denegado las diligencias de investigaci\u00f3n pendientes en un caso de malversaci\u00f3n contra el gerente de la Empresa Municipal de Transportes (EMT) de Madrid porque el instructor de las diligencias, el juez Juan Carlos Peinado, dict\u00f3 una pr\u00f3rroga fuera de plazo. El error de Peinado compromete seriamente la investigaci\u00f3n a<\/p>\n","protected":false},"author":1,"featured_media":246165,"comment_status":"open","ping_status":"open","sticky":false,"template":"","format":"standard","meta":{"footnotes":""},"categories":[71],"tags":[],"class_list":["post-246164","post","type-post","status-publish","format-standard","has-post-thumbnail","hentry","category-politics-es"],"acf":[],"yoast_head":"<!-- This site is optimized with the Yoast SEO plugin v22.9 - https:\/\/yoast.com\/wordpress\/plugins\/seo\/ -->\n<title>Un error del juez Peinado compromete la investigaci\u00f3n contra un alto cargo del Ayuntamiento de Madrid - vof-news.eu<\/title>\n<meta name=\"description\" content=\"La Audiencia Provincial de Madrid ha denegado las diligencias de investigaci\u00f3n pendientes en un caso de malversaci\u00f3n contra el gerente de la Empresa Municipal de Transportes (EMT) de Madrid porque el instructor de las diligencias, el juez Juan Carlos Peinado, dict\u00f3 una pr\u00f3rroga fuera de plazo. El error de Peinado compromete seriamente la investigaci\u00f3n a Alfonso S\u00e1nchez Vicente, alto cargo de la Administraci\u00f3n que dirige Jos\u00e9 Luis Mart\u00ednez-Almeida.\" \/>\n<meta name=\"robots\" content=\"noindex, follow, max-snippet:-1, max-image-preview:large, max-video-preview:-1\" \/>\n<meta property=\"og:locale\" content=\"es_ES\" \/>\n<meta property=\"og:type\" content=\"article\" \/>\n<meta property=\"og:title\" content=\"Un error del juez Peinado compromete la investigaci\u00f3n contra un alto cargo del Ayuntamiento de Madrid - vof-news.eu\" \/>\n<meta property=\"og:description\" content=\"La Audiencia Provincial de Madrid ha denegado las diligencias de investigaci\u00f3n pendientes en un caso de malversaci\u00f3n contra el gerente de la Empresa Municipal de Transportes (EMT) de Madrid porque el instructor de las diligencias, el juez Juan Carlos Peinado, dict\u00f3 una pr\u00f3rroga fuera de plazo. El error de Peinado compromete seriamente la investigaci\u00f3n a Alfonso S\u00e1nchez Vicente, alto cargo de la Administraci\u00f3n que dirige Jos\u00e9 Luis Mart\u00ednez-Almeida.\" \/>\n<meta property=\"og:url\" content=\"https:\/\/vof-news.eu\/es\/un-error-del-juez-peinado-compromete-la-investigacion-contra-un-alto-cargo-del-ayuntamiento-de-madrid\/\" \/>\n<meta property=\"og:site_name\" content=\"vof-news.eu\" \/>\n<meta property=\"article:published_time\" content=\"2025-07-03T10:17:11+00:00\" \/>\n<meta property=\"article:modified_time\" content=\"2025-07-03T10:17:27+00:00\" \/>\n<meta property=\"og:image\" content=\"https:\/\/vof-news.eu\/wp-content\/uploads\/2025\/07\/bbca0cfd-cc4b-48cf-9058-c603c65a1cbe_16-9-discover-aspect-ratio_default_0.jpg\" \/>\n\t<meta property=\"og:image:width\" content=\"1200\" \/>\n\t<meta property=\"og:image:height\" content=\"675\" \/>\n\t<meta property=\"og:image:type\" content=\"image\/jpeg\" \/>\n<meta name=\"author\" content=\"Author\" \/>\n<meta name=\"twitter:card\" content=\"summary_large_image\" \/>\n<meta name=\"twitter:label1\" content=\"Escrito por\" \/>\n\t<meta name=\"twitter:data1\" content=\"Author\" \/>\n\t<meta name=\"twitter:label2\" content=\"Tiempo de lectura\" \/>\n\t<meta name=\"twitter:data2\" content=\"2 minutos\" \/>\n<script type=\"application\/ld+json\" class=\"yoast-schema-graph\">{\"@context\":\"https:\/\/schema.org\",\"@graph\":[{\"@type\":\"WebPage\",\"@id\":\"https:\/\/vof-news.eu\/es\/un-error-del-juez-peinado-compromete-la-investigacion-contra-un-alto-cargo-del-ayuntamiento-de-madrid\/\",\"url\":\"https:\/\/vof-news.eu\/es\/un-error-del-juez-peinado-compromete-la-investigacion-contra-un-alto-cargo-del-ayuntamiento-de-madrid\/\",\"name\":\"Un error del juez Peinado compromete la investigaci\u00f3n contra un alto cargo del Ayuntamiento de Madrid - vof-news.eu\",\"isPartOf\":{\"@id\":\"https:\/\/vof-news.eu\/es\/#website\"},\"primaryImageOfPage\":{\"@id\":\"https:\/\/vof-news.eu\/es\/un-error-del-juez-peinado-compromete-la-investigacion-contra-un-alto-cargo-del-ayuntamiento-de-madrid\/#primaryimage\"},\"image\":{\"@id\":\"https:\/\/vof-news.eu\/es\/un-error-del-juez-peinado-compromete-la-investigacion-contra-un-alto-cargo-del-ayuntamiento-de-madrid\/#primaryimage\"},\"thumbnailUrl\":\"https:\/\/vof-news.eu\/wp-content\/uploads\/2025\/07\/bbca0cfd-cc4b-48cf-9058-c603c65a1cbe_16-9-discover-aspect-ratio_default_0.jpg\",\"datePublished\":\"2025-07-03T10:17:11+00:00\",\"dateModified\":\"2025-07-03T10:17:27+00:00\",\"author\":{\"@id\":\"https:\/\/vof-news.eu\/es\/#\/schema\/person\/f6a2a4309f0561835797fd8c19b333ed\"},\"description\":\"La Audiencia Provincial de Madrid ha denegado las diligencias de investigaci\u00f3n pendientes en un caso de malversaci\u00f3n contra el gerente de la Empresa Municipal de Transportes (EMT) de Madrid porque el instructor de las diligencias, el juez Juan Carlos Peinado, dict\u00f3 una pr\u00f3rroga fuera de plazo. El error de Peinado compromete seriamente la investigaci\u00f3n a Alfonso S\u00e1nchez Vicente, alto cargo de la Administraci\u00f3n que dirige Jos\u00e9 Luis Mart\u00ednez-Almeida.\",\"breadcrumb\":{\"@id\":\"https:\/\/vof-news.eu\/es\/un-error-del-juez-peinado-compromete-la-investigacion-contra-un-alto-cargo-del-ayuntamiento-de-madrid\/#breadcrumb\"},\"inLanguage\":\"es\",\"potentialAction\":[{\"@type\":\"ReadAction\",\"target\":[\"https:\/\/vof-news.eu\/es\/un-error-del-juez-peinado-compromete-la-investigacion-contra-un-alto-cargo-del-ayuntamiento-de-madrid\/\"]}]},{\"@type\":\"ImageObject\",\"inLanguage\":\"es\",\"@id\":\"https:\/\/vof-news.eu\/es\/un-error-del-juez-peinado-compromete-la-investigacion-contra-un-alto-cargo-del-ayuntamiento-de-madrid\/#primaryimage\",\"url\":\"https:\/\/vof-news.eu\/wp-content\/uploads\/2025\/07\/bbca0cfd-cc4b-48cf-9058-c603c65a1cbe_16-9-discover-aspect-ratio_default_0.jpg\",\"contentUrl\":\"https:\/\/vof-news.eu\/wp-content\/uploads\/2025\/07\/bbca0cfd-cc4b-48cf-9058-c603c65a1cbe_16-9-discover-aspect-ratio_default_0.jpg\",\"width\":1200,\"height\":675},{\"@type\":\"BreadcrumbList\",\"@id\":\"https:\/\/vof-news.eu\/es\/un-error-del-juez-peinado-compromete-la-investigacion-contra-un-alto-cargo-del-ayuntamiento-de-madrid\/#breadcrumb\",\"itemListElement\":[{\"@type\":\"ListItem\",\"position\":1,\"name\":\"Home\",\"item\":\"https:\/\/vof-news.eu\/es\/\"},{\"@type\":\"ListItem\",\"position\":2,\"name\":\"Un error del juez Peinado compromete la investigaci\u00f3n contra un alto cargo del Ayuntamiento de Madrid\"}]},{\"@type\":\"WebSite\",\"@id\":\"https:\/\/vof-news.eu\/es\/#website\",\"url\":\"https:\/\/vof-news.eu\/es\/\",\"name\":\"vof-news.eu\",\"description\":\"\",\"potentialAction\":[{\"@type\":\"SearchAction\",\"target\":{\"@type\":\"EntryPoint\",\"urlTemplate\":\"https:\/\/vof-news.eu\/es\/?s={search_term_string}\"},\"query-input\":\"required name=search_term_string\"}],\"inLanguage\":\"es\"},{\"@type\":\"Person\",\"@id\":\"https:\/\/vof-news.eu\/es\/#\/schema\/person\/f6a2a4309f0561835797fd8c19b333ed\",\"name\":\"Author\",\"image\":{\"@type\":\"ImageObject\",\"inLanguage\":\"es\",\"@id\":\"https:\/\/vof-news.eu\/es\/#\/schema\/person\/image\/\",\"url\":\"https:\/\/secure.gravatar.com\/avatar\/b67e614b1b25b3e9c0c239efdd2fde5ab015b5affd6f1c3c85911ca4b384e790?s=96&d=mm&r=g\",\"contentUrl\":\"https:\/\/secure.gravatar.com\/avatar\/b67e614b1b25b3e9c0c239efdd2fde5ab015b5affd6f1c3c85911ca4b384e790?s=96&d=mm&r=g\",\"caption\":\"Author\"},\"sameAs\":[\"http:\/\/vof-news.eu\"],\"url\":\"https:\/\/vof-news.eu\/es\/author\/zwt6qxnjulxbnyg\/\"}]}<\/script>\n<!-- \/ Yoast SEO plugin. -->","yoast_head_json":{"title":"Un error del juez Peinado compromete la investigaci\u00f3n contra un alto cargo del Ayuntamiento de Madrid - vof-news.eu","description":"La Audiencia Provincial de Madrid ha denegado las diligencias de investigaci\u00f3n pendientes en un caso de malversaci\u00f3n contra el gerente de la Empresa Municipal de Transportes (EMT) de Madrid porque el instructor de las diligencias, el juez Juan Carlos Peinado, dict\u00f3 una pr\u00f3rroga fuera de plazo. El error de Peinado compromete seriamente la investigaci\u00f3n a Alfonso S\u00e1nchez Vicente, alto cargo de la Administraci\u00f3n que dirige Jos\u00e9 Luis Mart\u00ednez-Almeida.","robots":{"index":"noindex","follow":"follow","max-snippet":"max-snippet:-1","max-image-preview":"max-image-preview:large","max-video-preview":"max-video-preview:-1"},"og_locale":"es_ES","og_type":"article","og_title":"Un error del juez Peinado compromete la investigaci\u00f3n contra un alto cargo del Ayuntamiento de Madrid - vof-news.eu","og_description":"La Audiencia Provincial de Madrid ha denegado las diligencias de investigaci\u00f3n pendientes en un caso de malversaci\u00f3n contra el gerente de la Empresa Municipal de Transportes (EMT) de Madrid porque el instructor de las diligencias, el juez Juan Carlos Peinado, dict\u00f3 una pr\u00f3rroga fuera de plazo. El error de Peinado compromete seriamente la investigaci\u00f3n a Alfonso S\u00e1nchez Vicente, alto cargo de la Administraci\u00f3n que dirige Jos\u00e9 Luis Mart\u00ednez-Almeida.","og_url":"https:\/\/vof-news.eu\/es\/un-error-del-juez-peinado-compromete-la-investigacion-contra-un-alto-cargo-del-ayuntamiento-de-madrid\/","og_site_name":"vof-news.eu","article_published_time":"2025-07-03T10:17:11+00:00","article_modified_time":"2025-07-03T10:17:27+00:00","og_image":[{"width":1200,"height":675,"url":"https:\/\/vof-news.eu\/wp-content\/uploads\/2025\/07\/bbca0cfd-cc4b-48cf-9058-c603c65a1cbe_16-9-discover-aspect-ratio_default_0.jpg","type":"image\/jpeg"}],"author":"Author","twitter_card":"summary_large_image","twitter_misc":{"Escrito por":"Author","Tiempo de lectura":"2 minutos"},"schema":{"@context":"https:\/\/schema.org","@graph":[{"@type":"WebPage","@id":"https:\/\/vof-news.eu\/es\/un-error-del-juez-peinado-compromete-la-investigacion-contra-un-alto-cargo-del-ayuntamiento-de-madrid\/","url":"https:\/\/vof-news.eu\/es\/un-error-del-juez-peinado-compromete-la-investigacion-contra-un-alto-cargo-del-ayuntamiento-de-madrid\/","name":"Un error del juez Peinado compromete la investigaci\u00f3n contra un alto cargo del Ayuntamiento de Madrid - vof-news.eu","isPartOf":{"@id":"https:\/\/vof-news.eu\/es\/#website"},"primaryImageOfPage":{"@id":"https:\/\/vof-news.eu\/es\/un-error-del-juez-peinado-compromete-la-investigacion-contra-un-alto-cargo-del-ayuntamiento-de-madrid\/#primaryimage"},"image":{"@id":"https:\/\/vof-news.eu\/es\/un-error-del-juez-peinado-compromete-la-investigacion-contra-un-alto-cargo-del-ayuntamiento-de-madrid\/#primaryimage"},"thumbnailUrl":"https:\/\/vof-news.eu\/wp-content\/uploads\/2025\/07\/bbca0cfd-cc4b-48cf-9058-c603c65a1cbe_16-9-discover-aspect-ratio_default_0.jpg","datePublished":"2025-07-03T10:17:11+00:00","dateModified":"2025-07-03T10:17:27+00:00","author":{"@id":"https:\/\/vof-news.eu\/es\/#\/schema\/person\/f6a2a4309f0561835797fd8c19b333ed"},"description":"La Audiencia Provincial de Madrid ha denegado las diligencias de investigaci\u00f3n pendientes en un caso de malversaci\u00f3n contra el gerente de la Empresa Municipal de Transportes (EMT) de Madrid porque el instructor de las diligencias, el juez Juan Carlos Peinado, dict\u00f3 una pr\u00f3rroga fuera de plazo. El error de Peinado compromete seriamente la investigaci\u00f3n a Alfonso S\u00e1nchez Vicente, alto cargo de la Administraci\u00f3n que dirige Jos\u00e9 Luis Mart\u00ednez-Almeida.","breadcrumb":{"@id":"https:\/\/vof-news.eu\/es\/un-error-del-juez-peinado-compromete-la-investigacion-contra-un-alto-cargo-del-ayuntamiento-de-madrid\/#breadcrumb"},"inLanguage":"es","potentialAction":[{"@type":"ReadAction","target":["https:\/\/vof-news.eu\/es\/un-error-del-juez-peinado-compromete-la-investigacion-contra-un-alto-cargo-del-ayuntamiento-de-madrid\/"]}]},{"@type":"ImageObject","inLanguage":"es","@id":"https:\/\/vof-news.eu\/es\/un-error-del-juez-peinado-compromete-la-investigacion-contra-un-alto-cargo-del-ayuntamiento-de-madrid\/#primaryimage","url":"https:\/\/vof-news.eu\/wp-content\/uploads\/2025\/07\/bbca0cfd-cc4b-48cf-9058-c603c65a1cbe_16-9-discover-aspect-ratio_default_0.jpg","contentUrl":"https:\/\/vof-news.eu\/wp-content\/uploads\/2025\/07\/bbca0cfd-cc4b-48cf-9058-c603c65a1cbe_16-9-discover-aspect-ratio_default_0.jpg","width":1200,"height":675},{"@type":"BreadcrumbList","@id":"https:\/\/vof-news.eu\/es\/un-error-del-juez-peinado-compromete-la-investigacion-contra-un-alto-cargo-del-ayuntamiento-de-madrid\/#breadcrumb","itemListElement":[{"@type":"ListItem","position":1,"name":"Home","item":"https:\/\/vof-news.eu\/es\/"},{"@type":"ListItem","position":2,"name":"Un error del juez Peinado compromete la investigaci\u00f3n contra un alto cargo del Ayuntamiento de Madrid"}]},{"@type":"WebSite","@id":"https:\/\/vof-news.eu\/es\/#website","url":"https:\/\/vof-news.eu\/es\/","name":"vof-news.eu","description":"","potentialAction":[{"@type":"SearchAction","target":{"@type":"EntryPoint","urlTemplate":"https:\/\/vof-news.eu\/es\/?s={search_term_string}"},"query-input":"required name=search_term_string"}],"inLanguage":"es"},{"@type":"Person","@id":"https:\/\/vof-news.eu\/es\/#\/schema\/person\/f6a2a4309f0561835797fd8c19b333ed","name":"Author","image":{"@type":"ImageObject","inLanguage":"es","@id":"https:\/\/vof-news.eu\/es\/#\/schema\/person\/image\/","url":"https:\/\/secure.gravatar.com\/avatar\/b67e614b1b25b3e9c0c239efdd2fde5ab015b5affd6f1c3c85911ca4b384e790?s=96&d=mm&r=g","contentUrl":"https:\/\/secure.gravatar.com\/avatar\/b67e614b1b25b3e9c0c239efdd2fde5ab015b5affd6f1c3c85911ca4b384e790?s=96&d=mm&r=g","caption":"Author"},"sameAs":["http:\/\/vof-news.eu"],"url":"https:\/\/vof-news.eu\/es\/author\/zwt6qxnjulxbnyg\/"}]}},"yoast_meta":{"yoast_wpseo_title":"","yoast_wpseo_metadesc":"","yoast_wpseo_canonical":""},"_links":{"self":[{"href":"https:\/\/vof-news.eu\/es\/wp-json\/wp\/v2\/posts\/246164","targetHints":{"allow":["GET"]}}],"collection":[{"href":"https:\/\/vof-news.eu\/es\/wp-json\/wp\/v2\/posts"}],"about":[{"href":"https:\/\/vof-news.eu\/es\/wp-json\/wp\/v2\/types\/post"}],"author":[{"embeddable":true,"href":"https:\/\/vof-news.eu\/es\/wp-json\/wp\/v2\/users\/1"}],"replies":[{"embeddable":true,"href":"https:\/\/vof-news.eu\/es\/wp-json\/wp\/v2\/comments?post=246164"}],"version-history":[{"count":1,"href":"https:\/\/vof-news.eu\/es\/wp-json\/wp\/v2\/posts\/246164\/revisions"}],"predecessor-version":[{"id":246171,"href":"https:\/\/vof-news.eu\/es\/wp-json\/wp\/v2\/posts\/246164\/revisions\/246171"}],"wp:featuredmedia":[{"embeddable":true,"href":"https:\/\/vof-news.eu\/es\/wp-json\/wp\/v2\/media\/246165"}],"wp:attachment":[{"href":"https:\/\/vof-news.eu\/es\/wp-json\/wp\/v2\/media?parent=246164"}],"wp:term":[{"taxonomy":"category","embeddable":true,"href":"https:\/\/vof-news.eu\/es\/wp-json\/wp\/v2\/categories?post=246164"},{"taxonomy":"post_tag","embeddable":true,"href":"https:\/\/vof-news.eu\/es\/wp-json\/wp\/v2\/tags?post=246164"}],"curies":[{"name":"wp","href":"https:\/\/api.w.org\/{rel}","templated":true}]}}