{"id":246078,"date":"2025-07-03T11:17:22","date_gmt":"2025-07-03T08:17:22","guid":{"rendered":"https:\/\/vof-news.eu\/el-defensor-del-pueblo-inicia-una-macroactuacion-para-pedir-cuentas-a-las-administraciones-sobre-sus-politicas-de-vivienda\/"},"modified":"2025-07-03T11:17:49","modified_gmt":"2025-07-03T08:17:49","slug":"el-defensor-del-pueblo-inicia-una-macroactuacion-para-pedir-cuentas-a-las-administraciones-sobre-sus-politicas-de-vivienda","status":"publish","type":"post","link":"https:\/\/vof-news.eu\/es\/el-defensor-del-pueblo-inicia-una-macroactuacion-para-pedir-cuentas-a-las-administraciones-sobre-sus-politicas-de-vivienda\/","title":{"rendered":"El Defensor del Pueblo inicia una macroactuaci\u00f3n para pedir cuentas a las administraciones sobre sus pol\u00edticas de vivienda"},"content":{"rendered":"<div>\n<p>\n        Al Ministerio de Vivienda, a las comunidades aut\u00f3nomas, a Ceuta y Melilla y a los diez ayuntamientos m\u00e1s poblados del pa\u00eds. El Defensor del Pueblo ha puesto en marcha una macroactuaci\u00f3n de oficio para solicitar a estas administraciones informaci\u00f3n sobre las pol\u00edticas p\u00fablicas que hayan puesto en marcha \u201cpara garantizar a la ciudadan\u00eda el acceso a una vivienda digna y adecuada\u201d, ante lo que \u00c1ngel Gabilondo considera \u201cun problema grave, debido a los altos precios\u201d y los \u201cretrasos considerables en la gesti\u00f3n de las ayudas\u201d destinadas a paliarlo, que \u201cahondan en la desigualdad entre los ciudadanos y condicionan su bienestar, su desarrollo personal y el disfrute del resto de los derechos\u201d.\n    <\/p>\n<p>\n        En total, desde la instituci\u00f3n se han iniciado un total de 30 actuaciones. Adem\u00e1s de solicitar a estas administraciones informaci\u00f3n relativa a las medidas que est\u00e9n o que planeen llevar a cabo \u201cpara hacer efectivo el derecho de acceso a la vivienda protegida y asequible incentivada\u201d, el Defensor les pide conocer a cada una de ellas \u201cinformaci\u00f3n concreta\u201d sobre el n\u00famero total de viviendas protegidas y asequibles que existen en su territorio, el n\u00famero de personas en lista de espera para la adjudicaci\u00f3n de una de estas casas de protecci\u00f3n p\u00fablica y las medidas dirigidas a incrementar el parque p\u00fablico.\n    <\/p>\n<p>\n        El Defensor del Pueblo defiende que \u201cse necesitan m\u00e1s viviendas protegidas\u201d, puesto que \u201cEspa\u00f1a destaca negativamente en el entorno europeo por su escaso parque de vivienda social, que solo representa el 3,3%\u201d, frente a pa\u00edses como Francia, con el 17%, o Pa\u00edses Bajos, con el 30%. O de la misma media europea, que se sit\u00faa en el 10%, tres veces m\u00e1s.\n    <\/p>\n<p>\n        Esta macro actuaci\u00f3n de oficio se\u00f1ala a todas las administraciones porque \u201cla situaci\u00f3n de dificultad de acceso a al vivienda se reproduce en pr\u00e1cticamente todas las comunidades aut\u00f3nomas y ciudades medias y grandes\u201d, aunque \u201ces m\u00e1s intensa en aquellos territorios con m\u00e1s poblaci\u00f3n y <a href=\"https:\/\/www.eldiario.es\/economia\/nuevo-registro-vivienda-cifras-mitad-pisos-turisticos-no-anunciarse-plataformas_1_12430094.html\" rel=\"nofollow\">receptora de m\u00e1s turismo<\/a>, y afecta en especial a los j\u00f3venes y a las personas con menos ingresos, aunque tambi\u00e9n a los trabajadores desplazados y a las personas y <a href=\"https:\/\/www.eldiario.es\/economia\/diana-nacho-maricarmen-demuestran-crisis-vivienda-no-edad-transversal-infantilice_1_12189934.html\" rel=\"nofollow\">unidades familiares con ingresos medios<\/a>\u201d, advierte la instituci\u00f3n.\n    <\/p>\n<p>\n        Adem\u00e1s de al Ministerio y a las comunidades y ciudades aut\u00f3nomas, Gabilondo ha requerido informaci\u00f3n a las ciudades de Madrid, Barcelona, Valencia, Sevilla, Zaragoza, M\u00e1laga, Murcia, Palma de Mallorca, Alicante y Las Palmas de Gran Canaria, por criterios de poblaci\u00f3n, que deber\u00e1n responder \u2014tambi\u00e9n las comunidades\u2014 si en sus territorios hay zonas tensionadas. Por el momento, de los municipios citados, solo Barcelona ha aplicado esta herramienta que permite la Ley Estatal de Vivienda, para controlar las subidas de precios, adem\u00e1s de algunos territorios de Euskadi, Navarra, Asturias y en <a href=\"https:\/\/www.eldiario.es\/economia\/galicia-rompe-consenso-pp-declarar-zonas-tensionadas-vivienda-criterio-partido_1_12341046.html\" rel=\"nofollow\">A Coru\u00f1a<\/a>.\n    <\/p>\n<p>\n        El Defensor del Pueblo recuerda que \u201cel acceso a una vivienda en condiciones asequibles constituye, adem\u00e1s de una necesidad b\u00e1sica de las personas, un derecho reconocido en el art\u00edculo 47 de la Constituci\u00f3n, que los poderes p\u00fablicos deben hacer realidad, promoviendo las condiciones necesarias y estableciendo las normas pertinentes para hacerlo efectivo\u201d. Aunque por el momento no est\u00e9 ocurriendo: el precio del alquiler ha subido casi un 40% en una d\u00e9cada y 1,5 millones de hogares dedican <a href=\"https:\/\/www.eldiario.es\/economia\/millon-medio-hogares-ahogados-alquiler-mapa-dice-vivir-calle-calle_1_12182949.html\" rel=\"nofollow\">m\u00e1s del 30% de sus ingresos<\/a>, la l\u00ednea roja que marcan organizaciones nacionales e internacionales, a pagar la renta.\n    <\/p>\n<p>\n        En su \u00faltimo informe anual, el Defensor ya hab\u00eda hecho hincapi\u00e9 en \u201cla existencia de un problema grave de acceso que lleva tiempo preocupando\u201d, como hab\u00eda venido plasmando en otros anuarios. En el de 2024, recordaba que \u201clos poderes p\u00fablicos han de actuar con la mayor determinaci\u00f3n en la promoci\u00f3n de las condiciones necesarias y en la adopci\u00f3n de las normas pertinentes para hacer efectivo el derecho de todos los espa\u00f1oles a disfrutar de una vivienda digna y adecuada\u201d. En ese sentido, se\u00f1alaba que \u201clos ciudadanos se dirigen a esta instituci\u00f3n expresando las dificultades que encuentran para acceder a una vivienda a precio de mercado\u201d y para denunciar \u201clas demoras que se producen en la recepci\u00f3n de las ayudas existentes\u201d.\n    <\/p>\n<p>\n        Al margen de las pol\u00edticas destinadas a paliar la crisis residencial, el Defensor ha pedido informaci\u00f3n al Ministerio de Vivienda sobre el nuevo Plan Estatal. La ministra Isabel Rodr\u00edguez lleva meses manteniendo reuniones en este sentido. En concreto, seg\u00fan fuentes de este departamento, se han mantenido contactos con Euskadi, Catalunya, Navarra, Asturias, Canarias y con Galicia, la \u00fanica comunidad con mayor\u00eda del PP en aceptar, por el momento, los tres requisitos que puso el presidente del Gobierno Pedro S\u00e1nchez en la \u00faltima Conferencia de Presidentes: triplicar la inversi\u00f3n en pol\u00edticas de vivienda y aumentar la cofinanciaci\u00f3n para que estas asuman el 40%, frente al 60% del Estado; que las viviendas financiadas con fondos p\u00fablicos formen parte del parque p\u00fablico a perpetuidad; y que se ofrezcan datos oficiales de forma transparente.\n    <\/p>\n<p>\n        \u201cSi todas las comunidades aut\u00f3nomas asumen esos compromisos, la ministra Isabel Rodr\u00edguez convocar\u00e1 una conferencia sectorial para abordar de forma conjunta el nuevo plan. De lo contrario, las negociaciones se llevar\u00e1n a cabo de forma bilateral\u201d, dicen fuentes ministeriales, que recuerdan que \u201cel Estado tiene potestad para dirigir y condicionar las pol\u00edticas de vivienda que se llevan a cabo con sus fondos\u201d. Es decir, el Gobierno cerrar\u00e1 el grifo de la financiaci\u00f3n a quien no asuma sus condiciones, que consideran \u201cde m\u00ednimos y de sentido com\u00fan\u201d.\n    <\/p>\n<\/div>\n","protected":false},"excerpt":{"rendered":"<p>Al Ministerio de Vivienda, a las comunidades aut\u00f3nomas, a Ceuta y Melilla y a los diez ayuntamientos m\u00e1s poblados del pa\u00eds. El Defensor del Pueblo ha puesto en marcha una macroactuaci\u00f3n de oficio para solicitar a estas administraciones informaci\u00f3n sobre las pol\u00edticas p\u00fablicas que hayan puesto en marcha \u201cpara garantizar a la ciudadan\u00eda el acceso<\/p>\n","protected":false},"author":1,"featured_media":246079,"comment_status":"open","ping_status":"open","sticky":false,"template":"","format":"standard","meta":{"footnotes":""},"categories":[61],"tags":[],"class_list":["post-246078","post","type-post","status-publish","format-standard","has-post-thumbnail","hentry","category-business-es"],"acf":[],"yoast_head":"<!-- This site is optimized with the Yoast SEO plugin v22.9 - https:\/\/yoast.com\/wordpress\/plugins\/seo\/ -->\n<title>El Defensor del Pueblo inicia una macroactuaci\u00f3n para pedir cuentas a las administraciones sobre sus pol\u00edticas de vivienda - vof-news.eu<\/title>\n<meta name=\"description\" content=\"Al Ministerio de Vivienda, a las comunidades aut\u00f3nomas, a Ceuta y Melilla y a los diez ayuntamientos m\u00e1s poblados del pa\u00eds. El Defensor del Pueblo ha puesto en marcha una macroactuaci\u00f3n de oficio para solicitar a estas administraciones informaci\u00f3n sobre las pol\u00edticas p\u00fablicas que hayan puesto en marcha \u201cpara garantizar a la ciudadan\u00eda el acceso a una vivienda digna y adecuada\u201d, ante lo que \u00c1ngel Gabilondo considera \u201cun problema grave, debido a los altos precios\u201d y los \u201cretrasos considerables en la gesti\u00f3n de las ayudas\u201d destinadas a paliarlo, que \u201cahondan en la desigualdad entre los ciudadanos y condicionan su bienestar, su desarrollo personal y el disfrute del resto de los derechos\u201d.\" \/>\n<meta name=\"robots\" content=\"noindex, follow, max-snippet:-1, max-image-preview:large, max-video-preview:-1\" \/>\n<meta property=\"og:locale\" content=\"es_ES\" \/>\n<meta property=\"og:type\" content=\"article\" \/>\n<meta property=\"og:title\" content=\"El Defensor del Pueblo inicia una macroactuaci\u00f3n para pedir cuentas a las administraciones sobre sus pol\u00edticas de vivienda - vof-news.eu\" \/>\n<meta property=\"og:description\" content=\"Al Ministerio de Vivienda, a las comunidades aut\u00f3nomas, a Ceuta y Melilla y a los diez ayuntamientos m\u00e1s poblados del pa\u00eds. El Defensor del Pueblo ha puesto en marcha una macroactuaci\u00f3n de oficio para solicitar a estas administraciones informaci\u00f3n sobre las pol\u00edticas p\u00fablicas que hayan puesto en marcha \u201cpara garantizar a la ciudadan\u00eda el acceso a una vivienda digna y adecuada\u201d, ante lo que \u00c1ngel Gabilondo considera \u201cun problema grave, debido a los altos precios\u201d y los \u201cretrasos considerables en la gesti\u00f3n de las ayudas\u201d destinadas a paliarlo, que \u201cahondan en la desigualdad entre los ciudadanos y condicionan su bienestar, su desarrollo personal y el disfrute del resto de los derechos\u201d.\" \/>\n<meta property=\"og:url\" content=\"https:\/\/vof-news.eu\/es\/el-defensor-del-pueblo-inicia-una-macroactuacion-para-pedir-cuentas-a-las-administraciones-sobre-sus-politicas-de-vivienda\/\" \/>\n<meta property=\"og:site_name\" content=\"vof-news.eu\" \/>\n<meta property=\"article:published_time\" content=\"2025-07-03T08:17:22+00:00\" \/>\n<meta property=\"article:modified_time\" content=\"2025-07-03T08:17:49+00:00\" \/>\n<meta property=\"og:image\" content=\"https:\/\/vof-news.eu\/wp-content\/uploads\/2025\/07\/b1269965-cd56-4a01-ad32-4ef3082ab2f4_16-9-discover-aspect-ratio_default_1121014.jpg\" \/>\n\t<meta property=\"og:image:width\" content=\"1200\" \/>\n\t<meta property=\"og:image:height\" content=\"675\" \/>\n\t<meta property=\"og:image:type\" content=\"image\/jpeg\" \/>\n<meta name=\"author\" content=\"Author\" \/>\n<meta name=\"twitter:card\" content=\"summary_large_image\" \/>\n<meta name=\"twitter:label1\" content=\"Escrito por\" \/>\n\t<meta name=\"twitter:data1\" content=\"Author\" \/>\n\t<meta name=\"twitter:label2\" content=\"Tiempo de lectura\" \/>\n\t<meta name=\"twitter:data2\" content=\"5 minutos\" \/>\n<script type=\"application\/ld+json\" class=\"yoast-schema-graph\">{\"@context\":\"https:\/\/schema.org\",\"@graph\":[{\"@type\":\"WebPage\",\"@id\":\"https:\/\/vof-news.eu\/es\/el-defensor-del-pueblo-inicia-una-macroactuacion-para-pedir-cuentas-a-las-administraciones-sobre-sus-politicas-de-vivienda\/\",\"url\":\"https:\/\/vof-news.eu\/es\/el-defensor-del-pueblo-inicia-una-macroactuacion-para-pedir-cuentas-a-las-administraciones-sobre-sus-politicas-de-vivienda\/\",\"name\":\"El Defensor del Pueblo inicia una macroactuaci\u00f3n para pedir cuentas a las administraciones sobre sus pol\u00edticas de vivienda - vof-news.eu\",\"isPartOf\":{\"@id\":\"https:\/\/vof-news.eu\/es\/#website\"},\"primaryImageOfPage\":{\"@id\":\"https:\/\/vof-news.eu\/es\/el-defensor-del-pueblo-inicia-una-macroactuacion-para-pedir-cuentas-a-las-administraciones-sobre-sus-politicas-de-vivienda\/#primaryimage\"},\"image\":{\"@id\":\"https:\/\/vof-news.eu\/es\/el-defensor-del-pueblo-inicia-una-macroactuacion-para-pedir-cuentas-a-las-administraciones-sobre-sus-politicas-de-vivienda\/#primaryimage\"},\"thumbnailUrl\":\"https:\/\/vof-news.eu\/wp-content\/uploads\/2025\/07\/b1269965-cd56-4a01-ad32-4ef3082ab2f4_16-9-discover-aspect-ratio_default_1121014.jpg\",\"datePublished\":\"2025-07-03T08:17:22+00:00\",\"dateModified\":\"2025-07-03T08:17:49+00:00\",\"author\":{\"@id\":\"https:\/\/vof-news.eu\/es\/#\/schema\/person\/f6a2a4309f0561835797fd8c19b333ed\"},\"description\":\"Al Ministerio de Vivienda, a las comunidades aut\u00f3nomas, a Ceuta y Melilla y a los diez ayuntamientos m\u00e1s poblados del pa\u00eds. El Defensor del Pueblo ha puesto en marcha una macroactuaci\u00f3n de oficio para solicitar a estas administraciones informaci\u00f3n sobre las pol\u00edticas p\u00fablicas que hayan puesto en marcha \u201cpara garantizar a la ciudadan\u00eda el acceso a una vivienda digna y adecuada\u201d, ante lo que \u00c1ngel Gabilondo considera \u201cun problema grave, debido a los altos precios\u201d y los \u201cretrasos considerables en la gesti\u00f3n de las ayudas\u201d destinadas a paliarlo, que \u201cahondan en la desigualdad entre los ciudadanos y condicionan su bienestar, su desarrollo personal y el disfrute del resto de los derechos\u201d.\",\"breadcrumb\":{\"@id\":\"https:\/\/vof-news.eu\/es\/el-defensor-del-pueblo-inicia-una-macroactuacion-para-pedir-cuentas-a-las-administraciones-sobre-sus-politicas-de-vivienda\/#breadcrumb\"},\"inLanguage\":\"es\",\"potentialAction\":[{\"@type\":\"ReadAction\",\"target\":[\"https:\/\/vof-news.eu\/es\/el-defensor-del-pueblo-inicia-una-macroactuacion-para-pedir-cuentas-a-las-administraciones-sobre-sus-politicas-de-vivienda\/\"]}]},{\"@type\":\"ImageObject\",\"inLanguage\":\"es\",\"@id\":\"https:\/\/vof-news.eu\/es\/el-defensor-del-pueblo-inicia-una-macroactuacion-para-pedir-cuentas-a-las-administraciones-sobre-sus-politicas-de-vivienda\/#primaryimage\",\"url\":\"https:\/\/vof-news.eu\/wp-content\/uploads\/2025\/07\/b1269965-cd56-4a01-ad32-4ef3082ab2f4_16-9-discover-aspect-ratio_default_1121014.jpg\",\"contentUrl\":\"https:\/\/vof-news.eu\/wp-content\/uploads\/2025\/07\/b1269965-cd56-4a01-ad32-4ef3082ab2f4_16-9-discover-aspect-ratio_default_1121014.jpg\",\"width\":1200,\"height\":675},{\"@type\":\"BreadcrumbList\",\"@id\":\"https:\/\/vof-news.eu\/es\/el-defensor-del-pueblo-inicia-una-macroactuacion-para-pedir-cuentas-a-las-administraciones-sobre-sus-politicas-de-vivienda\/#breadcrumb\",\"itemListElement\":[{\"@type\":\"ListItem\",\"position\":1,\"name\":\"Home\",\"item\":\"https:\/\/vof-news.eu\/es\/\"},{\"@type\":\"ListItem\",\"position\":2,\"name\":\"El Defensor del Pueblo inicia una macroactuaci\u00f3n para pedir cuentas a las administraciones sobre sus pol\u00edticas de vivienda\"}]},{\"@type\":\"WebSite\",\"@id\":\"https:\/\/vof-news.eu\/es\/#website\",\"url\":\"https:\/\/vof-news.eu\/es\/\",\"name\":\"vof-news.eu\",\"description\":\"\",\"potentialAction\":[{\"@type\":\"SearchAction\",\"target\":{\"@type\":\"EntryPoint\",\"urlTemplate\":\"https:\/\/vof-news.eu\/es\/?s={search_term_string}\"},\"query-input\":\"required name=search_term_string\"}],\"inLanguage\":\"es\"},{\"@type\":\"Person\",\"@id\":\"https:\/\/vof-news.eu\/es\/#\/schema\/person\/f6a2a4309f0561835797fd8c19b333ed\",\"name\":\"Author\",\"image\":{\"@type\":\"ImageObject\",\"inLanguage\":\"es\",\"@id\":\"https:\/\/vof-news.eu\/es\/#\/schema\/person\/image\/\",\"url\":\"https:\/\/secure.gravatar.com\/avatar\/b67e614b1b25b3e9c0c239efdd2fde5ab015b5affd6f1c3c85911ca4b384e790?s=96&d=mm&r=g\",\"contentUrl\":\"https:\/\/secure.gravatar.com\/avatar\/b67e614b1b25b3e9c0c239efdd2fde5ab015b5affd6f1c3c85911ca4b384e790?s=96&d=mm&r=g\",\"caption\":\"Author\"},\"sameAs\":[\"http:\/\/vof-news.eu\"],\"url\":\"https:\/\/vof-news.eu\/es\/author\/zwt6qxnjulxbnyg\/\"}]}<\/script>\n<!-- \/ Yoast SEO plugin. -->","yoast_head_json":{"title":"El Defensor del Pueblo inicia una macroactuaci\u00f3n para pedir cuentas a las administraciones sobre sus pol\u00edticas de vivienda - vof-news.eu","description":"Al Ministerio de Vivienda, a las comunidades aut\u00f3nomas, a Ceuta y Melilla y a los diez ayuntamientos m\u00e1s poblados del pa\u00eds. El Defensor del Pueblo ha puesto en marcha una macroactuaci\u00f3n de oficio para solicitar a estas administraciones informaci\u00f3n sobre las pol\u00edticas p\u00fablicas que hayan puesto en marcha \u201cpara garantizar a la ciudadan\u00eda el acceso a una vivienda digna y adecuada\u201d, ante lo que \u00c1ngel Gabilondo considera \u201cun problema grave, debido a los altos precios\u201d y los \u201cretrasos considerables en la gesti\u00f3n de las ayudas\u201d destinadas a paliarlo, que \u201cahondan en la desigualdad entre los ciudadanos y condicionan su bienestar, su desarrollo personal y el disfrute del resto de los derechos\u201d.","robots":{"index":"noindex","follow":"follow","max-snippet":"max-snippet:-1","max-image-preview":"max-image-preview:large","max-video-preview":"max-video-preview:-1"},"og_locale":"es_ES","og_type":"article","og_title":"El Defensor del Pueblo inicia una macroactuaci\u00f3n para pedir cuentas a las administraciones sobre sus pol\u00edticas de vivienda - vof-news.eu","og_description":"Al Ministerio de Vivienda, a las comunidades aut\u00f3nomas, a Ceuta y Melilla y a los diez ayuntamientos m\u00e1s poblados del pa\u00eds. El Defensor del Pueblo ha puesto en marcha una macroactuaci\u00f3n de oficio para solicitar a estas administraciones informaci\u00f3n sobre las pol\u00edticas p\u00fablicas que hayan puesto en marcha \u201cpara garantizar a la ciudadan\u00eda el acceso a una vivienda digna y adecuada\u201d, ante lo que \u00c1ngel Gabilondo considera \u201cun problema grave, debido a los altos precios\u201d y los \u201cretrasos considerables en la gesti\u00f3n de las ayudas\u201d destinadas a paliarlo, que \u201cahondan en la desigualdad entre los ciudadanos y condicionan su bienestar, su desarrollo personal y el disfrute del resto de los derechos\u201d.","og_url":"https:\/\/vof-news.eu\/es\/el-defensor-del-pueblo-inicia-una-macroactuacion-para-pedir-cuentas-a-las-administraciones-sobre-sus-politicas-de-vivienda\/","og_site_name":"vof-news.eu","article_published_time":"2025-07-03T08:17:22+00:00","article_modified_time":"2025-07-03T08:17:49+00:00","og_image":[{"width":1200,"height":675,"url":"https:\/\/vof-news.eu\/wp-content\/uploads\/2025\/07\/b1269965-cd56-4a01-ad32-4ef3082ab2f4_16-9-discover-aspect-ratio_default_1121014.jpg","type":"image\/jpeg"}],"author":"Author","twitter_card":"summary_large_image","twitter_misc":{"Escrito por":"Author","Tiempo de lectura":"5 minutos"},"schema":{"@context":"https:\/\/schema.org","@graph":[{"@type":"WebPage","@id":"https:\/\/vof-news.eu\/es\/el-defensor-del-pueblo-inicia-una-macroactuacion-para-pedir-cuentas-a-las-administraciones-sobre-sus-politicas-de-vivienda\/","url":"https:\/\/vof-news.eu\/es\/el-defensor-del-pueblo-inicia-una-macroactuacion-para-pedir-cuentas-a-las-administraciones-sobre-sus-politicas-de-vivienda\/","name":"El Defensor del Pueblo inicia una macroactuaci\u00f3n para pedir cuentas a las administraciones sobre sus pol\u00edticas de vivienda - vof-news.eu","isPartOf":{"@id":"https:\/\/vof-news.eu\/es\/#website"},"primaryImageOfPage":{"@id":"https:\/\/vof-news.eu\/es\/el-defensor-del-pueblo-inicia-una-macroactuacion-para-pedir-cuentas-a-las-administraciones-sobre-sus-politicas-de-vivienda\/#primaryimage"},"image":{"@id":"https:\/\/vof-news.eu\/es\/el-defensor-del-pueblo-inicia-una-macroactuacion-para-pedir-cuentas-a-las-administraciones-sobre-sus-politicas-de-vivienda\/#primaryimage"},"thumbnailUrl":"https:\/\/vof-news.eu\/wp-content\/uploads\/2025\/07\/b1269965-cd56-4a01-ad32-4ef3082ab2f4_16-9-discover-aspect-ratio_default_1121014.jpg","datePublished":"2025-07-03T08:17:22+00:00","dateModified":"2025-07-03T08:17:49+00:00","author":{"@id":"https:\/\/vof-news.eu\/es\/#\/schema\/person\/f6a2a4309f0561835797fd8c19b333ed"},"description":"Al Ministerio de Vivienda, a las comunidades aut\u00f3nomas, a Ceuta y Melilla y a los diez ayuntamientos m\u00e1s poblados del pa\u00eds. El Defensor del Pueblo ha puesto en marcha una macroactuaci\u00f3n de oficio para solicitar a estas administraciones informaci\u00f3n sobre las pol\u00edticas p\u00fablicas que hayan puesto en marcha \u201cpara garantizar a la ciudadan\u00eda el acceso a una vivienda digna y adecuada\u201d, ante lo que \u00c1ngel Gabilondo considera \u201cun problema grave, debido a los altos precios\u201d y los \u201cretrasos considerables en la gesti\u00f3n de las ayudas\u201d destinadas a paliarlo, que \u201cahondan en la desigualdad entre los ciudadanos y condicionan su bienestar, su desarrollo personal y el disfrute del resto de los derechos\u201d.","breadcrumb":{"@id":"https:\/\/vof-news.eu\/es\/el-defensor-del-pueblo-inicia-una-macroactuacion-para-pedir-cuentas-a-las-administraciones-sobre-sus-politicas-de-vivienda\/#breadcrumb"},"inLanguage":"es","potentialAction":[{"@type":"ReadAction","target":["https:\/\/vof-news.eu\/es\/el-defensor-del-pueblo-inicia-una-macroactuacion-para-pedir-cuentas-a-las-administraciones-sobre-sus-politicas-de-vivienda\/"]}]},{"@type":"ImageObject","inLanguage":"es","@id":"https:\/\/vof-news.eu\/es\/el-defensor-del-pueblo-inicia-una-macroactuacion-para-pedir-cuentas-a-las-administraciones-sobre-sus-politicas-de-vivienda\/#primaryimage","url":"https:\/\/vof-news.eu\/wp-content\/uploads\/2025\/07\/b1269965-cd56-4a01-ad32-4ef3082ab2f4_16-9-discover-aspect-ratio_default_1121014.jpg","contentUrl":"https:\/\/vof-news.eu\/wp-content\/uploads\/2025\/07\/b1269965-cd56-4a01-ad32-4ef3082ab2f4_16-9-discover-aspect-ratio_default_1121014.jpg","width":1200,"height":675},{"@type":"BreadcrumbList","@id":"https:\/\/vof-news.eu\/es\/el-defensor-del-pueblo-inicia-una-macroactuacion-para-pedir-cuentas-a-las-administraciones-sobre-sus-politicas-de-vivienda\/#breadcrumb","itemListElement":[{"@type":"ListItem","position":1,"name":"Home","item":"https:\/\/vof-news.eu\/es\/"},{"@type":"ListItem","position":2,"name":"El Defensor del Pueblo inicia una macroactuaci\u00f3n para pedir cuentas a las administraciones sobre sus pol\u00edticas de vivienda"}]},{"@type":"WebSite","@id":"https:\/\/vof-news.eu\/es\/#website","url":"https:\/\/vof-news.eu\/es\/","name":"vof-news.eu","description":"","potentialAction":[{"@type":"SearchAction","target":{"@type":"EntryPoint","urlTemplate":"https:\/\/vof-news.eu\/es\/?s={search_term_string}"},"query-input":"required name=search_term_string"}],"inLanguage":"es"},{"@type":"Person","@id":"https:\/\/vof-news.eu\/es\/#\/schema\/person\/f6a2a4309f0561835797fd8c19b333ed","name":"Author","image":{"@type":"ImageObject","inLanguage":"es","@id":"https:\/\/vof-news.eu\/es\/#\/schema\/person\/image\/","url":"https:\/\/secure.gravatar.com\/avatar\/b67e614b1b25b3e9c0c239efdd2fde5ab015b5affd6f1c3c85911ca4b384e790?s=96&d=mm&r=g","contentUrl":"https:\/\/secure.gravatar.com\/avatar\/b67e614b1b25b3e9c0c239efdd2fde5ab015b5affd6f1c3c85911ca4b384e790?s=96&d=mm&r=g","caption":"Author"},"sameAs":["http:\/\/vof-news.eu"],"url":"https:\/\/vof-news.eu\/es\/author\/zwt6qxnjulxbnyg\/"}]}},"yoast_meta":{"yoast_wpseo_title":"","yoast_wpseo_metadesc":"","yoast_wpseo_canonical":""},"_links":{"self":[{"href":"https:\/\/vof-news.eu\/es\/wp-json\/wp\/v2\/posts\/246078","targetHints":{"allow":["GET"]}}],"collection":[{"href":"https:\/\/vof-news.eu\/es\/wp-json\/wp\/v2\/posts"}],"about":[{"href":"https:\/\/vof-news.eu\/es\/wp-json\/wp\/v2\/types\/post"}],"author":[{"embeddable":true,"href":"https:\/\/vof-news.eu\/es\/wp-json\/wp\/v2\/users\/1"}],"replies":[{"embeddable":true,"href":"https:\/\/vof-news.eu\/es\/wp-json\/wp\/v2\/comments?post=246078"}],"version-history":[{"count":1,"href":"https:\/\/vof-news.eu\/es\/wp-json\/wp\/v2\/posts\/246078\/revisions"}],"predecessor-version":[{"id":246085,"href":"https:\/\/vof-news.eu\/es\/wp-json\/wp\/v2\/posts\/246078\/revisions\/246085"}],"wp:featuredmedia":[{"embeddable":true,"href":"https:\/\/vof-news.eu\/es\/wp-json\/wp\/v2\/media\/246079"}],"wp:attachment":[{"href":"https:\/\/vof-news.eu\/es\/wp-json\/wp\/v2\/media?parent=246078"}],"wp:term":[{"taxonomy":"category","embeddable":true,"href":"https:\/\/vof-news.eu\/es\/wp-json\/wp\/v2\/categories?post=246078"},{"taxonomy":"post_tag","embeddable":true,"href":"https:\/\/vof-news.eu\/es\/wp-json\/wp\/v2\/tags?post=246078"}],"curies":[{"name":"wp","href":"https:\/\/api.w.org\/{rel}","templated":true}]}}