{"id":245940,"date":"2025-07-03T07:19:38","date_gmt":"2025-07-03T04:19:38","guid":{"rendered":"https:\/\/vof-news.eu\/pwc-cuestiona-la-continuidad-de-la-inmobiliaria-participada-por-familiares-de-esperanza-aguirre-y-contratada-por-ayuso\/"},"modified":"2025-07-03T07:20:13","modified_gmt":"2025-07-03T04:20:13","slug":"pwc-cuestiona-la-continuidad-de-la-inmobiliaria-participada-por-familiares-de-esperanza-aguirre-y-contratada-por-ayuso","status":"publish","type":"post","link":"https:\/\/vof-news.eu\/es\/pwc-cuestiona-la-continuidad-de-la-inmobiliaria-participada-por-familiares-de-esperanza-aguirre-y-contratada-por-ayuso\/","title":{"rendered":"PwC cuestiona la continuidad de la inmobiliaria participada por familiares de Esperanza Aguirre y contratada por Ayuso"},"content":{"rendered":"<div>\n<p>\n        La firma PwC ha puesto de manifiesto la existencia de una \u201cincertidumbre material sobre la continuidad del negocio\u201d de Orbis Properties, inmobiliaria en la que tiene una peque\u00f1a participaci\u00f3n la familia de la expresidenta madrile\u00f1a Esperanza Aguirre. Esta empresa tiene como inquilino <a href=\"https:\/\/www.eldiario.es\/economia\/comunidad-madrid-paga-2-8-millones-inmobiliaria-participada-familiares-esperanza-aguirre_1_10261946.html\" rel=\"nofollow\">al Gobierno de Isabel D\u00edaz Ayuso<\/a>, que ampli\u00f3 los contratos con ella en plena pandemia.\n    <\/p>\n<p>\n        Las dudas de PwC, auditor de Orbis, costan en auditor\u00eda sobre las cuentas de 2024, que la compa\u00f1\u00eda acaba de publicar. Est\u00e1n relacionadas con la devoluci\u00f3n de un pr\u00e9stamo de 131,2 millones de euros con las entidades Caixabank y Deutsche Pfandbriefbank que vence el pr\u00f3ximo 31 de octubre.\n    <\/p>\n<p>\n        El informe, fechado el pasado viernes, no tiene salvedades, pero el auditor indica que \u201cel grupo est\u00e1 en conversaciones con las entidades financieras para obtener una extensi\u00f3n adicional de al menos 12 meses\u201d en el plazo de devoluci\u00f3n de ese pr\u00e9stamo.\n    <\/p>\n<p>\n        Aunque la compa\u00f1\u00eda estima que obtendr\u00e1 esa dispensa \u201ca corto plazo\u201d, no la hab\u00eda logrado a la fecha del informe. Esto, seg\u00fan PwC, arroja \u201cdudas significativas sobre la capacidad del grupo para continuar como empresa en funcionamiento\u201d.\n    <\/p>\n<p>\n        En sus cuentas, Orbis subraya que su \u201caccionista \u00faltimo\u201d, una firma brit\u00e1nica ligada al fondo Tristan Capital Partners LLP, European Property Investors Special Opportunities 4 LP, \u201cha asegurado por escrito que proporcionar\u00e1 el apoyo financiero necesario para permitir a la empresa matriz y sus filiales seguir operando y cumplir sus obligaciones\u201d.\n    <\/p>\n<p>\n        El aviso de PwC es una advertencia habitual en estos casos. Los auditores deben incluirla por obligaci\u00f3n legal. Llega despu\u00e9s de otro ejercicio de p\u00e9rdidas para Orbis, cuyos n\u00fameros rojos en 2024 se quedaron en 412.000 euros. Es su mejor resultado hasta ahora, pese a que factur\u00f3 un 7,2% menos, 15,8 millones, como consecuencia \u201cdel reconocimiento de ciertos periodos de gracia acordados con antiguos y nuevos inquilinos, la implementaci\u00f3n parcial del trabajo en remoto y la inflaci\u00f3n provocada por los conflictos armados\u201d, dice en sus cuentas.\n    <\/p>\n<p>\n        La mejora de los resultados en 2024 llega <a href=\"https:\/\/www.eldiario.es\/economia\/inmobiliaria-participada-familiares-esperanza-aguirre-hunde-perdidas-pese-contratos-ayuso_1_11498266.html\" rel=\"nofollow\">tras las p\u00e9rdidas r\u00e9cord de casi 26 millones<\/a> que Orbis registr\u00f3 en el ejercicio 2023, cuando tuvo que reconocer deterioros millonarios en el valor de casi todos sus inmuebles. Todos, salvo el que tiene alquilado a la Consejer\u00eda de Familia de la Comunidad de Madrid. La empresa nunca ha declarado beneficios desde su creaci\u00f3n en 2018. Sus p\u00e9rdidas acumuladas superan ya los 70 millones.\n    <\/p>\n<p>\n        Esta inmobiliaria cotizada (socimi) sin empleados tiene sus acciones a cotizaci\u00f3n en Par\u00eds. Pero sus t\u00edtulos no tienen liquidez porque pertenecen a una instrumental en Luxemburgo. Su sede est\u00e1 en Madrid, donde se ubican todos sus activos.\n    <\/p>\n<h2>A la venta<\/h2>\n<p>\n        El m\u00e1s c\u00e9ntrico es el inmueble alquilado al Gobierno de Ayuso en la calle Agust\u00edn de Fox\u00e1 29, junto a la estaci\u00f3n de Chamart\u00edn, construido en 1975, y que es la sede de la Agencia Madrile\u00f1a de Atenci\u00f3n Social, organismo aut\u00f3nomo que se dedica a atender a los colectivos m\u00e1s vulnerables de Madrid.\n    <\/p>\n<p>\n        El activo, ubicado junto al que ser\u00e1 uno de los grandes desarrollos inmobiliarios de Madrid, la conocida como Operaci\u00f3n Madrid Nuevo Norte (u Operaci\u00f3n Chamart\u00edn), ha sido puesto en venta este a\u00f1o, seg\u00fan inform\u00f3 en abril <a href=\"https:\/\/www.elconfidencial.com\/inmobiliario\/oficinas\/2025-04-07\/residencial-oficinas-hotel-edificio-madrid-nuevo-norte-jll-inmobiliario-orbis-tristan-capital-savills_4100846\/\" rel=\"nofollow\">El Confidencial<\/a>, que apunt\u00f3 que su uso podr\u00eda cambiar al de hotelero o residencial. El precio: unos 30 millones de euros. A d\u00eda de hoy sigue perteneciendo a Orbis.\n    <\/p>\n<p>\n        Esta empresa es una de las muchas socimis <a href=\"https:\/\/www.eldiario.es\/economia\/fondos-grandes-fortunas-familiares-esperanza-aguirre-duenos-socimis-alquilan-viviendas_1_11977679.html\" rel=\"nofollow\">vinculadas a miembros del clan Aguirre<\/a>. Como revel\u00f3 elDiario.es, esta rama de la familia se convirti\u00f3 en accionista de esta inmobiliaria en noviembre de 2020 a trav\u00e9s de una sociedad en Luxemburgo, EPISO 4 Rebound Holding, mediante la mercantil La Granjilla de la Fresneda SL.\n    <\/p>\n<p>\n        Esta empresa espa\u00f1ola, recientemente extinguida, estuvo a\u00f1os inactiva, hasta que en 2022 <a href=\"https:\/\/www.eldiario.es\/economia\/empresa-familia-esperanza-aguirre-empieza-facturar-alquiler-edificio-gobierno-ayuso_1_10360129.html\" rel=\"nofollow\">empez\u00f3 a facturar por primera vez desde su creaci\u00f3n<\/a> en 2008. Su administrador \u00fanico era el consultor inmobiliario Santiago Aguirre Gil de Biedma, hermano de Esperanza Aguirre. Como apoderada figuraba otra hermana de la expresidenta, Piedad Aguirre. En teor\u00eda, y como su propio nombre indicaba, se dedicaba a \u201cla explotaci\u00f3n de uso de la finca denominada La Granjilla\u201d en El Escorial (Madrid), perteneciente a la expresidenta y su familia y donde estaba domiciliada.\n    <\/p>\n<p>\n        Sin embargo, a comienzos de 2024 La Granjilla de la Freneda SL fue absorbida por Sancrismalu SL, administrada por la artista Mar\u00eda Avil\u00e9s, esposa de Santiago Aguirre, quien todav\u00eda figura como apoderado y es su anterior administrador \u00fanico. El pasado 24 de octubre, Episo 4 comunic\u00f3 al Registro de Luxemburgo que Sancrismalu hab\u00eda sustituido como accionista de la due\u00f1a de Orbis a La Granjilla de la Fresneda SL como consecuencia de su absorci\u00f3n.\n    <\/p>\n<p>\n        Una absorci\u00f3n que fue inscrita ante el notario de Madrid Miguel Ruiz-Gallard\u00f3n Garc\u00eda de la Rasilla, primo del exministro de Justicia, ex alcalde de Madrid y antecesor de Esperanza Aguirre en la presidencia de la Comunidad de Madrid, Alberto Ruiz-Gallard\u00f3n.\n    <\/p>\n<p>\n        Como comprob\u00f3 elDiario.es en 2023 tras una petici\u00f3n de informaci\u00f3n al amparo de la Ley de Transparencia, los contratos adjudicados a Orbis por el Gobierno de Ayuso se pactaron <a href=\"https:\/\/www.eldiario.es\/economia\/gobierno-ayuso-pacto-rentas-mercado-inmobiliaria-participada-familiares-aguirre_1_10424939.html\" rel=\"nofollow\">a precios superiores a los del mercado<\/a> en ese momento. La empresa de los Aguirre se convirti\u00f3 en accionista de esa empresa poco despu\u00e9s de que el Ejecutivo madrile\u00f1o ampliara la superficie alquilada a esta socimi en 2020. Lo hizo en pleno confinamiento, en lo peor de la pandemia y en un momento cr\u00edtico para el mercado de oficinas, con toda Espa\u00f1a en modo teletrabajo.\n    <\/p>\n<p>\n        La Comunidad de Madrid es inquilina de este inmueble desde 2010, cuando Esperanza Aguirre era presidenta madrile\u00f1a. La Agencia Madrile\u00f1a de Atenci\u00f3n Social tiene tambi\u00e9n dependencias en el n\u00famero 31 de Agust\u00edn de Foxa.\n    <\/p>\n<p>\n        Orbis hab\u00eda comprado el edificio al casero original, Colonial. Y el pen\u00faltimo d\u00eda de 2021 la Consejer\u00eda de Econom\u00eda de la Comunidad de Madrid, que entonces dirig\u00eda Javier Fern\u00e1ndez-Lasquetty, ex pupilo de Aguirre, refundi\u00f3 los contratos anteriores y pact\u00f3 <a href=\"https:\/\/www.eldiario.es\/economia\/gobierno-ayuso-pacto-pagar-20-alquiler-empresa-son-socios-familiares-esperanza-aguirre_1_10278481.html\" rel=\"nofollow\">una subida de la renta del 20%<\/a> respecto al contrato firmado en 2016 con Colonial, que entonces todav\u00eda ten\u00eda entre sus principales accionistas al fallecido empresario y exministro Juan Miguel Villar Mir.\n    <\/p>\n<p>\n        El contrato de Lasquetty, uno de los de mayor importe que ha firmado la Comunidad de Madrid como inquilina durante la etapa de Ayuso, estaba valorado en 2,8 millones. Se adjudic\u00f3 por el procedimiento negociado sin publicidad, lo habitual en este tipo de contrataciones con la Comunidad de Madrid. Comprende el alquiler de 2.242,44 metros cuadrados del edificio de Agust\u00edn de Fox\u00e1 29.\n    <\/p>\n<p>\n        El hermano de la expresidenta cre\u00f3 Sancrismalu en 2018, a\u00f1o en el que el fundador de la consultora inmobiliaria Aguirre Newman vendi\u00f3 su empresa a la multinacional Savills.\n    <\/p>\n<p>\n        Domiciliada en plena milla de oro madrile\u00f1a, en la calle Serrano, Sancrismalu, actual accionista minoritario de Orbis, <a href=\"https:\/\/www.eldiario.eshttp:\/\/sancrismalu.com\/inmobiliaria\/#\" rel=\"nofollow\">tiene una web<\/a> que explica que se dedica a la promoci\u00f3n inmobiliaria y al  mediante la inversi\u00f3n en \u201ccapital y deuda de empresas inmobiliarias, tecnol\u00f3gicas, restauraci\u00f3n y moda\u201d.\n    <\/p>\n<p>\n        Su web no publicita bodas en La Granjilla, pero s\u00ed una promoci\u00f3n de viviendas en un elegante edificio de principios del siglo XX en el centro de San Sebasti\u00e1n, en la calle Prim 10. El inmueble se lo compr\u00f3 al Gobierno vasco en subasta p\u00fablica en 2018 por m\u00e1s de 10 millones otra empresa de Santiago Aguirre, Boyton Invest. En ella era socio <a href=\"https:\/\/www.eldiario.es\/economia\/millonario-pago-gastos-opacos-rey-emerito-socio-hermano-esperanza-aguirre-traves-empresa-emiratos_1_6742556.html\" rel=\"nofollow\">el multimillonario mexicano Allen Sangin\u00e9s-Krause<\/a>, al que la Fiscal\u00eda lleg\u00f3 a investigar por pagar gastos opacos al rey em\u00e9rito, Juan Carlos I.\n    <\/p>\n<p>\n        Entre las inversiones de Sancrismalu est\u00e1, seg\u00fan su web, el restaurante en Madrid de Jos\u00e9 Luis Garc\u00eda-Berlanga, hijo del aclamado director Luis Garc\u00eda-Berlanga, responsable de obras maestras como . Tambi\u00e9n la firma de moda Romualda, de Cristina y Mariana Aguirre, las hijas de Santiago Aguirre, cuyos sombreros han vestido figuras tan dispares como Nathy Peluso o la ex primera ministra de Canad\u00e1, Kim Campbell.\n    <\/p>\n<p>\n        Como contaba Vanity Fair <a href=\"https:\/\/www.revistavanityfair.es\/articulos\/mucho-mas-que-un-lienzo\" rel=\"nofollow\">en 2023<\/a>, \u201cMariana lleva la imagen de marca y Cristina se encarga de la direcci\u00f3n art\u00edstica y de pintar los tejidos con los que luego crean los sombreros\u201d. \u201cLa familia Aguirre presume de ser una pi\u00f1a en la que arte y negocios (y pol\u00edtica) van de la mano\u201d, a\u00f1ad\u00eda la publicaci\u00f3n.\n    <\/p>\n<\/div>\n","protected":false},"excerpt":{"rendered":"<p>La firma PwC ha puesto de manifiesto la existencia de una \u201cincertidumbre material sobre la continuidad del negocio\u201d de Orbis Properties, inmobiliaria en la que tiene una peque\u00f1a participaci\u00f3n la familia de la expresidenta madrile\u00f1a Esperanza Aguirre. Esta empresa tiene como inquilino al Gobierno de Isabel D\u00edaz Ayuso, que ampli\u00f3 los contratos con ella en<\/p>\n","protected":false},"author":1,"featured_media":245941,"comment_status":"open","ping_status":"open","sticky":false,"template":"","format":"standard","meta":{"footnotes":""},"categories":[61],"tags":[],"class_list":["post-245940","post","type-post","status-publish","format-standard","has-post-thumbnail","hentry","category-business-es"],"acf":[],"yoast_head":"<!-- This site is optimized with the Yoast SEO plugin v22.9 - https:\/\/yoast.com\/wordpress\/plugins\/seo\/ -->\n<title>PwC cuestiona la continuidad de la inmobiliaria participada por familiares de Esperanza Aguirre y contratada por Ayuso - vof-news.eu<\/title>\n<meta name=\"description\" content=\"La firma PwC ha puesto de manifiesto la existencia de una \u201cincertidumbre material sobre la continuidad del negocio\u201d de Orbis Properties, inmobiliaria en la que tiene una peque\u00f1a participaci\u00f3n la familia de la expresidenta madrile\u00f1a Esperanza Aguirre. Esta empresa tiene como inquilino al Gobierno de Isabel D\u00edaz Ayuso, que ampli\u00f3 los contratos con ella en plena pandemia.\" \/>\n<meta name=\"robots\" content=\"noindex, follow, max-snippet:-1, max-image-preview:large, max-video-preview:-1\" \/>\n<meta property=\"og:locale\" content=\"es_ES\" \/>\n<meta property=\"og:type\" content=\"article\" \/>\n<meta property=\"og:title\" content=\"PwC cuestiona la continuidad de la inmobiliaria participada por familiares de Esperanza Aguirre y contratada por Ayuso - vof-news.eu\" \/>\n<meta property=\"og:description\" content=\"La firma PwC ha puesto de manifiesto la existencia de una \u201cincertidumbre material sobre la continuidad del negocio\u201d de Orbis Properties, inmobiliaria en la que tiene una peque\u00f1a participaci\u00f3n la familia de la expresidenta madrile\u00f1a Esperanza Aguirre. Esta empresa tiene como inquilino al Gobierno de Isabel D\u00edaz Ayuso, que ampli\u00f3 los contratos con ella en plena pandemia.\" \/>\n<meta property=\"og:url\" content=\"https:\/\/vof-news.eu\/es\/pwc-cuestiona-la-continuidad-de-la-inmobiliaria-participada-por-familiares-de-esperanza-aguirre-y-contratada-por-ayuso\/\" \/>\n<meta property=\"og:site_name\" content=\"vof-news.eu\" \/>\n<meta property=\"article:published_time\" content=\"2025-07-03T04:19:38+00:00\" \/>\n<meta property=\"article:modified_time\" content=\"2025-07-03T04:20:13+00:00\" \/>\n<meta property=\"og:image\" content=\"https:\/\/vof-news.eu\/wp-content\/uploads\/2025\/07\/e6044636-8ed1-4ed3-9e46-7b49725626a8_16-9-discover-aspect-ratio_default_0.jpg\" \/>\n\t<meta property=\"og:image:width\" content=\"1200\" \/>\n\t<meta property=\"og:image:height\" content=\"675\" \/>\n\t<meta property=\"og:image:type\" content=\"image\/jpeg\" \/>\n<meta name=\"author\" content=\"Author\" \/>\n<meta name=\"twitter:card\" content=\"summary_large_image\" \/>\n<meta name=\"twitter:label1\" content=\"Escrito por\" \/>\n\t<meta name=\"twitter:data1\" content=\"Author\" \/>\n\t<meta name=\"twitter:label2\" content=\"Tiempo de lectura\" \/>\n\t<meta name=\"twitter:data2\" content=\"7 minutos\" \/>\n<script type=\"application\/ld+json\" class=\"yoast-schema-graph\">{\"@context\":\"https:\/\/schema.org\",\"@graph\":[{\"@type\":\"WebPage\",\"@id\":\"https:\/\/vof-news.eu\/es\/pwc-cuestiona-la-continuidad-de-la-inmobiliaria-participada-por-familiares-de-esperanza-aguirre-y-contratada-por-ayuso\/\",\"url\":\"https:\/\/vof-news.eu\/es\/pwc-cuestiona-la-continuidad-de-la-inmobiliaria-participada-por-familiares-de-esperanza-aguirre-y-contratada-por-ayuso\/\",\"name\":\"PwC cuestiona la continuidad de la inmobiliaria participada por familiares de Esperanza Aguirre y contratada por Ayuso - vof-news.eu\",\"isPartOf\":{\"@id\":\"https:\/\/vof-news.eu\/es\/#website\"},\"primaryImageOfPage\":{\"@id\":\"https:\/\/vof-news.eu\/es\/pwc-cuestiona-la-continuidad-de-la-inmobiliaria-participada-por-familiares-de-esperanza-aguirre-y-contratada-por-ayuso\/#primaryimage\"},\"image\":{\"@id\":\"https:\/\/vof-news.eu\/es\/pwc-cuestiona-la-continuidad-de-la-inmobiliaria-participada-por-familiares-de-esperanza-aguirre-y-contratada-por-ayuso\/#primaryimage\"},\"thumbnailUrl\":\"https:\/\/vof-news.eu\/wp-content\/uploads\/2025\/07\/e6044636-8ed1-4ed3-9e46-7b49725626a8_16-9-discover-aspect-ratio_default_0.jpg\",\"datePublished\":\"2025-07-03T04:19:38+00:00\",\"dateModified\":\"2025-07-03T04:20:13+00:00\",\"author\":{\"@id\":\"https:\/\/vof-news.eu\/es\/#\/schema\/person\/f6a2a4309f0561835797fd8c19b333ed\"},\"description\":\"La firma PwC ha puesto de manifiesto la existencia de una \u201cincertidumbre material sobre la continuidad del negocio\u201d de Orbis Properties, inmobiliaria en la que tiene una peque\u00f1a participaci\u00f3n la familia de la expresidenta madrile\u00f1a Esperanza Aguirre. Esta empresa tiene como inquilino al Gobierno de Isabel D\u00edaz Ayuso, que ampli\u00f3 los contratos con ella en plena pandemia.\",\"breadcrumb\":{\"@id\":\"https:\/\/vof-news.eu\/es\/pwc-cuestiona-la-continuidad-de-la-inmobiliaria-participada-por-familiares-de-esperanza-aguirre-y-contratada-por-ayuso\/#breadcrumb\"},\"inLanguage\":\"es\",\"potentialAction\":[{\"@type\":\"ReadAction\",\"target\":[\"https:\/\/vof-news.eu\/es\/pwc-cuestiona-la-continuidad-de-la-inmobiliaria-participada-por-familiares-de-esperanza-aguirre-y-contratada-por-ayuso\/\"]}]},{\"@type\":\"ImageObject\",\"inLanguage\":\"es\",\"@id\":\"https:\/\/vof-news.eu\/es\/pwc-cuestiona-la-continuidad-de-la-inmobiliaria-participada-por-familiares-de-esperanza-aguirre-y-contratada-por-ayuso\/#primaryimage\",\"url\":\"https:\/\/vof-news.eu\/wp-content\/uploads\/2025\/07\/e6044636-8ed1-4ed3-9e46-7b49725626a8_16-9-discover-aspect-ratio_default_0.jpg\",\"contentUrl\":\"https:\/\/vof-news.eu\/wp-content\/uploads\/2025\/07\/e6044636-8ed1-4ed3-9e46-7b49725626a8_16-9-discover-aspect-ratio_default_0.jpg\",\"width\":1200,\"height\":675},{\"@type\":\"BreadcrumbList\",\"@id\":\"https:\/\/vof-news.eu\/es\/pwc-cuestiona-la-continuidad-de-la-inmobiliaria-participada-por-familiares-de-esperanza-aguirre-y-contratada-por-ayuso\/#breadcrumb\",\"itemListElement\":[{\"@type\":\"ListItem\",\"position\":1,\"name\":\"Home\",\"item\":\"https:\/\/vof-news.eu\/es\/\"},{\"@type\":\"ListItem\",\"position\":2,\"name\":\"PwC cuestiona la continuidad de la inmobiliaria participada por familiares de Esperanza Aguirre y contratada por Ayuso\"}]},{\"@type\":\"WebSite\",\"@id\":\"https:\/\/vof-news.eu\/es\/#website\",\"url\":\"https:\/\/vof-news.eu\/es\/\",\"name\":\"vof-news.eu\",\"description\":\"\",\"potentialAction\":[{\"@type\":\"SearchAction\",\"target\":{\"@type\":\"EntryPoint\",\"urlTemplate\":\"https:\/\/vof-news.eu\/es\/?s={search_term_string}\"},\"query-input\":\"required name=search_term_string\"}],\"inLanguage\":\"es\"},{\"@type\":\"Person\",\"@id\":\"https:\/\/vof-news.eu\/es\/#\/schema\/person\/f6a2a4309f0561835797fd8c19b333ed\",\"name\":\"Author\",\"image\":{\"@type\":\"ImageObject\",\"inLanguage\":\"es\",\"@id\":\"https:\/\/vof-news.eu\/es\/#\/schema\/person\/image\/\",\"url\":\"https:\/\/secure.gravatar.com\/avatar\/b67e614b1b25b3e9c0c239efdd2fde5ab015b5affd6f1c3c85911ca4b384e790?s=96&d=mm&r=g\",\"contentUrl\":\"https:\/\/secure.gravatar.com\/avatar\/b67e614b1b25b3e9c0c239efdd2fde5ab015b5affd6f1c3c85911ca4b384e790?s=96&d=mm&r=g\",\"caption\":\"Author\"},\"sameAs\":[\"http:\/\/vof-news.eu\"],\"url\":\"https:\/\/vof-news.eu\/es\/author\/zwt6qxnjulxbnyg\/\"}]}<\/script>\n<!-- \/ Yoast SEO plugin. -->","yoast_head_json":{"title":"PwC cuestiona la continuidad de la inmobiliaria participada por familiares de Esperanza Aguirre y contratada por Ayuso - vof-news.eu","description":"La firma PwC ha puesto de manifiesto la existencia de una \u201cincertidumbre material sobre la continuidad del negocio\u201d de Orbis Properties, inmobiliaria en la que tiene una peque\u00f1a participaci\u00f3n la familia de la expresidenta madrile\u00f1a Esperanza Aguirre. Esta empresa tiene como inquilino al Gobierno de Isabel D\u00edaz Ayuso, que ampli\u00f3 los contratos con ella en plena pandemia.","robots":{"index":"noindex","follow":"follow","max-snippet":"max-snippet:-1","max-image-preview":"max-image-preview:large","max-video-preview":"max-video-preview:-1"},"og_locale":"es_ES","og_type":"article","og_title":"PwC cuestiona la continuidad de la inmobiliaria participada por familiares de Esperanza Aguirre y contratada por Ayuso - vof-news.eu","og_description":"La firma PwC ha puesto de manifiesto la existencia de una \u201cincertidumbre material sobre la continuidad del negocio\u201d de Orbis Properties, inmobiliaria en la que tiene una peque\u00f1a participaci\u00f3n la familia de la expresidenta madrile\u00f1a Esperanza Aguirre. Esta empresa tiene como inquilino al Gobierno de Isabel D\u00edaz Ayuso, que ampli\u00f3 los contratos con ella en plena pandemia.","og_url":"https:\/\/vof-news.eu\/es\/pwc-cuestiona-la-continuidad-de-la-inmobiliaria-participada-por-familiares-de-esperanza-aguirre-y-contratada-por-ayuso\/","og_site_name":"vof-news.eu","article_published_time":"2025-07-03T04:19:38+00:00","article_modified_time":"2025-07-03T04:20:13+00:00","og_image":[{"width":1200,"height":675,"url":"https:\/\/vof-news.eu\/wp-content\/uploads\/2025\/07\/e6044636-8ed1-4ed3-9e46-7b49725626a8_16-9-discover-aspect-ratio_default_0.jpg","type":"image\/jpeg"}],"author":"Author","twitter_card":"summary_large_image","twitter_misc":{"Escrito por":"Author","Tiempo de lectura":"7 minutos"},"schema":{"@context":"https:\/\/schema.org","@graph":[{"@type":"WebPage","@id":"https:\/\/vof-news.eu\/es\/pwc-cuestiona-la-continuidad-de-la-inmobiliaria-participada-por-familiares-de-esperanza-aguirre-y-contratada-por-ayuso\/","url":"https:\/\/vof-news.eu\/es\/pwc-cuestiona-la-continuidad-de-la-inmobiliaria-participada-por-familiares-de-esperanza-aguirre-y-contratada-por-ayuso\/","name":"PwC cuestiona la continuidad de la inmobiliaria participada por familiares de Esperanza Aguirre y contratada por Ayuso - vof-news.eu","isPartOf":{"@id":"https:\/\/vof-news.eu\/es\/#website"},"primaryImageOfPage":{"@id":"https:\/\/vof-news.eu\/es\/pwc-cuestiona-la-continuidad-de-la-inmobiliaria-participada-por-familiares-de-esperanza-aguirre-y-contratada-por-ayuso\/#primaryimage"},"image":{"@id":"https:\/\/vof-news.eu\/es\/pwc-cuestiona-la-continuidad-de-la-inmobiliaria-participada-por-familiares-de-esperanza-aguirre-y-contratada-por-ayuso\/#primaryimage"},"thumbnailUrl":"https:\/\/vof-news.eu\/wp-content\/uploads\/2025\/07\/e6044636-8ed1-4ed3-9e46-7b49725626a8_16-9-discover-aspect-ratio_default_0.jpg","datePublished":"2025-07-03T04:19:38+00:00","dateModified":"2025-07-03T04:20:13+00:00","author":{"@id":"https:\/\/vof-news.eu\/es\/#\/schema\/person\/f6a2a4309f0561835797fd8c19b333ed"},"description":"La firma PwC ha puesto de manifiesto la existencia de una \u201cincertidumbre material sobre la continuidad del negocio\u201d de Orbis Properties, inmobiliaria en la que tiene una peque\u00f1a participaci\u00f3n la familia de la expresidenta madrile\u00f1a Esperanza Aguirre. Esta empresa tiene como inquilino al Gobierno de Isabel D\u00edaz Ayuso, que ampli\u00f3 los contratos con ella en plena pandemia.","breadcrumb":{"@id":"https:\/\/vof-news.eu\/es\/pwc-cuestiona-la-continuidad-de-la-inmobiliaria-participada-por-familiares-de-esperanza-aguirre-y-contratada-por-ayuso\/#breadcrumb"},"inLanguage":"es","potentialAction":[{"@type":"ReadAction","target":["https:\/\/vof-news.eu\/es\/pwc-cuestiona-la-continuidad-de-la-inmobiliaria-participada-por-familiares-de-esperanza-aguirre-y-contratada-por-ayuso\/"]}]},{"@type":"ImageObject","inLanguage":"es","@id":"https:\/\/vof-news.eu\/es\/pwc-cuestiona-la-continuidad-de-la-inmobiliaria-participada-por-familiares-de-esperanza-aguirre-y-contratada-por-ayuso\/#primaryimage","url":"https:\/\/vof-news.eu\/wp-content\/uploads\/2025\/07\/e6044636-8ed1-4ed3-9e46-7b49725626a8_16-9-discover-aspect-ratio_default_0.jpg","contentUrl":"https:\/\/vof-news.eu\/wp-content\/uploads\/2025\/07\/e6044636-8ed1-4ed3-9e46-7b49725626a8_16-9-discover-aspect-ratio_default_0.jpg","width":1200,"height":675},{"@type":"BreadcrumbList","@id":"https:\/\/vof-news.eu\/es\/pwc-cuestiona-la-continuidad-de-la-inmobiliaria-participada-por-familiares-de-esperanza-aguirre-y-contratada-por-ayuso\/#breadcrumb","itemListElement":[{"@type":"ListItem","position":1,"name":"Home","item":"https:\/\/vof-news.eu\/es\/"},{"@type":"ListItem","position":2,"name":"PwC cuestiona la continuidad de la inmobiliaria participada por familiares de Esperanza Aguirre y contratada por Ayuso"}]},{"@type":"WebSite","@id":"https:\/\/vof-news.eu\/es\/#website","url":"https:\/\/vof-news.eu\/es\/","name":"vof-news.eu","description":"","potentialAction":[{"@type":"SearchAction","target":{"@type":"EntryPoint","urlTemplate":"https:\/\/vof-news.eu\/es\/?s={search_term_string}"},"query-input":"required name=search_term_string"}],"inLanguage":"es"},{"@type":"Person","@id":"https:\/\/vof-news.eu\/es\/#\/schema\/person\/f6a2a4309f0561835797fd8c19b333ed","name":"Author","image":{"@type":"ImageObject","inLanguage":"es","@id":"https:\/\/vof-news.eu\/es\/#\/schema\/person\/image\/","url":"https:\/\/secure.gravatar.com\/avatar\/b67e614b1b25b3e9c0c239efdd2fde5ab015b5affd6f1c3c85911ca4b384e790?s=96&d=mm&r=g","contentUrl":"https:\/\/secure.gravatar.com\/avatar\/b67e614b1b25b3e9c0c239efdd2fde5ab015b5affd6f1c3c85911ca4b384e790?s=96&d=mm&r=g","caption":"Author"},"sameAs":["http:\/\/vof-news.eu"],"url":"https:\/\/vof-news.eu\/es\/author\/zwt6qxnjulxbnyg\/"}]}},"yoast_meta":{"yoast_wpseo_title":"","yoast_wpseo_metadesc":"","yoast_wpseo_canonical":""},"_links":{"self":[{"href":"https:\/\/vof-news.eu\/es\/wp-json\/wp\/v2\/posts\/245940","targetHints":{"allow":["GET"]}}],"collection":[{"href":"https:\/\/vof-news.eu\/es\/wp-json\/wp\/v2\/posts"}],"about":[{"href":"https:\/\/vof-news.eu\/es\/wp-json\/wp\/v2\/types\/post"}],"author":[{"embeddable":true,"href":"https:\/\/vof-news.eu\/es\/wp-json\/wp\/v2\/users\/1"}],"replies":[{"embeddable":true,"href":"https:\/\/vof-news.eu\/es\/wp-json\/wp\/v2\/comments?post=245940"}],"version-history":[{"count":1,"href":"https:\/\/vof-news.eu\/es\/wp-json\/wp\/v2\/posts\/245940\/revisions"}],"predecessor-version":[{"id":245947,"href":"https:\/\/vof-news.eu\/es\/wp-json\/wp\/v2\/posts\/245940\/revisions\/245947"}],"wp:featuredmedia":[{"embeddable":true,"href":"https:\/\/vof-news.eu\/es\/wp-json\/wp\/v2\/media\/245941"}],"wp:attachment":[{"href":"https:\/\/vof-news.eu\/es\/wp-json\/wp\/v2\/media?parent=245940"}],"wp:term":[{"taxonomy":"category","embeddable":true,"href":"https:\/\/vof-news.eu\/es\/wp-json\/wp\/v2\/categories?post=245940"},{"taxonomy":"post_tag","embeddable":true,"href":"https:\/\/vof-news.eu\/es\/wp-json\/wp\/v2\/tags?post=245940"}],"curies":[{"name":"wp","href":"https:\/\/api.w.org\/{rel}","templated":true}]}}