{"id":245789,"date":"2025-07-02T23:19:44","date_gmt":"2025-07-02T20:19:44","guid":{"rendered":"https:\/\/vof-news.eu\/raul-tejon-estas-muerto-si-olvidas-quien-eres-y-de-donde-vienes-yo-soy-un-orgulloso-chaval-de-extrarradio\/"},"modified":"2025-07-02T23:20:33","modified_gmt":"2025-07-02T20:20:33","slug":"raul-tejon-estas-muerto-si-olvidas-quien-eres-y-de-donde-vienes-yo-soy-un-orgulloso-chaval-de-extrarradio","status":"publish","type":"post","link":"https:\/\/vof-news.eu\/es\/raul-tejon-estas-muerto-si-olvidas-quien-eres-y-de-donde-vienes-yo-soy-un-orgulloso-chaval-de-extrarradio\/","title":{"rendered":"Ra\u00fal Tej\u00f3n: \u00abEst\u00e1s muerto si olvidas qui\u00e9n eres y de d\u00f3nde vienes: yo soy un orgulloso chaval de extrarradio\u00bb"},"content":{"rendered":"<div>\n<p>\u00abDale un beso de mi parte\u00bb, me suelta <strong>Ra\u00fal Tej\u00f3n<\/strong> (Getafe, 1975) cuando le comento que voy a ver a Ana Obreg\u00f3n. Ante mi cara de sorpresa, me recuerda que trabaj\u00f3 en \u2018Ana y los 7\u2019 al principio de su carrera, como en \u2018Al salir de clase\u2019, en \u2018Compa\u00f1eros\u2019 o en tantas series de \u00e9xito en las que no logr\u00f3 consolidar el suyo. Pero no se rindi\u00f3 hasta que, ya pasados los 40,<strong> \u2018Machos alfa\u2019<\/strong> le ha consolidado como uno de los actores del momento. Este verano protagoniza, junto a Paco Le\u00f3n,<strong> \u2018Uno equis dos\u2019 <\/strong>(estreno, el 8 de agosto), una comedia negra sobre las locuras que somos capaces de hacer por dinero. <\/p>\n<h2><\/h2>\n<dl>\n<dt>En la peli sois dos tipos en plena crisis de los 40, pero, sin \u00e1nimo de ofender, est\u00e1s ya m\u00e1s en la de los 50. <\/dt>\n<dd>[Risas] Adem\u00e1s yo las crisis las paso siempre por adelantado. Me pas\u00f3 con los 30, me pas\u00f3 con los 40 y creo que me pas\u00f3 tambi\u00e9n con los 50. Hace un par de a\u00f1os muri\u00f3 mi madre y ah\u00ed fue un momento en el que me volv\u00ed a replantear cosas y hacia d\u00f3nde iba mi vida. Las crisis me llegan antes de lo que se supone que me tienen que llegar. <\/dd>\n<dt>Est\u00e1s en tu mejor momento profesional, pero has remado mucho para llegar aqu\u00ed. \u00bfPensaste en tirar la toalla?<\/dt>\n<dd>Jam\u00e1s. Es que no s\u00e9 hacer otra cosa en la vida y creo que esto lo hago bien porque, m\u00e1s all\u00e1 de los resultados que pueden ser mejores o peores, no me cansa. El sitio donde m\u00e1s feliz estoy en el mundo es en un set de rodaje o en un teatro y siempre estoy pensando en historias que contar, en lo que me queda por expresar. Tanto mi familia, que es la que me llenaba la nevera cuando no hab\u00eda trabajo, como yo hemos remado mucho y hemos remado bien. No cambiar\u00eda nada.<\/dd>\n<dt>Te escuch\u00e9 una vez que viviste cabreado 20 a\u00f1os.<\/dt>\n<dd>M\u00e1s, m\u00e1s. Desde la adolescencia hasta casi los 40 estuve cabreado con todo menos con lo laboral, que no me ha cabreado nunca, ni cuando me iba mal o viv\u00eda injusticias como hacer un casting y que llamen a tu representante para decir que eres una maravilla, pero que no vas a pasar a la siguiente fase porque no eres lo suficientemente conocido. Sab\u00eda que ah\u00ed es donde ten\u00eda que estar y que ese director o directora dijera eso de mi actuaci\u00f3n para m\u00ed bastaba: \u00abVoy por el buen camino\u00bb. Pero todo lo dem\u00e1s\u2026 La vida enfada y hay que aprender a aceptar los obst\u00e1culos y, sobre todo, a curarnos las heridas desde el amor y recuperar el amor por nosotros mismos para poder seguir avanzando. <\/dd>\n<dt>\u00bfQu\u00e9 te enfadaba tanto?<\/dt>\n<dd>La vida es muy injusta, vivir duele mucho y cada uno se enfrenta a ella con lo que puede. No ca\u00ed en la depresi\u00f3n, pero me dio por la ira porque con ese impulso me sent\u00eda vivo. La frustraci\u00f3n me dominaba. Ten\u00eda de todo: una historia familiar complicada, el abandono de mi padre cuando era ni\u00f1o, haber nacido en el extrarradio de una ciudad como Madrid en una \u00e9poca tan jodida como los 80&#8230; Ahora todo el mundo habla de lo bonitos que eran los 80\u2026 \u00a1una mierda! Una d\u00e9cada con un problema enorme de drogas en la juventud de barrio y absolutamente hom\u00f3foba, sexista y patriarcal. <\/dd>\n<dt>No era el entorno ideal para crecer siendo homosexual.<\/dt>\n<dd>Claro. Si eras un chaval con cierta sensibilidad, te lo cercenaban y te lo afeaban. Si eres homosexual y toda una sociedad, como dec\u00eda J\u00e1uregui, te educa para la verg\u00fcenza, conseguir hacer de tu identidad una bandera es un acto de afirmaci\u00f3n, pero tambi\u00e9n es un acto pol\u00edtico y un acto de reivindicaci\u00f3n. Yo logr\u00e9 hacerlo, pero para llegar hasta ah\u00ed tuve que reconciliarme conmigo mismo y decir: \u00abAh, que no era yo el que estaba confundido, eran los dem\u00e1s\u00bb. Me llev\u00f3 muchos a\u00f1os.<\/dd>\n<dt>\u00bfTe cansa la etiqueta de \u00abel actor gay\u00bb?<\/dt>\n<dd>Me la tomo con humor. Si me dicen que no se me nota que soy gay, respondo que tampoco se te nota a ti que eres heterosexual. Si me preguntan si es dif\u00edcil para m\u00ed hacer un personaje tan machirulo como el de \u2018Machos alfa\u2019, respondo que si le hubieran preguntado lo mismo a Tom Hanks cuando hizo \u2018Philadelphia\u2019. Me lo tomo con humor y de manera un poco did\u00e1ctica. Diciendo amablemente: \u00abSe\u00f1ores, todos estos comentarios son pensamiento patriarcal y homofobia\u00bb. Hay que ir haci\u00e9ndolo as\u00ed, sin tom\u00e1rtelo como una afrenta. Es decir, sabemos el mundo en el que vivimos y las cartas con las que jugamos. <\/dd>\n<\/dl>\n<h2><\/h2>\n<dl>\n<dt>En realidad, te has hartado a hacer machos muy machos y muy chungos.<\/dt>\n<dd>He hecho todos los hijos de puta del mundo, de asesinos a ped\u00f3filos. Y los cuerpos y fuerzas de seguridad del Estado tambi\u00e9n los tengo todos. Incluso vigilantes jurados. Como artista huyo del estereotipo o intento deconstruirlo. Por ejemplo, en \u2018Machos alfa\u2019 intento que el estereotipo se rompa y, de repente, veamos a este machirulo deshacerse. <\/dd>\n<dt>\u00bfC\u00f3mo llevas la repentina popularidad que te ha dado la serie?<\/dt>\n<dd>Muy bien, lo que llevaba mal era estar en el sof\u00e1 de mi casa esperando que me llamasen para trabajar. Acabo de salir de un sitio y hab\u00eda una cola de gente esperando para hacerse fotos, pues qu\u00e9 maravilla, \u00bfno? Ojal\u00e1 me hubiera pasado antes porque mejor me habr\u00eda ido.<\/dd>\n<dt>Ahora que entra dinero, \u00bfhas hecho alguna locura?<\/dt>\n<dd>Ninguna. Vivo en Getafe, en la misma casa en la que nac\u00ed y haciendo la misma vida en mi barrio con los mismos amigos. Este a\u00f1o soy embajador cultural de Getafe y voy a rodar una pel\u00edcula all\u00ed como director. No hago locuras. Tambi\u00e9n es verdad que la gente cree que ahora estoy ganando millones y millones y, se\u00f1ores, esto de ser actor no funciona as\u00ed. Hay una idea preconcebida muy falsa sobre cu\u00e1nto ganamos. \u2018Machos alfa\u2019 permite que yo trabaje cuatro meses fijos al a\u00f1o, pero luego sale lo que sale. Hay que ponerlo todo en contexto porque estoy muy lejos de estar forrado.<\/dd>\n<dt>Pero alg\u00fan lujo te podr\u00e1s dar.<\/dt>\n<dd>No tengo gustos excesivamente caros. Llevo una vida muy sencilla que me gusta y que es la que siempre he llevado. Tengo un coche chiquitito desde hace a\u00f1os y, ahora que me lo puedo permitir, en lo \u00fanico que gasto un poco m\u00e1s es en viajar, pero me da lo mismo ir a un hotel de s\u00faperlujo que hacer una ruta con la mochila. No me olvido de qui\u00e9n soy ni de d\u00f3nde vengo. Lo \u00fanico que nos hace diferentes en este mundo, como artistas, como periodistas o como lo que seamos, es qui\u00e9nes somos y qui\u00e9nes hemos sido hasta llegar a este punto y estamos muertos si lo olvidamos. Si abrazas lo que eres, lo llevas con orgullo y yo soy un orgulloso chaval normal de extrarradio. Mantengo una fuerte conciencia de clase.<\/dd>\n<dt>Es algo que est\u00e1 desapareciendo.<\/dt>\n<dd>Totalmente. Cuando hablas de conciencia de clase te llaman antiguo, pero es que si no peleamos por la justicia social da igual el resto. Lo contrario de la pobreza no es la riqueza, es la justicia social y eso es algo que ha olvidado incluso una parte de izquierda, pero yo, como chaval nacido en los 70, en el extrarradio de Madrid, no me puedo olvidar. Yo puedo salir de Getafe, pero me niego a que Getafe salga de m\u00ed porque es mi identidad. <\/dd>\n<dt>Entonces, \u00bfest\u00e1s preparando tu debut como director?<\/dt>\n<dd>S\u00ed, voy a dirigir mi \u00f3pera prima este verano y parte del rodaje ser\u00e1 en Getafe. Supongo que la noche antes de empezar no podr\u00e9 dormir, pero estoy bastante tranquilo por ahora. Llevo tanto tiempo en este negocio que algo s\u00e9 de c\u00f3mo va esto [risas]. <\/dd>\n<dt>\u00bfQu\u00e9 balance haces de todos estos a\u00f1os? <\/dt>\n<dd>Los balances nunca pueden ser negativos. En una vida y en una carrera siempre hay pasivo, pero en contabilidad las deudas tambi\u00e9n pertenecen a tu empresa y lo que hay que conseguir es que no te lleven al impago. Por ahora, mis deudas est\u00e1n pagadas y mis activos superan a mis pasivos. Al final, como dice Sabina, se trata s\u00f3lo de poder dormir sin discutir con la almohada y eso tiene que ver con estar en paz contigo mismo. A veces lo consigo, a veces no, pero es el camino de una vida y el balance siempre es positivo. Soy feliz con todo lo que me ha pasado.<\/dd>\n<\/dl>\n<hr\/>\n<\/div>\n","protected":false},"excerpt":{"rendered":"<p>\u00abDale un beso de mi parte\u00bb, me suelta Ra\u00fal Tej\u00f3n (Getafe, 1975) cuando le comento que voy a ver a Ana Obreg\u00f3n. Ante mi cara de sorpresa, me recuerda que trabaj\u00f3 en \u2018Ana y los 7\u2019 al principio de su carrera, como en \u2018Al salir de clase\u2019, en \u2018Compa\u00f1eros\u2019 o en tantas series de \u00e9xito<\/p>\n","protected":false},"author":1,"featured_media":245790,"comment_status":"open","ping_status":"open","sticky":false,"template":"","format":"standard","meta":{"footnotes":""},"categories":[66],"tags":[],"class_list":["post-245789","post","type-post","status-publish","format-standard","has-post-thumbnail","hentry","category-culture-es"],"acf":[],"yoast_head":"<!-- This site is optimized with the Yoast SEO plugin v22.9 - https:\/\/yoast.com\/wordpress\/plugins\/seo\/ -->\n<title>Ra\u00fal Tej\u00f3n: &quot;Est\u00e1s muerto si olvidas qui\u00e9n eres y de d\u00f3nde vienes: yo soy un orgulloso chaval de extrarradio&quot; - vof-news.eu<\/title>\n<meta name=\"description\" content=\"&quot;Dale un beso de mi parte&quot;, me suelta Ra\u00fal Tej\u00f3n (Getafe, 1975) cuando le comento que voy a ver a Ana Obreg\u00f3n. Ante mi cara de sorpresa, me recuerda que trabaj\u00f3 en \u2018Ana y los 7\u2019 al principio de su carrera, como en \u2018Al salir de clase\u2019, en \u2018Compa\u00f1eros\u2019 o en tantas series de \u00e9xito en las que no logr\u00f3 consolidar el suyo. Pero no se rindi\u00f3 hasta que, ya pasados los 40, \u2018Machos alfa\u2019 le ha consolidado como uno de los actores del momento. Este verano protagoniza, junto a Paco Le\u00f3n, \u2018Uno equis dos\u2019 (estreno, el 8 de agosto), una comedia negra sobre las locuras que somos capaces de hacer por dinero. En la peli sois dos tipos en plena crisis de los 40, pero, sin \u00e1nimo de ofender, est\u00e1s ya m\u00e1s en la de los 50. [Risas] Adem\u00e1s yo las crisis las paso siempre por adelantado. Me pas\u00f3 con los 30, me pas\u00f3 con los 40 y creo que me pas\u00f3 tambi\u00e9n con los 50. Hace un par de a\u00f1os muri\u00f3 mi madre y ah\u00ed fue un momento en el que me volv\u00ed a replantear cosas y hacia d\u00f3nde iba mi vida. Las crisis me llegan antes de lo que se supone que me tienen que llegar. Est\u00e1s en tu mejor momento profesional, pero has remado mucho para llegar aqu\u00ed. \u00bfPensaste en tirar la toalla?Jam\u00e1s. Es que no s\u00e9 hacer otra cosa en la vida y creo que esto lo hago bien porque, m\u00e1s all\u00e1 de los resultados que pueden ser mejores o peores, no me cansa. El sitio donde m\u00e1s feliz estoy en el mundo es en un set de rodaje o en un teatro y siempre estoy pensando en historias que contar, en lo que me queda por expresar. Tanto mi familia, que es la que me llenaba la nevera cuando no hab\u00eda trabajo, como yo hemos remado mucho y hemos remado bien. No cambiar\u00eda nada.Te escuch\u00e9 una vez que viviste cabreado 20 a\u00f1os.M\u00e1s, m\u00e1s. Desde la adolescencia hasta casi los 40 estuve cabreado con todo menos con lo laboral, que no me ha cabreado nunca, ni cuando me iba mal o viv\u00eda injusticias como hacer un casting y que llamen a tu representante para decir que eres una maravilla, pero que no vas a pasar a la siguiente fase porque no eres lo suficientemente conocido. Sab\u00eda que ah\u00ed es donde ten\u00eda que estar y que ese director o directora dijera eso de mi actuaci\u00f3n para m\u00ed bastaba: &quot;Voy por el buen camino&quot;. Pero todo lo dem\u00e1s\u2026 La vida enfada y hay que aprender a aceptar los obst\u00e1culos y, sobre todo, a curarnos las heridas desde el amor y recuperar el amor por nosotros mismos para poder seguir avanzando. \u00bfQu\u00e9 te enfadaba tanto?La vida es muy injusta, vivir duele mucho y cada uno se enfrenta a ella con lo que puede. No ca\u00ed en la depresi\u00f3n, pero me dio por la ira porque con ese impulso me sent\u00eda vivo. La frustraci\u00f3n me dominaba. Ten\u00eda de todo: una historia familiar complicada, el abandono de mi padre cuando era ni\u00f1o, haber nacido en el extrarradio de una ciudad como Madrid en una \u00e9poca tan jodida como los 80... Ahora todo el mundo habla de lo bonitos que eran los 80\u2026 \u00a1una mierda! Una d\u00e9cada con un problema enorme de drogas en la juventud de barrio y absolutamente hom\u00f3foba, sexista y patriarcal. No era el entorno ideal para crecer siendo homosexual.Claro. Si eras un chaval con cierta sensibilidad, te lo cercenaban y te lo afeaban. Si eres homosexual y toda una sociedad, como dec\u00eda J\u00e1uregui, te educa para la verg\u00fcenza, conseguir hacer de tu identidad una bandera es un acto de afirmaci\u00f3n, pero tambi\u00e9n es un acto pol\u00edtico y un acto de reivindicaci\u00f3n. Yo logr\u00e9 hacerlo, pero para llegar hasta ah\u00ed tuve que reconciliarme conmigo mismo y decir: &quot;Ah, que no era yo el que estaba confundido, eran los dem\u00e1s&quot;. Me llev\u00f3 muchos a\u00f1os.\u00bfTe cansa la etiqueta de &quot;el actor gay&quot;?Me la tomo con humor. Si me dicen que no se me nota que soy gay, respondo que tampoco se te nota a ti que eres heterosexual. Si me preguntan si es dif\u00edcil para m\u00ed hacer un personaje tan machirulo como el de \u2018Machos alfa\u2019, respondo que si le hubieran preguntado lo mismo a Tom Hanks cuando hizo \u2018Philadelphia\u2019. Me lo tomo con humor y de manera un poco did\u00e1ctica. Diciendo amablemente: &quot;Se\u00f1ores, todos estos comentarios son pensamiento patriarcal y homofobia&quot;. Hay que ir haci\u00e9ndolo as\u00ed, sin tom\u00e1rtelo como una afrenta. Es decir, sabemos el mundo en el que vivimos y las cartas con las que jugamos. En realidad, te has hartado a hacer machos muy machos y muy chungos.He hecho todos los hijos de puta del mundo, de asesinos a ped\u00f3filos. Y los cuerpos y fuerzas de seguridad del Estado tambi\u00e9n los tengo todos. Incluso vigilantes jurados. Como artista huyo del estereotipo o intento deconstruirlo. Por ejemplo, en \u2018Machos alfa\u2019 intento que el estereotipo se rompa y, de repente, veamos a este machirulo deshacerse. \u00bfC\u00f3mo llevas la repentina popularidad que te ha dado la serie?Muy bien, lo que llevaba mal era estar en el sof\u00e1 de mi casa esperando que me llamasen para trabajar. Acabo de salir de un sitio y hab\u00eda una cola de gente esperando para hacerse fotos, pues qu\u00e9 maravilla, \u00bfno? Ojal\u00e1 me hubiera pasado antes porque mejor me habr\u00eda ido.Ahora que entra dinero, \u00bfhas hecho alguna locura?Ninguna. Vivo en Getafe, en la misma casa en la que nac\u00ed y haciendo la misma vida en mi barrio con los mismos amigos. Este a\u00f1o soy embajador cultural de Getafe y voy a rodar una pel\u00edcula all\u00ed como director. No hago locuras. Tambi\u00e9n es verdad que la gente cree que ahora estoy ganando millones y millones y, se\u00f1ores, esto de ser actor no funciona as\u00ed. Hay una idea preconcebida muy falsa sobre cu\u00e1nto ganamos. \u2018Machos alfa\u2019 permite que yo trabaje cuatro meses fijos al a\u00f1o, pero luego sale lo que sale. Hay que ponerlo todo en contexto porque estoy muy lejos de estar forrado.Pero alg\u00fan lujo te podr\u00e1s dar.No tengo gustos excesivamente caros. Llevo una vida muy sencilla que me gusta y que es la que siempre he llevado. Tengo un coche chiquitito desde hace a\u00f1os y, ahora que me lo puedo permitir, en lo \u00fanico que gasto un poco m\u00e1s es en viajar, pero me da lo mismo ir a un hotel de s\u00faperlujo que hacer una ruta con la mochila. No me olvido de qui\u00e9n soy ni de d\u00f3nde vengo. Lo \u00fanico que nos hace diferentes en este mundo, como artistas, como periodistas o como lo que seamos, es qui\u00e9nes somos y qui\u00e9nes hemos sido hasta llegar a este punto y estamos muertos si lo olvidamos. Si abrazas lo que eres, lo llevas con orgullo y yo soy un orgulloso chaval normal de extrarradio. Mantengo una fuerte conciencia de clase.Es algo que est\u00e1 desapareciendo.Totalmente. Cuando hablas de conciencia de clase te llaman antiguo, pero es que si no peleamos por la justicia social da igual el resto. Lo contrario de la pobreza no es la riqueza, es la justicia social y eso es algo que ha olvidado incluso una parte de izquierda, pero yo, como chaval nacido en los 70, en el extrarradio de Madrid, no me puedo olvidar. Yo puedo salir de Getafe, pero me niego a que Getafe salga de m\u00ed porque es mi identidad. Entonces, \u00bfest\u00e1s preparando tu debut como director?S\u00ed, voy a dirigir mi \u00f3pera prima este verano y parte del rodaje ser\u00e1 en Getafe. Supongo que la noche antes de empezar no podr\u00e9 dormir, pero estoy bastante tranquilo por ahora. Llevo tanto tiempo en este negocio que algo s\u00e9 de c\u00f3mo va esto [risas]. \u00bfQu\u00e9 balance haces de todos estos a\u00f1os? Los balances nunca pueden ser negativos. En una vida y en una carrera siempre hay pasivo, pero en contabilidad las deudas tambi\u00e9n pertenecen a tu empresa y lo que hay que conseguir es que no te lleven al impago. Por ahora, mis deudas est\u00e1n pagadas y mis activos superan a mis pasivos. Al final, como dice Sabina, se trata s\u00f3lo de poder dormir sin discutir con la almohada y eso tiene que ver con estar en paz contigo mismo. A veces lo consigo, a veces no, pero es el camino de una vida y el balance siempre es positivo. Soy feliz con todo lo que me ha pasado.\" \/>\n<meta name=\"robots\" content=\"noindex, follow, max-snippet:-1, max-image-preview:large, max-video-preview:-1\" \/>\n<meta property=\"og:locale\" content=\"es_ES\" \/>\n<meta property=\"og:type\" content=\"article\" \/>\n<meta property=\"og:title\" content=\"Ra\u00fal Tej\u00f3n: &quot;Est\u00e1s muerto si olvidas qui\u00e9n eres y de d\u00f3nde vienes: yo soy un orgulloso chaval de extrarradio&quot; - vof-news.eu\" \/>\n<meta property=\"og:description\" content=\"&quot;Dale un beso de mi parte&quot;, me suelta Ra\u00fal Tej\u00f3n (Getafe, 1975) cuando le comento que voy a ver a Ana Obreg\u00f3n. Ante mi cara de sorpresa, me recuerda que trabaj\u00f3 en \u2018Ana y los 7\u2019 al principio de su carrera, como en \u2018Al salir de clase\u2019, en \u2018Compa\u00f1eros\u2019 o en tantas series de \u00e9xito en las que no logr\u00f3 consolidar el suyo. Pero no se rindi\u00f3 hasta que, ya pasados los 40, \u2018Machos alfa\u2019 le ha consolidado como uno de los actores del momento. Este verano protagoniza, junto a Paco Le\u00f3n, \u2018Uno equis dos\u2019 (estreno, el 8 de agosto), una comedia negra sobre las locuras que somos capaces de hacer por dinero. En la peli sois dos tipos en plena crisis de los 40, pero, sin \u00e1nimo de ofender, est\u00e1s ya m\u00e1s en la de los 50. [Risas] Adem\u00e1s yo las crisis las paso siempre por adelantado. Me pas\u00f3 con los 30, me pas\u00f3 con los 40 y creo que me pas\u00f3 tambi\u00e9n con los 50. Hace un par de a\u00f1os muri\u00f3 mi madre y ah\u00ed fue un momento en el que me volv\u00ed a replantear cosas y hacia d\u00f3nde iba mi vida. Las crisis me llegan antes de lo que se supone que me tienen que llegar. Est\u00e1s en tu mejor momento profesional, pero has remado mucho para llegar aqu\u00ed. \u00bfPensaste en tirar la toalla?Jam\u00e1s. Es que no s\u00e9 hacer otra cosa en la vida y creo que esto lo hago bien porque, m\u00e1s all\u00e1 de los resultados que pueden ser mejores o peores, no me cansa. El sitio donde m\u00e1s feliz estoy en el mundo es en un set de rodaje o en un teatro y siempre estoy pensando en historias que contar, en lo que me queda por expresar. Tanto mi familia, que es la que me llenaba la nevera cuando no hab\u00eda trabajo, como yo hemos remado mucho y hemos remado bien. No cambiar\u00eda nada.Te escuch\u00e9 una vez que viviste cabreado 20 a\u00f1os.M\u00e1s, m\u00e1s. Desde la adolescencia hasta casi los 40 estuve cabreado con todo menos con lo laboral, que no me ha cabreado nunca, ni cuando me iba mal o viv\u00eda injusticias como hacer un casting y que llamen a tu representante para decir que eres una maravilla, pero que no vas a pasar a la siguiente fase porque no eres lo suficientemente conocido. Sab\u00eda que ah\u00ed es donde ten\u00eda que estar y que ese director o directora dijera eso de mi actuaci\u00f3n para m\u00ed bastaba: &quot;Voy por el buen camino&quot;. Pero todo lo dem\u00e1s\u2026 La vida enfada y hay que aprender a aceptar los obst\u00e1culos y, sobre todo, a curarnos las heridas desde el amor y recuperar el amor por nosotros mismos para poder seguir avanzando. \u00bfQu\u00e9 te enfadaba tanto?La vida es muy injusta, vivir duele mucho y cada uno se enfrenta a ella con lo que puede. No ca\u00ed en la depresi\u00f3n, pero me dio por la ira porque con ese impulso me sent\u00eda vivo. La frustraci\u00f3n me dominaba. Ten\u00eda de todo: una historia familiar complicada, el abandono de mi padre cuando era ni\u00f1o, haber nacido en el extrarradio de una ciudad como Madrid en una \u00e9poca tan jodida como los 80... Ahora todo el mundo habla de lo bonitos que eran los 80\u2026 \u00a1una mierda! Una d\u00e9cada con un problema enorme de drogas en la juventud de barrio y absolutamente hom\u00f3foba, sexista y patriarcal. No era el entorno ideal para crecer siendo homosexual.Claro. Si eras un chaval con cierta sensibilidad, te lo cercenaban y te lo afeaban. Si eres homosexual y toda una sociedad, como dec\u00eda J\u00e1uregui, te educa para la verg\u00fcenza, conseguir hacer de tu identidad una bandera es un acto de afirmaci\u00f3n, pero tambi\u00e9n es un acto pol\u00edtico y un acto de reivindicaci\u00f3n. Yo logr\u00e9 hacerlo, pero para llegar hasta ah\u00ed tuve que reconciliarme conmigo mismo y decir: &quot;Ah, que no era yo el que estaba confundido, eran los dem\u00e1s&quot;. Me llev\u00f3 muchos a\u00f1os.\u00bfTe cansa la etiqueta de &quot;el actor gay&quot;?Me la tomo con humor. Si me dicen que no se me nota que soy gay, respondo que tampoco se te nota a ti que eres heterosexual. Si me preguntan si es dif\u00edcil para m\u00ed hacer un personaje tan machirulo como el de \u2018Machos alfa\u2019, respondo que si le hubieran preguntado lo mismo a Tom Hanks cuando hizo \u2018Philadelphia\u2019. Me lo tomo con humor y de manera un poco did\u00e1ctica. Diciendo amablemente: &quot;Se\u00f1ores, todos estos comentarios son pensamiento patriarcal y homofobia&quot;. Hay que ir haci\u00e9ndolo as\u00ed, sin tom\u00e1rtelo como una afrenta. Es decir, sabemos el mundo en el que vivimos y las cartas con las que jugamos. En realidad, te has hartado a hacer machos muy machos y muy chungos.He hecho todos los hijos de puta del mundo, de asesinos a ped\u00f3filos. Y los cuerpos y fuerzas de seguridad del Estado tambi\u00e9n los tengo todos. Incluso vigilantes jurados. Como artista huyo del estereotipo o intento deconstruirlo. Por ejemplo, en \u2018Machos alfa\u2019 intento que el estereotipo se rompa y, de repente, veamos a este machirulo deshacerse. \u00bfC\u00f3mo llevas la repentina popularidad que te ha dado la serie?Muy bien, lo que llevaba mal era estar en el sof\u00e1 de mi casa esperando que me llamasen para trabajar. Acabo de salir de un sitio y hab\u00eda una cola de gente esperando para hacerse fotos, pues qu\u00e9 maravilla, \u00bfno? Ojal\u00e1 me hubiera pasado antes porque mejor me habr\u00eda ido.Ahora que entra dinero, \u00bfhas hecho alguna locura?Ninguna. Vivo en Getafe, en la misma casa en la que nac\u00ed y haciendo la misma vida en mi barrio con los mismos amigos. Este a\u00f1o soy embajador cultural de Getafe y voy a rodar una pel\u00edcula all\u00ed como director. No hago locuras. Tambi\u00e9n es verdad que la gente cree que ahora estoy ganando millones y millones y, se\u00f1ores, esto de ser actor no funciona as\u00ed. Hay una idea preconcebida muy falsa sobre cu\u00e1nto ganamos. \u2018Machos alfa\u2019 permite que yo trabaje cuatro meses fijos al a\u00f1o, pero luego sale lo que sale. Hay que ponerlo todo en contexto porque estoy muy lejos de estar forrado.Pero alg\u00fan lujo te podr\u00e1s dar.No tengo gustos excesivamente caros. Llevo una vida muy sencilla que me gusta y que es la que siempre he llevado. Tengo un coche chiquitito desde hace a\u00f1os y, ahora que me lo puedo permitir, en lo \u00fanico que gasto un poco m\u00e1s es en viajar, pero me da lo mismo ir a un hotel de s\u00faperlujo que hacer una ruta con la mochila. No me olvido de qui\u00e9n soy ni de d\u00f3nde vengo. Lo \u00fanico que nos hace diferentes en este mundo, como artistas, como periodistas o como lo que seamos, es qui\u00e9nes somos y qui\u00e9nes hemos sido hasta llegar a este punto y estamos muertos si lo olvidamos. Si abrazas lo que eres, lo llevas con orgullo y yo soy un orgulloso chaval normal de extrarradio. Mantengo una fuerte conciencia de clase.Es algo que est\u00e1 desapareciendo.Totalmente. Cuando hablas de conciencia de clase te llaman antiguo, pero es que si no peleamos por la justicia social da igual el resto. Lo contrario de la pobreza no es la riqueza, es la justicia social y eso es algo que ha olvidado incluso una parte de izquierda, pero yo, como chaval nacido en los 70, en el extrarradio de Madrid, no me puedo olvidar. Yo puedo salir de Getafe, pero me niego a que Getafe salga de m\u00ed porque es mi identidad. Entonces, \u00bfest\u00e1s preparando tu debut como director?S\u00ed, voy a dirigir mi \u00f3pera prima este verano y parte del rodaje ser\u00e1 en Getafe. Supongo que la noche antes de empezar no podr\u00e9 dormir, pero estoy bastante tranquilo por ahora. Llevo tanto tiempo en este negocio que algo s\u00e9 de c\u00f3mo va esto [risas]. \u00bfQu\u00e9 balance haces de todos estos a\u00f1os? Los balances nunca pueden ser negativos. En una vida y en una carrera siempre hay pasivo, pero en contabilidad las deudas tambi\u00e9n pertenecen a tu empresa y lo que hay que conseguir es que no te lleven al impago. Por ahora, mis deudas est\u00e1n pagadas y mis activos superan a mis pasivos. Al final, como dice Sabina, se trata s\u00f3lo de poder dormir sin discutir con la almohada y eso tiene que ver con estar en paz contigo mismo. A veces lo consigo, a veces no, pero es el camino de una vida y el balance siempre es positivo. Soy feliz con todo lo que me ha pasado.\" \/>\n<meta property=\"og:url\" content=\"https:\/\/vof-news.eu\/es\/raul-tejon-estas-muerto-si-olvidas-quien-eres-y-de-donde-vienes-yo-soy-un-orgulloso-chaval-de-extrarradio\/\" \/>\n<meta property=\"og:site_name\" content=\"vof-news.eu\" \/>\n<meta property=\"article:published_time\" content=\"2025-07-02T20:19:44+00:00\" \/>\n<meta property=\"article:modified_time\" content=\"2025-07-02T20:20:33+00:00\" \/>\n<meta property=\"og:image\" content=\"https:\/\/vof-news.eu\/wp-content\/uploads\/2025\/07\/17509460674499.jpg\" \/>\n\t<meta property=\"og:image:width\" content=\"1366\" \/>\n\t<meta property=\"og:image:height\" content=\"911\" \/>\n\t<meta property=\"og:image:type\" content=\"image\/jpeg\" \/>\n<meta name=\"author\" content=\"Author\" \/>\n<meta name=\"twitter:card\" content=\"summary_large_image\" \/>\n<meta name=\"twitter:label1\" content=\"Escrito por\" \/>\n\t<meta name=\"twitter:data1\" content=\"Author\" \/>\n\t<meta name=\"twitter:label2\" content=\"Tiempo de lectura\" \/>\n\t<meta name=\"twitter:data2\" content=\"7 minutos\" \/>\n<script type=\"application\/ld+json\" class=\"yoast-schema-graph\">{\"@context\":\"https:\/\/schema.org\",\"@graph\":[{\"@type\":\"WebPage\",\"@id\":\"https:\/\/vof-news.eu\/es\/raul-tejon-estas-muerto-si-olvidas-quien-eres-y-de-donde-vienes-yo-soy-un-orgulloso-chaval-de-extrarradio\/\",\"url\":\"https:\/\/vof-news.eu\/es\/raul-tejon-estas-muerto-si-olvidas-quien-eres-y-de-donde-vienes-yo-soy-un-orgulloso-chaval-de-extrarradio\/\",\"name\":\"Ra\u00fal Tej\u00f3n: \\\"Est\u00e1s muerto si olvidas qui\u00e9n eres y de d\u00f3nde vienes: yo soy un orgulloso chaval de extrarradio\\\" - vof-news.eu\",\"isPartOf\":{\"@id\":\"https:\/\/vof-news.eu\/es\/#website\"},\"primaryImageOfPage\":{\"@id\":\"https:\/\/vof-news.eu\/es\/raul-tejon-estas-muerto-si-olvidas-quien-eres-y-de-donde-vienes-yo-soy-un-orgulloso-chaval-de-extrarradio\/#primaryimage\"},\"image\":{\"@id\":\"https:\/\/vof-news.eu\/es\/raul-tejon-estas-muerto-si-olvidas-quien-eres-y-de-donde-vienes-yo-soy-un-orgulloso-chaval-de-extrarradio\/#primaryimage\"},\"thumbnailUrl\":\"https:\/\/vof-news.eu\/wp-content\/uploads\/2025\/07\/17509460674499.jpg\",\"datePublished\":\"2025-07-02T20:19:44+00:00\",\"dateModified\":\"2025-07-02T20:20:33+00:00\",\"author\":{\"@id\":\"https:\/\/vof-news.eu\/es\/#\/schema\/person\/f6a2a4309f0561835797fd8c19b333ed\"},\"description\":\"\\\"Dale un beso de mi parte\\\", me suelta Ra\u00fal Tej\u00f3n (Getafe, 1975) cuando le comento que voy a ver a Ana Obreg\u00f3n. Ante mi cara de sorpresa, me recuerda que trabaj\u00f3 en \u2018Ana y los 7\u2019 al principio de su carrera, como en \u2018Al salir de clase\u2019, en \u2018Compa\u00f1eros\u2019 o en tantas series de \u00e9xito en las que no logr\u00f3 consolidar el suyo. Pero no se rindi\u00f3 hasta que, ya pasados los 40, \u2018Machos alfa\u2019 le ha consolidado como uno de los actores del momento. Este verano protagoniza, junto a Paco Le\u00f3n, \u2018Uno equis dos\u2019 (estreno, el 8 de agosto), una comedia negra sobre las locuras que somos capaces de hacer por dinero. En la peli sois dos tipos en plena crisis de los 40, pero, sin \u00e1nimo de ofender, est\u00e1s ya m\u00e1s en la de los 50. [Risas] Adem\u00e1s yo las crisis las paso siempre por adelantado. Me pas\u00f3 con los 30, me pas\u00f3 con los 40 y creo que me pas\u00f3 tambi\u00e9n con los 50. Hace un par de a\u00f1os muri\u00f3 mi madre y ah\u00ed fue un momento en el que me volv\u00ed a replantear cosas y hacia d\u00f3nde iba mi vida. Las crisis me llegan antes de lo que se supone que me tienen que llegar. Est\u00e1s en tu mejor momento profesional, pero has remado mucho para llegar aqu\u00ed. \u00bfPensaste en tirar la toalla?Jam\u00e1s. Es que no s\u00e9 hacer otra cosa en la vida y creo que esto lo hago bien porque, m\u00e1s all\u00e1 de los resultados que pueden ser mejores o peores, no me cansa. El sitio donde m\u00e1s feliz estoy en el mundo es en un set de rodaje o en un teatro y siempre estoy pensando en historias que contar, en lo que me queda por expresar. Tanto mi familia, que es la que me llenaba la nevera cuando no hab\u00eda trabajo, como yo hemos remado mucho y hemos remado bien. No cambiar\u00eda nada.Te escuch\u00e9 una vez que viviste cabreado 20 a\u00f1os.M\u00e1s, m\u00e1s. Desde la adolescencia hasta casi los 40 estuve cabreado con todo menos con lo laboral, que no me ha cabreado nunca, ni cuando me iba mal o viv\u00eda injusticias como hacer un casting y que llamen a tu representante para decir que eres una maravilla, pero que no vas a pasar a la siguiente fase porque no eres lo suficientemente conocido. Sab\u00eda que ah\u00ed es donde ten\u00eda que estar y que ese director o directora dijera eso de mi actuaci\u00f3n para m\u00ed bastaba: \\\"Voy por el buen camino\\\". Pero todo lo dem\u00e1s\u2026 La vida enfada y hay que aprender a aceptar los obst\u00e1culos y, sobre todo, a curarnos las heridas desde el amor y recuperar el amor por nosotros mismos para poder seguir avanzando. \u00bfQu\u00e9 te enfadaba tanto?La vida es muy injusta, vivir duele mucho y cada uno se enfrenta a ella con lo que puede. No ca\u00ed en la depresi\u00f3n, pero me dio por la ira porque con ese impulso me sent\u00eda vivo. La frustraci\u00f3n me dominaba. Ten\u00eda de todo: una historia familiar complicada, el abandono de mi padre cuando era ni\u00f1o, haber nacido en el extrarradio de una ciudad como Madrid en una \u00e9poca tan jodida como los 80... Ahora todo el mundo habla de lo bonitos que eran los 80\u2026 \u00a1una mierda! Una d\u00e9cada con un problema enorme de drogas en la juventud de barrio y absolutamente hom\u00f3foba, sexista y patriarcal. No era el entorno ideal para crecer siendo homosexual.Claro. Si eras un chaval con cierta sensibilidad, te lo cercenaban y te lo afeaban. Si eres homosexual y toda una sociedad, como dec\u00eda J\u00e1uregui, te educa para la verg\u00fcenza, conseguir hacer de tu identidad una bandera es un acto de afirmaci\u00f3n, pero tambi\u00e9n es un acto pol\u00edtico y un acto de reivindicaci\u00f3n. Yo logr\u00e9 hacerlo, pero para llegar hasta ah\u00ed tuve que reconciliarme conmigo mismo y decir: \\\"Ah, que no era yo el que estaba confundido, eran los dem\u00e1s\\\". Me llev\u00f3 muchos a\u00f1os.\u00bfTe cansa la etiqueta de \\\"el actor gay\\\"?Me la tomo con humor. Si me dicen que no se me nota que soy gay, respondo que tampoco se te nota a ti que eres heterosexual. Si me preguntan si es dif\u00edcil para m\u00ed hacer un personaje tan machirulo como el de \u2018Machos alfa\u2019, respondo que si le hubieran preguntado lo mismo a Tom Hanks cuando hizo \u2018Philadelphia\u2019. Me lo tomo con humor y de manera un poco did\u00e1ctica. Diciendo amablemente: \\\"Se\u00f1ores, todos estos comentarios son pensamiento patriarcal y homofobia\\\". Hay que ir haci\u00e9ndolo as\u00ed, sin tom\u00e1rtelo como una afrenta. Es decir, sabemos el mundo en el que vivimos y las cartas con las que jugamos. En realidad, te has hartado a hacer machos muy machos y muy chungos.He hecho todos los hijos de puta del mundo, de asesinos a ped\u00f3filos. Y los cuerpos y fuerzas de seguridad del Estado tambi\u00e9n los tengo todos. Incluso vigilantes jurados. Como artista huyo del estereotipo o intento deconstruirlo. Por ejemplo, en \u2018Machos alfa\u2019 intento que el estereotipo se rompa y, de repente, veamos a este machirulo deshacerse. \u00bfC\u00f3mo llevas la repentina popularidad que te ha dado la serie?Muy bien, lo que llevaba mal era estar en el sof\u00e1 de mi casa esperando que me llamasen para trabajar. Acabo de salir de un sitio y hab\u00eda una cola de gente esperando para hacerse fotos, pues qu\u00e9 maravilla, \u00bfno? Ojal\u00e1 me hubiera pasado antes porque mejor me habr\u00eda ido.Ahora que entra dinero, \u00bfhas hecho alguna locura?Ninguna. Vivo en Getafe, en la misma casa en la que nac\u00ed y haciendo la misma vida en mi barrio con los mismos amigos. Este a\u00f1o soy embajador cultural de Getafe y voy a rodar una pel\u00edcula all\u00ed como director. No hago locuras. Tambi\u00e9n es verdad que la gente cree que ahora estoy ganando millones y millones y, se\u00f1ores, esto de ser actor no funciona as\u00ed. Hay una idea preconcebida muy falsa sobre cu\u00e1nto ganamos. \u2018Machos alfa\u2019 permite que yo trabaje cuatro meses fijos al a\u00f1o, pero luego sale lo que sale. Hay que ponerlo todo en contexto porque estoy muy lejos de estar forrado.Pero alg\u00fan lujo te podr\u00e1s dar.No tengo gustos excesivamente caros. Llevo una vida muy sencilla que me gusta y que es la que siempre he llevado. Tengo un coche chiquitito desde hace a\u00f1os y, ahora que me lo puedo permitir, en lo \u00fanico que gasto un poco m\u00e1s es en viajar, pero me da lo mismo ir a un hotel de s\u00faperlujo que hacer una ruta con la mochila. No me olvido de qui\u00e9n soy ni de d\u00f3nde vengo. Lo \u00fanico que nos hace diferentes en este mundo, como artistas, como periodistas o como lo que seamos, es qui\u00e9nes somos y qui\u00e9nes hemos sido hasta llegar a este punto y estamos muertos si lo olvidamos. Si abrazas lo que eres, lo llevas con orgullo y yo soy un orgulloso chaval normal de extrarradio. Mantengo una fuerte conciencia de clase.Es algo que est\u00e1 desapareciendo.Totalmente. Cuando hablas de conciencia de clase te llaman antiguo, pero es que si no peleamos por la justicia social da igual el resto. Lo contrario de la pobreza no es la riqueza, es la justicia social y eso es algo que ha olvidado incluso una parte de izquierda, pero yo, como chaval nacido en los 70, en el extrarradio de Madrid, no me puedo olvidar. Yo puedo salir de Getafe, pero me niego a que Getafe salga de m\u00ed porque es mi identidad. Entonces, \u00bfest\u00e1s preparando tu debut como director?S\u00ed, voy a dirigir mi \u00f3pera prima este verano y parte del rodaje ser\u00e1 en Getafe. Supongo que la noche antes de empezar no podr\u00e9 dormir, pero estoy bastante tranquilo por ahora. Llevo tanto tiempo en este negocio que algo s\u00e9 de c\u00f3mo va esto [risas]. \u00bfQu\u00e9 balance haces de todos estos a\u00f1os? Los balances nunca pueden ser negativos. En una vida y en una carrera siempre hay pasivo, pero en contabilidad las deudas tambi\u00e9n pertenecen a tu empresa y lo que hay que conseguir es que no te lleven al impago. Por ahora, mis deudas est\u00e1n pagadas y mis activos superan a mis pasivos. Al final, como dice Sabina, se trata s\u00f3lo de poder dormir sin discutir con la almohada y eso tiene que ver con estar en paz contigo mismo. A veces lo consigo, a veces no, pero es el camino de una vida y el balance siempre es positivo. Soy feliz con todo lo que me ha pasado.\",\"breadcrumb\":{\"@id\":\"https:\/\/vof-news.eu\/es\/raul-tejon-estas-muerto-si-olvidas-quien-eres-y-de-donde-vienes-yo-soy-un-orgulloso-chaval-de-extrarradio\/#breadcrumb\"},\"inLanguage\":\"es\",\"potentialAction\":[{\"@type\":\"ReadAction\",\"target\":[\"https:\/\/vof-news.eu\/es\/raul-tejon-estas-muerto-si-olvidas-quien-eres-y-de-donde-vienes-yo-soy-un-orgulloso-chaval-de-extrarradio\/\"]}]},{\"@type\":\"ImageObject\",\"inLanguage\":\"es\",\"@id\":\"https:\/\/vof-news.eu\/es\/raul-tejon-estas-muerto-si-olvidas-quien-eres-y-de-donde-vienes-yo-soy-un-orgulloso-chaval-de-extrarradio\/#primaryimage\",\"url\":\"https:\/\/vof-news.eu\/wp-content\/uploads\/2025\/07\/17509460674499.jpg\",\"contentUrl\":\"https:\/\/vof-news.eu\/wp-content\/uploads\/2025\/07\/17509460674499.jpg\",\"width\":1366,\"height\":911},{\"@type\":\"BreadcrumbList\",\"@id\":\"https:\/\/vof-news.eu\/es\/raul-tejon-estas-muerto-si-olvidas-quien-eres-y-de-donde-vienes-yo-soy-un-orgulloso-chaval-de-extrarradio\/#breadcrumb\",\"itemListElement\":[{\"@type\":\"ListItem\",\"position\":1,\"name\":\"Home\",\"item\":\"https:\/\/vof-news.eu\/es\/\"},{\"@type\":\"ListItem\",\"position\":2,\"name\":\"Ra\u00fal Tej\u00f3n: &#8220;Est\u00e1s muerto si olvidas qui\u00e9n eres y de d\u00f3nde vienes: yo soy un orgulloso chaval de extrarradio&#8221;\"}]},{\"@type\":\"WebSite\",\"@id\":\"https:\/\/vof-news.eu\/es\/#website\",\"url\":\"https:\/\/vof-news.eu\/es\/\",\"name\":\"vof-news.eu\",\"description\":\"\",\"potentialAction\":[{\"@type\":\"SearchAction\",\"target\":{\"@type\":\"EntryPoint\",\"urlTemplate\":\"https:\/\/vof-news.eu\/es\/?s={search_term_string}\"},\"query-input\":\"required name=search_term_string\"}],\"inLanguage\":\"es\"},{\"@type\":\"Person\",\"@id\":\"https:\/\/vof-news.eu\/es\/#\/schema\/person\/f6a2a4309f0561835797fd8c19b333ed\",\"name\":\"Author\",\"image\":{\"@type\":\"ImageObject\",\"inLanguage\":\"es\",\"@id\":\"https:\/\/vof-news.eu\/es\/#\/schema\/person\/image\/\",\"url\":\"https:\/\/secure.gravatar.com\/avatar\/b67e614b1b25b3e9c0c239efdd2fde5ab015b5affd6f1c3c85911ca4b384e790?s=96&d=mm&r=g\",\"contentUrl\":\"https:\/\/secure.gravatar.com\/avatar\/b67e614b1b25b3e9c0c239efdd2fde5ab015b5affd6f1c3c85911ca4b384e790?s=96&d=mm&r=g\",\"caption\":\"Author\"},\"sameAs\":[\"http:\/\/vof-news.eu\"],\"url\":\"https:\/\/vof-news.eu\/es\/author\/zwt6qxnjulxbnyg\/\"}]}<\/script>\n<!-- \/ Yoast SEO plugin. -->","yoast_head_json":{"title":"Ra\u00fal Tej\u00f3n: \"Est\u00e1s muerto si olvidas qui\u00e9n eres y de d\u00f3nde vienes: yo soy un orgulloso chaval de extrarradio\" - vof-news.eu","description":"\"Dale un beso de mi parte\", me suelta Ra\u00fal Tej\u00f3n (Getafe, 1975) cuando le comento que voy a ver a Ana Obreg\u00f3n. Ante mi cara de sorpresa, me recuerda que trabaj\u00f3 en \u2018Ana y los 7\u2019 al principio de su carrera, como en \u2018Al salir de clase\u2019, en \u2018Compa\u00f1eros\u2019 o en tantas series de \u00e9xito en las que no logr\u00f3 consolidar el suyo. Pero no se rindi\u00f3 hasta que, ya pasados los 40, \u2018Machos alfa\u2019 le ha consolidado como uno de los actores del momento. Este verano protagoniza, junto a Paco Le\u00f3n, \u2018Uno equis dos\u2019 (estreno, el 8 de agosto), una comedia negra sobre las locuras que somos capaces de hacer por dinero. En la peli sois dos tipos en plena crisis de los 40, pero, sin \u00e1nimo de ofender, est\u00e1s ya m\u00e1s en la de los 50. [Risas] Adem\u00e1s yo las crisis las paso siempre por adelantado. Me pas\u00f3 con los 30, me pas\u00f3 con los 40 y creo que me pas\u00f3 tambi\u00e9n con los 50. Hace un par de a\u00f1os muri\u00f3 mi madre y ah\u00ed fue un momento en el que me volv\u00ed a replantear cosas y hacia d\u00f3nde iba mi vida. Las crisis me llegan antes de lo que se supone que me tienen que llegar. Est\u00e1s en tu mejor momento profesional, pero has remado mucho para llegar aqu\u00ed. \u00bfPensaste en tirar la toalla?Jam\u00e1s. Es que no s\u00e9 hacer otra cosa en la vida y creo que esto lo hago bien porque, m\u00e1s all\u00e1 de los resultados que pueden ser mejores o peores, no me cansa. El sitio donde m\u00e1s feliz estoy en el mundo es en un set de rodaje o en un teatro y siempre estoy pensando en historias que contar, en lo que me queda por expresar. Tanto mi familia, que es la que me llenaba la nevera cuando no hab\u00eda trabajo, como yo hemos remado mucho y hemos remado bien. No cambiar\u00eda nada.Te escuch\u00e9 una vez que viviste cabreado 20 a\u00f1os.M\u00e1s, m\u00e1s. Desde la adolescencia hasta casi los 40 estuve cabreado con todo menos con lo laboral, que no me ha cabreado nunca, ni cuando me iba mal o viv\u00eda injusticias como hacer un casting y que llamen a tu representante para decir que eres una maravilla, pero que no vas a pasar a la siguiente fase porque no eres lo suficientemente conocido. Sab\u00eda que ah\u00ed es donde ten\u00eda que estar y que ese director o directora dijera eso de mi actuaci\u00f3n para m\u00ed bastaba: \"Voy por el buen camino\". Pero todo lo dem\u00e1s\u2026 La vida enfada y hay que aprender a aceptar los obst\u00e1culos y, sobre todo, a curarnos las heridas desde el amor y recuperar el amor por nosotros mismos para poder seguir avanzando. \u00bfQu\u00e9 te enfadaba tanto?La vida es muy injusta, vivir duele mucho y cada uno se enfrenta a ella con lo que puede. No ca\u00ed en la depresi\u00f3n, pero me dio por la ira porque con ese impulso me sent\u00eda vivo. La frustraci\u00f3n me dominaba. Ten\u00eda de todo: una historia familiar complicada, el abandono de mi padre cuando era ni\u00f1o, haber nacido en el extrarradio de una ciudad como Madrid en una \u00e9poca tan jodida como los 80... Ahora todo el mundo habla de lo bonitos que eran los 80\u2026 \u00a1una mierda! Una d\u00e9cada con un problema enorme de drogas en la juventud de barrio y absolutamente hom\u00f3foba, sexista y patriarcal. No era el entorno ideal para crecer siendo homosexual.Claro. Si eras un chaval con cierta sensibilidad, te lo cercenaban y te lo afeaban. Si eres homosexual y toda una sociedad, como dec\u00eda J\u00e1uregui, te educa para la verg\u00fcenza, conseguir hacer de tu identidad una bandera es un acto de afirmaci\u00f3n, pero tambi\u00e9n es un acto pol\u00edtico y un acto de reivindicaci\u00f3n. Yo logr\u00e9 hacerlo, pero para llegar hasta ah\u00ed tuve que reconciliarme conmigo mismo y decir: \"Ah, que no era yo el que estaba confundido, eran los dem\u00e1s\". Me llev\u00f3 muchos a\u00f1os.\u00bfTe cansa la etiqueta de \"el actor gay\"?Me la tomo con humor. Si me dicen que no se me nota que soy gay, respondo que tampoco se te nota a ti que eres heterosexual. Si me preguntan si es dif\u00edcil para m\u00ed hacer un personaje tan machirulo como el de \u2018Machos alfa\u2019, respondo que si le hubieran preguntado lo mismo a Tom Hanks cuando hizo \u2018Philadelphia\u2019. Me lo tomo con humor y de manera un poco did\u00e1ctica. Diciendo amablemente: \"Se\u00f1ores, todos estos comentarios son pensamiento patriarcal y homofobia\". Hay que ir haci\u00e9ndolo as\u00ed, sin tom\u00e1rtelo como una afrenta. Es decir, sabemos el mundo en el que vivimos y las cartas con las que jugamos. En realidad, te has hartado a hacer machos muy machos y muy chungos.He hecho todos los hijos de puta del mundo, de asesinos a ped\u00f3filos. Y los cuerpos y fuerzas de seguridad del Estado tambi\u00e9n los tengo todos. Incluso vigilantes jurados. Como artista huyo del estereotipo o intento deconstruirlo. Por ejemplo, en \u2018Machos alfa\u2019 intento que el estereotipo se rompa y, de repente, veamos a este machirulo deshacerse. \u00bfC\u00f3mo llevas la repentina popularidad que te ha dado la serie?Muy bien, lo que llevaba mal era estar en el sof\u00e1 de mi casa esperando que me llamasen para trabajar. Acabo de salir de un sitio y hab\u00eda una cola de gente esperando para hacerse fotos, pues qu\u00e9 maravilla, \u00bfno? Ojal\u00e1 me hubiera pasado antes porque mejor me habr\u00eda ido.Ahora que entra dinero, \u00bfhas hecho alguna locura?Ninguna. Vivo en Getafe, en la misma casa en la que nac\u00ed y haciendo la misma vida en mi barrio con los mismos amigos. Este a\u00f1o soy embajador cultural de Getafe y voy a rodar una pel\u00edcula all\u00ed como director. No hago locuras. Tambi\u00e9n es verdad que la gente cree que ahora estoy ganando millones y millones y, se\u00f1ores, esto de ser actor no funciona as\u00ed. Hay una idea preconcebida muy falsa sobre cu\u00e1nto ganamos. \u2018Machos alfa\u2019 permite que yo trabaje cuatro meses fijos al a\u00f1o, pero luego sale lo que sale. Hay que ponerlo todo en contexto porque estoy muy lejos de estar forrado.Pero alg\u00fan lujo te podr\u00e1s dar.No tengo gustos excesivamente caros. Llevo una vida muy sencilla que me gusta y que es la que siempre he llevado. Tengo un coche chiquitito desde hace a\u00f1os y, ahora que me lo puedo permitir, en lo \u00fanico que gasto un poco m\u00e1s es en viajar, pero me da lo mismo ir a un hotel de s\u00faperlujo que hacer una ruta con la mochila. No me olvido de qui\u00e9n soy ni de d\u00f3nde vengo. Lo \u00fanico que nos hace diferentes en este mundo, como artistas, como periodistas o como lo que seamos, es qui\u00e9nes somos y qui\u00e9nes hemos sido hasta llegar a este punto y estamos muertos si lo olvidamos. Si abrazas lo que eres, lo llevas con orgullo y yo soy un orgulloso chaval normal de extrarradio. Mantengo una fuerte conciencia de clase.Es algo que est\u00e1 desapareciendo.Totalmente. Cuando hablas de conciencia de clase te llaman antiguo, pero es que si no peleamos por la justicia social da igual el resto. Lo contrario de la pobreza no es la riqueza, es la justicia social y eso es algo que ha olvidado incluso una parte de izquierda, pero yo, como chaval nacido en los 70, en el extrarradio de Madrid, no me puedo olvidar. Yo puedo salir de Getafe, pero me niego a que Getafe salga de m\u00ed porque es mi identidad. Entonces, \u00bfest\u00e1s preparando tu debut como director?S\u00ed, voy a dirigir mi \u00f3pera prima este verano y parte del rodaje ser\u00e1 en Getafe. Supongo que la noche antes de empezar no podr\u00e9 dormir, pero estoy bastante tranquilo por ahora. Llevo tanto tiempo en este negocio que algo s\u00e9 de c\u00f3mo va esto [risas]. \u00bfQu\u00e9 balance haces de todos estos a\u00f1os? Los balances nunca pueden ser negativos. En una vida y en una carrera siempre hay pasivo, pero en contabilidad las deudas tambi\u00e9n pertenecen a tu empresa y lo que hay que conseguir es que no te lleven al impago. Por ahora, mis deudas est\u00e1n pagadas y mis activos superan a mis pasivos. Al final, como dice Sabina, se trata s\u00f3lo de poder dormir sin discutir con la almohada y eso tiene que ver con estar en paz contigo mismo. A veces lo consigo, a veces no, pero es el camino de una vida y el balance siempre es positivo. Soy feliz con todo lo que me ha pasado.","robots":{"index":"noindex","follow":"follow","max-snippet":"max-snippet:-1","max-image-preview":"max-image-preview:large","max-video-preview":"max-video-preview:-1"},"og_locale":"es_ES","og_type":"article","og_title":"Ra\u00fal Tej\u00f3n: \"Est\u00e1s muerto si olvidas qui\u00e9n eres y de d\u00f3nde vienes: yo soy un orgulloso chaval de extrarradio\" - vof-news.eu","og_description":"\"Dale un beso de mi parte\", me suelta Ra\u00fal Tej\u00f3n (Getafe, 1975) cuando le comento que voy a ver a Ana Obreg\u00f3n. Ante mi cara de sorpresa, me recuerda que trabaj\u00f3 en \u2018Ana y los 7\u2019 al principio de su carrera, como en \u2018Al salir de clase\u2019, en \u2018Compa\u00f1eros\u2019 o en tantas series de \u00e9xito en las que no logr\u00f3 consolidar el suyo. Pero no se rindi\u00f3 hasta que, ya pasados los 40, \u2018Machos alfa\u2019 le ha consolidado como uno de los actores del momento. Este verano protagoniza, junto a Paco Le\u00f3n, \u2018Uno equis dos\u2019 (estreno, el 8 de agosto), una comedia negra sobre las locuras que somos capaces de hacer por dinero. En la peli sois dos tipos en plena crisis de los 40, pero, sin \u00e1nimo de ofender, est\u00e1s ya m\u00e1s en la de los 50. [Risas] Adem\u00e1s yo las crisis las paso siempre por adelantado. Me pas\u00f3 con los 30, me pas\u00f3 con los 40 y creo que me pas\u00f3 tambi\u00e9n con los 50. Hace un par de a\u00f1os muri\u00f3 mi madre y ah\u00ed fue un momento en el que me volv\u00ed a replantear cosas y hacia d\u00f3nde iba mi vida. Las crisis me llegan antes de lo que se supone que me tienen que llegar. Est\u00e1s en tu mejor momento profesional, pero has remado mucho para llegar aqu\u00ed. \u00bfPensaste en tirar la toalla?Jam\u00e1s. Es que no s\u00e9 hacer otra cosa en la vida y creo que esto lo hago bien porque, m\u00e1s all\u00e1 de los resultados que pueden ser mejores o peores, no me cansa. El sitio donde m\u00e1s feliz estoy en el mundo es en un set de rodaje o en un teatro y siempre estoy pensando en historias que contar, en lo que me queda por expresar. Tanto mi familia, que es la que me llenaba la nevera cuando no hab\u00eda trabajo, como yo hemos remado mucho y hemos remado bien. No cambiar\u00eda nada.Te escuch\u00e9 una vez que viviste cabreado 20 a\u00f1os.M\u00e1s, m\u00e1s. Desde la adolescencia hasta casi los 40 estuve cabreado con todo menos con lo laboral, que no me ha cabreado nunca, ni cuando me iba mal o viv\u00eda injusticias como hacer un casting y que llamen a tu representante para decir que eres una maravilla, pero que no vas a pasar a la siguiente fase porque no eres lo suficientemente conocido. Sab\u00eda que ah\u00ed es donde ten\u00eda que estar y que ese director o directora dijera eso de mi actuaci\u00f3n para m\u00ed bastaba: \"Voy por el buen camino\". Pero todo lo dem\u00e1s\u2026 La vida enfada y hay que aprender a aceptar los obst\u00e1culos y, sobre todo, a curarnos las heridas desde el amor y recuperar el amor por nosotros mismos para poder seguir avanzando. \u00bfQu\u00e9 te enfadaba tanto?La vida es muy injusta, vivir duele mucho y cada uno se enfrenta a ella con lo que puede. No ca\u00ed en la depresi\u00f3n, pero me dio por la ira porque con ese impulso me sent\u00eda vivo. La frustraci\u00f3n me dominaba. Ten\u00eda de todo: una historia familiar complicada, el abandono de mi padre cuando era ni\u00f1o, haber nacido en el extrarradio de una ciudad como Madrid en una \u00e9poca tan jodida como los 80... Ahora todo el mundo habla de lo bonitos que eran los 80\u2026 \u00a1una mierda! Una d\u00e9cada con un problema enorme de drogas en la juventud de barrio y absolutamente hom\u00f3foba, sexista y patriarcal. No era el entorno ideal para crecer siendo homosexual.Claro. Si eras un chaval con cierta sensibilidad, te lo cercenaban y te lo afeaban. Si eres homosexual y toda una sociedad, como dec\u00eda J\u00e1uregui, te educa para la verg\u00fcenza, conseguir hacer de tu identidad una bandera es un acto de afirmaci\u00f3n, pero tambi\u00e9n es un acto pol\u00edtico y un acto de reivindicaci\u00f3n. Yo logr\u00e9 hacerlo, pero para llegar hasta ah\u00ed tuve que reconciliarme conmigo mismo y decir: \"Ah, que no era yo el que estaba confundido, eran los dem\u00e1s\". Me llev\u00f3 muchos a\u00f1os.\u00bfTe cansa la etiqueta de \"el actor gay\"?Me la tomo con humor. Si me dicen que no se me nota que soy gay, respondo que tampoco se te nota a ti que eres heterosexual. Si me preguntan si es dif\u00edcil para m\u00ed hacer un personaje tan machirulo como el de \u2018Machos alfa\u2019, respondo que si le hubieran preguntado lo mismo a Tom Hanks cuando hizo \u2018Philadelphia\u2019. Me lo tomo con humor y de manera un poco did\u00e1ctica. Diciendo amablemente: \"Se\u00f1ores, todos estos comentarios son pensamiento patriarcal y homofobia\". Hay que ir haci\u00e9ndolo as\u00ed, sin tom\u00e1rtelo como una afrenta. Es decir, sabemos el mundo en el que vivimos y las cartas con las que jugamos. En realidad, te has hartado a hacer machos muy machos y muy chungos.He hecho todos los hijos de puta del mundo, de asesinos a ped\u00f3filos. Y los cuerpos y fuerzas de seguridad del Estado tambi\u00e9n los tengo todos. Incluso vigilantes jurados. Como artista huyo del estereotipo o intento deconstruirlo. Por ejemplo, en \u2018Machos alfa\u2019 intento que el estereotipo se rompa y, de repente, veamos a este machirulo deshacerse. \u00bfC\u00f3mo llevas la repentina popularidad que te ha dado la serie?Muy bien, lo que llevaba mal era estar en el sof\u00e1 de mi casa esperando que me llamasen para trabajar. Acabo de salir de un sitio y hab\u00eda una cola de gente esperando para hacerse fotos, pues qu\u00e9 maravilla, \u00bfno? Ojal\u00e1 me hubiera pasado antes porque mejor me habr\u00eda ido.Ahora que entra dinero, \u00bfhas hecho alguna locura?Ninguna. Vivo en Getafe, en la misma casa en la que nac\u00ed y haciendo la misma vida en mi barrio con los mismos amigos. Este a\u00f1o soy embajador cultural de Getafe y voy a rodar una pel\u00edcula all\u00ed como director. No hago locuras. Tambi\u00e9n es verdad que la gente cree que ahora estoy ganando millones y millones y, se\u00f1ores, esto de ser actor no funciona as\u00ed. Hay una idea preconcebida muy falsa sobre cu\u00e1nto ganamos. \u2018Machos alfa\u2019 permite que yo trabaje cuatro meses fijos al a\u00f1o, pero luego sale lo que sale. Hay que ponerlo todo en contexto porque estoy muy lejos de estar forrado.Pero alg\u00fan lujo te podr\u00e1s dar.No tengo gustos excesivamente caros. Llevo una vida muy sencilla que me gusta y que es la que siempre he llevado. Tengo un coche chiquitito desde hace a\u00f1os y, ahora que me lo puedo permitir, en lo \u00fanico que gasto un poco m\u00e1s es en viajar, pero me da lo mismo ir a un hotel de s\u00faperlujo que hacer una ruta con la mochila. No me olvido de qui\u00e9n soy ni de d\u00f3nde vengo. Lo \u00fanico que nos hace diferentes en este mundo, como artistas, como periodistas o como lo que seamos, es qui\u00e9nes somos y qui\u00e9nes hemos sido hasta llegar a este punto y estamos muertos si lo olvidamos. Si abrazas lo que eres, lo llevas con orgullo y yo soy un orgulloso chaval normal de extrarradio. Mantengo una fuerte conciencia de clase.Es algo que est\u00e1 desapareciendo.Totalmente. Cuando hablas de conciencia de clase te llaman antiguo, pero es que si no peleamos por la justicia social da igual el resto. Lo contrario de la pobreza no es la riqueza, es la justicia social y eso es algo que ha olvidado incluso una parte de izquierda, pero yo, como chaval nacido en los 70, en el extrarradio de Madrid, no me puedo olvidar. Yo puedo salir de Getafe, pero me niego a que Getafe salga de m\u00ed porque es mi identidad. Entonces, \u00bfest\u00e1s preparando tu debut como director?S\u00ed, voy a dirigir mi \u00f3pera prima este verano y parte del rodaje ser\u00e1 en Getafe. Supongo que la noche antes de empezar no podr\u00e9 dormir, pero estoy bastante tranquilo por ahora. Llevo tanto tiempo en este negocio que algo s\u00e9 de c\u00f3mo va esto [risas]. \u00bfQu\u00e9 balance haces de todos estos a\u00f1os? Los balances nunca pueden ser negativos. En una vida y en una carrera siempre hay pasivo, pero en contabilidad las deudas tambi\u00e9n pertenecen a tu empresa y lo que hay que conseguir es que no te lleven al impago. Por ahora, mis deudas est\u00e1n pagadas y mis activos superan a mis pasivos. Al final, como dice Sabina, se trata s\u00f3lo de poder dormir sin discutir con la almohada y eso tiene que ver con estar en paz contigo mismo. A veces lo consigo, a veces no, pero es el camino de una vida y el balance siempre es positivo. Soy feliz con todo lo que me ha pasado.","og_url":"https:\/\/vof-news.eu\/es\/raul-tejon-estas-muerto-si-olvidas-quien-eres-y-de-donde-vienes-yo-soy-un-orgulloso-chaval-de-extrarradio\/","og_site_name":"vof-news.eu","article_published_time":"2025-07-02T20:19:44+00:00","article_modified_time":"2025-07-02T20:20:33+00:00","og_image":[{"width":1366,"height":911,"url":"https:\/\/vof-news.eu\/wp-content\/uploads\/2025\/07\/17509460674499.jpg","type":"image\/jpeg"}],"author":"Author","twitter_card":"summary_large_image","twitter_misc":{"Escrito por":"Author","Tiempo de lectura":"7 minutos"},"schema":{"@context":"https:\/\/schema.org","@graph":[{"@type":"WebPage","@id":"https:\/\/vof-news.eu\/es\/raul-tejon-estas-muerto-si-olvidas-quien-eres-y-de-donde-vienes-yo-soy-un-orgulloso-chaval-de-extrarradio\/","url":"https:\/\/vof-news.eu\/es\/raul-tejon-estas-muerto-si-olvidas-quien-eres-y-de-donde-vienes-yo-soy-un-orgulloso-chaval-de-extrarradio\/","name":"Ra\u00fal Tej\u00f3n: \"Est\u00e1s muerto si olvidas qui\u00e9n eres y de d\u00f3nde vienes: yo soy un orgulloso chaval de extrarradio\" - vof-news.eu","isPartOf":{"@id":"https:\/\/vof-news.eu\/es\/#website"},"primaryImageOfPage":{"@id":"https:\/\/vof-news.eu\/es\/raul-tejon-estas-muerto-si-olvidas-quien-eres-y-de-donde-vienes-yo-soy-un-orgulloso-chaval-de-extrarradio\/#primaryimage"},"image":{"@id":"https:\/\/vof-news.eu\/es\/raul-tejon-estas-muerto-si-olvidas-quien-eres-y-de-donde-vienes-yo-soy-un-orgulloso-chaval-de-extrarradio\/#primaryimage"},"thumbnailUrl":"https:\/\/vof-news.eu\/wp-content\/uploads\/2025\/07\/17509460674499.jpg","datePublished":"2025-07-02T20:19:44+00:00","dateModified":"2025-07-02T20:20:33+00:00","author":{"@id":"https:\/\/vof-news.eu\/es\/#\/schema\/person\/f6a2a4309f0561835797fd8c19b333ed"},"description":"\"Dale un beso de mi parte\", me suelta Ra\u00fal Tej\u00f3n (Getafe, 1975) cuando le comento que voy a ver a Ana Obreg\u00f3n. Ante mi cara de sorpresa, me recuerda que trabaj\u00f3 en \u2018Ana y los 7\u2019 al principio de su carrera, como en \u2018Al salir de clase\u2019, en \u2018Compa\u00f1eros\u2019 o en tantas series de \u00e9xito en las que no logr\u00f3 consolidar el suyo. Pero no se rindi\u00f3 hasta que, ya pasados los 40, \u2018Machos alfa\u2019 le ha consolidado como uno de los actores del momento. Este verano protagoniza, junto a Paco Le\u00f3n, \u2018Uno equis dos\u2019 (estreno, el 8 de agosto), una comedia negra sobre las locuras que somos capaces de hacer por dinero. En la peli sois dos tipos en plena crisis de los 40, pero, sin \u00e1nimo de ofender, est\u00e1s ya m\u00e1s en la de los 50. [Risas] Adem\u00e1s yo las crisis las paso siempre por adelantado. Me pas\u00f3 con los 30, me pas\u00f3 con los 40 y creo que me pas\u00f3 tambi\u00e9n con los 50. Hace un par de a\u00f1os muri\u00f3 mi madre y ah\u00ed fue un momento en el que me volv\u00ed a replantear cosas y hacia d\u00f3nde iba mi vida. Las crisis me llegan antes de lo que se supone que me tienen que llegar. Est\u00e1s en tu mejor momento profesional, pero has remado mucho para llegar aqu\u00ed. \u00bfPensaste en tirar la toalla?Jam\u00e1s. Es que no s\u00e9 hacer otra cosa en la vida y creo que esto lo hago bien porque, m\u00e1s all\u00e1 de los resultados que pueden ser mejores o peores, no me cansa. El sitio donde m\u00e1s feliz estoy en el mundo es en un set de rodaje o en un teatro y siempre estoy pensando en historias que contar, en lo que me queda por expresar. Tanto mi familia, que es la que me llenaba la nevera cuando no hab\u00eda trabajo, como yo hemos remado mucho y hemos remado bien. No cambiar\u00eda nada.Te escuch\u00e9 una vez que viviste cabreado 20 a\u00f1os.M\u00e1s, m\u00e1s. Desde la adolescencia hasta casi los 40 estuve cabreado con todo menos con lo laboral, que no me ha cabreado nunca, ni cuando me iba mal o viv\u00eda injusticias como hacer un casting y que llamen a tu representante para decir que eres una maravilla, pero que no vas a pasar a la siguiente fase porque no eres lo suficientemente conocido. Sab\u00eda que ah\u00ed es donde ten\u00eda que estar y que ese director o directora dijera eso de mi actuaci\u00f3n para m\u00ed bastaba: \"Voy por el buen camino\". Pero todo lo dem\u00e1s\u2026 La vida enfada y hay que aprender a aceptar los obst\u00e1culos y, sobre todo, a curarnos las heridas desde el amor y recuperar el amor por nosotros mismos para poder seguir avanzando. \u00bfQu\u00e9 te enfadaba tanto?La vida es muy injusta, vivir duele mucho y cada uno se enfrenta a ella con lo que puede. No ca\u00ed en la depresi\u00f3n, pero me dio por la ira porque con ese impulso me sent\u00eda vivo. La frustraci\u00f3n me dominaba. Ten\u00eda de todo: una historia familiar complicada, el abandono de mi padre cuando era ni\u00f1o, haber nacido en el extrarradio de una ciudad como Madrid en una \u00e9poca tan jodida como los 80... Ahora todo el mundo habla de lo bonitos que eran los 80\u2026 \u00a1una mierda! Una d\u00e9cada con un problema enorme de drogas en la juventud de barrio y absolutamente hom\u00f3foba, sexista y patriarcal. No era el entorno ideal para crecer siendo homosexual.Claro. Si eras un chaval con cierta sensibilidad, te lo cercenaban y te lo afeaban. Si eres homosexual y toda una sociedad, como dec\u00eda J\u00e1uregui, te educa para la verg\u00fcenza, conseguir hacer de tu identidad una bandera es un acto de afirmaci\u00f3n, pero tambi\u00e9n es un acto pol\u00edtico y un acto de reivindicaci\u00f3n. Yo logr\u00e9 hacerlo, pero para llegar hasta ah\u00ed tuve que reconciliarme conmigo mismo y decir: \"Ah, que no era yo el que estaba confundido, eran los dem\u00e1s\". Me llev\u00f3 muchos a\u00f1os.\u00bfTe cansa la etiqueta de \"el actor gay\"?Me la tomo con humor. Si me dicen que no se me nota que soy gay, respondo que tampoco se te nota a ti que eres heterosexual. Si me preguntan si es dif\u00edcil para m\u00ed hacer un personaje tan machirulo como el de \u2018Machos alfa\u2019, respondo que si le hubieran preguntado lo mismo a Tom Hanks cuando hizo \u2018Philadelphia\u2019. Me lo tomo con humor y de manera un poco did\u00e1ctica. Diciendo amablemente: \"Se\u00f1ores, todos estos comentarios son pensamiento patriarcal y homofobia\". Hay que ir haci\u00e9ndolo as\u00ed, sin tom\u00e1rtelo como una afrenta. Es decir, sabemos el mundo en el que vivimos y las cartas con las que jugamos. En realidad, te has hartado a hacer machos muy machos y muy chungos.He hecho todos los hijos de puta del mundo, de asesinos a ped\u00f3filos. Y los cuerpos y fuerzas de seguridad del Estado tambi\u00e9n los tengo todos. Incluso vigilantes jurados. Como artista huyo del estereotipo o intento deconstruirlo. Por ejemplo, en \u2018Machos alfa\u2019 intento que el estereotipo se rompa y, de repente, veamos a este machirulo deshacerse. \u00bfC\u00f3mo llevas la repentina popularidad que te ha dado la serie?Muy bien, lo que llevaba mal era estar en el sof\u00e1 de mi casa esperando que me llamasen para trabajar. Acabo de salir de un sitio y hab\u00eda una cola de gente esperando para hacerse fotos, pues qu\u00e9 maravilla, \u00bfno? Ojal\u00e1 me hubiera pasado antes porque mejor me habr\u00eda ido.Ahora que entra dinero, \u00bfhas hecho alguna locura?Ninguna. Vivo en Getafe, en la misma casa en la que nac\u00ed y haciendo la misma vida en mi barrio con los mismos amigos. Este a\u00f1o soy embajador cultural de Getafe y voy a rodar una pel\u00edcula all\u00ed como director. No hago locuras. Tambi\u00e9n es verdad que la gente cree que ahora estoy ganando millones y millones y, se\u00f1ores, esto de ser actor no funciona as\u00ed. Hay una idea preconcebida muy falsa sobre cu\u00e1nto ganamos. \u2018Machos alfa\u2019 permite que yo trabaje cuatro meses fijos al a\u00f1o, pero luego sale lo que sale. Hay que ponerlo todo en contexto porque estoy muy lejos de estar forrado.Pero alg\u00fan lujo te podr\u00e1s dar.No tengo gustos excesivamente caros. Llevo una vida muy sencilla que me gusta y que es la que siempre he llevado. Tengo un coche chiquitito desde hace a\u00f1os y, ahora que me lo puedo permitir, en lo \u00fanico que gasto un poco m\u00e1s es en viajar, pero me da lo mismo ir a un hotel de s\u00faperlujo que hacer una ruta con la mochila. No me olvido de qui\u00e9n soy ni de d\u00f3nde vengo. Lo \u00fanico que nos hace diferentes en este mundo, como artistas, como periodistas o como lo que seamos, es qui\u00e9nes somos y qui\u00e9nes hemos sido hasta llegar a este punto y estamos muertos si lo olvidamos. Si abrazas lo que eres, lo llevas con orgullo y yo soy un orgulloso chaval normal de extrarradio. Mantengo una fuerte conciencia de clase.Es algo que est\u00e1 desapareciendo.Totalmente. Cuando hablas de conciencia de clase te llaman antiguo, pero es que si no peleamos por la justicia social da igual el resto. Lo contrario de la pobreza no es la riqueza, es la justicia social y eso es algo que ha olvidado incluso una parte de izquierda, pero yo, como chaval nacido en los 70, en el extrarradio de Madrid, no me puedo olvidar. Yo puedo salir de Getafe, pero me niego a que Getafe salga de m\u00ed porque es mi identidad. Entonces, \u00bfest\u00e1s preparando tu debut como director?S\u00ed, voy a dirigir mi \u00f3pera prima este verano y parte del rodaje ser\u00e1 en Getafe. Supongo que la noche antes de empezar no podr\u00e9 dormir, pero estoy bastante tranquilo por ahora. Llevo tanto tiempo en este negocio que algo s\u00e9 de c\u00f3mo va esto [risas]. \u00bfQu\u00e9 balance haces de todos estos a\u00f1os? Los balances nunca pueden ser negativos. En una vida y en una carrera siempre hay pasivo, pero en contabilidad las deudas tambi\u00e9n pertenecen a tu empresa y lo que hay que conseguir es que no te lleven al impago. Por ahora, mis deudas est\u00e1n pagadas y mis activos superan a mis pasivos. Al final, como dice Sabina, se trata s\u00f3lo de poder dormir sin discutir con la almohada y eso tiene que ver con estar en paz contigo mismo. A veces lo consigo, a veces no, pero es el camino de una vida y el balance siempre es positivo. Soy feliz con todo lo que me ha pasado.","breadcrumb":{"@id":"https:\/\/vof-news.eu\/es\/raul-tejon-estas-muerto-si-olvidas-quien-eres-y-de-donde-vienes-yo-soy-un-orgulloso-chaval-de-extrarradio\/#breadcrumb"},"inLanguage":"es","potentialAction":[{"@type":"ReadAction","target":["https:\/\/vof-news.eu\/es\/raul-tejon-estas-muerto-si-olvidas-quien-eres-y-de-donde-vienes-yo-soy-un-orgulloso-chaval-de-extrarradio\/"]}]},{"@type":"ImageObject","inLanguage":"es","@id":"https:\/\/vof-news.eu\/es\/raul-tejon-estas-muerto-si-olvidas-quien-eres-y-de-donde-vienes-yo-soy-un-orgulloso-chaval-de-extrarradio\/#primaryimage","url":"https:\/\/vof-news.eu\/wp-content\/uploads\/2025\/07\/17509460674499.jpg","contentUrl":"https:\/\/vof-news.eu\/wp-content\/uploads\/2025\/07\/17509460674499.jpg","width":1366,"height":911},{"@type":"BreadcrumbList","@id":"https:\/\/vof-news.eu\/es\/raul-tejon-estas-muerto-si-olvidas-quien-eres-y-de-donde-vienes-yo-soy-un-orgulloso-chaval-de-extrarradio\/#breadcrumb","itemListElement":[{"@type":"ListItem","position":1,"name":"Home","item":"https:\/\/vof-news.eu\/es\/"},{"@type":"ListItem","position":2,"name":"Ra\u00fal Tej\u00f3n: &#8220;Est\u00e1s muerto si olvidas qui\u00e9n eres y de d\u00f3nde vienes: yo soy un orgulloso chaval de extrarradio&#8221;"}]},{"@type":"WebSite","@id":"https:\/\/vof-news.eu\/es\/#website","url":"https:\/\/vof-news.eu\/es\/","name":"vof-news.eu","description":"","potentialAction":[{"@type":"SearchAction","target":{"@type":"EntryPoint","urlTemplate":"https:\/\/vof-news.eu\/es\/?s={search_term_string}"},"query-input":"required name=search_term_string"}],"inLanguage":"es"},{"@type":"Person","@id":"https:\/\/vof-news.eu\/es\/#\/schema\/person\/f6a2a4309f0561835797fd8c19b333ed","name":"Author","image":{"@type":"ImageObject","inLanguage":"es","@id":"https:\/\/vof-news.eu\/es\/#\/schema\/person\/image\/","url":"https:\/\/secure.gravatar.com\/avatar\/b67e614b1b25b3e9c0c239efdd2fde5ab015b5affd6f1c3c85911ca4b384e790?s=96&d=mm&r=g","contentUrl":"https:\/\/secure.gravatar.com\/avatar\/b67e614b1b25b3e9c0c239efdd2fde5ab015b5affd6f1c3c85911ca4b384e790?s=96&d=mm&r=g","caption":"Author"},"sameAs":["http:\/\/vof-news.eu"],"url":"https:\/\/vof-news.eu\/es\/author\/zwt6qxnjulxbnyg\/"}]}},"yoast_meta":{"yoast_wpseo_title":"","yoast_wpseo_metadesc":"","yoast_wpseo_canonical":""},"_links":{"self":[{"href":"https:\/\/vof-news.eu\/es\/wp-json\/wp\/v2\/posts\/245789","targetHints":{"allow":["GET"]}}],"collection":[{"href":"https:\/\/vof-news.eu\/es\/wp-json\/wp\/v2\/posts"}],"about":[{"href":"https:\/\/vof-news.eu\/es\/wp-json\/wp\/v2\/types\/post"}],"author":[{"embeddable":true,"href":"https:\/\/vof-news.eu\/es\/wp-json\/wp\/v2\/users\/1"}],"replies":[{"embeddable":true,"href":"https:\/\/vof-news.eu\/es\/wp-json\/wp\/v2\/comments?post=245789"}],"version-history":[{"count":1,"href":"https:\/\/vof-news.eu\/es\/wp-json\/wp\/v2\/posts\/245789\/revisions"}],"predecessor-version":[{"id":245796,"href":"https:\/\/vof-news.eu\/es\/wp-json\/wp\/v2\/posts\/245789\/revisions\/245796"}],"wp:featuredmedia":[{"embeddable":true,"href":"https:\/\/vof-news.eu\/es\/wp-json\/wp\/v2\/media\/245790"}],"wp:attachment":[{"href":"https:\/\/vof-news.eu\/es\/wp-json\/wp\/v2\/media?parent=245789"}],"wp:term":[{"taxonomy":"category","embeddable":true,"href":"https:\/\/vof-news.eu\/es\/wp-json\/wp\/v2\/categories?post=245789"},{"taxonomy":"post_tag","embeddable":true,"href":"https:\/\/vof-news.eu\/es\/wp-json\/wp\/v2\/tags?post=245789"}],"curies":[{"name":"wp","href":"https:\/\/api.w.org\/{rel}","templated":true}]}}