{"id":245713,"date":"2025-07-02T21:17:13","date_gmt":"2025-07-02T18:17:13","guid":{"rendered":"https:\/\/vof-news.eu\/espana-y-otros-trece-paises-se-revuelven-contra-el-plan-de-bruselas-de-centralizar-los-fondos-de-cohesion-para-las-regiones\/"},"modified":"2025-07-02T21:17:28","modified_gmt":"2025-07-02T18:17:28","slug":"espana-y-otros-trece-paises-se-revuelven-contra-el-plan-de-bruselas-de-centralizar-los-fondos-de-cohesion-para-las-regiones","status":"publish","type":"post","link":"https:\/\/vof-news.eu\/es\/espana-y-otros-trece-paises-se-revuelven-contra-el-plan-de-bruselas-de-centralizar-los-fondos-de-cohesion-para-las-regiones\/","title":{"rendered":"Espa\u00f1a y otros trece pa\u00edses se revuelven contra el plan de Bruselas de centralizar los fondos de cohesi\u00f3n para las regiones"},"content":{"rendered":"<div>\n<p>\n        Espa\u00f1a y otros trece pa\u00edses de la UE elevan la presi\u00f3n para evitar la tentaci\u00f3n de la Comisi\u00f3n Europea de cambiar la f\u00f3rmula con la que financia la cohesi\u00f3n europea. A las puertas de la presentaci\u00f3n del pr\u00f3ximo presupuesto europeo, los 14 pa\u00edses han circulado un documento &#8211; en la jerga comunitaria- en el que apuestan por \u201cun presupuesto diferenciado y s\u00f3lido y una metodolog\u00eda de asignaci\u00f3n regional que refleje los diferentes niveles de desarrollo de las regiones\u201d ante la posibilidad de que el gobierno comunitario centralice la entrega de los fondos a trav\u00e9s de las capitales.\n    <\/p>\n<p>\n        En la preparaci\u00f3n del Marco Financiero Plurianual (MFP) para el periodo 2028-2034, la Comisi\u00f3n Europea plante\u00f3 la posibilidad de gestionar los fondos de cohesi\u00f3n con los que la UE trata de generar una cierta igualdad entre las regiones con un modelo similar al que se emple\u00f3 con los Next Generation de la pandemia. Esa f\u00f3rmula supondr\u00eda que fueran los estados miembros los que reciban el dinero de Bruselas y sean los gobiernos los que decidan c\u00f3mo distribuir el dinero, que en el periodo 2021-2027 ascendi\u00f3 a 42.556 millones de euros.\n    <\/p>\n<p>\n        \u201cReafirmamos nuestra opini\u00f3n com\u00fan de que solo un presupuesto distinto y s\u00f3lido y una metodolog\u00eda de asignaci\u00f3n basada en las regiones, que refleje los diferentes niveles de desarrollo de las regiones, junto con una legislaci\u00f3n espec\u00edfica e independiente en materia de pol\u00edtica de cohesi\u00f3n, pueden garantizar que el pr\u00f3ximo MFP aporte unidad, competitividad y convergencia a largo plazo en todas las regiones de la UE\u201d, se\u00f1ala el documento, que firman esos 14 pa\u00edses y que persigue evitar que la propuesta de presupuesto que presentar\u00e1 la Comisi\u00f3n Europea el pr\u00f3ximo 16 de julio recoja finalmente la centralizaci\u00f3n.\n    <\/p>\n<p>\n        Adem\u00e1s de Espa\u00f1a, secundan el documento Bulgaria, Rep\u00fablica Checa, Grecia, Croacia, Hungr\u00eda, Italia, Letonia, Lituania, Polonia, Portugal, Ruman\u00eda, Eslovenia y Eslovaquia, que son los principales receptores de fondos de cohesi\u00f3n.\n    <\/p>\n<p>\n        Las comunidades y entidades locales tambi\u00e9n est\u00e1n en pie de guerra. 149 regiones de 20 estados miembros, entre ellas las 17 comunidades aut\u00f3nomas espa\u00f1olas, se han revuelto contra esa opci\u00f3n tambi\u00e9n. \u201cEstamos en el coraz\u00f3n de Europa, y hemos demostrado ser los m\u00e1s eficientes a la hora de invertir los recursos de la UE de forma eficaz y selectiva, haciendo avanzar el proyecto de integraci\u00f3n europea\u201d, se\u00f1alan en una carta enviada a la presidenta de la Comisi\u00f3n Europea, Ursula von der Leyen; el vicepresidente de Cohesi\u00f3n, Raffaele Fitto; la vicepresidenta Roxana Minzatu, y el comisario encargado del presupuesto, Piotr Serafin.\n    <\/p>\n<p>\n        En la misiva recogen, adem\u00e1s, una advertencia sobre el auge de las fuerzas ultraderechistas y euroesc\u00e9pticas: \u201cLos resultados de las elecciones europeas del a\u00f1o pasado revelaron una creciente falta de confianza en la integraci\u00f3n europea. \u201dLa pol\u00edtica de cohesi\u00f3n es el principal v\u00ednculo entre los europeos y la UE. La pol\u00edtica de cohesi\u00f3n no es s\u00f3lo el fundamento de la integraci\u00f3n europea, sino tambi\u00e9n la base de la resiliencia econ\u00f3mica, social y territorial de la Uni\u00f3n Europea.  Reforzar la pol\u00edtica regional es un requisito previo para el funcionamiento eficaz del mercado \u00fanico de la UE\u201c, agregan.\n    <\/p>\n<p>\n         As\u00ed, reclaman \u201cun reglamento espec\u00edfico para todos los diferentes instrumentos dedicados a la pol\u00edtica de cohesi\u00f3n, que garantice y respete sus principios fundamentales, a saber, un enfoque territorial, basado en el lugar, la asociaci\u00f3n y la subsidiariedad\u201d. \u201cEs necesario otorgar a las regiones europeas un papel primordial en el proceso de programaci\u00f3n y aplicaci\u00f3n, mediante una gesti\u00f3n compartida y una gobernanza multinivel, que garantice la negociaci\u00f3n directa entre las regiones y la Comisi\u00f3n Europea\u201d, se\u00f1alan.\n    <\/p>\n<p>\n        Igualmente, demandan \u201cun presupuesto espec\u00edfico para la pol\u00edtica de cohesi\u00f3n y la definici\u00f3n, a nivel de la UE, de asignaciones regionales indicativas de recursos basadas en la actual metodolog\u00eda consolidada que tiene en cuenta indicadores sociales y econ\u00f3micos\u201d.\n    <\/p>\n<\/div>\n","protected":false},"excerpt":{"rendered":"<p>Espa\u00f1a y otros trece pa\u00edses de la UE elevan la presi\u00f3n para evitar la tentaci\u00f3n de la Comisi\u00f3n Europea de cambiar la f\u00f3rmula con la que financia la cohesi\u00f3n europea. A las puertas de la presentaci\u00f3n del pr\u00f3ximo presupuesto europeo, los 14 pa\u00edses han circulado un documento &#8211; en la jerga comunitaria- en el que<\/p>\n","protected":false},"author":1,"featured_media":245714,"comment_status":"open","ping_status":"open","sticky":false,"template":"","format":"standard","meta":{"footnotes":""},"categories":[61],"tags":[],"class_list":["post-245713","post","type-post","status-publish","format-standard","has-post-thumbnail","hentry","category-business-es"],"acf":[],"yoast_head":"<!-- This site is optimized with the Yoast SEO plugin v22.9 - https:\/\/yoast.com\/wordpress\/plugins\/seo\/ -->\n<title>Espa\u00f1a y otros trece pa\u00edses se revuelven contra el plan de Bruselas de centralizar los fondos de cohesi\u00f3n para las regiones - vof-news.eu<\/title>\n<meta name=\"description\" content=\"Espa\u00f1a y otros trece pa\u00edses de la UE elevan la presi\u00f3n para evitar la tentaci\u00f3n de la Comisi\u00f3n Europea de cambiar la f\u00f3rmula con la que financia la cohesi\u00f3n europea. A las puertas de la presentaci\u00f3n del pr\u00f3ximo presupuesto europeo, los 14 pa\u00edses han circulado un documento - en la jerga comunitaria- en el que apuestan por \u201cun presupuesto diferenciado y s\u00f3lido y una metodolog\u00eda de asignaci\u00f3n regional que refleje los diferentes niveles de desarrollo de las regiones\u201d ante la posibilidad de que el gobierno comunitario centralice la entrega de los fondos a trav\u00e9s de las capitales.\" \/>\n<meta name=\"robots\" content=\"noindex, follow, max-snippet:-1, max-image-preview:large, max-video-preview:-1\" \/>\n<meta property=\"og:locale\" content=\"es_ES\" \/>\n<meta property=\"og:type\" content=\"article\" \/>\n<meta property=\"og:title\" content=\"Espa\u00f1a y otros trece pa\u00edses se revuelven contra el plan de Bruselas de centralizar los fondos de cohesi\u00f3n para las regiones - vof-news.eu\" \/>\n<meta property=\"og:description\" content=\"Espa\u00f1a y otros trece pa\u00edses de la UE elevan la presi\u00f3n para evitar la tentaci\u00f3n de la Comisi\u00f3n Europea de cambiar la f\u00f3rmula con la que financia la cohesi\u00f3n europea. A las puertas de la presentaci\u00f3n del pr\u00f3ximo presupuesto europeo, los 14 pa\u00edses han circulado un documento - en la jerga comunitaria- en el que apuestan por \u201cun presupuesto diferenciado y s\u00f3lido y una metodolog\u00eda de asignaci\u00f3n regional que refleje los diferentes niveles de desarrollo de las regiones\u201d ante la posibilidad de que el gobierno comunitario centralice la entrega de los fondos a trav\u00e9s de las capitales.\" \/>\n<meta property=\"og:url\" content=\"https:\/\/vof-news.eu\/es\/espana-y-otros-trece-paises-se-revuelven-contra-el-plan-de-bruselas-de-centralizar-los-fondos-de-cohesion-para-las-regiones\/\" \/>\n<meta property=\"og:site_name\" content=\"vof-news.eu\" \/>\n<meta property=\"article:published_time\" content=\"2025-07-02T18:17:13+00:00\" \/>\n<meta property=\"article:modified_time\" content=\"2025-07-02T18:17:28+00:00\" \/>\n<meta property=\"og:image\" content=\"https:\/\/vof-news.eu\/wp-content\/uploads\/2025\/07\/eac47b1d-63e4-4ccb-bfdc-3a4d6715ef6a_16-9-discover-aspect-ratio_default_0.jpg\" \/>\n\t<meta property=\"og:image:width\" content=\"1200\" \/>\n\t<meta property=\"og:image:height\" content=\"675\" \/>\n\t<meta property=\"og:image:type\" content=\"image\/jpeg\" \/>\n<meta name=\"author\" content=\"Author\" \/>\n<meta name=\"twitter:card\" content=\"summary_large_image\" \/>\n<meta name=\"twitter:label1\" content=\"Escrito por\" \/>\n\t<meta name=\"twitter:data1\" content=\"Author\" \/>\n\t<meta name=\"twitter:label2\" content=\"Tiempo de lectura\" \/>\n\t<meta name=\"twitter:data2\" content=\"3 minutos\" \/>\n<script type=\"application\/ld+json\" class=\"yoast-schema-graph\">{\"@context\":\"https:\/\/schema.org\",\"@graph\":[{\"@type\":\"WebPage\",\"@id\":\"https:\/\/vof-news.eu\/es\/espana-y-otros-trece-paises-se-revuelven-contra-el-plan-de-bruselas-de-centralizar-los-fondos-de-cohesion-para-las-regiones\/\",\"url\":\"https:\/\/vof-news.eu\/es\/espana-y-otros-trece-paises-se-revuelven-contra-el-plan-de-bruselas-de-centralizar-los-fondos-de-cohesion-para-las-regiones\/\",\"name\":\"Espa\u00f1a y otros trece pa\u00edses se revuelven contra el plan de Bruselas de centralizar los fondos de cohesi\u00f3n para las regiones - vof-news.eu\",\"isPartOf\":{\"@id\":\"https:\/\/vof-news.eu\/es\/#website\"},\"primaryImageOfPage\":{\"@id\":\"https:\/\/vof-news.eu\/es\/espana-y-otros-trece-paises-se-revuelven-contra-el-plan-de-bruselas-de-centralizar-los-fondos-de-cohesion-para-las-regiones\/#primaryimage\"},\"image\":{\"@id\":\"https:\/\/vof-news.eu\/es\/espana-y-otros-trece-paises-se-revuelven-contra-el-plan-de-bruselas-de-centralizar-los-fondos-de-cohesion-para-las-regiones\/#primaryimage\"},\"thumbnailUrl\":\"https:\/\/vof-news.eu\/wp-content\/uploads\/2025\/07\/eac47b1d-63e4-4ccb-bfdc-3a4d6715ef6a_16-9-discover-aspect-ratio_default_0.jpg\",\"datePublished\":\"2025-07-02T18:17:13+00:00\",\"dateModified\":\"2025-07-02T18:17:28+00:00\",\"author\":{\"@id\":\"https:\/\/vof-news.eu\/es\/#\/schema\/person\/f6a2a4309f0561835797fd8c19b333ed\"},\"description\":\"Espa\u00f1a y otros trece pa\u00edses de la UE elevan la presi\u00f3n para evitar la tentaci\u00f3n de la Comisi\u00f3n Europea de cambiar la f\u00f3rmula con la que financia la cohesi\u00f3n europea. A las puertas de la presentaci\u00f3n del pr\u00f3ximo presupuesto europeo, los 14 pa\u00edses han circulado un documento - en la jerga comunitaria- en el que apuestan por \u201cun presupuesto diferenciado y s\u00f3lido y una metodolog\u00eda de asignaci\u00f3n regional que refleje los diferentes niveles de desarrollo de las regiones\u201d ante la posibilidad de que el gobierno comunitario centralice la entrega de los fondos a trav\u00e9s de las capitales.\",\"breadcrumb\":{\"@id\":\"https:\/\/vof-news.eu\/es\/espana-y-otros-trece-paises-se-revuelven-contra-el-plan-de-bruselas-de-centralizar-los-fondos-de-cohesion-para-las-regiones\/#breadcrumb\"},\"inLanguage\":\"es\",\"potentialAction\":[{\"@type\":\"ReadAction\",\"target\":[\"https:\/\/vof-news.eu\/es\/espana-y-otros-trece-paises-se-revuelven-contra-el-plan-de-bruselas-de-centralizar-los-fondos-de-cohesion-para-las-regiones\/\"]}]},{\"@type\":\"ImageObject\",\"inLanguage\":\"es\",\"@id\":\"https:\/\/vof-news.eu\/es\/espana-y-otros-trece-paises-se-revuelven-contra-el-plan-de-bruselas-de-centralizar-los-fondos-de-cohesion-para-las-regiones\/#primaryimage\",\"url\":\"https:\/\/vof-news.eu\/wp-content\/uploads\/2025\/07\/eac47b1d-63e4-4ccb-bfdc-3a4d6715ef6a_16-9-discover-aspect-ratio_default_0.jpg\",\"contentUrl\":\"https:\/\/vof-news.eu\/wp-content\/uploads\/2025\/07\/eac47b1d-63e4-4ccb-bfdc-3a4d6715ef6a_16-9-discover-aspect-ratio_default_0.jpg\",\"width\":1200,\"height\":675},{\"@type\":\"BreadcrumbList\",\"@id\":\"https:\/\/vof-news.eu\/es\/espana-y-otros-trece-paises-se-revuelven-contra-el-plan-de-bruselas-de-centralizar-los-fondos-de-cohesion-para-las-regiones\/#breadcrumb\",\"itemListElement\":[{\"@type\":\"ListItem\",\"position\":1,\"name\":\"Home\",\"item\":\"https:\/\/vof-news.eu\/es\/\"},{\"@type\":\"ListItem\",\"position\":2,\"name\":\"Espa\u00f1a y otros trece pa\u00edses se revuelven contra el plan de Bruselas de centralizar los fondos de cohesi\u00f3n para las regiones\"}]},{\"@type\":\"WebSite\",\"@id\":\"https:\/\/vof-news.eu\/es\/#website\",\"url\":\"https:\/\/vof-news.eu\/es\/\",\"name\":\"vof-news.eu\",\"description\":\"\",\"potentialAction\":[{\"@type\":\"SearchAction\",\"target\":{\"@type\":\"EntryPoint\",\"urlTemplate\":\"https:\/\/vof-news.eu\/es\/?s={search_term_string}\"},\"query-input\":\"required name=search_term_string\"}],\"inLanguage\":\"es\"},{\"@type\":\"Person\",\"@id\":\"https:\/\/vof-news.eu\/es\/#\/schema\/person\/f6a2a4309f0561835797fd8c19b333ed\",\"name\":\"Author\",\"image\":{\"@type\":\"ImageObject\",\"inLanguage\":\"es\",\"@id\":\"https:\/\/vof-news.eu\/es\/#\/schema\/person\/image\/\",\"url\":\"https:\/\/secure.gravatar.com\/avatar\/b67e614b1b25b3e9c0c239efdd2fde5ab015b5affd6f1c3c85911ca4b384e790?s=96&d=mm&r=g\",\"contentUrl\":\"https:\/\/secure.gravatar.com\/avatar\/b67e614b1b25b3e9c0c239efdd2fde5ab015b5affd6f1c3c85911ca4b384e790?s=96&d=mm&r=g\",\"caption\":\"Author\"},\"sameAs\":[\"http:\/\/vof-news.eu\"],\"url\":\"https:\/\/vof-news.eu\/es\/author\/zwt6qxnjulxbnyg\/\"}]}<\/script>\n<!-- \/ Yoast SEO plugin. -->","yoast_head_json":{"title":"Espa\u00f1a y otros trece pa\u00edses se revuelven contra el plan de Bruselas de centralizar los fondos de cohesi\u00f3n para las regiones - vof-news.eu","description":"Espa\u00f1a y otros trece pa\u00edses de la UE elevan la presi\u00f3n para evitar la tentaci\u00f3n de la Comisi\u00f3n Europea de cambiar la f\u00f3rmula con la que financia la cohesi\u00f3n europea. A las puertas de la presentaci\u00f3n del pr\u00f3ximo presupuesto europeo, los 14 pa\u00edses han circulado un documento - en la jerga comunitaria- en el que apuestan por \u201cun presupuesto diferenciado y s\u00f3lido y una metodolog\u00eda de asignaci\u00f3n regional que refleje los diferentes niveles de desarrollo de las regiones\u201d ante la posibilidad de que el gobierno comunitario centralice la entrega de los fondos a trav\u00e9s de las capitales.","robots":{"index":"noindex","follow":"follow","max-snippet":"max-snippet:-1","max-image-preview":"max-image-preview:large","max-video-preview":"max-video-preview:-1"},"og_locale":"es_ES","og_type":"article","og_title":"Espa\u00f1a y otros trece pa\u00edses se revuelven contra el plan de Bruselas de centralizar los fondos de cohesi\u00f3n para las regiones - vof-news.eu","og_description":"Espa\u00f1a y otros trece pa\u00edses de la UE elevan la presi\u00f3n para evitar la tentaci\u00f3n de la Comisi\u00f3n Europea de cambiar la f\u00f3rmula con la que financia la cohesi\u00f3n europea. A las puertas de la presentaci\u00f3n del pr\u00f3ximo presupuesto europeo, los 14 pa\u00edses han circulado un documento - en la jerga comunitaria- en el que apuestan por \u201cun presupuesto diferenciado y s\u00f3lido y una metodolog\u00eda de asignaci\u00f3n regional que refleje los diferentes niveles de desarrollo de las regiones\u201d ante la posibilidad de que el gobierno comunitario centralice la entrega de los fondos a trav\u00e9s de las capitales.","og_url":"https:\/\/vof-news.eu\/es\/espana-y-otros-trece-paises-se-revuelven-contra-el-plan-de-bruselas-de-centralizar-los-fondos-de-cohesion-para-las-regiones\/","og_site_name":"vof-news.eu","article_published_time":"2025-07-02T18:17:13+00:00","article_modified_time":"2025-07-02T18:17:28+00:00","og_image":[{"width":1200,"height":675,"url":"https:\/\/vof-news.eu\/wp-content\/uploads\/2025\/07\/eac47b1d-63e4-4ccb-bfdc-3a4d6715ef6a_16-9-discover-aspect-ratio_default_0.jpg","type":"image\/jpeg"}],"author":"Author","twitter_card":"summary_large_image","twitter_misc":{"Escrito por":"Author","Tiempo de lectura":"3 minutos"},"schema":{"@context":"https:\/\/schema.org","@graph":[{"@type":"WebPage","@id":"https:\/\/vof-news.eu\/es\/espana-y-otros-trece-paises-se-revuelven-contra-el-plan-de-bruselas-de-centralizar-los-fondos-de-cohesion-para-las-regiones\/","url":"https:\/\/vof-news.eu\/es\/espana-y-otros-trece-paises-se-revuelven-contra-el-plan-de-bruselas-de-centralizar-los-fondos-de-cohesion-para-las-regiones\/","name":"Espa\u00f1a y otros trece pa\u00edses se revuelven contra el plan de Bruselas de centralizar los fondos de cohesi\u00f3n para las regiones - vof-news.eu","isPartOf":{"@id":"https:\/\/vof-news.eu\/es\/#website"},"primaryImageOfPage":{"@id":"https:\/\/vof-news.eu\/es\/espana-y-otros-trece-paises-se-revuelven-contra-el-plan-de-bruselas-de-centralizar-los-fondos-de-cohesion-para-las-regiones\/#primaryimage"},"image":{"@id":"https:\/\/vof-news.eu\/es\/espana-y-otros-trece-paises-se-revuelven-contra-el-plan-de-bruselas-de-centralizar-los-fondos-de-cohesion-para-las-regiones\/#primaryimage"},"thumbnailUrl":"https:\/\/vof-news.eu\/wp-content\/uploads\/2025\/07\/eac47b1d-63e4-4ccb-bfdc-3a4d6715ef6a_16-9-discover-aspect-ratio_default_0.jpg","datePublished":"2025-07-02T18:17:13+00:00","dateModified":"2025-07-02T18:17:28+00:00","author":{"@id":"https:\/\/vof-news.eu\/es\/#\/schema\/person\/f6a2a4309f0561835797fd8c19b333ed"},"description":"Espa\u00f1a y otros trece pa\u00edses de la UE elevan la presi\u00f3n para evitar la tentaci\u00f3n de la Comisi\u00f3n Europea de cambiar la f\u00f3rmula con la que financia la cohesi\u00f3n europea. A las puertas de la presentaci\u00f3n del pr\u00f3ximo presupuesto europeo, los 14 pa\u00edses han circulado un documento - en la jerga comunitaria- en el que apuestan por \u201cun presupuesto diferenciado y s\u00f3lido y una metodolog\u00eda de asignaci\u00f3n regional que refleje los diferentes niveles de desarrollo de las regiones\u201d ante la posibilidad de que el gobierno comunitario centralice la entrega de los fondos a trav\u00e9s de las capitales.","breadcrumb":{"@id":"https:\/\/vof-news.eu\/es\/espana-y-otros-trece-paises-se-revuelven-contra-el-plan-de-bruselas-de-centralizar-los-fondos-de-cohesion-para-las-regiones\/#breadcrumb"},"inLanguage":"es","potentialAction":[{"@type":"ReadAction","target":["https:\/\/vof-news.eu\/es\/espana-y-otros-trece-paises-se-revuelven-contra-el-plan-de-bruselas-de-centralizar-los-fondos-de-cohesion-para-las-regiones\/"]}]},{"@type":"ImageObject","inLanguage":"es","@id":"https:\/\/vof-news.eu\/es\/espana-y-otros-trece-paises-se-revuelven-contra-el-plan-de-bruselas-de-centralizar-los-fondos-de-cohesion-para-las-regiones\/#primaryimage","url":"https:\/\/vof-news.eu\/wp-content\/uploads\/2025\/07\/eac47b1d-63e4-4ccb-bfdc-3a4d6715ef6a_16-9-discover-aspect-ratio_default_0.jpg","contentUrl":"https:\/\/vof-news.eu\/wp-content\/uploads\/2025\/07\/eac47b1d-63e4-4ccb-bfdc-3a4d6715ef6a_16-9-discover-aspect-ratio_default_0.jpg","width":1200,"height":675},{"@type":"BreadcrumbList","@id":"https:\/\/vof-news.eu\/es\/espana-y-otros-trece-paises-se-revuelven-contra-el-plan-de-bruselas-de-centralizar-los-fondos-de-cohesion-para-las-regiones\/#breadcrumb","itemListElement":[{"@type":"ListItem","position":1,"name":"Home","item":"https:\/\/vof-news.eu\/es\/"},{"@type":"ListItem","position":2,"name":"Espa\u00f1a y otros trece pa\u00edses se revuelven contra el plan de Bruselas de centralizar los fondos de cohesi\u00f3n para las regiones"}]},{"@type":"WebSite","@id":"https:\/\/vof-news.eu\/es\/#website","url":"https:\/\/vof-news.eu\/es\/","name":"vof-news.eu","description":"","potentialAction":[{"@type":"SearchAction","target":{"@type":"EntryPoint","urlTemplate":"https:\/\/vof-news.eu\/es\/?s={search_term_string}"},"query-input":"required name=search_term_string"}],"inLanguage":"es"},{"@type":"Person","@id":"https:\/\/vof-news.eu\/es\/#\/schema\/person\/f6a2a4309f0561835797fd8c19b333ed","name":"Author","image":{"@type":"ImageObject","inLanguage":"es","@id":"https:\/\/vof-news.eu\/es\/#\/schema\/person\/image\/","url":"https:\/\/secure.gravatar.com\/avatar\/b67e614b1b25b3e9c0c239efdd2fde5ab015b5affd6f1c3c85911ca4b384e790?s=96&d=mm&r=g","contentUrl":"https:\/\/secure.gravatar.com\/avatar\/b67e614b1b25b3e9c0c239efdd2fde5ab015b5affd6f1c3c85911ca4b384e790?s=96&d=mm&r=g","caption":"Author"},"sameAs":["http:\/\/vof-news.eu"],"url":"https:\/\/vof-news.eu\/es\/author\/zwt6qxnjulxbnyg\/"}]}},"yoast_meta":{"yoast_wpseo_title":"","yoast_wpseo_metadesc":"","yoast_wpseo_canonical":""},"_links":{"self":[{"href":"https:\/\/vof-news.eu\/es\/wp-json\/wp\/v2\/posts\/245713","targetHints":{"allow":["GET"]}}],"collection":[{"href":"https:\/\/vof-news.eu\/es\/wp-json\/wp\/v2\/posts"}],"about":[{"href":"https:\/\/vof-news.eu\/es\/wp-json\/wp\/v2\/types\/post"}],"author":[{"embeddable":true,"href":"https:\/\/vof-news.eu\/es\/wp-json\/wp\/v2\/users\/1"}],"replies":[{"embeddable":true,"href":"https:\/\/vof-news.eu\/es\/wp-json\/wp\/v2\/comments?post=245713"}],"version-history":[{"count":1,"href":"https:\/\/vof-news.eu\/es\/wp-json\/wp\/v2\/posts\/245713\/revisions"}],"predecessor-version":[{"id":245720,"href":"https:\/\/vof-news.eu\/es\/wp-json\/wp\/v2\/posts\/245713\/revisions\/245720"}],"wp:featuredmedia":[{"embeddable":true,"href":"https:\/\/vof-news.eu\/es\/wp-json\/wp\/v2\/media\/245714"}],"wp:attachment":[{"href":"https:\/\/vof-news.eu\/es\/wp-json\/wp\/v2\/media?parent=245713"}],"wp:term":[{"taxonomy":"category","embeddable":true,"href":"https:\/\/vof-news.eu\/es\/wp-json\/wp\/v2\/categories?post=245713"},{"taxonomy":"post_tag","embeddable":true,"href":"https:\/\/vof-news.eu\/es\/wp-json\/wp\/v2\/tags?post=245713"}],"curies":[{"name":"wp","href":"https:\/\/api.w.org\/{rel}","templated":true}]}}