{"id":245549,"date":"2025-07-02T17:19:12","date_gmt":"2025-07-02T14:19:12","guid":{"rendered":"https:\/\/vof-news.eu\/el-real-madrid-despide-a-chus-mateo-despues-de-seis-titulos-en-tres-temporadas\/"},"modified":"2025-07-02T17:19:42","modified_gmt":"2025-07-02T14:19:42","slug":"el-real-madrid-despide-a-chus-mateo-despues-de-seis-titulos-en-tres-temporadas","status":"publish","type":"post","link":"https:\/\/vof-news.eu\/es\/el-real-madrid-despide-a-chus-mateo-despues-de-seis-titulos-en-tres-temporadas\/","title":{"rendered":"El Real Madrid despide a Chus Mateo despu\u00e9s de seis t\u00edtulos en tres temporadas"},"content":{"rendered":"<div>\n<p><strong>Chus Mateo<\/strong> aterriz\u00f3 en el banquillo del Real Madrid hace tres veranos en mitad de una desagradable batalla por la salida <strong>Pablo Laso<\/strong>, del que era asistente -y al que sustituy\u00f3 en mitad de la semifinal ACB a causa del problema cardiaco del vitoriano, que ya no volver\u00eda-, y se va tambi\u00e9n de forma extra\u00f1a apenas unos d\u00edas despu\u00e9s de conquistar de forma rotunda la Liga Endesa, el que era su sexto t\u00edtulo en el trayecto.<\/p>\n<p>A falta de hacerse oficial, el club ya le ha comunicado su adi\u00f3s, aunque ya en la misma noche del t\u00edtulo en La Fonteta se dispararon todos los rumores. Todav\u00eda en caliente por la victoria ante el Valencia Basket, el t\u00e9cnico se reivindicaba a s\u00ed mismo y manifestaba su deseo de continuar y cumplir con el a\u00f1o de contrato que le restaba: \u00ab<strong>Voy a seguir. \u00bfPor qu\u00e9 no? Tengo contrato, me siento con ganas y con ilusi\u00f3n.<\/strong> Estoy convencido de que formar\u00e9 parte del proyecto el a\u00f1o que viene\u00bb.<\/p>\n<p>No ha sido as\u00ed. En el mismo vestuario <strong>Mario Hezonja<\/strong> calific\u00f3 \u00abde a\u00f1o de mierda\u00bb el curso 2024\/2025 del Madrid, en el que perdi\u00f3 la final de Copa y no se clasific\u00f3 para la Final Four de la Euroliga. Y ya parec\u00eda el futuro del t\u00e9cnico sentenciado.<\/p>\n<p>El futuro del Real Madrid pasa ahora por Sergio Scariolo, que firmar\u00e1 por las pr\u00f3ximas tres temporadas y dejar\u00e1 la selecci\u00f3n espa\u00f1ola despu\u00e9s del Eurobasket, como ha confirmado este mi\u00e9rcoles durante el anuncio de la lista de convocados. A falta de cerrar los detalles y anunciarlo oficialmente, el italiano vuelve al Real Madrid 23 a\u00f1os despu\u00e9s.<\/p>\n<p>Chus Mateo, que ya trabajo en la cantera del Real Madrid de 1991 a 1999, llevaba en el club desde julio de 2014, cuando fue fichado como ayudante de Laso. En sus tres temporadas como entrenador principal ha conquistado una Euroliga, dos ACB, una Copa y dos Supercopas. Tambi\u00e9n deja el club <strong>Paco Redondo<\/strong>, su principal asistente.<\/p>\n<hr\/>\n<\/div>\n","protected":false},"excerpt":{"rendered":"<p>Chus Mateo aterriz\u00f3 en el banquillo del Real Madrid hace tres veranos en mitad de una desagradable batalla por la salida Pablo Laso, del que era asistente -y al que sustituy\u00f3 en mitad de la semifinal ACB a causa del problema cardiaco del vitoriano, que ya no volver\u00eda-, y se va tambi\u00e9n de forma extra\u00f1a<\/p>\n","protected":false},"author":1,"featured_media":245550,"comment_status":"open","ping_status":"open","sticky":false,"template":"","format":"standard","meta":{"footnotes":""},"categories":[76],"tags":[],"class_list":["post-245549","post","type-post","status-publish","format-standard","has-post-thumbnail","hentry","category-sport-es"],"acf":[],"yoast_head":"<!-- This site is optimized with the Yoast SEO plugin v22.9 - https:\/\/yoast.com\/wordpress\/plugins\/seo\/ -->\n<title>El Real Madrid despide a Chus Mateo despu\u00e9s de seis t\u00edtulos en tres temporadas - vof-news.eu<\/title>\n<meta name=\"description\" content=\"Chus Mateo aterriz\u00f3 en el banquillo del Real Madrid hace tres veranos en mitad de una desagradable batalla por la salida Pablo Laso, del que era asistente -y al que sustituy\u00f3 en mitad de la semifinal ACB a causa del problema cardiaco del vitoriano, que ya no volver\u00eda-, y se va tambi\u00e9n de forma extra\u00f1a apenas unos d\u00edas despu\u00e9s de conquistar de forma rotunda la Liga Endesa, el que era su sexto t\u00edtulo en el trayecto.A falta de hacerse oficial, el club ya le ha comunicado su adi\u00f3s, aunque ya en la misma noche del t\u00edtulo en La Fonteta se dispararon todos los rumores. Todav\u00eda en caliente por la victoria ante el Valencia Basket, el t\u00e9cnico se reivindicaba a s\u00ed mismo y manifestaba su deseo de continuar y cumplir con el a\u00f1o de contrato que le restaba: &quot;Voy a seguir. \u00bfPor qu\u00e9 no? Tengo contrato, me siento con ganas y con ilusi\u00f3n. Estoy convencido de que formar\u00e9 parte del proyecto el a\u00f1o que viene&quot;.No ha sido as\u00ed. En el mismo vestuario Mario Hezonja calific\u00f3 &quot;de a\u00f1o de mierda&quot; el curso 2024\/2025 del Madrid, en el que perdi\u00f3 la final de Copa y no se clasific\u00f3 para la Final Four de la Euroliga. Y ya parec\u00eda el futuro del t\u00e9cnico sentenciado.El futuro del Real Madrid pasa ahora por Sergio Scariolo, que firmar\u00e1 por las pr\u00f3ximas tres temporadas y dejar\u00e1 la selecci\u00f3n espa\u00f1ola despu\u00e9s del Eurobasket, como ha confirmado este mi\u00e9rcoles durante el anuncio de la lista de convocados. A falta de cerrar los detalles y anunciarlo oficialmente, el italiano vuelve al Real Madrid 23 a\u00f1os despu\u00e9s.Chus Mateo, que ya trabajo en la cantera del Real Madrid de 1991 a 1999, llevaba en el club desde julio de 2014, cuando fue fichado como ayudante de Laso. En sus tres temporadas como entrenador principal ha conquistado una Euroliga, dos ACB, una Copa y dos Supercopas. Tambi\u00e9n deja el club Paco Redondo, su principal asistente.\" \/>\n<meta name=\"robots\" content=\"noindex, follow, max-snippet:-1, max-image-preview:large, max-video-preview:-1\" \/>\n<meta property=\"og:locale\" content=\"es_ES\" \/>\n<meta property=\"og:type\" content=\"article\" \/>\n<meta property=\"og:title\" content=\"El Real Madrid despide a Chus Mateo despu\u00e9s de seis t\u00edtulos en tres temporadas - vof-news.eu\" \/>\n<meta property=\"og:description\" content=\"Chus Mateo aterriz\u00f3 en el banquillo del Real Madrid hace tres veranos en mitad de una desagradable batalla por la salida Pablo Laso, del que era asistente -y al que sustituy\u00f3 en mitad de la semifinal ACB a causa del problema cardiaco del vitoriano, que ya no volver\u00eda-, y se va tambi\u00e9n de forma extra\u00f1a apenas unos d\u00edas despu\u00e9s de conquistar de forma rotunda la Liga Endesa, el que era su sexto t\u00edtulo en el trayecto.A falta de hacerse oficial, el club ya le ha comunicado su adi\u00f3s, aunque ya en la misma noche del t\u00edtulo en La Fonteta se dispararon todos los rumores. Todav\u00eda en caliente por la victoria ante el Valencia Basket, el t\u00e9cnico se reivindicaba a s\u00ed mismo y manifestaba su deseo de continuar y cumplir con el a\u00f1o de contrato que le restaba: &quot;Voy a seguir. \u00bfPor qu\u00e9 no? Tengo contrato, me siento con ganas y con ilusi\u00f3n. Estoy convencido de que formar\u00e9 parte del proyecto el a\u00f1o que viene&quot;.No ha sido as\u00ed. En el mismo vestuario Mario Hezonja calific\u00f3 &quot;de a\u00f1o de mierda&quot; el curso 2024\/2025 del Madrid, en el que perdi\u00f3 la final de Copa y no se clasific\u00f3 para la Final Four de la Euroliga. Y ya parec\u00eda el futuro del t\u00e9cnico sentenciado.El futuro del Real Madrid pasa ahora por Sergio Scariolo, que firmar\u00e1 por las pr\u00f3ximas tres temporadas y dejar\u00e1 la selecci\u00f3n espa\u00f1ola despu\u00e9s del Eurobasket, como ha confirmado este mi\u00e9rcoles durante el anuncio de la lista de convocados. A falta de cerrar los detalles y anunciarlo oficialmente, el italiano vuelve al Real Madrid 23 a\u00f1os despu\u00e9s.Chus Mateo, que ya trabajo en la cantera del Real Madrid de 1991 a 1999, llevaba en el club desde julio de 2014, cuando fue fichado como ayudante de Laso. En sus tres temporadas como entrenador principal ha conquistado una Euroliga, dos ACB, una Copa y dos Supercopas. Tambi\u00e9n deja el club Paco Redondo, su principal asistente.\" \/>\n<meta property=\"og:url\" content=\"https:\/\/vof-news.eu\/es\/el-real-madrid-despide-a-chus-mateo-despues-de-seis-titulos-en-tres-temporadas\/\" \/>\n<meta property=\"og:site_name\" content=\"vof-news.eu\" \/>\n<meta property=\"article:published_time\" content=\"2025-07-02T14:19:12+00:00\" \/>\n<meta property=\"article:modified_time\" content=\"2025-07-02T14:19:42+00:00\" \/>\n<meta property=\"og:image\" content=\"https:\/\/vof-news.eu\/wp-content\/uploads\/2025\/07\/17513924172012.jpg\" \/>\n\t<meta property=\"og:image:width\" content=\"1366\" \/>\n\t<meta property=\"og:image:height\" content=\"911\" \/>\n\t<meta property=\"og:image:type\" content=\"image\/jpeg\" \/>\n<meta name=\"author\" content=\"Author\" \/>\n<meta name=\"twitter:card\" content=\"summary_large_image\" \/>\n<meta name=\"twitter:label1\" content=\"Escrito por\" \/>\n\t<meta name=\"twitter:data1\" content=\"Author\" \/>\n\t<meta name=\"twitter:label2\" content=\"Tiempo de lectura\" \/>\n\t<meta name=\"twitter:data2\" content=\"2 minutos\" \/>\n<script type=\"application\/ld+json\" class=\"yoast-schema-graph\">{\"@context\":\"https:\/\/schema.org\",\"@graph\":[{\"@type\":\"WebPage\",\"@id\":\"https:\/\/vof-news.eu\/es\/el-real-madrid-despide-a-chus-mateo-despues-de-seis-titulos-en-tres-temporadas\/\",\"url\":\"https:\/\/vof-news.eu\/es\/el-real-madrid-despide-a-chus-mateo-despues-de-seis-titulos-en-tres-temporadas\/\",\"name\":\"El Real Madrid despide a Chus Mateo despu\u00e9s de seis t\u00edtulos en tres temporadas - vof-news.eu\",\"isPartOf\":{\"@id\":\"https:\/\/vof-news.eu\/es\/#website\"},\"primaryImageOfPage\":{\"@id\":\"https:\/\/vof-news.eu\/es\/el-real-madrid-despide-a-chus-mateo-despues-de-seis-titulos-en-tres-temporadas\/#primaryimage\"},\"image\":{\"@id\":\"https:\/\/vof-news.eu\/es\/el-real-madrid-despide-a-chus-mateo-despues-de-seis-titulos-en-tres-temporadas\/#primaryimage\"},\"thumbnailUrl\":\"https:\/\/vof-news.eu\/wp-content\/uploads\/2025\/07\/17513924172012.jpg\",\"datePublished\":\"2025-07-02T14:19:12+00:00\",\"dateModified\":\"2025-07-02T14:19:42+00:00\",\"author\":{\"@id\":\"https:\/\/vof-news.eu\/es\/#\/schema\/person\/f6a2a4309f0561835797fd8c19b333ed\"},\"description\":\"Chus Mateo aterriz\u00f3 en el banquillo del Real Madrid hace tres veranos en mitad de una desagradable batalla por la salida Pablo Laso, del que era asistente -y al que sustituy\u00f3 en mitad de la semifinal ACB a causa del problema cardiaco del vitoriano, que ya no volver\u00eda-, y se va tambi\u00e9n de forma extra\u00f1a apenas unos d\u00edas despu\u00e9s de conquistar de forma rotunda la Liga Endesa, el que era su sexto t\u00edtulo en el trayecto.A falta de hacerse oficial, el club ya le ha comunicado su adi\u00f3s, aunque ya en la misma noche del t\u00edtulo en La Fonteta se dispararon todos los rumores. Todav\u00eda en caliente por la victoria ante el Valencia Basket, el t\u00e9cnico se reivindicaba a s\u00ed mismo y manifestaba su deseo de continuar y cumplir con el a\u00f1o de contrato que le restaba: \\\"Voy a seguir. \u00bfPor qu\u00e9 no? Tengo contrato, me siento con ganas y con ilusi\u00f3n. Estoy convencido de que formar\u00e9 parte del proyecto el a\u00f1o que viene\\\".No ha sido as\u00ed. En el mismo vestuario Mario Hezonja calific\u00f3 \\\"de a\u00f1o de mierda\\\" el curso 2024\/2025 del Madrid, en el que perdi\u00f3 la final de Copa y no se clasific\u00f3 para la Final Four de la Euroliga. Y ya parec\u00eda el futuro del t\u00e9cnico sentenciado.El futuro del Real Madrid pasa ahora por Sergio Scariolo, que firmar\u00e1 por las pr\u00f3ximas tres temporadas y dejar\u00e1 la selecci\u00f3n espa\u00f1ola despu\u00e9s del Eurobasket, como ha confirmado este mi\u00e9rcoles durante el anuncio de la lista de convocados. A falta de cerrar los detalles y anunciarlo oficialmente, el italiano vuelve al Real Madrid 23 a\u00f1os despu\u00e9s.Chus Mateo, que ya trabajo en la cantera del Real Madrid de 1991 a 1999, llevaba en el club desde julio de 2014, cuando fue fichado como ayudante de Laso. En sus tres temporadas como entrenador principal ha conquistado una Euroliga, dos ACB, una Copa y dos Supercopas. Tambi\u00e9n deja el club Paco Redondo, su principal asistente.\",\"breadcrumb\":{\"@id\":\"https:\/\/vof-news.eu\/es\/el-real-madrid-despide-a-chus-mateo-despues-de-seis-titulos-en-tres-temporadas\/#breadcrumb\"},\"inLanguage\":\"es\",\"potentialAction\":[{\"@type\":\"ReadAction\",\"target\":[\"https:\/\/vof-news.eu\/es\/el-real-madrid-despide-a-chus-mateo-despues-de-seis-titulos-en-tres-temporadas\/\"]}]},{\"@type\":\"ImageObject\",\"inLanguage\":\"es\",\"@id\":\"https:\/\/vof-news.eu\/es\/el-real-madrid-despide-a-chus-mateo-despues-de-seis-titulos-en-tres-temporadas\/#primaryimage\",\"url\":\"https:\/\/vof-news.eu\/wp-content\/uploads\/2025\/07\/17513924172012.jpg\",\"contentUrl\":\"https:\/\/vof-news.eu\/wp-content\/uploads\/2025\/07\/17513924172012.jpg\",\"width\":1366,\"height\":911},{\"@type\":\"BreadcrumbList\",\"@id\":\"https:\/\/vof-news.eu\/es\/el-real-madrid-despide-a-chus-mateo-despues-de-seis-titulos-en-tres-temporadas\/#breadcrumb\",\"itemListElement\":[{\"@type\":\"ListItem\",\"position\":1,\"name\":\"Home\",\"item\":\"https:\/\/vof-news.eu\/es\/\"},{\"@type\":\"ListItem\",\"position\":2,\"name\":\"El Real Madrid despide a Chus Mateo despu\u00e9s de seis t\u00edtulos en tres temporadas\"}]},{\"@type\":\"WebSite\",\"@id\":\"https:\/\/vof-news.eu\/es\/#website\",\"url\":\"https:\/\/vof-news.eu\/es\/\",\"name\":\"vof-news.eu\",\"description\":\"\",\"potentialAction\":[{\"@type\":\"SearchAction\",\"target\":{\"@type\":\"EntryPoint\",\"urlTemplate\":\"https:\/\/vof-news.eu\/es\/?s={search_term_string}\"},\"query-input\":\"required name=search_term_string\"}],\"inLanguage\":\"es\"},{\"@type\":\"Person\",\"@id\":\"https:\/\/vof-news.eu\/es\/#\/schema\/person\/f6a2a4309f0561835797fd8c19b333ed\",\"name\":\"Author\",\"image\":{\"@type\":\"ImageObject\",\"inLanguage\":\"es\",\"@id\":\"https:\/\/vof-news.eu\/es\/#\/schema\/person\/image\/\",\"url\":\"https:\/\/secure.gravatar.com\/avatar\/b67e614b1b25b3e9c0c239efdd2fde5ab015b5affd6f1c3c85911ca4b384e790?s=96&d=mm&r=g\",\"contentUrl\":\"https:\/\/secure.gravatar.com\/avatar\/b67e614b1b25b3e9c0c239efdd2fde5ab015b5affd6f1c3c85911ca4b384e790?s=96&d=mm&r=g\",\"caption\":\"Author\"},\"sameAs\":[\"http:\/\/vof-news.eu\"],\"url\":\"https:\/\/vof-news.eu\/es\/author\/zwt6qxnjulxbnyg\/\"}]}<\/script>\n<!-- \/ Yoast SEO plugin. -->","yoast_head_json":{"title":"El Real Madrid despide a Chus Mateo despu\u00e9s de seis t\u00edtulos en tres temporadas - vof-news.eu","description":"Chus Mateo aterriz\u00f3 en el banquillo del Real Madrid hace tres veranos en mitad de una desagradable batalla por la salida Pablo Laso, del que era asistente -y al que sustituy\u00f3 en mitad de la semifinal ACB a causa del problema cardiaco del vitoriano, que ya no volver\u00eda-, y se va tambi\u00e9n de forma extra\u00f1a apenas unos d\u00edas despu\u00e9s de conquistar de forma rotunda la Liga Endesa, el que era su sexto t\u00edtulo en el trayecto.A falta de hacerse oficial, el club ya le ha comunicado su adi\u00f3s, aunque ya en la misma noche del t\u00edtulo en La Fonteta se dispararon todos los rumores. Todav\u00eda en caliente por la victoria ante el Valencia Basket, el t\u00e9cnico se reivindicaba a s\u00ed mismo y manifestaba su deseo de continuar y cumplir con el a\u00f1o de contrato que le restaba: \"Voy a seguir. \u00bfPor qu\u00e9 no? Tengo contrato, me siento con ganas y con ilusi\u00f3n. Estoy convencido de que formar\u00e9 parte del proyecto el a\u00f1o que viene\".No ha sido as\u00ed. En el mismo vestuario Mario Hezonja calific\u00f3 \"de a\u00f1o de mierda\" el curso 2024\/2025 del Madrid, en el que perdi\u00f3 la final de Copa y no se clasific\u00f3 para la Final Four de la Euroliga. Y ya parec\u00eda el futuro del t\u00e9cnico sentenciado.El futuro del Real Madrid pasa ahora por Sergio Scariolo, que firmar\u00e1 por las pr\u00f3ximas tres temporadas y dejar\u00e1 la selecci\u00f3n espa\u00f1ola despu\u00e9s del Eurobasket, como ha confirmado este mi\u00e9rcoles durante el anuncio de la lista de convocados. A falta de cerrar los detalles y anunciarlo oficialmente, el italiano vuelve al Real Madrid 23 a\u00f1os despu\u00e9s.Chus Mateo, que ya trabajo en la cantera del Real Madrid de 1991 a 1999, llevaba en el club desde julio de 2014, cuando fue fichado como ayudante de Laso. En sus tres temporadas como entrenador principal ha conquistado una Euroliga, dos ACB, una Copa y dos Supercopas. Tambi\u00e9n deja el club Paco Redondo, su principal asistente.","robots":{"index":"noindex","follow":"follow","max-snippet":"max-snippet:-1","max-image-preview":"max-image-preview:large","max-video-preview":"max-video-preview:-1"},"og_locale":"es_ES","og_type":"article","og_title":"El Real Madrid despide a Chus Mateo despu\u00e9s de seis t\u00edtulos en tres temporadas - vof-news.eu","og_description":"Chus Mateo aterriz\u00f3 en el banquillo del Real Madrid hace tres veranos en mitad de una desagradable batalla por la salida Pablo Laso, del que era asistente -y al que sustituy\u00f3 en mitad de la semifinal ACB a causa del problema cardiaco del vitoriano, que ya no volver\u00eda-, y se va tambi\u00e9n de forma extra\u00f1a apenas unos d\u00edas despu\u00e9s de conquistar de forma rotunda la Liga Endesa, el que era su sexto t\u00edtulo en el trayecto.A falta de hacerse oficial, el club ya le ha comunicado su adi\u00f3s, aunque ya en la misma noche del t\u00edtulo en La Fonteta se dispararon todos los rumores. Todav\u00eda en caliente por la victoria ante el Valencia Basket, el t\u00e9cnico se reivindicaba a s\u00ed mismo y manifestaba su deseo de continuar y cumplir con el a\u00f1o de contrato que le restaba: \"Voy a seguir. \u00bfPor qu\u00e9 no? Tengo contrato, me siento con ganas y con ilusi\u00f3n. Estoy convencido de que formar\u00e9 parte del proyecto el a\u00f1o que viene\".No ha sido as\u00ed. En el mismo vestuario Mario Hezonja calific\u00f3 \"de a\u00f1o de mierda\" el curso 2024\/2025 del Madrid, en el que perdi\u00f3 la final de Copa y no se clasific\u00f3 para la Final Four de la Euroliga. Y ya parec\u00eda el futuro del t\u00e9cnico sentenciado.El futuro del Real Madrid pasa ahora por Sergio Scariolo, que firmar\u00e1 por las pr\u00f3ximas tres temporadas y dejar\u00e1 la selecci\u00f3n espa\u00f1ola despu\u00e9s del Eurobasket, como ha confirmado este mi\u00e9rcoles durante el anuncio de la lista de convocados. A falta de cerrar los detalles y anunciarlo oficialmente, el italiano vuelve al Real Madrid 23 a\u00f1os despu\u00e9s.Chus Mateo, que ya trabajo en la cantera del Real Madrid de 1991 a 1999, llevaba en el club desde julio de 2014, cuando fue fichado como ayudante de Laso. En sus tres temporadas como entrenador principal ha conquistado una Euroliga, dos ACB, una Copa y dos Supercopas. Tambi\u00e9n deja el club Paco Redondo, su principal asistente.","og_url":"https:\/\/vof-news.eu\/es\/el-real-madrid-despide-a-chus-mateo-despues-de-seis-titulos-en-tres-temporadas\/","og_site_name":"vof-news.eu","article_published_time":"2025-07-02T14:19:12+00:00","article_modified_time":"2025-07-02T14:19:42+00:00","og_image":[{"width":1366,"height":911,"url":"https:\/\/vof-news.eu\/wp-content\/uploads\/2025\/07\/17513924172012.jpg","type":"image\/jpeg"}],"author":"Author","twitter_card":"summary_large_image","twitter_misc":{"Escrito por":"Author","Tiempo de lectura":"2 minutos"},"schema":{"@context":"https:\/\/schema.org","@graph":[{"@type":"WebPage","@id":"https:\/\/vof-news.eu\/es\/el-real-madrid-despide-a-chus-mateo-despues-de-seis-titulos-en-tres-temporadas\/","url":"https:\/\/vof-news.eu\/es\/el-real-madrid-despide-a-chus-mateo-despues-de-seis-titulos-en-tres-temporadas\/","name":"El Real Madrid despide a Chus Mateo despu\u00e9s de seis t\u00edtulos en tres temporadas - vof-news.eu","isPartOf":{"@id":"https:\/\/vof-news.eu\/es\/#website"},"primaryImageOfPage":{"@id":"https:\/\/vof-news.eu\/es\/el-real-madrid-despide-a-chus-mateo-despues-de-seis-titulos-en-tres-temporadas\/#primaryimage"},"image":{"@id":"https:\/\/vof-news.eu\/es\/el-real-madrid-despide-a-chus-mateo-despues-de-seis-titulos-en-tres-temporadas\/#primaryimage"},"thumbnailUrl":"https:\/\/vof-news.eu\/wp-content\/uploads\/2025\/07\/17513924172012.jpg","datePublished":"2025-07-02T14:19:12+00:00","dateModified":"2025-07-02T14:19:42+00:00","author":{"@id":"https:\/\/vof-news.eu\/es\/#\/schema\/person\/f6a2a4309f0561835797fd8c19b333ed"},"description":"Chus Mateo aterriz\u00f3 en el banquillo del Real Madrid hace tres veranos en mitad de una desagradable batalla por la salida Pablo Laso, del que era asistente -y al que sustituy\u00f3 en mitad de la semifinal ACB a causa del problema cardiaco del vitoriano, que ya no volver\u00eda-, y se va tambi\u00e9n de forma extra\u00f1a apenas unos d\u00edas despu\u00e9s de conquistar de forma rotunda la Liga Endesa, el que era su sexto t\u00edtulo en el trayecto.A falta de hacerse oficial, el club ya le ha comunicado su adi\u00f3s, aunque ya en la misma noche del t\u00edtulo en La Fonteta se dispararon todos los rumores. Todav\u00eda en caliente por la victoria ante el Valencia Basket, el t\u00e9cnico se reivindicaba a s\u00ed mismo y manifestaba su deseo de continuar y cumplir con el a\u00f1o de contrato que le restaba: \"Voy a seguir. \u00bfPor qu\u00e9 no? Tengo contrato, me siento con ganas y con ilusi\u00f3n. Estoy convencido de que formar\u00e9 parte del proyecto el a\u00f1o que viene\".No ha sido as\u00ed. En el mismo vestuario Mario Hezonja calific\u00f3 \"de a\u00f1o de mierda\" el curso 2024\/2025 del Madrid, en el que perdi\u00f3 la final de Copa y no se clasific\u00f3 para la Final Four de la Euroliga. Y ya parec\u00eda el futuro del t\u00e9cnico sentenciado.El futuro del Real Madrid pasa ahora por Sergio Scariolo, que firmar\u00e1 por las pr\u00f3ximas tres temporadas y dejar\u00e1 la selecci\u00f3n espa\u00f1ola despu\u00e9s del Eurobasket, como ha confirmado este mi\u00e9rcoles durante el anuncio de la lista de convocados. A falta de cerrar los detalles y anunciarlo oficialmente, el italiano vuelve al Real Madrid 23 a\u00f1os despu\u00e9s.Chus Mateo, que ya trabajo en la cantera del Real Madrid de 1991 a 1999, llevaba en el club desde julio de 2014, cuando fue fichado como ayudante de Laso. En sus tres temporadas como entrenador principal ha conquistado una Euroliga, dos ACB, una Copa y dos Supercopas. Tambi\u00e9n deja el club Paco Redondo, su principal asistente.","breadcrumb":{"@id":"https:\/\/vof-news.eu\/es\/el-real-madrid-despide-a-chus-mateo-despues-de-seis-titulos-en-tres-temporadas\/#breadcrumb"},"inLanguage":"es","potentialAction":[{"@type":"ReadAction","target":["https:\/\/vof-news.eu\/es\/el-real-madrid-despide-a-chus-mateo-despues-de-seis-titulos-en-tres-temporadas\/"]}]},{"@type":"ImageObject","inLanguage":"es","@id":"https:\/\/vof-news.eu\/es\/el-real-madrid-despide-a-chus-mateo-despues-de-seis-titulos-en-tres-temporadas\/#primaryimage","url":"https:\/\/vof-news.eu\/wp-content\/uploads\/2025\/07\/17513924172012.jpg","contentUrl":"https:\/\/vof-news.eu\/wp-content\/uploads\/2025\/07\/17513924172012.jpg","width":1366,"height":911},{"@type":"BreadcrumbList","@id":"https:\/\/vof-news.eu\/es\/el-real-madrid-despide-a-chus-mateo-despues-de-seis-titulos-en-tres-temporadas\/#breadcrumb","itemListElement":[{"@type":"ListItem","position":1,"name":"Home","item":"https:\/\/vof-news.eu\/es\/"},{"@type":"ListItem","position":2,"name":"El Real Madrid despide a Chus Mateo despu\u00e9s de seis t\u00edtulos en tres temporadas"}]},{"@type":"WebSite","@id":"https:\/\/vof-news.eu\/es\/#website","url":"https:\/\/vof-news.eu\/es\/","name":"vof-news.eu","description":"","potentialAction":[{"@type":"SearchAction","target":{"@type":"EntryPoint","urlTemplate":"https:\/\/vof-news.eu\/es\/?s={search_term_string}"},"query-input":"required name=search_term_string"}],"inLanguage":"es"},{"@type":"Person","@id":"https:\/\/vof-news.eu\/es\/#\/schema\/person\/f6a2a4309f0561835797fd8c19b333ed","name":"Author","image":{"@type":"ImageObject","inLanguage":"es","@id":"https:\/\/vof-news.eu\/es\/#\/schema\/person\/image\/","url":"https:\/\/secure.gravatar.com\/avatar\/b67e614b1b25b3e9c0c239efdd2fde5ab015b5affd6f1c3c85911ca4b384e790?s=96&d=mm&r=g","contentUrl":"https:\/\/secure.gravatar.com\/avatar\/b67e614b1b25b3e9c0c239efdd2fde5ab015b5affd6f1c3c85911ca4b384e790?s=96&d=mm&r=g","caption":"Author"},"sameAs":["http:\/\/vof-news.eu"],"url":"https:\/\/vof-news.eu\/es\/author\/zwt6qxnjulxbnyg\/"}]}},"yoast_meta":{"yoast_wpseo_title":"","yoast_wpseo_metadesc":"","yoast_wpseo_canonical":""},"_links":{"self":[{"href":"https:\/\/vof-news.eu\/es\/wp-json\/wp\/v2\/posts\/245549","targetHints":{"allow":["GET"]}}],"collection":[{"href":"https:\/\/vof-news.eu\/es\/wp-json\/wp\/v2\/posts"}],"about":[{"href":"https:\/\/vof-news.eu\/es\/wp-json\/wp\/v2\/types\/post"}],"author":[{"embeddable":true,"href":"https:\/\/vof-news.eu\/es\/wp-json\/wp\/v2\/users\/1"}],"replies":[{"embeddable":true,"href":"https:\/\/vof-news.eu\/es\/wp-json\/wp\/v2\/comments?post=245549"}],"version-history":[{"count":1,"href":"https:\/\/vof-news.eu\/es\/wp-json\/wp\/v2\/posts\/245549\/revisions"}],"predecessor-version":[{"id":245556,"href":"https:\/\/vof-news.eu\/es\/wp-json\/wp\/v2\/posts\/245549\/revisions\/245556"}],"wp:featuredmedia":[{"embeddable":true,"href":"https:\/\/vof-news.eu\/es\/wp-json\/wp\/v2\/media\/245550"}],"wp:attachment":[{"href":"https:\/\/vof-news.eu\/es\/wp-json\/wp\/v2\/media?parent=245549"}],"wp:term":[{"taxonomy":"category","embeddable":true,"href":"https:\/\/vof-news.eu\/es\/wp-json\/wp\/v2\/categories?post=245549"},{"taxonomy":"post_tag","embeddable":true,"href":"https:\/\/vof-news.eu\/es\/wp-json\/wp\/v2\/tags?post=245549"}],"curies":[{"name":"wp","href":"https:\/\/api.w.org\/{rel}","templated":true}]}}