{"id":245262,"date":"2025-07-02T11:17:51","date_gmt":"2025-07-02T08:17:51","guid":{"rendered":"https:\/\/vof-news.eu\/el-empleo-marca-nuevo-record-y-roza-los-219-millones-de-trabajadores-en-junio\/"},"modified":"2025-07-02T11:18:11","modified_gmt":"2025-07-02T08:18:11","slug":"el-empleo-marca-nuevo-record-y-roza-los-219-millones-de-trabajadores-en-junio","status":"publish","type":"post","link":"https:\/\/vof-news.eu\/es\/el-empleo-marca-nuevo-record-y-roza-los-219-millones-de-trabajadores-en-junio\/","title":{"rendered":"El empleo marca nuevo r\u00e9cord y roza los 21,9 millones de trabajadores en junio"},"content":{"rendered":"<div>\n<p>\n        El empleo marca un nuevo r\u00e9cord. El mes de junio vuelve a demostrar que la afiliaci\u00f3n a la seguridad social no toca techo, con una media de 21.861.095 y superando por primera vez y durante varios d\u00edas, entre el lunes 16 y el jueves 19, los 21,9 millones de ocupados. Hay m\u00e1s hitos: se alcanza un nuevo m\u00e1ximo hist\u00f3rico de mujeres afiliadas, con m\u00e1s de 10,3 millones; crece especialmente el empleo entre los menores de 30 y los mayores de 55 a\u00f1os; y los aut\u00f3nomos suman 35.227 trabajadores por cuenta propia m\u00e1s, hasta los 3.421.659, por encima incluso de los alcanzados en 2008. Adem\u00e1s, el paro registrado cae en 48.920 personas en el \u00faltimo mes.\n    <\/p>\n<p>\n        Los datos publicados este martes por los ministerios de Seguridad Social y Trabajo dibujan un buen mes de junio en t\u00e9rminos de empleo. Hay 76.720 afiliados m\u00e1s que el mes anterior, en un momento en el que el turismo impulsa las contrataciones, y 468.209 trabajadores m\u00e1s en t\u00e9rminos interanuales. Como muestra el siguiente gr\u00e1fico, salvo la ca\u00edda ocasionada por la pandemia, la evoluci\u00f3n de la afiliaci\u00f3n diaria ha subido a\u00f1o a a\u00f1o.\n    <\/p>\n<p>\n        \u201cEstamos rozando los 22 millones de afiliados, cuando hace poco m\u00e1s de un a\u00f1o que alcanzamos los 21. Adem\u00e1s, son los sectores de alto valor a\u00f1adido los que mejor comportamiento tienen, algo indudablemente positivo\u201d, ha dicho la ministra de Seguridad Social, Elma Saiz. Seg\u00fan los datos de su departamento, el primer semestre del a\u00f1o, el promedio de afiliados creci\u00f3 en m\u00e1s de medio mill\u00f3n de afiliados. Adem\u00e1s, el incremento en la afiliaci\u00f3n de abril a junio es superior al de 2024 y 2023 y se encuentra por encima del mes de junio de 2019.\n    <\/p>\n<p>\n        El gran incremento en el n\u00famero de afiliados a la Seguridad Social respecto al mes de mayo lo protagonizan los ocupados en el sector servicios, con 77.464 empleados m\u00e1s. Se suman tambi\u00e9n 10.000 trabajadores de la construcci\u00f3n y m\u00e1s de 15.000 de la industria, que compensan los 26.000 menos de la agricultura, la ganader\u00eda y la pesca.\n    <\/p>\n<h2>El paro m\u00e1s bajo en 17 a\u00f1os<\/h2>\n<p>\n        El r\u00e9cord de empleo viene acompa\u00f1ado de una ca\u00edda en el paro registrado, que ha bajado en 48.920 personas respecto al mes anterior (un 2% menos) y en 155.104 en t\u00e9rminos intranuales (un 6% menos). En total, actualmente se encuentran inscritas en las oficinas del Servicio P\u00fablico de Empleo Estatal (SEPE) buscando trabajo 2.405.963 personas, la cifra m\u00e1s baja en 17 a\u00f1os.\n    <\/p>\n<p>\n        Pese a un comportamiento positivo, con buenos registros de paro y la cifra m\u00e1s baja desde 2008, la tendencia de esa reducci\u00f3n se mantiene m\u00e1s o menos estable en los meses de junio del \u00faltimo trienio y a\u00fan est\u00e1n lejos de las marcas previas a la pandemia.\n    <\/p>\n<p>\n        Seg\u00fan destacan desde el Ministerio de Trabajo, la bajada del paro es \u201cgeneralizada\u201d. Se produce en todos los sectores, en todas las franjas de edad y en todas las comunidades aut\u00f3nomas. El paro juvenil se sit\u00faa en 166.707 personas, el m\u00ednimo de la serie hist\u00f3rica. En una entrevista en Onda Cero, la vicepresidenta segunda y ministra de Trabajo, Yolanda D\u00edaz, ha definido esta cifra como \u201cbrutal\u201d, por positiva, y nunca vista \u201cdesde la democracia\u201d. \u201cLo que me preocupa y ocupa son las personas mayores de 56 a\u00f1os. El problema est\u00e1 en que, de esos 2,4 millones de parados, tenemos m\u00e1s de 1,5 millones concentrados en el paro de larga duraci\u00f3n y en gente de mi edad. Ah\u00ed es donde tenemos actuar\u201d, ha indicado D\u00edaz.\n    <\/p>\n<p>\n        Es el sector servicios el que refleja una ca\u00edda del paro m\u00e1s pronunciada, con 38.253 personas menos, seguido de la industria, con 4.589 personas, la construcci\u00f3n, con 3.029 y la agricultura, con 218. Adem\u00e1s, 2.831 personas que no hab\u00edan trabajado antes se han incorporado al mercado laboral.\n    <\/p>\n<p>\n        Respecto al empleo femenino, vuele a alcanzarse un m\u00e1ximo hist\u00f3rico, con 10.329.106 trabajadoras afiliadas a la seguridad social. Son 215.579 empleadas m\u00e1s que un a\u00f1o antes y suponen el 47,3% del total. \u201cNunca han trabajado tantas mujeres en Espa\u00f1a\u201d, celebran desde el ministerio, que constata que \u201cla brecha salarial de g\u00e9nero se ha reducido en cinco puntos desde 2018\u201d. Adem\u00e1s, el desempleo entre las mujeres se redujo en junio en 25.537 desempleadas, con un total de 1,46 millones.\n    <\/p>\n<h2>La temporalidad, en m\u00ednimos<\/h2>\n<p>\n        El empleo temporal tambi\u00e9n est\u00e1 en m\u00ednimos y son solo el 12,5% de los trabajadores, 17 puntos menos que el promedio del periodo 2017-2021, antes de la entrada en vigor de la reforma laboral. Seg\u00fan los datos de la Seguridad Social, el n\u00famero de trabajadores con contrato indefinido ha aumentado en casi 4,2 millones desde junio de 2021, cuatro de los cuales corresponden al periodo de la nueva legislaci\u00f3n laboral, y se acerca ya los 15,2 millones.\n    <\/p>\n<p>\n        Adem\u00e1s, el crecimiento del n\u00famero de contratos indefinidos se sustenta en las contrataciones a tiempo completo, lo que da m\u00e1s garant\u00eda y calidad en el empleo.\n    <\/p>\n<p>\n        Por provincias, las que m\u00e1s empleo han creado han sido Huelva (un 3,9% m\u00e1s que en junio de 2024), Santa Cruz de Tenerife (3,5%), Valencia (3,4%) y M\u00e1laga (3,2%).\n    <\/p>\n<\/div>\n","protected":false},"excerpt":{"rendered":"<p>El empleo marca un nuevo r\u00e9cord. El mes de junio vuelve a demostrar que la afiliaci\u00f3n a la seguridad social no toca techo, con una media de 21.861.095 y superando por primera vez y durante varios d\u00edas, entre el lunes 16 y el jueves 19, los 21,9 millones de ocupados. Hay m\u00e1s hitos: se alcanza<\/p>\n","protected":false},"author":1,"featured_media":245263,"comment_status":"open","ping_status":"open","sticky":false,"template":"","format":"standard","meta":{"footnotes":""},"categories":[61],"tags":[],"class_list":["post-245262","post","type-post","status-publish","format-standard","has-post-thumbnail","hentry","category-business-es"],"acf":[],"yoast_head":"<!-- This site is optimized with the Yoast SEO plugin v22.9 - https:\/\/yoast.com\/wordpress\/plugins\/seo\/ -->\n<title>El empleo marca nuevo r\u00e9cord y roza los 21,9 millones de trabajadores en junio - vof-news.eu<\/title>\n<meta name=\"description\" content=\"El empleo marca un nuevo r\u00e9cord. El mes de junio vuelve a demostrar que la afiliaci\u00f3n a la seguridad social no toca techo, con una media de 21.861.095 y superando por primera vez y durante varios d\u00edas, entre el lunes 16 y el jueves 19, los 21,9 millones de ocupados. Hay m\u00e1s hitos: se alcanza un nuevo m\u00e1ximo hist\u00f3rico de mujeres afiliadas, con m\u00e1s de 10,3 millones; crece especialmente el empleo entre los menores de 30 y los mayores de 55 a\u00f1os; y los aut\u00f3nomos suman 35.227 trabajadores por cuenta propia m\u00e1s, hasta los 3.421.659, por encima incluso de los alcanzados en 2008. Adem\u00e1s, el paro registrado cae en 48.920 personas en el \u00faltimo mes.\" \/>\n<meta name=\"robots\" content=\"noindex, follow, max-snippet:-1, max-image-preview:large, max-video-preview:-1\" \/>\n<meta property=\"og:locale\" content=\"es_ES\" \/>\n<meta property=\"og:type\" content=\"article\" \/>\n<meta property=\"og:title\" content=\"El empleo marca nuevo r\u00e9cord y roza los 21,9 millones de trabajadores en junio - vof-news.eu\" \/>\n<meta property=\"og:description\" content=\"El empleo marca un nuevo r\u00e9cord. El mes de junio vuelve a demostrar que la afiliaci\u00f3n a la seguridad social no toca techo, con una media de 21.861.095 y superando por primera vez y durante varios d\u00edas, entre el lunes 16 y el jueves 19, los 21,9 millones de ocupados. Hay m\u00e1s hitos: se alcanza un nuevo m\u00e1ximo hist\u00f3rico de mujeres afiliadas, con m\u00e1s de 10,3 millones; crece especialmente el empleo entre los menores de 30 y los mayores de 55 a\u00f1os; y los aut\u00f3nomos suman 35.227 trabajadores por cuenta propia m\u00e1s, hasta los 3.421.659, por encima incluso de los alcanzados en 2008. Adem\u00e1s, el paro registrado cae en 48.920 personas en el \u00faltimo mes.\" \/>\n<meta property=\"og:url\" content=\"https:\/\/vof-news.eu\/es\/el-empleo-marca-nuevo-record-y-roza-los-219-millones-de-trabajadores-en-junio\/\" \/>\n<meta property=\"og:site_name\" content=\"vof-news.eu\" \/>\n<meta property=\"article:published_time\" content=\"2025-07-02T08:17:51+00:00\" \/>\n<meta property=\"article:modified_time\" content=\"2025-07-02T08:18:11+00:00\" \/>\n<meta property=\"og:image\" content=\"https:\/\/vof-news.eu\/wp-content\/uploads\/2025\/07\/3f2d6312-b7ca-4485-b7ff-c2e000cd8883_16-9-discover-aspect-ratio_default_0.jpg\" \/>\n\t<meta property=\"og:image:width\" content=\"1200\" \/>\n\t<meta property=\"og:image:height\" content=\"675\" \/>\n\t<meta property=\"og:image:type\" content=\"image\/jpeg\" \/>\n<meta name=\"author\" content=\"Author\" \/>\n<meta name=\"twitter:card\" content=\"summary_large_image\" \/>\n<meta name=\"twitter:label1\" content=\"Escrito por\" \/>\n\t<meta name=\"twitter:data1\" content=\"Author\" \/>\n\t<meta name=\"twitter:label2\" content=\"Tiempo de lectura\" \/>\n\t<meta name=\"twitter:data2\" content=\"4 minutos\" \/>\n<script type=\"application\/ld+json\" class=\"yoast-schema-graph\">{\"@context\":\"https:\/\/schema.org\",\"@graph\":[{\"@type\":\"WebPage\",\"@id\":\"https:\/\/vof-news.eu\/es\/el-empleo-marca-nuevo-record-y-roza-los-219-millones-de-trabajadores-en-junio\/\",\"url\":\"https:\/\/vof-news.eu\/es\/el-empleo-marca-nuevo-record-y-roza-los-219-millones-de-trabajadores-en-junio\/\",\"name\":\"El empleo marca nuevo r\u00e9cord y roza los 21,9 millones de trabajadores en junio - vof-news.eu\",\"isPartOf\":{\"@id\":\"https:\/\/vof-news.eu\/es\/#website\"},\"primaryImageOfPage\":{\"@id\":\"https:\/\/vof-news.eu\/es\/el-empleo-marca-nuevo-record-y-roza-los-219-millones-de-trabajadores-en-junio\/#primaryimage\"},\"image\":{\"@id\":\"https:\/\/vof-news.eu\/es\/el-empleo-marca-nuevo-record-y-roza-los-219-millones-de-trabajadores-en-junio\/#primaryimage\"},\"thumbnailUrl\":\"https:\/\/vof-news.eu\/wp-content\/uploads\/2025\/07\/3f2d6312-b7ca-4485-b7ff-c2e000cd8883_16-9-discover-aspect-ratio_default_0.jpg\",\"datePublished\":\"2025-07-02T08:17:51+00:00\",\"dateModified\":\"2025-07-02T08:18:11+00:00\",\"author\":{\"@id\":\"https:\/\/vof-news.eu\/es\/#\/schema\/person\/f6a2a4309f0561835797fd8c19b333ed\"},\"description\":\"El empleo marca un nuevo r\u00e9cord. El mes de junio vuelve a demostrar que la afiliaci\u00f3n a la seguridad social no toca techo, con una media de 21.861.095 y superando por primera vez y durante varios d\u00edas, entre el lunes 16 y el jueves 19, los 21,9 millones de ocupados. Hay m\u00e1s hitos: se alcanza un nuevo m\u00e1ximo hist\u00f3rico de mujeres afiliadas, con m\u00e1s de 10,3 millones; crece especialmente el empleo entre los menores de 30 y los mayores de 55 a\u00f1os; y los aut\u00f3nomos suman 35.227 trabajadores por cuenta propia m\u00e1s, hasta los 3.421.659, por encima incluso de los alcanzados en 2008. Adem\u00e1s, el paro registrado cae en 48.920 personas en el \u00faltimo mes.\",\"breadcrumb\":{\"@id\":\"https:\/\/vof-news.eu\/es\/el-empleo-marca-nuevo-record-y-roza-los-219-millones-de-trabajadores-en-junio\/#breadcrumb\"},\"inLanguage\":\"es\",\"potentialAction\":[{\"@type\":\"ReadAction\",\"target\":[\"https:\/\/vof-news.eu\/es\/el-empleo-marca-nuevo-record-y-roza-los-219-millones-de-trabajadores-en-junio\/\"]}]},{\"@type\":\"ImageObject\",\"inLanguage\":\"es\",\"@id\":\"https:\/\/vof-news.eu\/es\/el-empleo-marca-nuevo-record-y-roza-los-219-millones-de-trabajadores-en-junio\/#primaryimage\",\"url\":\"https:\/\/vof-news.eu\/wp-content\/uploads\/2025\/07\/3f2d6312-b7ca-4485-b7ff-c2e000cd8883_16-9-discover-aspect-ratio_default_0.jpg\",\"contentUrl\":\"https:\/\/vof-news.eu\/wp-content\/uploads\/2025\/07\/3f2d6312-b7ca-4485-b7ff-c2e000cd8883_16-9-discover-aspect-ratio_default_0.jpg\",\"width\":1200,\"height\":675},{\"@type\":\"BreadcrumbList\",\"@id\":\"https:\/\/vof-news.eu\/es\/el-empleo-marca-nuevo-record-y-roza-los-219-millones-de-trabajadores-en-junio\/#breadcrumb\",\"itemListElement\":[{\"@type\":\"ListItem\",\"position\":1,\"name\":\"Home\",\"item\":\"https:\/\/vof-news.eu\/es\/\"},{\"@type\":\"ListItem\",\"position\":2,\"name\":\"El empleo marca nuevo r\u00e9cord y roza los 21,9 millones de trabajadores en junio\"}]},{\"@type\":\"WebSite\",\"@id\":\"https:\/\/vof-news.eu\/es\/#website\",\"url\":\"https:\/\/vof-news.eu\/es\/\",\"name\":\"vof-news.eu\",\"description\":\"\",\"potentialAction\":[{\"@type\":\"SearchAction\",\"target\":{\"@type\":\"EntryPoint\",\"urlTemplate\":\"https:\/\/vof-news.eu\/es\/?s={search_term_string}\"},\"query-input\":\"required name=search_term_string\"}],\"inLanguage\":\"es\"},{\"@type\":\"Person\",\"@id\":\"https:\/\/vof-news.eu\/es\/#\/schema\/person\/f6a2a4309f0561835797fd8c19b333ed\",\"name\":\"Author\",\"image\":{\"@type\":\"ImageObject\",\"inLanguage\":\"es\",\"@id\":\"https:\/\/vof-news.eu\/es\/#\/schema\/person\/image\/\",\"url\":\"https:\/\/secure.gravatar.com\/avatar\/b67e614b1b25b3e9c0c239efdd2fde5ab015b5affd6f1c3c85911ca4b384e790?s=96&d=mm&r=g\",\"contentUrl\":\"https:\/\/secure.gravatar.com\/avatar\/b67e614b1b25b3e9c0c239efdd2fde5ab015b5affd6f1c3c85911ca4b384e790?s=96&d=mm&r=g\",\"caption\":\"Author\"},\"sameAs\":[\"http:\/\/vof-news.eu\"],\"url\":\"https:\/\/vof-news.eu\/es\/author\/zwt6qxnjulxbnyg\/\"}]}<\/script>\n<!-- \/ Yoast SEO plugin. -->","yoast_head_json":{"title":"El empleo marca nuevo r\u00e9cord y roza los 21,9 millones de trabajadores en junio - vof-news.eu","description":"El empleo marca un nuevo r\u00e9cord. El mes de junio vuelve a demostrar que la afiliaci\u00f3n a la seguridad social no toca techo, con una media de 21.861.095 y superando por primera vez y durante varios d\u00edas, entre el lunes 16 y el jueves 19, los 21,9 millones de ocupados. Hay m\u00e1s hitos: se alcanza un nuevo m\u00e1ximo hist\u00f3rico de mujeres afiliadas, con m\u00e1s de 10,3 millones; crece especialmente el empleo entre los menores de 30 y los mayores de 55 a\u00f1os; y los aut\u00f3nomos suman 35.227 trabajadores por cuenta propia m\u00e1s, hasta los 3.421.659, por encima incluso de los alcanzados en 2008. Adem\u00e1s, el paro registrado cae en 48.920 personas en el \u00faltimo mes.","robots":{"index":"noindex","follow":"follow","max-snippet":"max-snippet:-1","max-image-preview":"max-image-preview:large","max-video-preview":"max-video-preview:-1"},"og_locale":"es_ES","og_type":"article","og_title":"El empleo marca nuevo r\u00e9cord y roza los 21,9 millones de trabajadores en junio - vof-news.eu","og_description":"El empleo marca un nuevo r\u00e9cord. El mes de junio vuelve a demostrar que la afiliaci\u00f3n a la seguridad social no toca techo, con una media de 21.861.095 y superando por primera vez y durante varios d\u00edas, entre el lunes 16 y el jueves 19, los 21,9 millones de ocupados. Hay m\u00e1s hitos: se alcanza un nuevo m\u00e1ximo hist\u00f3rico de mujeres afiliadas, con m\u00e1s de 10,3 millones; crece especialmente el empleo entre los menores de 30 y los mayores de 55 a\u00f1os; y los aut\u00f3nomos suman 35.227 trabajadores por cuenta propia m\u00e1s, hasta los 3.421.659, por encima incluso de los alcanzados en 2008. Adem\u00e1s, el paro registrado cae en 48.920 personas en el \u00faltimo mes.","og_url":"https:\/\/vof-news.eu\/es\/el-empleo-marca-nuevo-record-y-roza-los-219-millones-de-trabajadores-en-junio\/","og_site_name":"vof-news.eu","article_published_time":"2025-07-02T08:17:51+00:00","article_modified_time":"2025-07-02T08:18:11+00:00","og_image":[{"width":1200,"height":675,"url":"https:\/\/vof-news.eu\/wp-content\/uploads\/2025\/07\/3f2d6312-b7ca-4485-b7ff-c2e000cd8883_16-9-discover-aspect-ratio_default_0.jpg","type":"image\/jpeg"}],"author":"Author","twitter_card":"summary_large_image","twitter_misc":{"Escrito por":"Author","Tiempo de lectura":"4 minutos"},"schema":{"@context":"https:\/\/schema.org","@graph":[{"@type":"WebPage","@id":"https:\/\/vof-news.eu\/es\/el-empleo-marca-nuevo-record-y-roza-los-219-millones-de-trabajadores-en-junio\/","url":"https:\/\/vof-news.eu\/es\/el-empleo-marca-nuevo-record-y-roza-los-219-millones-de-trabajadores-en-junio\/","name":"El empleo marca nuevo r\u00e9cord y roza los 21,9 millones de trabajadores en junio - vof-news.eu","isPartOf":{"@id":"https:\/\/vof-news.eu\/es\/#website"},"primaryImageOfPage":{"@id":"https:\/\/vof-news.eu\/es\/el-empleo-marca-nuevo-record-y-roza-los-219-millones-de-trabajadores-en-junio\/#primaryimage"},"image":{"@id":"https:\/\/vof-news.eu\/es\/el-empleo-marca-nuevo-record-y-roza-los-219-millones-de-trabajadores-en-junio\/#primaryimage"},"thumbnailUrl":"https:\/\/vof-news.eu\/wp-content\/uploads\/2025\/07\/3f2d6312-b7ca-4485-b7ff-c2e000cd8883_16-9-discover-aspect-ratio_default_0.jpg","datePublished":"2025-07-02T08:17:51+00:00","dateModified":"2025-07-02T08:18:11+00:00","author":{"@id":"https:\/\/vof-news.eu\/es\/#\/schema\/person\/f6a2a4309f0561835797fd8c19b333ed"},"description":"El empleo marca un nuevo r\u00e9cord. El mes de junio vuelve a demostrar que la afiliaci\u00f3n a la seguridad social no toca techo, con una media de 21.861.095 y superando por primera vez y durante varios d\u00edas, entre el lunes 16 y el jueves 19, los 21,9 millones de ocupados. Hay m\u00e1s hitos: se alcanza un nuevo m\u00e1ximo hist\u00f3rico de mujeres afiliadas, con m\u00e1s de 10,3 millones; crece especialmente el empleo entre los menores de 30 y los mayores de 55 a\u00f1os; y los aut\u00f3nomos suman 35.227 trabajadores por cuenta propia m\u00e1s, hasta los 3.421.659, por encima incluso de los alcanzados en 2008. Adem\u00e1s, el paro registrado cae en 48.920 personas en el \u00faltimo mes.","breadcrumb":{"@id":"https:\/\/vof-news.eu\/es\/el-empleo-marca-nuevo-record-y-roza-los-219-millones-de-trabajadores-en-junio\/#breadcrumb"},"inLanguage":"es","potentialAction":[{"@type":"ReadAction","target":["https:\/\/vof-news.eu\/es\/el-empleo-marca-nuevo-record-y-roza-los-219-millones-de-trabajadores-en-junio\/"]}]},{"@type":"ImageObject","inLanguage":"es","@id":"https:\/\/vof-news.eu\/es\/el-empleo-marca-nuevo-record-y-roza-los-219-millones-de-trabajadores-en-junio\/#primaryimage","url":"https:\/\/vof-news.eu\/wp-content\/uploads\/2025\/07\/3f2d6312-b7ca-4485-b7ff-c2e000cd8883_16-9-discover-aspect-ratio_default_0.jpg","contentUrl":"https:\/\/vof-news.eu\/wp-content\/uploads\/2025\/07\/3f2d6312-b7ca-4485-b7ff-c2e000cd8883_16-9-discover-aspect-ratio_default_0.jpg","width":1200,"height":675},{"@type":"BreadcrumbList","@id":"https:\/\/vof-news.eu\/es\/el-empleo-marca-nuevo-record-y-roza-los-219-millones-de-trabajadores-en-junio\/#breadcrumb","itemListElement":[{"@type":"ListItem","position":1,"name":"Home","item":"https:\/\/vof-news.eu\/es\/"},{"@type":"ListItem","position":2,"name":"El empleo marca nuevo r\u00e9cord y roza los 21,9 millones de trabajadores en junio"}]},{"@type":"WebSite","@id":"https:\/\/vof-news.eu\/es\/#website","url":"https:\/\/vof-news.eu\/es\/","name":"vof-news.eu","description":"","potentialAction":[{"@type":"SearchAction","target":{"@type":"EntryPoint","urlTemplate":"https:\/\/vof-news.eu\/es\/?s={search_term_string}"},"query-input":"required name=search_term_string"}],"inLanguage":"es"},{"@type":"Person","@id":"https:\/\/vof-news.eu\/es\/#\/schema\/person\/f6a2a4309f0561835797fd8c19b333ed","name":"Author","image":{"@type":"ImageObject","inLanguage":"es","@id":"https:\/\/vof-news.eu\/es\/#\/schema\/person\/image\/","url":"https:\/\/secure.gravatar.com\/avatar\/b67e614b1b25b3e9c0c239efdd2fde5ab015b5affd6f1c3c85911ca4b384e790?s=96&d=mm&r=g","contentUrl":"https:\/\/secure.gravatar.com\/avatar\/b67e614b1b25b3e9c0c239efdd2fde5ab015b5affd6f1c3c85911ca4b384e790?s=96&d=mm&r=g","caption":"Author"},"sameAs":["http:\/\/vof-news.eu"],"url":"https:\/\/vof-news.eu\/es\/author\/zwt6qxnjulxbnyg\/"}]}},"yoast_meta":{"yoast_wpseo_title":"","yoast_wpseo_metadesc":"","yoast_wpseo_canonical":""},"_links":{"self":[{"href":"https:\/\/vof-news.eu\/es\/wp-json\/wp\/v2\/posts\/245262","targetHints":{"allow":["GET"]}}],"collection":[{"href":"https:\/\/vof-news.eu\/es\/wp-json\/wp\/v2\/posts"}],"about":[{"href":"https:\/\/vof-news.eu\/es\/wp-json\/wp\/v2\/types\/post"}],"author":[{"embeddable":true,"href":"https:\/\/vof-news.eu\/es\/wp-json\/wp\/v2\/users\/1"}],"replies":[{"embeddable":true,"href":"https:\/\/vof-news.eu\/es\/wp-json\/wp\/v2\/comments?post=245262"}],"version-history":[{"count":1,"href":"https:\/\/vof-news.eu\/es\/wp-json\/wp\/v2\/posts\/245262\/revisions"}],"predecessor-version":[{"id":245269,"href":"https:\/\/vof-news.eu\/es\/wp-json\/wp\/v2\/posts\/245262\/revisions\/245269"}],"wp:featuredmedia":[{"embeddable":true,"href":"https:\/\/vof-news.eu\/es\/wp-json\/wp\/v2\/media\/245263"}],"wp:attachment":[{"href":"https:\/\/vof-news.eu\/es\/wp-json\/wp\/v2\/media?parent=245262"}],"wp:term":[{"taxonomy":"category","embeddable":true,"href":"https:\/\/vof-news.eu\/es\/wp-json\/wp\/v2\/categories?post=245262"},{"taxonomy":"post_tag","embeddable":true,"href":"https:\/\/vof-news.eu\/es\/wp-json\/wp\/v2\/tags?post=245262"}],"curies":[{"name":"wp","href":"https:\/\/api.w.org\/{rel}","templated":true}]}}