{"id":244644,"date":"2025-07-01T15:19:09","date_gmt":"2025-07-01T12:19:09","guid":{"rendered":"https:\/\/vof-news.eu\/el-gobierno-transfiere-a-la-nueva-empresa-publica-40-000-viviendas-de-la-sareb-para-destinarlas-a-alquiler-asequible\/"},"modified":"2025-07-01T15:19:49","modified_gmt":"2025-07-01T12:19:49","slug":"el-gobierno-transfiere-a-la-nueva-empresa-publica-40-000-viviendas-de-la-sareb-para-destinarlas-a-alquiler-asequible","status":"publish","type":"post","link":"https:\/\/vof-news.eu\/es\/el-gobierno-transfiere-a-la-nueva-empresa-publica-40-000-viviendas-de-la-sareb-para-destinarlas-a-alquiler-asequible\/","title":{"rendered":"El Gobierno transfiere a la nueva empresa p\u00fablica 40.000 viviendas de la Sareb para destinarlas a alquiler asequible"},"content":{"rendered":"<div>\n<p>\n        El Consejo de Ministros ha aprobado este martes la cesi\u00f3n a la nueva empresa p\u00fablica de vivienda de 40.000 inmuebles de la Sareb, el conocido como banco malo, para ponerlos \u201ca disposici\u00f3n de la ciudadan\u00eda en forma de alquiler asequible\u201d de forma \u201curgente y estrat\u00e9gica\u201d. Este traspaso responde a la intenci\u00f3n de levantar, en torno a la Entidad P\u00fablica del Suelo (Sepes), una <a href=\"https:\/\/www.eldiario.es\/economia\/claves-empresa-publica-gobierno-quiere-construir-vivienda-asequible_1_11871365.html\" rel=\"nofollow\">empresa estatal<\/a>, con capacidad de promover y contruir vivienda a precio asequible, tanto para venta como para alquiler.\n    <\/p>\n<p>\n        \u201cSe trata de poner a disposici\u00f3n de la ciudadan\u00eda estas viviendas en forma de alquiler asequible, por debajo del precio de mercado y, en ning\u00fan caso, superando el 30% de los ingresos de las familias\u201d, ha desarrollado la ministra de Vivienda, Isabel Rodr\u00edguez, que ha incidido en que \u201clo que sirvi\u00f3 para rescatar a los bancos, hoy sirve para rescatar a las familias\u201d. En concreto, el Ejecutivo ha hecho una evaluaci\u00f3n de los activos de la Sareb para comprobar \u201ccu\u00e1les pueden estar lo antes posible\u201d en alquiler.\n    <\/p>\n<p>\n        El presidente del Gobierno, Pedro S\u00e1nchez, ya hab\u00eda anunciado en enero su intenci\u00f3n de incorporar a esta nueva empresa p\u00fablica <a href=\"https:\/\/www.eldiario.es\/economia\/ventajas-fiscales-alquiler-asequible-limites-extranjeros-no-residentes-sistema-publico-garantias-nuevas-medidas-vivienda-gobierno_1_11959199.html\" rel=\"nofollow\">decenas de miles de viviendas<\/a> de la Sareb. \u201cEs una bolsa de inmuebles que se financi\u00f3 con dinero p\u00fablico y que ahora vamos a devolver a la gente\u201d, afirm\u00f3 entonces. Bajo esa premisa, la de recuperar \u201clas casas que nunca debimos perder\u201d, el Ministerio de Vivienda lleva meses trabajando en este cambio de titularidad con el \u201cobjetivo prioritaro\u201d de \u201creconstruir el parque p\u00fablico de vivienda\u201d. \u201cEntre salvar a los bancos o salvar a las familias, nuestro modelo es lo p\u00fablico, salvar a las familias\u201d, ha destacado Rodr\u00edguez.\n    <\/p>\n<p>\n        La Sareb se constituy\u00f3 en 2012, en el contexto del rescate bancario, que cost\u00f3 a los contribuyentes unos 50.000 millones de euros, y ten\u00eda el objetivo de deshacerse de los inmuebles y suelos a los que los bancos no pod\u00edan dar salida tras miles de desahucios. En 2022, el Gobierno incluy\u00f3 en su mandato una funci\u00f3n social, a trav\u00e9s de la cual se han firmado m\u00e1s de 7.700 contratos de alquiler social, seg\u00fan los datos del Ministerio.\n    <\/p>\n<p>\n        Con el traspaso aprobado este martes en el Consejo de Ministros, la empresa p\u00fablica de vivienda sumar\u00e1 m\u00e1s de 40.000 viviendas y cerca de 2.400 suelos, con capacidad para que se edifiquen sobre ellos otras 55.000 viviendas. Seg\u00fan los c\u00e1lculos del Ministerio, este lote tendr\u00eda un valor estimados de 5.900 millones de euros. El cambio de titularidad se hace, ha dicho Rodr\u00edguez, sin coste para el Estado, a trav\u00e9s de \u201cuna donaci\u00f3n, primero a Patrimonio del Estado y despu\u00e9s a la empresa p\u00fablica de vivienda y suelo\u201d.\n    <\/p>\n<p>\n        Vivienda lleva meses perfilando esta acci\u00f3n, con el objetivo de que las casas y suelos que se transfieran sean \u00fatiles ante la crisis residencial que asola al pa\u00eds. En concreto, desde la Comisi\u00f3n Delegada del Gobierno para Asuntos Econ\u00f3micos se han establecido criterios geogr\u00e1ficos, como que est\u00e9n ubicadas en municipios de las \u00e1reas metropolitanas y las islas, con poblaciones superiores a los 5.000 habitantes o de m\u00e1s de 1.000 pero con crecimientos de m\u00e1s del 5% en la \u00faltima d\u00e9cada; econ\u00f3micos, como todas aquellas de hasta 85 metros cuadrados y de hasta 150, si el valor de tasaci\u00f3n no supera en un 40% el de la estad\u00edstica de valor tasado de vivienda; y t\u00e9cnicos, como que los inmuebles no presenten patolog\u00edas estructurales.\n    <\/p>\n<p>\n        Adem\u00e1s, el Gobierno ha habilitado a la empresa p\u00fablica 593 millones de euros para adecuar estas viviendas, desarrollar los suelos adquiridos y continuar con las compras en marcha para, ha dicho Rodr\u00edguez, \u201cconformar ese parque p\u00fablico de vivienda\u201d con car\u00e1cter permanente.\n    <\/p>\n<\/div>\n","protected":false},"excerpt":{"rendered":"<p>El Consejo de Ministros ha aprobado este martes la cesi\u00f3n a la nueva empresa p\u00fablica de vivienda de 40.000 inmuebles de la Sareb, el conocido como banco malo, para ponerlos \u201ca disposici\u00f3n de la ciudadan\u00eda en forma de alquiler asequible\u201d de forma \u201curgente y estrat\u00e9gica\u201d. Este traspaso responde a la intenci\u00f3n de levantar, en torno<\/p>\n","protected":false},"author":1,"featured_media":244645,"comment_status":"open","ping_status":"open","sticky":false,"template":"","format":"standard","meta":{"footnotes":""},"categories":[61],"tags":[],"class_list":["post-244644","post","type-post","status-publish","format-standard","has-post-thumbnail","hentry","category-business-es"],"acf":[],"yoast_head":"<!-- This site is optimized with the Yoast SEO plugin v22.9 - https:\/\/yoast.com\/wordpress\/plugins\/seo\/ -->\n<title>El Gobierno transfiere a la nueva empresa p\u00fablica 40.000 viviendas de la Sareb para destinarlas a alquiler asequible - vof-news.eu<\/title>\n<meta name=\"description\" content=\"El Consejo de Ministros ha aprobado este martes la cesi\u00f3n a la nueva empresa p\u00fablica de vivienda de 40.000 inmuebles de la Sareb, el conocido como banco malo, para ponerlos \u201ca disposici\u00f3n de la ciudadan\u00eda en forma de alquiler asequible\u201d de forma \u201curgente y estrat\u00e9gica\u201d. Este traspaso responde a la intenci\u00f3n de levantar, en torno a la Entidad P\u00fablica del Suelo (Sepes), una empresa estatal, con capacidad de promover y contruir vivienda a precio asequible, tanto para venta como para alquiler.\" \/>\n<meta name=\"robots\" content=\"noindex, follow, max-snippet:-1, max-image-preview:large, max-video-preview:-1\" \/>\n<meta property=\"og:locale\" content=\"es_ES\" \/>\n<meta property=\"og:type\" content=\"article\" \/>\n<meta property=\"og:title\" content=\"El Gobierno transfiere a la nueva empresa p\u00fablica 40.000 viviendas de la Sareb para destinarlas a alquiler asequible - vof-news.eu\" \/>\n<meta property=\"og:description\" content=\"El Consejo de Ministros ha aprobado este martes la cesi\u00f3n a la nueva empresa p\u00fablica de vivienda de 40.000 inmuebles de la Sareb, el conocido como banco malo, para ponerlos \u201ca disposici\u00f3n de la ciudadan\u00eda en forma de alquiler asequible\u201d de forma \u201curgente y estrat\u00e9gica\u201d. Este traspaso responde a la intenci\u00f3n de levantar, en torno a la Entidad P\u00fablica del Suelo (Sepes), una empresa estatal, con capacidad de promover y contruir vivienda a precio asequible, tanto para venta como para alquiler.\" \/>\n<meta property=\"og:url\" content=\"https:\/\/vof-news.eu\/es\/el-gobierno-transfiere-a-la-nueva-empresa-publica-40-000-viviendas-de-la-sareb-para-destinarlas-a-alquiler-asequible\/\" \/>\n<meta property=\"og:site_name\" content=\"vof-news.eu\" \/>\n<meta property=\"article:published_time\" content=\"2025-07-01T12:19:09+00:00\" \/>\n<meta property=\"article:modified_time\" content=\"2025-07-01T12:19:49+00:00\" \/>\n<meta property=\"og:image\" content=\"https:\/\/vof-news.eu\/wp-content\/uploads\/2025\/07\/2e03bf8c-4984-41b3-8579-831a90b45ca7_16-9-discover-aspect-ratio_default_1120885.jpg\" \/>\n\t<meta property=\"og:image:width\" content=\"1200\" \/>\n\t<meta property=\"og:image:height\" content=\"675\" \/>\n\t<meta property=\"og:image:type\" content=\"image\/jpeg\" \/>\n<meta name=\"author\" content=\"Author\" \/>\n<meta name=\"twitter:card\" content=\"summary_large_image\" \/>\n<meta name=\"twitter:label1\" content=\"Escrito por\" \/>\n\t<meta name=\"twitter:data1\" content=\"Author\" \/>\n\t<meta name=\"twitter:label2\" content=\"Tiempo de lectura\" \/>\n\t<meta name=\"twitter:data2\" content=\"3 minutos\" \/>\n<script type=\"application\/ld+json\" class=\"yoast-schema-graph\">{\"@context\":\"https:\/\/schema.org\",\"@graph\":[{\"@type\":\"WebPage\",\"@id\":\"https:\/\/vof-news.eu\/es\/el-gobierno-transfiere-a-la-nueva-empresa-publica-40-000-viviendas-de-la-sareb-para-destinarlas-a-alquiler-asequible\/\",\"url\":\"https:\/\/vof-news.eu\/es\/el-gobierno-transfiere-a-la-nueva-empresa-publica-40-000-viviendas-de-la-sareb-para-destinarlas-a-alquiler-asequible\/\",\"name\":\"El Gobierno transfiere a la nueva empresa p\u00fablica 40.000 viviendas de la Sareb para destinarlas a alquiler asequible - vof-news.eu\",\"isPartOf\":{\"@id\":\"https:\/\/vof-news.eu\/es\/#website\"},\"primaryImageOfPage\":{\"@id\":\"https:\/\/vof-news.eu\/es\/el-gobierno-transfiere-a-la-nueva-empresa-publica-40-000-viviendas-de-la-sareb-para-destinarlas-a-alquiler-asequible\/#primaryimage\"},\"image\":{\"@id\":\"https:\/\/vof-news.eu\/es\/el-gobierno-transfiere-a-la-nueva-empresa-publica-40-000-viviendas-de-la-sareb-para-destinarlas-a-alquiler-asequible\/#primaryimage\"},\"thumbnailUrl\":\"https:\/\/vof-news.eu\/wp-content\/uploads\/2025\/07\/2e03bf8c-4984-41b3-8579-831a90b45ca7_16-9-discover-aspect-ratio_default_1120885.jpg\",\"datePublished\":\"2025-07-01T12:19:09+00:00\",\"dateModified\":\"2025-07-01T12:19:49+00:00\",\"author\":{\"@id\":\"https:\/\/vof-news.eu\/es\/#\/schema\/person\/f6a2a4309f0561835797fd8c19b333ed\"},\"description\":\"El Consejo de Ministros ha aprobado este martes la cesi\u00f3n a la nueva empresa p\u00fablica de vivienda de 40.000 inmuebles de la Sareb, el conocido como banco malo, para ponerlos \u201ca disposici\u00f3n de la ciudadan\u00eda en forma de alquiler asequible\u201d de forma \u201curgente y estrat\u00e9gica\u201d. Este traspaso responde a la intenci\u00f3n de levantar, en torno a la Entidad P\u00fablica del Suelo (Sepes), una empresa estatal, con capacidad de promover y contruir vivienda a precio asequible, tanto para venta como para alquiler.\",\"breadcrumb\":{\"@id\":\"https:\/\/vof-news.eu\/es\/el-gobierno-transfiere-a-la-nueva-empresa-publica-40-000-viviendas-de-la-sareb-para-destinarlas-a-alquiler-asequible\/#breadcrumb\"},\"inLanguage\":\"es\",\"potentialAction\":[{\"@type\":\"ReadAction\",\"target\":[\"https:\/\/vof-news.eu\/es\/el-gobierno-transfiere-a-la-nueva-empresa-publica-40-000-viviendas-de-la-sareb-para-destinarlas-a-alquiler-asequible\/\"]}]},{\"@type\":\"ImageObject\",\"inLanguage\":\"es\",\"@id\":\"https:\/\/vof-news.eu\/es\/el-gobierno-transfiere-a-la-nueva-empresa-publica-40-000-viviendas-de-la-sareb-para-destinarlas-a-alquiler-asequible\/#primaryimage\",\"url\":\"https:\/\/vof-news.eu\/wp-content\/uploads\/2025\/07\/2e03bf8c-4984-41b3-8579-831a90b45ca7_16-9-discover-aspect-ratio_default_1120885.jpg\",\"contentUrl\":\"https:\/\/vof-news.eu\/wp-content\/uploads\/2025\/07\/2e03bf8c-4984-41b3-8579-831a90b45ca7_16-9-discover-aspect-ratio_default_1120885.jpg\",\"width\":1200,\"height\":675},{\"@type\":\"BreadcrumbList\",\"@id\":\"https:\/\/vof-news.eu\/es\/el-gobierno-transfiere-a-la-nueva-empresa-publica-40-000-viviendas-de-la-sareb-para-destinarlas-a-alquiler-asequible\/#breadcrumb\",\"itemListElement\":[{\"@type\":\"ListItem\",\"position\":1,\"name\":\"Home\",\"item\":\"https:\/\/vof-news.eu\/es\/\"},{\"@type\":\"ListItem\",\"position\":2,\"name\":\"El Gobierno transfiere a la nueva empresa p\u00fablica 40.000 viviendas de la Sareb para destinarlas a alquiler asequible\"}]},{\"@type\":\"WebSite\",\"@id\":\"https:\/\/vof-news.eu\/es\/#website\",\"url\":\"https:\/\/vof-news.eu\/es\/\",\"name\":\"vof-news.eu\",\"description\":\"\",\"potentialAction\":[{\"@type\":\"SearchAction\",\"target\":{\"@type\":\"EntryPoint\",\"urlTemplate\":\"https:\/\/vof-news.eu\/es\/?s={search_term_string}\"},\"query-input\":\"required name=search_term_string\"}],\"inLanguage\":\"es\"},{\"@type\":\"Person\",\"@id\":\"https:\/\/vof-news.eu\/es\/#\/schema\/person\/f6a2a4309f0561835797fd8c19b333ed\",\"name\":\"Author\",\"image\":{\"@type\":\"ImageObject\",\"inLanguage\":\"es\",\"@id\":\"https:\/\/vof-news.eu\/es\/#\/schema\/person\/image\/\",\"url\":\"https:\/\/secure.gravatar.com\/avatar\/b67e614b1b25b3e9c0c239efdd2fde5ab015b5affd6f1c3c85911ca4b384e790?s=96&d=mm&r=g\",\"contentUrl\":\"https:\/\/secure.gravatar.com\/avatar\/b67e614b1b25b3e9c0c239efdd2fde5ab015b5affd6f1c3c85911ca4b384e790?s=96&d=mm&r=g\",\"caption\":\"Author\"},\"sameAs\":[\"http:\/\/vof-news.eu\"],\"url\":\"https:\/\/vof-news.eu\/es\/author\/zwt6qxnjulxbnyg\/\"}]}<\/script>\n<!-- \/ Yoast SEO plugin. -->","yoast_head_json":{"title":"El Gobierno transfiere a la nueva empresa p\u00fablica 40.000 viviendas de la Sareb para destinarlas a alquiler asequible - vof-news.eu","description":"El Consejo de Ministros ha aprobado este martes la cesi\u00f3n a la nueva empresa p\u00fablica de vivienda de 40.000 inmuebles de la Sareb, el conocido como banco malo, para ponerlos \u201ca disposici\u00f3n de la ciudadan\u00eda en forma de alquiler asequible\u201d de forma \u201curgente y estrat\u00e9gica\u201d. Este traspaso responde a la intenci\u00f3n de levantar, en torno a la Entidad P\u00fablica del Suelo (Sepes), una empresa estatal, con capacidad de promover y contruir vivienda a precio asequible, tanto para venta como para alquiler.","robots":{"index":"noindex","follow":"follow","max-snippet":"max-snippet:-1","max-image-preview":"max-image-preview:large","max-video-preview":"max-video-preview:-1"},"og_locale":"es_ES","og_type":"article","og_title":"El Gobierno transfiere a la nueva empresa p\u00fablica 40.000 viviendas de la Sareb para destinarlas a alquiler asequible - vof-news.eu","og_description":"El Consejo de Ministros ha aprobado este martes la cesi\u00f3n a la nueva empresa p\u00fablica de vivienda de 40.000 inmuebles de la Sareb, el conocido como banco malo, para ponerlos \u201ca disposici\u00f3n de la ciudadan\u00eda en forma de alquiler asequible\u201d de forma \u201curgente y estrat\u00e9gica\u201d. Este traspaso responde a la intenci\u00f3n de levantar, en torno a la Entidad P\u00fablica del Suelo (Sepes), una empresa estatal, con capacidad de promover y contruir vivienda a precio asequible, tanto para venta como para alquiler.","og_url":"https:\/\/vof-news.eu\/es\/el-gobierno-transfiere-a-la-nueva-empresa-publica-40-000-viviendas-de-la-sareb-para-destinarlas-a-alquiler-asequible\/","og_site_name":"vof-news.eu","article_published_time":"2025-07-01T12:19:09+00:00","article_modified_time":"2025-07-01T12:19:49+00:00","og_image":[{"width":1200,"height":675,"url":"https:\/\/vof-news.eu\/wp-content\/uploads\/2025\/07\/2e03bf8c-4984-41b3-8579-831a90b45ca7_16-9-discover-aspect-ratio_default_1120885.jpg","type":"image\/jpeg"}],"author":"Author","twitter_card":"summary_large_image","twitter_misc":{"Escrito por":"Author","Tiempo de lectura":"3 minutos"},"schema":{"@context":"https:\/\/schema.org","@graph":[{"@type":"WebPage","@id":"https:\/\/vof-news.eu\/es\/el-gobierno-transfiere-a-la-nueva-empresa-publica-40-000-viviendas-de-la-sareb-para-destinarlas-a-alquiler-asequible\/","url":"https:\/\/vof-news.eu\/es\/el-gobierno-transfiere-a-la-nueva-empresa-publica-40-000-viviendas-de-la-sareb-para-destinarlas-a-alquiler-asequible\/","name":"El Gobierno transfiere a la nueva empresa p\u00fablica 40.000 viviendas de la Sareb para destinarlas a alquiler asequible - vof-news.eu","isPartOf":{"@id":"https:\/\/vof-news.eu\/es\/#website"},"primaryImageOfPage":{"@id":"https:\/\/vof-news.eu\/es\/el-gobierno-transfiere-a-la-nueva-empresa-publica-40-000-viviendas-de-la-sareb-para-destinarlas-a-alquiler-asequible\/#primaryimage"},"image":{"@id":"https:\/\/vof-news.eu\/es\/el-gobierno-transfiere-a-la-nueva-empresa-publica-40-000-viviendas-de-la-sareb-para-destinarlas-a-alquiler-asequible\/#primaryimage"},"thumbnailUrl":"https:\/\/vof-news.eu\/wp-content\/uploads\/2025\/07\/2e03bf8c-4984-41b3-8579-831a90b45ca7_16-9-discover-aspect-ratio_default_1120885.jpg","datePublished":"2025-07-01T12:19:09+00:00","dateModified":"2025-07-01T12:19:49+00:00","author":{"@id":"https:\/\/vof-news.eu\/es\/#\/schema\/person\/f6a2a4309f0561835797fd8c19b333ed"},"description":"El Consejo de Ministros ha aprobado este martes la cesi\u00f3n a la nueva empresa p\u00fablica de vivienda de 40.000 inmuebles de la Sareb, el conocido como banco malo, para ponerlos \u201ca disposici\u00f3n de la ciudadan\u00eda en forma de alquiler asequible\u201d de forma \u201curgente y estrat\u00e9gica\u201d. Este traspaso responde a la intenci\u00f3n de levantar, en torno a la Entidad P\u00fablica del Suelo (Sepes), una empresa estatal, con capacidad de promover y contruir vivienda a precio asequible, tanto para venta como para alquiler.","breadcrumb":{"@id":"https:\/\/vof-news.eu\/es\/el-gobierno-transfiere-a-la-nueva-empresa-publica-40-000-viviendas-de-la-sareb-para-destinarlas-a-alquiler-asequible\/#breadcrumb"},"inLanguage":"es","potentialAction":[{"@type":"ReadAction","target":["https:\/\/vof-news.eu\/es\/el-gobierno-transfiere-a-la-nueva-empresa-publica-40-000-viviendas-de-la-sareb-para-destinarlas-a-alquiler-asequible\/"]}]},{"@type":"ImageObject","inLanguage":"es","@id":"https:\/\/vof-news.eu\/es\/el-gobierno-transfiere-a-la-nueva-empresa-publica-40-000-viviendas-de-la-sareb-para-destinarlas-a-alquiler-asequible\/#primaryimage","url":"https:\/\/vof-news.eu\/wp-content\/uploads\/2025\/07\/2e03bf8c-4984-41b3-8579-831a90b45ca7_16-9-discover-aspect-ratio_default_1120885.jpg","contentUrl":"https:\/\/vof-news.eu\/wp-content\/uploads\/2025\/07\/2e03bf8c-4984-41b3-8579-831a90b45ca7_16-9-discover-aspect-ratio_default_1120885.jpg","width":1200,"height":675},{"@type":"BreadcrumbList","@id":"https:\/\/vof-news.eu\/es\/el-gobierno-transfiere-a-la-nueva-empresa-publica-40-000-viviendas-de-la-sareb-para-destinarlas-a-alquiler-asequible\/#breadcrumb","itemListElement":[{"@type":"ListItem","position":1,"name":"Home","item":"https:\/\/vof-news.eu\/es\/"},{"@type":"ListItem","position":2,"name":"El Gobierno transfiere a la nueva empresa p\u00fablica 40.000 viviendas de la Sareb para destinarlas a alquiler asequible"}]},{"@type":"WebSite","@id":"https:\/\/vof-news.eu\/es\/#website","url":"https:\/\/vof-news.eu\/es\/","name":"vof-news.eu","description":"","potentialAction":[{"@type":"SearchAction","target":{"@type":"EntryPoint","urlTemplate":"https:\/\/vof-news.eu\/es\/?s={search_term_string}"},"query-input":"required name=search_term_string"}],"inLanguage":"es"},{"@type":"Person","@id":"https:\/\/vof-news.eu\/es\/#\/schema\/person\/f6a2a4309f0561835797fd8c19b333ed","name":"Author","image":{"@type":"ImageObject","inLanguage":"es","@id":"https:\/\/vof-news.eu\/es\/#\/schema\/person\/image\/","url":"https:\/\/secure.gravatar.com\/avatar\/b67e614b1b25b3e9c0c239efdd2fde5ab015b5affd6f1c3c85911ca4b384e790?s=96&d=mm&r=g","contentUrl":"https:\/\/secure.gravatar.com\/avatar\/b67e614b1b25b3e9c0c239efdd2fde5ab015b5affd6f1c3c85911ca4b384e790?s=96&d=mm&r=g","caption":"Author"},"sameAs":["http:\/\/vof-news.eu"],"url":"https:\/\/vof-news.eu\/es\/author\/zwt6qxnjulxbnyg\/"}]}},"yoast_meta":{"yoast_wpseo_title":"","yoast_wpseo_metadesc":"","yoast_wpseo_canonical":""},"_links":{"self":[{"href":"https:\/\/vof-news.eu\/es\/wp-json\/wp\/v2\/posts\/244644","targetHints":{"allow":["GET"]}}],"collection":[{"href":"https:\/\/vof-news.eu\/es\/wp-json\/wp\/v2\/posts"}],"about":[{"href":"https:\/\/vof-news.eu\/es\/wp-json\/wp\/v2\/types\/post"}],"author":[{"embeddable":true,"href":"https:\/\/vof-news.eu\/es\/wp-json\/wp\/v2\/users\/1"}],"replies":[{"embeddable":true,"href":"https:\/\/vof-news.eu\/es\/wp-json\/wp\/v2\/comments?post=244644"}],"version-history":[{"count":1,"href":"https:\/\/vof-news.eu\/es\/wp-json\/wp\/v2\/posts\/244644\/revisions"}],"predecessor-version":[{"id":244657,"href":"https:\/\/vof-news.eu\/es\/wp-json\/wp\/v2\/posts\/244644\/revisions\/244657"}],"wp:featuredmedia":[{"embeddable":true,"href":"https:\/\/vof-news.eu\/es\/wp-json\/wp\/v2\/media\/244645"}],"wp:attachment":[{"href":"https:\/\/vof-news.eu\/es\/wp-json\/wp\/v2\/media?parent=244644"}],"wp:term":[{"taxonomy":"category","embeddable":true,"href":"https:\/\/vof-news.eu\/es\/wp-json\/wp\/v2\/categories?post=244644"},{"taxonomy":"post_tag","embeddable":true,"href":"https:\/\/vof-news.eu\/es\/wp-json\/wp\/v2\/tags?post=244644"}],"curies":[{"name":"wp","href":"https:\/\/api.w.org\/{rel}","templated":true}]}}