{"id":244445,"date":"2025-07-01T11:19:44","date_gmt":"2025-07-01T08:19:44","guid":{"rendered":"https:\/\/vof-news.eu\/cuando-se-cobra-ingreso-minimo-vital-en-julio-de-2025-fecha-de-ingreso-en-los-bancos\/"},"modified":"2025-07-01T11:20:00","modified_gmt":"2025-07-01T08:20:00","slug":"cuando-se-cobra-ingreso-minimo-vital-en-julio-de-2025-fecha-de-ingreso-en-los-bancos","status":"publish","type":"post","link":"https:\/\/vof-news.eu\/es\/cuando-se-cobra-ingreso-minimo-vital-en-julio-de-2025-fecha-de-ingreso-en-los-bancos\/","title":{"rendered":"Cu\u00e1ndo se cobra Ingreso M\u00ednimo Vital en julio de 2025: fecha de ingreso en los bancos"},"content":{"rendered":"<div>\n<p>\n        Con la entrada del mes de julio, miles de hogares que reciben el Ingreso M\u00ednimo Vital (IMV) est\u00e1n pendientes de la fecha exacta en la que esta ayuda econ\u00f3mica se har\u00e1 efectiva en sus cuentas. Esta prestaci\u00f3n, gestionada por el Instituto Nacional de la Seguridad Social (INSS), se ha convertido en un recurso clave para muchas personas que no disponen de ingresos suficientes para afrontar sus gastos m\u00e1s b\u00e1sicos.\n    <\/p>\n<p>\n        Como cada mes, la atenci\u00f3n se centra en el momento del ingreso, que no es uniforme y puede variar seg\u00fan el banco con el que opere cada beneficiario. Seg\u00fan la normativa vigente, el IMV se abona de forma mensual y con car\u00e1cter vencido, lo que significa que el importe correspondiente a junio se transfiere durante los primeros d\u00edas de julio.\n    <\/p>\n<p>\n        Aunque no existe un d\u00eda \u00fanico de ingreso oficial, la Tesorer\u00eda General de la Seguridad Social (TGSS) suele realizar estos pagos entre los d\u00edas 1 y 4 del mes, conforme al funcionamiento habitual del sistema. Sin embargo, el calendario real de cobro puede no coincidir exactamente con esas fechas en todos los casos, ya que algunas entidades bancarias adelantan el abono por decisi\u00f3n propia.\n    <\/p>\n<p>\n        Esta variabilidad genera diferencias entre perceptores que tienen derecho a la misma ayuda, pero ven el ingreso reflejado en distintos momentos. Por este motivo, es habitual que cada mes surjan dudas sobre cu\u00e1ndo se cobra el IMV y por qu\u00e9 el dinero aparece antes en unas cuentas que en otras. Conocer los patrones de comportamiento de cada banco y seguir de cerca los canales oficiales de informaci\u00f3n permite a los beneficiarios organizar mejor su econom\u00eda dom\u00e9stica y planificar los pagos esenciales con mayor previsi\u00f3n.\n    <\/p>\n<h2>\u00bfEn qu\u00e9 consiste esta ayuda y qui\u00e9nes pueden solicitarla?<\/h2>\n<p>\n        El Ingreso M\u00ednimo Vital (IMV) es una prestaci\u00f3n econ\u00f3mica de car\u00e1cter mensual y no contributivo, gestionada por la Seguridad Social, que tiene como finalidad garantizar un umbral m\u00ednimo de ingresos a personas y hogares con recursos insuficientes. Est\u00e1 dirigido tanto a personas que viven solas como a unidades de convivencia formadas por varios miembros, adapt\u00e1ndose a la situaci\u00f3n concreta de cada solicitante.\n    <\/p>\n<p>\n        La ayuda puede ser solicitada por personas mayores de 23 a\u00f1os, o mayores de edad con menores a cargo, que residan de forma legal y continuada en Espa\u00f1a. Tambi\u00e9n pueden acceder extranjeros con permiso de residencia, siempre que cumplan los requisitos exigidos sobre empadronamiento, patrimonio y nivel de renta.\n    <\/p>\n<p>\n        La solicitud se tramita a trav\u00e9s del Instituto Nacional de la Seguridad Social, y, en caso de aprobaci\u00f3n, la prestaci\u00f3n se concede con efectos retroactivos desde el mes siguiente a su presentaci\u00f3n. El IMV puede compatibilizarse con determinadas rentas laborales en situaciones concretas, sin que ello implique la p\u00e9rdida autom\u00e1tica de la ayuda.\n    <\/p>\n<h2>Diferencias en las fechas de abono seg\u00fan el banco<\/h2>\n<p>\n        Aunque la Seguridad Social establece un rango para el abono del IMV entre los d\u00edas 1 y 4 de cada mes, la fecha concreta en la que el ingreso est\u00e1 disponible depende en gran medida de la entidad bancaria con la que el beneficiario tenga domiciliada la ayuda. Algunas entidades aplican pol\u00edticas de adelanto del pago, lo que permite que el dinero llegue a las cuentas incluso antes de que comience oficialmente el mes.\n    <\/p>\n<p>\n        Entre los bancos que habitualmente anticipan el abono del IMV se encuentran CaixaBank, BBVA, Banco Santander, ING, Abanca, Bankinter, Banco Sabadell, Unicaja, Caja Rural y Cajasur. Estas entidades est\u00e1n integradas en el sistema de Cuenta \u00danica Centralizada de la Seguridad Social, lo que les permite conocer con antelaci\u00f3n qu\u00e9 beneficiarios recibir\u00e1n la prestaci\u00f3n y cu\u00e1l ser\u00e1 el importe correspondiente.\n    <\/p>\n<p>\n        En cambio, otros bancos pueden realizar el ingreso m\u00e1s tarde, ajust\u00e1ndose estrictamente al calendario oficial. Esta diferencia no afecta a la cuant\u00eda ni implica p\u00e9rdida de derechos, pero s\u00ed puede condicionar la planificaci\u00f3n econ\u00f3mica de quienes dependen de este ingreso para afrontar pagos inmediatos. Por este motivo, los beneficiarios deben tener en cuenta que, aunque tengan aprobado el derecho a la ayuda, el d\u00eda exacto en el que ver\u00e1n reflejado el ingreso puede variar seg\u00fan la operativa del banco.\n    <\/p>\n<\/div>\n","protected":false},"excerpt":{"rendered":"<p>Con la entrada del mes de julio, miles de hogares que reciben el Ingreso M\u00ednimo Vital (IMV) est\u00e1n pendientes de la fecha exacta en la que esta ayuda econ\u00f3mica se har\u00e1 efectiva en sus cuentas. Esta prestaci\u00f3n, gestionada por el Instituto Nacional de la Seguridad Social (INSS), se ha convertido en un recurso clave para<\/p>\n","protected":false},"author":1,"featured_media":244446,"comment_status":"open","ping_status":"open","sticky":false,"template":"","format":"standard","meta":{"footnotes":""},"categories":[61],"tags":[],"class_list":["post-244445","post","type-post","status-publish","format-standard","has-post-thumbnail","hentry","category-business-es"],"acf":[],"yoast_head":"<!-- This site is optimized with the Yoast SEO plugin v22.9 - https:\/\/yoast.com\/wordpress\/plugins\/seo\/ -->\n<title>Cu\u00e1ndo se cobra Ingreso M\u00ednimo Vital en julio de 2025: fecha de ingreso en los bancos - vof-news.eu<\/title>\n<meta name=\"description\" content=\"Con la entrada del mes de julio, miles de hogares que reciben el Ingreso M\u00ednimo Vital (IMV) est\u00e1n pendientes de la fecha exacta en la que esta ayuda econ\u00f3mica se har\u00e1 efectiva en sus cuentas. Esta prestaci\u00f3n, gestionada por el Instituto Nacional de la Seguridad Social (INSS), se ha convertido en un recurso clave para muchas personas que no disponen de ingresos suficientes para afrontar sus gastos m\u00e1s b\u00e1sicos.\" \/>\n<meta name=\"robots\" content=\"noindex, follow, max-snippet:-1, max-image-preview:large, max-video-preview:-1\" \/>\n<meta property=\"og:locale\" content=\"es_ES\" \/>\n<meta property=\"og:type\" content=\"article\" \/>\n<meta property=\"og:title\" content=\"Cu\u00e1ndo se cobra Ingreso M\u00ednimo Vital en julio de 2025: fecha de ingreso en los bancos - vof-news.eu\" \/>\n<meta property=\"og:description\" content=\"Con la entrada del mes de julio, miles de hogares que reciben el Ingreso M\u00ednimo Vital (IMV) est\u00e1n pendientes de la fecha exacta en la que esta ayuda econ\u00f3mica se har\u00e1 efectiva en sus cuentas. Esta prestaci\u00f3n, gestionada por el Instituto Nacional de la Seguridad Social (INSS), se ha convertido en un recurso clave para muchas personas que no disponen de ingresos suficientes para afrontar sus gastos m\u00e1s b\u00e1sicos.\" \/>\n<meta property=\"og:url\" content=\"https:\/\/vof-news.eu\/es\/cuando-se-cobra-ingreso-minimo-vital-en-julio-de-2025-fecha-de-ingreso-en-los-bancos\/\" \/>\n<meta property=\"og:site_name\" content=\"vof-news.eu\" \/>\n<meta property=\"article:published_time\" content=\"2025-07-01T08:19:44+00:00\" \/>\n<meta property=\"article:modified_time\" content=\"2025-07-01T08:20:00+00:00\" \/>\n<meta property=\"og:image\" content=\"https:\/\/vof-news.eu\/wp-content\/uploads\/2025\/07\/017b544d-e719-477d-a18f-f987ce66588a_16-9-discover-aspect-ratio_default_0-1.jpg\" \/>\n\t<meta property=\"og:image:width\" content=\"1200\" \/>\n\t<meta property=\"og:image:height\" content=\"675\" \/>\n\t<meta property=\"og:image:type\" content=\"image\/jpeg\" \/>\n<meta name=\"author\" content=\"Author\" \/>\n<meta name=\"twitter:card\" content=\"summary_large_image\" \/>\n<meta name=\"twitter:label1\" content=\"Escrito por\" \/>\n\t<meta name=\"twitter:data1\" content=\"Author\" \/>\n\t<meta name=\"twitter:label2\" content=\"Tiempo de lectura\" \/>\n\t<meta name=\"twitter:data2\" content=\"4 minutos\" \/>\n<script type=\"application\/ld+json\" class=\"yoast-schema-graph\">{\"@context\":\"https:\/\/schema.org\",\"@graph\":[{\"@type\":\"WebPage\",\"@id\":\"https:\/\/vof-news.eu\/es\/cuando-se-cobra-ingreso-minimo-vital-en-julio-de-2025-fecha-de-ingreso-en-los-bancos\/\",\"url\":\"https:\/\/vof-news.eu\/es\/cuando-se-cobra-ingreso-minimo-vital-en-julio-de-2025-fecha-de-ingreso-en-los-bancos\/\",\"name\":\"Cu\u00e1ndo se cobra Ingreso M\u00ednimo Vital en julio de 2025: fecha de ingreso en los bancos - vof-news.eu\",\"isPartOf\":{\"@id\":\"https:\/\/vof-news.eu\/es\/#website\"},\"primaryImageOfPage\":{\"@id\":\"https:\/\/vof-news.eu\/es\/cuando-se-cobra-ingreso-minimo-vital-en-julio-de-2025-fecha-de-ingreso-en-los-bancos\/#primaryimage\"},\"image\":{\"@id\":\"https:\/\/vof-news.eu\/es\/cuando-se-cobra-ingreso-minimo-vital-en-julio-de-2025-fecha-de-ingreso-en-los-bancos\/#primaryimage\"},\"thumbnailUrl\":\"https:\/\/vof-news.eu\/wp-content\/uploads\/2025\/07\/017b544d-e719-477d-a18f-f987ce66588a_16-9-discover-aspect-ratio_default_0-1.jpg\",\"datePublished\":\"2025-07-01T08:19:44+00:00\",\"dateModified\":\"2025-07-01T08:20:00+00:00\",\"author\":{\"@id\":\"https:\/\/vof-news.eu\/es\/#\/schema\/person\/f6a2a4309f0561835797fd8c19b333ed\"},\"description\":\"Con la entrada del mes de julio, miles de hogares que reciben el Ingreso M\u00ednimo Vital (IMV) est\u00e1n pendientes de la fecha exacta en la que esta ayuda econ\u00f3mica se har\u00e1 efectiva en sus cuentas. Esta prestaci\u00f3n, gestionada por el Instituto Nacional de la Seguridad Social (INSS), se ha convertido en un recurso clave para muchas personas que no disponen de ingresos suficientes para afrontar sus gastos m\u00e1s b\u00e1sicos.\",\"breadcrumb\":{\"@id\":\"https:\/\/vof-news.eu\/es\/cuando-se-cobra-ingreso-minimo-vital-en-julio-de-2025-fecha-de-ingreso-en-los-bancos\/#breadcrumb\"},\"inLanguage\":\"es\",\"potentialAction\":[{\"@type\":\"ReadAction\",\"target\":[\"https:\/\/vof-news.eu\/es\/cuando-se-cobra-ingreso-minimo-vital-en-julio-de-2025-fecha-de-ingreso-en-los-bancos\/\"]}]},{\"@type\":\"ImageObject\",\"inLanguage\":\"es\",\"@id\":\"https:\/\/vof-news.eu\/es\/cuando-se-cobra-ingreso-minimo-vital-en-julio-de-2025-fecha-de-ingreso-en-los-bancos\/#primaryimage\",\"url\":\"https:\/\/vof-news.eu\/wp-content\/uploads\/2025\/07\/017b544d-e719-477d-a18f-f987ce66588a_16-9-discover-aspect-ratio_default_0-1.jpg\",\"contentUrl\":\"https:\/\/vof-news.eu\/wp-content\/uploads\/2025\/07\/017b544d-e719-477d-a18f-f987ce66588a_16-9-discover-aspect-ratio_default_0-1.jpg\",\"width\":1200,\"height\":675},{\"@type\":\"BreadcrumbList\",\"@id\":\"https:\/\/vof-news.eu\/es\/cuando-se-cobra-ingreso-minimo-vital-en-julio-de-2025-fecha-de-ingreso-en-los-bancos\/#breadcrumb\",\"itemListElement\":[{\"@type\":\"ListItem\",\"position\":1,\"name\":\"Home\",\"item\":\"https:\/\/vof-news.eu\/es\/\"},{\"@type\":\"ListItem\",\"position\":2,\"name\":\"Cu\u00e1ndo se cobra Ingreso M\u00ednimo Vital en julio de 2025: fecha de ingreso en los bancos\"}]},{\"@type\":\"WebSite\",\"@id\":\"https:\/\/vof-news.eu\/es\/#website\",\"url\":\"https:\/\/vof-news.eu\/es\/\",\"name\":\"vof-news.eu\",\"description\":\"\",\"potentialAction\":[{\"@type\":\"SearchAction\",\"target\":{\"@type\":\"EntryPoint\",\"urlTemplate\":\"https:\/\/vof-news.eu\/es\/?s={search_term_string}\"},\"query-input\":\"required name=search_term_string\"}],\"inLanguage\":\"es\"},{\"@type\":\"Person\",\"@id\":\"https:\/\/vof-news.eu\/es\/#\/schema\/person\/f6a2a4309f0561835797fd8c19b333ed\",\"name\":\"Author\",\"image\":{\"@type\":\"ImageObject\",\"inLanguage\":\"es\",\"@id\":\"https:\/\/vof-news.eu\/es\/#\/schema\/person\/image\/\",\"url\":\"https:\/\/secure.gravatar.com\/avatar\/b67e614b1b25b3e9c0c239efdd2fde5ab015b5affd6f1c3c85911ca4b384e790?s=96&d=mm&r=g\",\"contentUrl\":\"https:\/\/secure.gravatar.com\/avatar\/b67e614b1b25b3e9c0c239efdd2fde5ab015b5affd6f1c3c85911ca4b384e790?s=96&d=mm&r=g\",\"caption\":\"Author\"},\"sameAs\":[\"http:\/\/vof-news.eu\"],\"url\":\"https:\/\/vof-news.eu\/es\/author\/zwt6qxnjulxbnyg\/\"}]}<\/script>\n<!-- \/ Yoast SEO plugin. -->","yoast_head_json":{"title":"Cu\u00e1ndo se cobra Ingreso M\u00ednimo Vital en julio de 2025: fecha de ingreso en los bancos - vof-news.eu","description":"Con la entrada del mes de julio, miles de hogares que reciben el Ingreso M\u00ednimo Vital (IMV) est\u00e1n pendientes de la fecha exacta en la que esta ayuda econ\u00f3mica se har\u00e1 efectiva en sus cuentas. Esta prestaci\u00f3n, gestionada por el Instituto Nacional de la Seguridad Social (INSS), se ha convertido en un recurso clave para muchas personas que no disponen de ingresos suficientes para afrontar sus gastos m\u00e1s b\u00e1sicos.","robots":{"index":"noindex","follow":"follow","max-snippet":"max-snippet:-1","max-image-preview":"max-image-preview:large","max-video-preview":"max-video-preview:-1"},"og_locale":"es_ES","og_type":"article","og_title":"Cu\u00e1ndo se cobra Ingreso M\u00ednimo Vital en julio de 2025: fecha de ingreso en los bancos - vof-news.eu","og_description":"Con la entrada del mes de julio, miles de hogares que reciben el Ingreso M\u00ednimo Vital (IMV) est\u00e1n pendientes de la fecha exacta en la que esta ayuda econ\u00f3mica se har\u00e1 efectiva en sus cuentas. Esta prestaci\u00f3n, gestionada por el Instituto Nacional de la Seguridad Social (INSS), se ha convertido en un recurso clave para muchas personas que no disponen de ingresos suficientes para afrontar sus gastos m\u00e1s b\u00e1sicos.","og_url":"https:\/\/vof-news.eu\/es\/cuando-se-cobra-ingreso-minimo-vital-en-julio-de-2025-fecha-de-ingreso-en-los-bancos\/","og_site_name":"vof-news.eu","article_published_time":"2025-07-01T08:19:44+00:00","article_modified_time":"2025-07-01T08:20:00+00:00","og_image":[{"width":1200,"height":675,"url":"https:\/\/vof-news.eu\/wp-content\/uploads\/2025\/07\/017b544d-e719-477d-a18f-f987ce66588a_16-9-discover-aspect-ratio_default_0-1.jpg","type":"image\/jpeg"}],"author":"Author","twitter_card":"summary_large_image","twitter_misc":{"Escrito por":"Author","Tiempo de lectura":"4 minutos"},"schema":{"@context":"https:\/\/schema.org","@graph":[{"@type":"WebPage","@id":"https:\/\/vof-news.eu\/es\/cuando-se-cobra-ingreso-minimo-vital-en-julio-de-2025-fecha-de-ingreso-en-los-bancos\/","url":"https:\/\/vof-news.eu\/es\/cuando-se-cobra-ingreso-minimo-vital-en-julio-de-2025-fecha-de-ingreso-en-los-bancos\/","name":"Cu\u00e1ndo se cobra Ingreso M\u00ednimo Vital en julio de 2025: fecha de ingreso en los bancos - vof-news.eu","isPartOf":{"@id":"https:\/\/vof-news.eu\/es\/#website"},"primaryImageOfPage":{"@id":"https:\/\/vof-news.eu\/es\/cuando-se-cobra-ingreso-minimo-vital-en-julio-de-2025-fecha-de-ingreso-en-los-bancos\/#primaryimage"},"image":{"@id":"https:\/\/vof-news.eu\/es\/cuando-se-cobra-ingreso-minimo-vital-en-julio-de-2025-fecha-de-ingreso-en-los-bancos\/#primaryimage"},"thumbnailUrl":"https:\/\/vof-news.eu\/wp-content\/uploads\/2025\/07\/017b544d-e719-477d-a18f-f987ce66588a_16-9-discover-aspect-ratio_default_0-1.jpg","datePublished":"2025-07-01T08:19:44+00:00","dateModified":"2025-07-01T08:20:00+00:00","author":{"@id":"https:\/\/vof-news.eu\/es\/#\/schema\/person\/f6a2a4309f0561835797fd8c19b333ed"},"description":"Con la entrada del mes de julio, miles de hogares que reciben el Ingreso M\u00ednimo Vital (IMV) est\u00e1n pendientes de la fecha exacta en la que esta ayuda econ\u00f3mica se har\u00e1 efectiva en sus cuentas. Esta prestaci\u00f3n, gestionada por el Instituto Nacional de la Seguridad Social (INSS), se ha convertido en un recurso clave para muchas personas que no disponen de ingresos suficientes para afrontar sus gastos m\u00e1s b\u00e1sicos.","breadcrumb":{"@id":"https:\/\/vof-news.eu\/es\/cuando-se-cobra-ingreso-minimo-vital-en-julio-de-2025-fecha-de-ingreso-en-los-bancos\/#breadcrumb"},"inLanguage":"es","potentialAction":[{"@type":"ReadAction","target":["https:\/\/vof-news.eu\/es\/cuando-se-cobra-ingreso-minimo-vital-en-julio-de-2025-fecha-de-ingreso-en-los-bancos\/"]}]},{"@type":"ImageObject","inLanguage":"es","@id":"https:\/\/vof-news.eu\/es\/cuando-se-cobra-ingreso-minimo-vital-en-julio-de-2025-fecha-de-ingreso-en-los-bancos\/#primaryimage","url":"https:\/\/vof-news.eu\/wp-content\/uploads\/2025\/07\/017b544d-e719-477d-a18f-f987ce66588a_16-9-discover-aspect-ratio_default_0-1.jpg","contentUrl":"https:\/\/vof-news.eu\/wp-content\/uploads\/2025\/07\/017b544d-e719-477d-a18f-f987ce66588a_16-9-discover-aspect-ratio_default_0-1.jpg","width":1200,"height":675},{"@type":"BreadcrumbList","@id":"https:\/\/vof-news.eu\/es\/cuando-se-cobra-ingreso-minimo-vital-en-julio-de-2025-fecha-de-ingreso-en-los-bancos\/#breadcrumb","itemListElement":[{"@type":"ListItem","position":1,"name":"Home","item":"https:\/\/vof-news.eu\/es\/"},{"@type":"ListItem","position":2,"name":"Cu\u00e1ndo se cobra Ingreso M\u00ednimo Vital en julio de 2025: fecha de ingreso en los bancos"}]},{"@type":"WebSite","@id":"https:\/\/vof-news.eu\/es\/#website","url":"https:\/\/vof-news.eu\/es\/","name":"vof-news.eu","description":"","potentialAction":[{"@type":"SearchAction","target":{"@type":"EntryPoint","urlTemplate":"https:\/\/vof-news.eu\/es\/?s={search_term_string}"},"query-input":"required name=search_term_string"}],"inLanguage":"es"},{"@type":"Person","@id":"https:\/\/vof-news.eu\/es\/#\/schema\/person\/f6a2a4309f0561835797fd8c19b333ed","name":"Author","image":{"@type":"ImageObject","inLanguage":"es","@id":"https:\/\/vof-news.eu\/es\/#\/schema\/person\/image\/","url":"https:\/\/secure.gravatar.com\/avatar\/b67e614b1b25b3e9c0c239efdd2fde5ab015b5affd6f1c3c85911ca4b384e790?s=96&d=mm&r=g","contentUrl":"https:\/\/secure.gravatar.com\/avatar\/b67e614b1b25b3e9c0c239efdd2fde5ab015b5affd6f1c3c85911ca4b384e790?s=96&d=mm&r=g","caption":"Author"},"sameAs":["http:\/\/vof-news.eu"],"url":"https:\/\/vof-news.eu\/es\/author\/zwt6qxnjulxbnyg\/"}]}},"yoast_meta":{"yoast_wpseo_title":"","yoast_wpseo_metadesc":"","yoast_wpseo_canonical":""},"_links":{"self":[{"href":"https:\/\/vof-news.eu\/es\/wp-json\/wp\/v2\/posts\/244445","targetHints":{"allow":["GET"]}}],"collection":[{"href":"https:\/\/vof-news.eu\/es\/wp-json\/wp\/v2\/posts"}],"about":[{"href":"https:\/\/vof-news.eu\/es\/wp-json\/wp\/v2\/types\/post"}],"author":[{"embeddable":true,"href":"https:\/\/vof-news.eu\/es\/wp-json\/wp\/v2\/users\/1"}],"replies":[{"embeddable":true,"href":"https:\/\/vof-news.eu\/es\/wp-json\/wp\/v2\/comments?post=244445"}],"version-history":[{"count":1,"href":"https:\/\/vof-news.eu\/es\/wp-json\/wp\/v2\/posts\/244445\/revisions"}],"predecessor-version":[{"id":244452,"href":"https:\/\/vof-news.eu\/es\/wp-json\/wp\/v2\/posts\/244445\/revisions\/244452"}],"wp:featuredmedia":[{"embeddable":true,"href":"https:\/\/vof-news.eu\/es\/wp-json\/wp\/v2\/media\/244446"}],"wp:attachment":[{"href":"https:\/\/vof-news.eu\/es\/wp-json\/wp\/v2\/media?parent=244445"}],"wp:term":[{"taxonomy":"category","embeddable":true,"href":"https:\/\/vof-news.eu\/es\/wp-json\/wp\/v2\/categories?post=244445"},{"taxonomy":"post_tag","embeddable":true,"href":"https:\/\/vof-news.eu\/es\/wp-json\/wp\/v2\/tags?post=244445"}],"curies":[{"name":"wp","href":"https:\/\/api.w.org\/{rel}","templated":true}]}}