{"id":244437,"date":"2025-07-01T11:18:38","date_gmt":"2025-07-01T08:18:38","guid":{"rendered":"https:\/\/vof-news.eu\/adif-retrasa-el-reinicio-del-ave-entre-madrid-y-sevilla-por-la-dificultad-para-mover-dos-trenes-atrapados-por-la-averia\/"},"modified":"2025-07-01T11:19:08","modified_gmt":"2025-07-01T08:19:08","slug":"adif-retrasa-el-reinicio-del-ave-entre-madrid-y-sevilla-por-la-dificultad-para-mover-dos-trenes-atrapados-por-la-averia","status":"publish","type":"post","link":"https:\/\/vof-news.eu\/es\/adif-retrasa-el-reinicio-del-ave-entre-madrid-y-sevilla-por-la-dificultad-para-mover-dos-trenes-atrapados-por-la-averia\/","title":{"rendered":"Adif retrasa el reinicio del AVE entre Madrid y Sevilla por la dificultad para mover dos trenes atrapados por la aver\u00eda"},"content":{"rendered":"<div>\n<p>\n        El servicio de los trenes de alta velocidad entre Madrid y el sur de la Pen\u00ednsula se mantiene suspendido. Pese a que Adif confiaba en reactivar este martes el tr\u00e1fico del AVE, tanto direcci\u00f3n Sevilla como hacia la capital, las dificultades t\u00e9cnicas provocadas por dos trenes atrapados por la aver\u00eda en la catenaria de este lunes, ha retrasado la reactivaci\u00f3n del servicio.\n    <\/p>\n<p>\n        \u201cLa dificultad del rescate de dos trenes afectados por la incidencia y la prolongaci\u00f3n en los trabajos para reparar la catenaria impiden que los trenes del corredor sur con origen\/destino Madrid y\/o Sevilla circulen hasta nuevo aviso\u201d, ha explicado Adif en sus redes sociales. La aver\u00eda coincide con un dia de numerosos desplazamientos por el inicio del mes de julio.\n    <\/p>\n<p>\n        La incidencia no afecta solo al tr\u00e1nsito entre Madrid y Sevilla. Seg\u00fan ha explicado el gestor de la infraestructura, \u201cigualmente se ven afectadas las relaciones de larga distancia con origen\/destino M\u00e1laga, Granada, C\u00e1diz y Huelva as\u00ed como las de media distancia con origen\/destino Toledo y Puertollano\/Ciudad Real\u201d.\n    <\/p>\n<p>\n        A primera hora de esta ma\u00f1ana Renfe informaba de que los trenes con origen Madrid Puerta de Atocha direcci\u00f3n sur (Andaluc\u00eda, Toledo y Puertollano), no iban a circular, al menos, hasta las 7.30 horas, una hora que fue retrasada despu\u00e9s hasta en dos ocasiones. Y pasadas las 9 horas, Adif informaba de que la dificultad del rescate de dos trenes afectados por la incidencia y la prolongaci\u00f3n en los trabajos para reparar la catenaria impiden que los trenes del corredor sur con origen\/destino Madrid y\/o Sevilla circulen hasta nuevo aviso. El operador ha dicho lamentar las molestias.\n    <\/p>\n<p>\n        Una p\u00e9rdida de tensi\u00f3n en la catenaria durante el d\u00eda de ayer provoc\u00f3 una interrupci\u00f3n del servicio. Esto provoc\u00f3 que centenares de personas quedaran atrapadas a mitad del trayecto. Un ejemplo de esta situaci\u00f3n fue la vivida en la noche del lunes en la localidad toledana de Pantoja. All\u00ed, <a href=\"https:\/\/www.eldiario.es\/castilla-la-mancha\/provincias\/toledo\/300-personas-bordo-tren-pasan-noche-localidad-toledana-pantoja_1_12427818.html\" rel=\"nofollow\">el Ayuntamiento ayud\u00f3 a rescatar del tren a m\u00e1s de 300 viajeros<\/a>. Es en esta provincia donde se ha producido la aver\u00eda, que afecta al tramo entre Yeles y La Sagra. Una pasajera de 84 a\u00f1os de un tren que qued\u00f3 paralizado en La Sagra <a href=\"https:\/\/www.eldiario.es\/castilla-la-mancha\/provincias\/toledo\/trasladada-hospital-pasajera-tren-toledo-afectado-falta-suministro-electrico_1_12427889.html\" rel=\"nofollow\">tuvo que ser trasladada anoche al hospital<\/a>.\n    <\/p>\n<\/div>\n","protected":false},"excerpt":{"rendered":"<p>El servicio de los trenes de alta velocidad entre Madrid y el sur de la Pen\u00ednsula se mantiene suspendido. Pese a que Adif confiaba en reactivar este martes el tr\u00e1fico del AVE, tanto direcci\u00f3n Sevilla como hacia la capital, las dificultades t\u00e9cnicas provocadas por dos trenes atrapados por la aver\u00eda en la catenaria de este<\/p>\n","protected":false},"author":1,"featured_media":244438,"comment_status":"open","ping_status":"open","sticky":false,"template":"","format":"standard","meta":{"footnotes":""},"categories":[61],"tags":[],"class_list":["post-244437","post","type-post","status-publish","format-standard","has-post-thumbnail","hentry","category-business-es"],"acf":[],"yoast_head":"<!-- This site is optimized with the Yoast SEO plugin v22.9 - https:\/\/yoast.com\/wordpress\/plugins\/seo\/ -->\n<title>Adif retrasa el reinicio del AVE entre Madrid y Sevilla por la dificultad para mover dos trenes atrapados por la aver\u00eda - vof-news.eu<\/title>\n<meta name=\"description\" content=\"El servicio de los trenes de alta velocidad entre Madrid y el sur de la Pen\u00ednsula se mantiene suspendido. Pese a que Adif confiaba en reactivar este martes el tr\u00e1fico del AVE, tanto direcci\u00f3n Sevilla como hacia la capital, las dificultades t\u00e9cnicas provocadas por dos trenes atrapados por la aver\u00eda en la catenaria de este lunes, ha retrasado la reactivaci\u00f3n del servicio.\" \/>\n<meta name=\"robots\" content=\"noindex, follow, max-snippet:-1, max-image-preview:large, max-video-preview:-1\" \/>\n<meta property=\"og:locale\" content=\"es_ES\" \/>\n<meta property=\"og:type\" content=\"article\" \/>\n<meta property=\"og:title\" content=\"Adif retrasa el reinicio del AVE entre Madrid y Sevilla por la dificultad para mover dos trenes atrapados por la aver\u00eda - vof-news.eu\" \/>\n<meta property=\"og:description\" content=\"El servicio de los trenes de alta velocidad entre Madrid y el sur de la Pen\u00ednsula se mantiene suspendido. Pese a que Adif confiaba en reactivar este martes el tr\u00e1fico del AVE, tanto direcci\u00f3n Sevilla como hacia la capital, las dificultades t\u00e9cnicas provocadas por dos trenes atrapados por la aver\u00eda en la catenaria de este lunes, ha retrasado la reactivaci\u00f3n del servicio.\" \/>\n<meta property=\"og:url\" content=\"https:\/\/vof-news.eu\/es\/adif-retrasa-el-reinicio-del-ave-entre-madrid-y-sevilla-por-la-dificultad-para-mover-dos-trenes-atrapados-por-la-averia\/\" \/>\n<meta property=\"og:site_name\" content=\"vof-news.eu\" \/>\n<meta property=\"article:published_time\" content=\"2025-07-01T08:18:38+00:00\" \/>\n<meta property=\"article:modified_time\" content=\"2025-07-01T08:19:08+00:00\" \/>\n<meta property=\"og:image\" content=\"https:\/\/vof-news.eu\/wp-content\/uploads\/2025\/07\/9d56fcf5-7b39-488a-be10-304bb58be2ec_16-9-discover-aspect-ratio_default_0.jpg\" \/>\n\t<meta property=\"og:image:width\" content=\"1200\" \/>\n\t<meta property=\"og:image:height\" content=\"675\" \/>\n\t<meta property=\"og:image:type\" content=\"image\/jpeg\" \/>\n<meta name=\"author\" content=\"Author\" \/>\n<meta name=\"twitter:card\" content=\"summary_large_image\" \/>\n<meta name=\"twitter:label1\" content=\"Escrito por\" \/>\n\t<meta name=\"twitter:data1\" content=\"Author\" \/>\n\t<meta name=\"twitter:label2\" content=\"Tiempo de lectura\" \/>\n\t<meta name=\"twitter:data2\" content=\"2 minutos\" \/>\n<script type=\"application\/ld+json\" class=\"yoast-schema-graph\">{\"@context\":\"https:\/\/schema.org\",\"@graph\":[{\"@type\":\"WebPage\",\"@id\":\"https:\/\/vof-news.eu\/es\/adif-retrasa-el-reinicio-del-ave-entre-madrid-y-sevilla-por-la-dificultad-para-mover-dos-trenes-atrapados-por-la-averia\/\",\"url\":\"https:\/\/vof-news.eu\/es\/adif-retrasa-el-reinicio-del-ave-entre-madrid-y-sevilla-por-la-dificultad-para-mover-dos-trenes-atrapados-por-la-averia\/\",\"name\":\"Adif retrasa el reinicio del AVE entre Madrid y Sevilla por la dificultad para mover dos trenes atrapados por la aver\u00eda - vof-news.eu\",\"isPartOf\":{\"@id\":\"https:\/\/vof-news.eu\/es\/#website\"},\"primaryImageOfPage\":{\"@id\":\"https:\/\/vof-news.eu\/es\/adif-retrasa-el-reinicio-del-ave-entre-madrid-y-sevilla-por-la-dificultad-para-mover-dos-trenes-atrapados-por-la-averia\/#primaryimage\"},\"image\":{\"@id\":\"https:\/\/vof-news.eu\/es\/adif-retrasa-el-reinicio-del-ave-entre-madrid-y-sevilla-por-la-dificultad-para-mover-dos-trenes-atrapados-por-la-averia\/#primaryimage\"},\"thumbnailUrl\":\"https:\/\/vof-news.eu\/wp-content\/uploads\/2025\/07\/9d56fcf5-7b39-488a-be10-304bb58be2ec_16-9-discover-aspect-ratio_default_0.jpg\",\"datePublished\":\"2025-07-01T08:18:38+00:00\",\"dateModified\":\"2025-07-01T08:19:08+00:00\",\"author\":{\"@id\":\"https:\/\/vof-news.eu\/es\/#\/schema\/person\/f6a2a4309f0561835797fd8c19b333ed\"},\"description\":\"El servicio de los trenes de alta velocidad entre Madrid y el sur de la Pen\u00ednsula se mantiene suspendido. Pese a que Adif confiaba en reactivar este martes el tr\u00e1fico del AVE, tanto direcci\u00f3n Sevilla como hacia la capital, las dificultades t\u00e9cnicas provocadas por dos trenes atrapados por la aver\u00eda en la catenaria de este lunes, ha retrasado la reactivaci\u00f3n del servicio.\",\"breadcrumb\":{\"@id\":\"https:\/\/vof-news.eu\/es\/adif-retrasa-el-reinicio-del-ave-entre-madrid-y-sevilla-por-la-dificultad-para-mover-dos-trenes-atrapados-por-la-averia\/#breadcrumb\"},\"inLanguage\":\"es\",\"potentialAction\":[{\"@type\":\"ReadAction\",\"target\":[\"https:\/\/vof-news.eu\/es\/adif-retrasa-el-reinicio-del-ave-entre-madrid-y-sevilla-por-la-dificultad-para-mover-dos-trenes-atrapados-por-la-averia\/\"]}]},{\"@type\":\"ImageObject\",\"inLanguage\":\"es\",\"@id\":\"https:\/\/vof-news.eu\/es\/adif-retrasa-el-reinicio-del-ave-entre-madrid-y-sevilla-por-la-dificultad-para-mover-dos-trenes-atrapados-por-la-averia\/#primaryimage\",\"url\":\"https:\/\/vof-news.eu\/wp-content\/uploads\/2025\/07\/9d56fcf5-7b39-488a-be10-304bb58be2ec_16-9-discover-aspect-ratio_default_0.jpg\",\"contentUrl\":\"https:\/\/vof-news.eu\/wp-content\/uploads\/2025\/07\/9d56fcf5-7b39-488a-be10-304bb58be2ec_16-9-discover-aspect-ratio_default_0.jpg\",\"width\":1200,\"height\":675},{\"@type\":\"BreadcrumbList\",\"@id\":\"https:\/\/vof-news.eu\/es\/adif-retrasa-el-reinicio-del-ave-entre-madrid-y-sevilla-por-la-dificultad-para-mover-dos-trenes-atrapados-por-la-averia\/#breadcrumb\",\"itemListElement\":[{\"@type\":\"ListItem\",\"position\":1,\"name\":\"Home\",\"item\":\"https:\/\/vof-news.eu\/es\/\"},{\"@type\":\"ListItem\",\"position\":2,\"name\":\"Adif retrasa el reinicio del AVE entre Madrid y Sevilla por la dificultad para mover dos trenes atrapados por la aver\u00eda\"}]},{\"@type\":\"WebSite\",\"@id\":\"https:\/\/vof-news.eu\/es\/#website\",\"url\":\"https:\/\/vof-news.eu\/es\/\",\"name\":\"vof-news.eu\",\"description\":\"\",\"potentialAction\":[{\"@type\":\"SearchAction\",\"target\":{\"@type\":\"EntryPoint\",\"urlTemplate\":\"https:\/\/vof-news.eu\/es\/?s={search_term_string}\"},\"query-input\":\"required name=search_term_string\"}],\"inLanguage\":\"es\"},{\"@type\":\"Person\",\"@id\":\"https:\/\/vof-news.eu\/es\/#\/schema\/person\/f6a2a4309f0561835797fd8c19b333ed\",\"name\":\"Author\",\"image\":{\"@type\":\"ImageObject\",\"inLanguage\":\"es\",\"@id\":\"https:\/\/vof-news.eu\/es\/#\/schema\/person\/image\/\",\"url\":\"https:\/\/secure.gravatar.com\/avatar\/b67e614b1b25b3e9c0c239efdd2fde5ab015b5affd6f1c3c85911ca4b384e790?s=96&d=mm&r=g\",\"contentUrl\":\"https:\/\/secure.gravatar.com\/avatar\/b67e614b1b25b3e9c0c239efdd2fde5ab015b5affd6f1c3c85911ca4b384e790?s=96&d=mm&r=g\",\"caption\":\"Author\"},\"sameAs\":[\"http:\/\/vof-news.eu\"],\"url\":\"https:\/\/vof-news.eu\/es\/author\/zwt6qxnjulxbnyg\/\"}]}<\/script>\n<!-- \/ Yoast SEO plugin. -->","yoast_head_json":{"title":"Adif retrasa el reinicio del AVE entre Madrid y Sevilla por la dificultad para mover dos trenes atrapados por la aver\u00eda - vof-news.eu","description":"El servicio de los trenes de alta velocidad entre Madrid y el sur de la Pen\u00ednsula se mantiene suspendido. Pese a que Adif confiaba en reactivar este martes el tr\u00e1fico del AVE, tanto direcci\u00f3n Sevilla como hacia la capital, las dificultades t\u00e9cnicas provocadas por dos trenes atrapados por la aver\u00eda en la catenaria de este lunes, ha retrasado la reactivaci\u00f3n del servicio.","robots":{"index":"noindex","follow":"follow","max-snippet":"max-snippet:-1","max-image-preview":"max-image-preview:large","max-video-preview":"max-video-preview:-1"},"og_locale":"es_ES","og_type":"article","og_title":"Adif retrasa el reinicio del AVE entre Madrid y Sevilla por la dificultad para mover dos trenes atrapados por la aver\u00eda - vof-news.eu","og_description":"El servicio de los trenes de alta velocidad entre Madrid y el sur de la Pen\u00ednsula se mantiene suspendido. Pese a que Adif confiaba en reactivar este martes el tr\u00e1fico del AVE, tanto direcci\u00f3n Sevilla como hacia la capital, las dificultades t\u00e9cnicas provocadas por dos trenes atrapados por la aver\u00eda en la catenaria de este lunes, ha retrasado la reactivaci\u00f3n del servicio.","og_url":"https:\/\/vof-news.eu\/es\/adif-retrasa-el-reinicio-del-ave-entre-madrid-y-sevilla-por-la-dificultad-para-mover-dos-trenes-atrapados-por-la-averia\/","og_site_name":"vof-news.eu","article_published_time":"2025-07-01T08:18:38+00:00","article_modified_time":"2025-07-01T08:19:08+00:00","og_image":[{"width":1200,"height":675,"url":"https:\/\/vof-news.eu\/wp-content\/uploads\/2025\/07\/9d56fcf5-7b39-488a-be10-304bb58be2ec_16-9-discover-aspect-ratio_default_0.jpg","type":"image\/jpeg"}],"author":"Author","twitter_card":"summary_large_image","twitter_misc":{"Escrito por":"Author","Tiempo de lectura":"2 minutos"},"schema":{"@context":"https:\/\/schema.org","@graph":[{"@type":"WebPage","@id":"https:\/\/vof-news.eu\/es\/adif-retrasa-el-reinicio-del-ave-entre-madrid-y-sevilla-por-la-dificultad-para-mover-dos-trenes-atrapados-por-la-averia\/","url":"https:\/\/vof-news.eu\/es\/adif-retrasa-el-reinicio-del-ave-entre-madrid-y-sevilla-por-la-dificultad-para-mover-dos-trenes-atrapados-por-la-averia\/","name":"Adif retrasa el reinicio del AVE entre Madrid y Sevilla por la dificultad para mover dos trenes atrapados por la aver\u00eda - vof-news.eu","isPartOf":{"@id":"https:\/\/vof-news.eu\/es\/#website"},"primaryImageOfPage":{"@id":"https:\/\/vof-news.eu\/es\/adif-retrasa-el-reinicio-del-ave-entre-madrid-y-sevilla-por-la-dificultad-para-mover-dos-trenes-atrapados-por-la-averia\/#primaryimage"},"image":{"@id":"https:\/\/vof-news.eu\/es\/adif-retrasa-el-reinicio-del-ave-entre-madrid-y-sevilla-por-la-dificultad-para-mover-dos-trenes-atrapados-por-la-averia\/#primaryimage"},"thumbnailUrl":"https:\/\/vof-news.eu\/wp-content\/uploads\/2025\/07\/9d56fcf5-7b39-488a-be10-304bb58be2ec_16-9-discover-aspect-ratio_default_0.jpg","datePublished":"2025-07-01T08:18:38+00:00","dateModified":"2025-07-01T08:19:08+00:00","author":{"@id":"https:\/\/vof-news.eu\/es\/#\/schema\/person\/f6a2a4309f0561835797fd8c19b333ed"},"description":"El servicio de los trenes de alta velocidad entre Madrid y el sur de la Pen\u00ednsula se mantiene suspendido. Pese a que Adif confiaba en reactivar este martes el tr\u00e1fico del AVE, tanto direcci\u00f3n Sevilla como hacia la capital, las dificultades t\u00e9cnicas provocadas por dos trenes atrapados por la aver\u00eda en la catenaria de este lunes, ha retrasado la reactivaci\u00f3n del servicio.","breadcrumb":{"@id":"https:\/\/vof-news.eu\/es\/adif-retrasa-el-reinicio-del-ave-entre-madrid-y-sevilla-por-la-dificultad-para-mover-dos-trenes-atrapados-por-la-averia\/#breadcrumb"},"inLanguage":"es","potentialAction":[{"@type":"ReadAction","target":["https:\/\/vof-news.eu\/es\/adif-retrasa-el-reinicio-del-ave-entre-madrid-y-sevilla-por-la-dificultad-para-mover-dos-trenes-atrapados-por-la-averia\/"]}]},{"@type":"ImageObject","inLanguage":"es","@id":"https:\/\/vof-news.eu\/es\/adif-retrasa-el-reinicio-del-ave-entre-madrid-y-sevilla-por-la-dificultad-para-mover-dos-trenes-atrapados-por-la-averia\/#primaryimage","url":"https:\/\/vof-news.eu\/wp-content\/uploads\/2025\/07\/9d56fcf5-7b39-488a-be10-304bb58be2ec_16-9-discover-aspect-ratio_default_0.jpg","contentUrl":"https:\/\/vof-news.eu\/wp-content\/uploads\/2025\/07\/9d56fcf5-7b39-488a-be10-304bb58be2ec_16-9-discover-aspect-ratio_default_0.jpg","width":1200,"height":675},{"@type":"BreadcrumbList","@id":"https:\/\/vof-news.eu\/es\/adif-retrasa-el-reinicio-del-ave-entre-madrid-y-sevilla-por-la-dificultad-para-mover-dos-trenes-atrapados-por-la-averia\/#breadcrumb","itemListElement":[{"@type":"ListItem","position":1,"name":"Home","item":"https:\/\/vof-news.eu\/es\/"},{"@type":"ListItem","position":2,"name":"Adif retrasa el reinicio del AVE entre Madrid y Sevilla por la dificultad para mover dos trenes atrapados por la aver\u00eda"}]},{"@type":"WebSite","@id":"https:\/\/vof-news.eu\/es\/#website","url":"https:\/\/vof-news.eu\/es\/","name":"vof-news.eu","description":"","potentialAction":[{"@type":"SearchAction","target":{"@type":"EntryPoint","urlTemplate":"https:\/\/vof-news.eu\/es\/?s={search_term_string}"},"query-input":"required name=search_term_string"}],"inLanguage":"es"},{"@type":"Person","@id":"https:\/\/vof-news.eu\/es\/#\/schema\/person\/f6a2a4309f0561835797fd8c19b333ed","name":"Author","image":{"@type":"ImageObject","inLanguage":"es","@id":"https:\/\/vof-news.eu\/es\/#\/schema\/person\/image\/","url":"https:\/\/secure.gravatar.com\/avatar\/b67e614b1b25b3e9c0c239efdd2fde5ab015b5affd6f1c3c85911ca4b384e790?s=96&d=mm&r=g","contentUrl":"https:\/\/secure.gravatar.com\/avatar\/b67e614b1b25b3e9c0c239efdd2fde5ab015b5affd6f1c3c85911ca4b384e790?s=96&d=mm&r=g","caption":"Author"},"sameAs":["http:\/\/vof-news.eu"],"url":"https:\/\/vof-news.eu\/es\/author\/zwt6qxnjulxbnyg\/"}]}},"yoast_meta":{"yoast_wpseo_title":"","yoast_wpseo_metadesc":"","yoast_wpseo_canonical":""},"_links":{"self":[{"href":"https:\/\/vof-news.eu\/es\/wp-json\/wp\/v2\/posts\/244437","targetHints":{"allow":["GET"]}}],"collection":[{"href":"https:\/\/vof-news.eu\/es\/wp-json\/wp\/v2\/posts"}],"about":[{"href":"https:\/\/vof-news.eu\/es\/wp-json\/wp\/v2\/types\/post"}],"author":[{"embeddable":true,"href":"https:\/\/vof-news.eu\/es\/wp-json\/wp\/v2\/users\/1"}],"replies":[{"embeddable":true,"href":"https:\/\/vof-news.eu\/es\/wp-json\/wp\/v2\/comments?post=244437"}],"version-history":[{"count":1,"href":"https:\/\/vof-news.eu\/es\/wp-json\/wp\/v2\/posts\/244437\/revisions"}],"predecessor-version":[{"id":244444,"href":"https:\/\/vof-news.eu\/es\/wp-json\/wp\/v2\/posts\/244437\/revisions\/244444"}],"wp:featuredmedia":[{"embeddable":true,"href":"https:\/\/vof-news.eu\/es\/wp-json\/wp\/v2\/media\/244438"}],"wp:attachment":[{"href":"https:\/\/vof-news.eu\/es\/wp-json\/wp\/v2\/media?parent=244437"}],"wp:term":[{"taxonomy":"category","embeddable":true,"href":"https:\/\/vof-news.eu\/es\/wp-json\/wp\/v2\/categories?post=244437"},{"taxonomy":"post_tag","embeddable":true,"href":"https:\/\/vof-news.eu\/es\/wp-json\/wp\/v2\/tags?post=244437"}],"curies":[{"name":"wp","href":"https:\/\/api.w.org\/{rel}","templated":true}]}}