{"id":244429,"date":"2025-07-01T11:17:20","date_gmt":"2025-07-01T08:17:20","guid":{"rendered":"https:\/\/vof-news.eu\/feijoo-encarga-a-tellado-una-ronda-con-los-socios-del-gobierno-para-saber-si-siguen-apoyando-a-sanchez-tras-el-encarcelamiento-de-cerdan\/"},"modified":"2025-07-01T11:17:52","modified_gmt":"2025-07-01T08:17:52","slug":"feijoo-encarga-a-tellado-una-ronda-con-los-socios-del-gobierno-para-saber-si-siguen-apoyando-a-sanchez-tras-el-encarcelamiento-de-cerdan","status":"publish","type":"post","link":"https:\/\/vof-news.eu\/es\/feijoo-encarga-a-tellado-una-ronda-con-los-socios-del-gobierno-para-saber-si-siguen-apoyando-a-sanchez-tras-el-encarcelamiento-de-cerdan\/","title":{"rendered":"Feij\u00f3o encarga a Tellado una ronda con los socios del Gobierno para saber si siguen apoyando a S\u00e1nchez tras el encarcelamiento de Cerd\u00e1n"},"content":{"rendered":"<div>\n<p>\n        Nuevos movimientos en el PP tras conocerse el encarcelamiento de Santos Cerd\u00e1n. El presidente del partido, Alberto N\u00fa\u00f1ez Feij\u00f3o, ha encargado a su portavoz parlamentario, Miguel Tellado, que llame a los grupos que apoyan actualmente al Gobierno para conocer si mantienen ese respaldo al ejecutivo tras el encarcelamiento del que fuera &#8216;n\u00famero tres&#8217; del PSOE.\n    <\/p>\n<p>\n        Feij\u00f3o ha informado de este cambio de estrategia en un mensaje en redes sociales. Se\u00f1ala que estos grupos son, actualmente, \u201cel \u00fanico obst\u00e1culo para que los espa\u00f1oles hablen y podamos reparar tanta decadencia\u201d. El presidente del PP, eso s\u00ed, evita las palabras &#8216;moci\u00f3n de censura&#8217;, una capacidad parlamentaria que tiene la oposici\u00f3n y que ha evitado presentar pese a amargar con ella durante las \u00faltimas semanas.\n    <\/p>\n<p>\n        El PP ha tenido en la r\u00e9camara la opci\u00f3n de una moci\u00f3n de censura desde que comenzaran a conocerse los problemas judiciales para el PSOE. Sin embargo, la aritm\u00e9tica parlamentaria hace complicado, a d\u00eda de hoy, que pudiera salir adelante. La pasada semana Feij\u00f3o tuvo una reuni\u00f3n en el Congreso de los Diputados con el l\u00edder de Vox, Santiago Abascal, quien ha urgido en repetidas ocasiones al PP para que realice ese movimiento, ya que la extrema derecha no tiene suficientes diputados para impulsarla.\n    <\/p>\n<p>\n        Para que saliera adelante, el PP precisar\u00eda ineludiblemente de alguno de los grupos que apoyaron la investidura de Pedro S\u00e1nchez. Hasta la fecha, grupos como el PNV o Junts han descartado participar en este movimiento.\n    <\/p>\n<p>\n        En este contexto, el PP se hab\u00eda limitado a exigir p\u00fablicamente la convocatoria de elecciones. La \u00faltima en reclamarlo fue este mismo lunes Cuca Gamarra, <a href=\"https:\/\/www.eldiario.es\/politica\/cuca-gamarra-superviviente-direccion-pp_1_12427294.html\" rel=\"nofollow\">secretaria general saliente del partido<\/a>, tras asegurar que \u201cel sanchismo est\u00e1 en prisi\u00f3n sin fianza\u201d. \u201cEs el momento de disolver las Cortes\u201d, se\u00f1al\u00f3, para que los espa\u00f1oles acudieran a las urnas. S\u00e1nchez, apunt\u00f3, \u201ctiene que abandonar inmediatamente la Moncloa\u201d. Sin embargo, sin moci\u00f3n de censura mediante, la convocatoria de elecciones depende \u00fanicamente del presidente del Gobierno. Y Gamarra volvi\u00f3 a descarta presentarla, ya que no dan los n\u00fameros. \u201cCreo que es momento de conocer qu\u00e9 es lo que opinan todos aquellos que han respaldado este Gobierno\u201d, enfatiz\u00f3.\n    <\/p>\n<\/div>\n","protected":false},"excerpt":{"rendered":"<p>Nuevos movimientos en el PP tras conocerse el encarcelamiento de Santos Cerd\u00e1n. El presidente del partido, Alberto N\u00fa\u00f1ez Feij\u00f3o, ha encargado a su portavoz parlamentario, Miguel Tellado, que llame a los grupos que apoyan actualmente al Gobierno para conocer si mantienen ese respaldo al ejecutivo tras el encarcelamiento del que fuera &#8216;n\u00famero tres&#8217; del PSOE.<\/p>\n","protected":false},"author":1,"featured_media":244430,"comment_status":"open","ping_status":"open","sticky":false,"template":"","format":"standard","meta":{"footnotes":""},"categories":[71],"tags":[],"class_list":["post-244429","post","type-post","status-publish","format-standard","has-post-thumbnail","hentry","category-politics-es"],"acf":[],"yoast_head":"<!-- This site is optimized with the Yoast SEO plugin v22.9 - https:\/\/yoast.com\/wordpress\/plugins\/seo\/ -->\n<title>Feij\u00f3o encarga a Tellado una ronda con los socios del Gobierno para saber si siguen apoyando a S\u00e1nchez tras el encarcelamiento de Cerd\u00e1n - vof-news.eu<\/title>\n<meta name=\"description\" content=\"Nuevos movimientos en el PP tras conocerse el encarcelamiento de Santos Cerd\u00e1n. El presidente del partido, Alberto N\u00fa\u00f1ez Feij\u00f3o, ha encargado a su portavoz parlamentario, Miguel Tellado, que llame a los grupos que apoyan actualmente al Gobierno para conocer si mantienen ese respaldo al ejecutivo tras el encarcelamiento del que fuera &#039;n\u00famero tres&#039; del PSOE.\" \/>\n<meta name=\"robots\" content=\"noindex, follow, max-snippet:-1, max-image-preview:large, max-video-preview:-1\" \/>\n<meta property=\"og:locale\" content=\"es_ES\" \/>\n<meta property=\"og:type\" content=\"article\" \/>\n<meta property=\"og:title\" content=\"Feij\u00f3o encarga a Tellado una ronda con los socios del Gobierno para saber si siguen apoyando a S\u00e1nchez tras el encarcelamiento de Cerd\u00e1n - vof-news.eu\" \/>\n<meta property=\"og:description\" content=\"Nuevos movimientos en el PP tras conocerse el encarcelamiento de Santos Cerd\u00e1n. El presidente del partido, Alberto N\u00fa\u00f1ez Feij\u00f3o, ha encargado a su portavoz parlamentario, Miguel Tellado, que llame a los grupos que apoyan actualmente al Gobierno para conocer si mantienen ese respaldo al ejecutivo tras el encarcelamiento del que fuera &#039;n\u00famero tres&#039; del PSOE.\" \/>\n<meta property=\"og:url\" content=\"https:\/\/vof-news.eu\/es\/feijoo-encarga-a-tellado-una-ronda-con-los-socios-del-gobierno-para-saber-si-siguen-apoyando-a-sanchez-tras-el-encarcelamiento-de-cerdan\/\" \/>\n<meta property=\"og:site_name\" content=\"vof-news.eu\" \/>\n<meta property=\"article:published_time\" content=\"2025-07-01T08:17:20+00:00\" \/>\n<meta property=\"article:modified_time\" content=\"2025-07-01T08:17:52+00:00\" \/>\n<meta property=\"og:image\" content=\"https:\/\/vof-news.eu\/wp-content\/uploads\/2025\/07\/b0334286-ceee-4b5d-8501-7bde43e36fe9_16-9-discover-aspect-ratio_default_0.jpg\" \/>\n\t<meta property=\"og:image:width\" content=\"1200\" \/>\n\t<meta property=\"og:image:height\" content=\"675\" \/>\n\t<meta property=\"og:image:type\" content=\"image\/jpeg\" \/>\n<meta name=\"author\" content=\"Author\" \/>\n<meta name=\"twitter:card\" content=\"summary_large_image\" \/>\n<meta name=\"twitter:label1\" content=\"Escrito por\" \/>\n\t<meta name=\"twitter:data1\" content=\"Author\" \/>\n\t<meta name=\"twitter:label2\" content=\"Tiempo de lectura\" \/>\n\t<meta name=\"twitter:data2\" content=\"2 minutos\" \/>\n<script type=\"application\/ld+json\" class=\"yoast-schema-graph\">{\"@context\":\"https:\/\/schema.org\",\"@graph\":[{\"@type\":\"WebPage\",\"@id\":\"https:\/\/vof-news.eu\/es\/feijoo-encarga-a-tellado-una-ronda-con-los-socios-del-gobierno-para-saber-si-siguen-apoyando-a-sanchez-tras-el-encarcelamiento-de-cerdan\/\",\"url\":\"https:\/\/vof-news.eu\/es\/feijoo-encarga-a-tellado-una-ronda-con-los-socios-del-gobierno-para-saber-si-siguen-apoyando-a-sanchez-tras-el-encarcelamiento-de-cerdan\/\",\"name\":\"Feij\u00f3o encarga a Tellado una ronda con los socios del Gobierno para saber si siguen apoyando a S\u00e1nchez tras el encarcelamiento de Cerd\u00e1n - vof-news.eu\",\"isPartOf\":{\"@id\":\"https:\/\/vof-news.eu\/es\/#website\"},\"primaryImageOfPage\":{\"@id\":\"https:\/\/vof-news.eu\/es\/feijoo-encarga-a-tellado-una-ronda-con-los-socios-del-gobierno-para-saber-si-siguen-apoyando-a-sanchez-tras-el-encarcelamiento-de-cerdan\/#primaryimage\"},\"image\":{\"@id\":\"https:\/\/vof-news.eu\/es\/feijoo-encarga-a-tellado-una-ronda-con-los-socios-del-gobierno-para-saber-si-siguen-apoyando-a-sanchez-tras-el-encarcelamiento-de-cerdan\/#primaryimage\"},\"thumbnailUrl\":\"https:\/\/vof-news.eu\/wp-content\/uploads\/2025\/07\/b0334286-ceee-4b5d-8501-7bde43e36fe9_16-9-discover-aspect-ratio_default_0.jpg\",\"datePublished\":\"2025-07-01T08:17:20+00:00\",\"dateModified\":\"2025-07-01T08:17:52+00:00\",\"author\":{\"@id\":\"https:\/\/vof-news.eu\/es\/#\/schema\/person\/f6a2a4309f0561835797fd8c19b333ed\"},\"description\":\"Nuevos movimientos en el PP tras conocerse el encarcelamiento de Santos Cerd\u00e1n. El presidente del partido, Alberto N\u00fa\u00f1ez Feij\u00f3o, ha encargado a su portavoz parlamentario, Miguel Tellado, que llame a los grupos que apoyan actualmente al Gobierno para conocer si mantienen ese respaldo al ejecutivo tras el encarcelamiento del que fuera 'n\u00famero tres' del PSOE.\",\"breadcrumb\":{\"@id\":\"https:\/\/vof-news.eu\/es\/feijoo-encarga-a-tellado-una-ronda-con-los-socios-del-gobierno-para-saber-si-siguen-apoyando-a-sanchez-tras-el-encarcelamiento-de-cerdan\/#breadcrumb\"},\"inLanguage\":\"es\",\"potentialAction\":[{\"@type\":\"ReadAction\",\"target\":[\"https:\/\/vof-news.eu\/es\/feijoo-encarga-a-tellado-una-ronda-con-los-socios-del-gobierno-para-saber-si-siguen-apoyando-a-sanchez-tras-el-encarcelamiento-de-cerdan\/\"]}]},{\"@type\":\"ImageObject\",\"inLanguage\":\"es\",\"@id\":\"https:\/\/vof-news.eu\/es\/feijoo-encarga-a-tellado-una-ronda-con-los-socios-del-gobierno-para-saber-si-siguen-apoyando-a-sanchez-tras-el-encarcelamiento-de-cerdan\/#primaryimage\",\"url\":\"https:\/\/vof-news.eu\/wp-content\/uploads\/2025\/07\/b0334286-ceee-4b5d-8501-7bde43e36fe9_16-9-discover-aspect-ratio_default_0.jpg\",\"contentUrl\":\"https:\/\/vof-news.eu\/wp-content\/uploads\/2025\/07\/b0334286-ceee-4b5d-8501-7bde43e36fe9_16-9-discover-aspect-ratio_default_0.jpg\",\"width\":1200,\"height\":675},{\"@type\":\"BreadcrumbList\",\"@id\":\"https:\/\/vof-news.eu\/es\/feijoo-encarga-a-tellado-una-ronda-con-los-socios-del-gobierno-para-saber-si-siguen-apoyando-a-sanchez-tras-el-encarcelamiento-de-cerdan\/#breadcrumb\",\"itemListElement\":[{\"@type\":\"ListItem\",\"position\":1,\"name\":\"Home\",\"item\":\"https:\/\/vof-news.eu\/es\/\"},{\"@type\":\"ListItem\",\"position\":2,\"name\":\"Feij\u00f3o encarga a Tellado una ronda con los socios del Gobierno para saber si siguen apoyando a S\u00e1nchez tras el encarcelamiento de Cerd\u00e1n\"}]},{\"@type\":\"WebSite\",\"@id\":\"https:\/\/vof-news.eu\/es\/#website\",\"url\":\"https:\/\/vof-news.eu\/es\/\",\"name\":\"vof-news.eu\",\"description\":\"\",\"potentialAction\":[{\"@type\":\"SearchAction\",\"target\":{\"@type\":\"EntryPoint\",\"urlTemplate\":\"https:\/\/vof-news.eu\/es\/?s={search_term_string}\"},\"query-input\":\"required name=search_term_string\"}],\"inLanguage\":\"es\"},{\"@type\":\"Person\",\"@id\":\"https:\/\/vof-news.eu\/es\/#\/schema\/person\/f6a2a4309f0561835797fd8c19b333ed\",\"name\":\"Author\",\"image\":{\"@type\":\"ImageObject\",\"inLanguage\":\"es\",\"@id\":\"https:\/\/vof-news.eu\/es\/#\/schema\/person\/image\/\",\"url\":\"https:\/\/secure.gravatar.com\/avatar\/b67e614b1b25b3e9c0c239efdd2fde5ab015b5affd6f1c3c85911ca4b384e790?s=96&d=mm&r=g\",\"contentUrl\":\"https:\/\/secure.gravatar.com\/avatar\/b67e614b1b25b3e9c0c239efdd2fde5ab015b5affd6f1c3c85911ca4b384e790?s=96&d=mm&r=g\",\"caption\":\"Author\"},\"sameAs\":[\"http:\/\/vof-news.eu\"],\"url\":\"https:\/\/vof-news.eu\/es\/author\/zwt6qxnjulxbnyg\/\"}]}<\/script>\n<!-- \/ Yoast SEO plugin. -->","yoast_head_json":{"title":"Feij\u00f3o encarga a Tellado una ronda con los socios del Gobierno para saber si siguen apoyando a S\u00e1nchez tras el encarcelamiento de Cerd\u00e1n - vof-news.eu","description":"Nuevos movimientos en el PP tras conocerse el encarcelamiento de Santos Cerd\u00e1n. El presidente del partido, Alberto N\u00fa\u00f1ez Feij\u00f3o, ha encargado a su portavoz parlamentario, Miguel Tellado, que llame a los grupos que apoyan actualmente al Gobierno para conocer si mantienen ese respaldo al ejecutivo tras el encarcelamiento del que fuera 'n\u00famero tres' del PSOE.","robots":{"index":"noindex","follow":"follow","max-snippet":"max-snippet:-1","max-image-preview":"max-image-preview:large","max-video-preview":"max-video-preview:-1"},"og_locale":"es_ES","og_type":"article","og_title":"Feij\u00f3o encarga a Tellado una ronda con los socios del Gobierno para saber si siguen apoyando a S\u00e1nchez tras el encarcelamiento de Cerd\u00e1n - vof-news.eu","og_description":"Nuevos movimientos en el PP tras conocerse el encarcelamiento de Santos Cerd\u00e1n. El presidente del partido, Alberto N\u00fa\u00f1ez Feij\u00f3o, ha encargado a su portavoz parlamentario, Miguel Tellado, que llame a los grupos que apoyan actualmente al Gobierno para conocer si mantienen ese respaldo al ejecutivo tras el encarcelamiento del que fuera 'n\u00famero tres' del PSOE.","og_url":"https:\/\/vof-news.eu\/es\/feijoo-encarga-a-tellado-una-ronda-con-los-socios-del-gobierno-para-saber-si-siguen-apoyando-a-sanchez-tras-el-encarcelamiento-de-cerdan\/","og_site_name":"vof-news.eu","article_published_time":"2025-07-01T08:17:20+00:00","article_modified_time":"2025-07-01T08:17:52+00:00","og_image":[{"width":1200,"height":675,"url":"https:\/\/vof-news.eu\/wp-content\/uploads\/2025\/07\/b0334286-ceee-4b5d-8501-7bde43e36fe9_16-9-discover-aspect-ratio_default_0.jpg","type":"image\/jpeg"}],"author":"Author","twitter_card":"summary_large_image","twitter_misc":{"Escrito por":"Author","Tiempo de lectura":"2 minutos"},"schema":{"@context":"https:\/\/schema.org","@graph":[{"@type":"WebPage","@id":"https:\/\/vof-news.eu\/es\/feijoo-encarga-a-tellado-una-ronda-con-los-socios-del-gobierno-para-saber-si-siguen-apoyando-a-sanchez-tras-el-encarcelamiento-de-cerdan\/","url":"https:\/\/vof-news.eu\/es\/feijoo-encarga-a-tellado-una-ronda-con-los-socios-del-gobierno-para-saber-si-siguen-apoyando-a-sanchez-tras-el-encarcelamiento-de-cerdan\/","name":"Feij\u00f3o encarga a Tellado una ronda con los socios del Gobierno para saber si siguen apoyando a S\u00e1nchez tras el encarcelamiento de Cerd\u00e1n - vof-news.eu","isPartOf":{"@id":"https:\/\/vof-news.eu\/es\/#website"},"primaryImageOfPage":{"@id":"https:\/\/vof-news.eu\/es\/feijoo-encarga-a-tellado-una-ronda-con-los-socios-del-gobierno-para-saber-si-siguen-apoyando-a-sanchez-tras-el-encarcelamiento-de-cerdan\/#primaryimage"},"image":{"@id":"https:\/\/vof-news.eu\/es\/feijoo-encarga-a-tellado-una-ronda-con-los-socios-del-gobierno-para-saber-si-siguen-apoyando-a-sanchez-tras-el-encarcelamiento-de-cerdan\/#primaryimage"},"thumbnailUrl":"https:\/\/vof-news.eu\/wp-content\/uploads\/2025\/07\/b0334286-ceee-4b5d-8501-7bde43e36fe9_16-9-discover-aspect-ratio_default_0.jpg","datePublished":"2025-07-01T08:17:20+00:00","dateModified":"2025-07-01T08:17:52+00:00","author":{"@id":"https:\/\/vof-news.eu\/es\/#\/schema\/person\/f6a2a4309f0561835797fd8c19b333ed"},"description":"Nuevos movimientos en el PP tras conocerse el encarcelamiento de Santos Cerd\u00e1n. El presidente del partido, Alberto N\u00fa\u00f1ez Feij\u00f3o, ha encargado a su portavoz parlamentario, Miguel Tellado, que llame a los grupos que apoyan actualmente al Gobierno para conocer si mantienen ese respaldo al ejecutivo tras el encarcelamiento del que fuera 'n\u00famero tres' del PSOE.","breadcrumb":{"@id":"https:\/\/vof-news.eu\/es\/feijoo-encarga-a-tellado-una-ronda-con-los-socios-del-gobierno-para-saber-si-siguen-apoyando-a-sanchez-tras-el-encarcelamiento-de-cerdan\/#breadcrumb"},"inLanguage":"es","potentialAction":[{"@type":"ReadAction","target":["https:\/\/vof-news.eu\/es\/feijoo-encarga-a-tellado-una-ronda-con-los-socios-del-gobierno-para-saber-si-siguen-apoyando-a-sanchez-tras-el-encarcelamiento-de-cerdan\/"]}]},{"@type":"ImageObject","inLanguage":"es","@id":"https:\/\/vof-news.eu\/es\/feijoo-encarga-a-tellado-una-ronda-con-los-socios-del-gobierno-para-saber-si-siguen-apoyando-a-sanchez-tras-el-encarcelamiento-de-cerdan\/#primaryimage","url":"https:\/\/vof-news.eu\/wp-content\/uploads\/2025\/07\/b0334286-ceee-4b5d-8501-7bde43e36fe9_16-9-discover-aspect-ratio_default_0.jpg","contentUrl":"https:\/\/vof-news.eu\/wp-content\/uploads\/2025\/07\/b0334286-ceee-4b5d-8501-7bde43e36fe9_16-9-discover-aspect-ratio_default_0.jpg","width":1200,"height":675},{"@type":"BreadcrumbList","@id":"https:\/\/vof-news.eu\/es\/feijoo-encarga-a-tellado-una-ronda-con-los-socios-del-gobierno-para-saber-si-siguen-apoyando-a-sanchez-tras-el-encarcelamiento-de-cerdan\/#breadcrumb","itemListElement":[{"@type":"ListItem","position":1,"name":"Home","item":"https:\/\/vof-news.eu\/es\/"},{"@type":"ListItem","position":2,"name":"Feij\u00f3o encarga a Tellado una ronda con los socios del Gobierno para saber si siguen apoyando a S\u00e1nchez tras el encarcelamiento de Cerd\u00e1n"}]},{"@type":"WebSite","@id":"https:\/\/vof-news.eu\/es\/#website","url":"https:\/\/vof-news.eu\/es\/","name":"vof-news.eu","description":"","potentialAction":[{"@type":"SearchAction","target":{"@type":"EntryPoint","urlTemplate":"https:\/\/vof-news.eu\/es\/?s={search_term_string}"},"query-input":"required name=search_term_string"}],"inLanguage":"es"},{"@type":"Person","@id":"https:\/\/vof-news.eu\/es\/#\/schema\/person\/f6a2a4309f0561835797fd8c19b333ed","name":"Author","image":{"@type":"ImageObject","inLanguage":"es","@id":"https:\/\/vof-news.eu\/es\/#\/schema\/person\/image\/","url":"https:\/\/secure.gravatar.com\/avatar\/b67e614b1b25b3e9c0c239efdd2fde5ab015b5affd6f1c3c85911ca4b384e790?s=96&d=mm&r=g","contentUrl":"https:\/\/secure.gravatar.com\/avatar\/b67e614b1b25b3e9c0c239efdd2fde5ab015b5affd6f1c3c85911ca4b384e790?s=96&d=mm&r=g","caption":"Author"},"sameAs":["http:\/\/vof-news.eu"],"url":"https:\/\/vof-news.eu\/es\/author\/zwt6qxnjulxbnyg\/"}]}},"yoast_meta":{"yoast_wpseo_title":"","yoast_wpseo_metadesc":"","yoast_wpseo_canonical":""},"_links":{"self":[{"href":"https:\/\/vof-news.eu\/es\/wp-json\/wp\/v2\/posts\/244429","targetHints":{"allow":["GET"]}}],"collection":[{"href":"https:\/\/vof-news.eu\/es\/wp-json\/wp\/v2\/posts"}],"about":[{"href":"https:\/\/vof-news.eu\/es\/wp-json\/wp\/v2\/types\/post"}],"author":[{"embeddable":true,"href":"https:\/\/vof-news.eu\/es\/wp-json\/wp\/v2\/users\/1"}],"replies":[{"embeddable":true,"href":"https:\/\/vof-news.eu\/es\/wp-json\/wp\/v2\/comments?post=244429"}],"version-history":[{"count":1,"href":"https:\/\/vof-news.eu\/es\/wp-json\/wp\/v2\/posts\/244429\/revisions"}],"predecessor-version":[{"id":244436,"href":"https:\/\/vof-news.eu\/es\/wp-json\/wp\/v2\/posts\/244429\/revisions\/244436"}],"wp:featuredmedia":[{"embeddable":true,"href":"https:\/\/vof-news.eu\/es\/wp-json\/wp\/v2\/media\/244430"}],"wp:attachment":[{"href":"https:\/\/vof-news.eu\/es\/wp-json\/wp\/v2\/media?parent=244429"}],"wp:term":[{"taxonomy":"category","embeddable":true,"href":"https:\/\/vof-news.eu\/es\/wp-json\/wp\/v2\/categories?post=244429"},{"taxonomy":"post_tag","embeddable":true,"href":"https:\/\/vof-news.eu\/es\/wp-json\/wp\/v2\/tags?post=244429"}],"curies":[{"name":"wp","href":"https:\/\/api.w.org\/{rel}","templated":true}]}}