{"id":244355,"date":"2025-07-01T09:17:54","date_gmt":"2025-07-01T06:17:54","guid":{"rendered":"https:\/\/vof-news.eu\/cuando-se-cobra-el-paro-en-julio-de-2025-fechas-de-ingreso-en-cada-banco\/"},"modified":"2025-07-01T09:18:11","modified_gmt":"2025-07-01T06:18:11","slug":"cuando-se-cobra-el-paro-en-julio-de-2025-fechas-de-ingreso-en-cada-banco","status":"publish","type":"post","link":"https:\/\/vof-news.eu\/es\/cuando-se-cobra-el-paro-en-julio-de-2025-fechas-de-ingreso-en-cada-banco\/","title":{"rendered":"Cu\u00e1ndo se cobra el paro en julio de 2025: fechas de ingreso en cada banco"},"content":{"rendered":"<div>\n<p>\n        La prestaci\u00f3n por desempleo representa una red fundamental para la protecci\u00f3n social, conocer con precisi\u00f3n cu\u00e1ndo se cobra el paro es vital para millones de personas. En julio de 2025, el calendario de pagos dispuesto por el Servicio P\u00fablico de Empleo Estatal (SEPE) vuelve a despertar gran inter\u00e9s, dado que su periodo oficial abarca del 4 al 15 del mes.\n    <\/p>\n<p>\n        Sin embargo, esta fecha general puede variar sustancialmente en funci\u00f3n de la entidad bancaria donde cada beneficiario tenga domiciliado el cobro. El conocimiento anticipado de estos plazos permite planificar gastos y afrontar las obligaciones financieras con mayor seguridad, lo que adquiere especial relevancia en un contexto econ\u00f3mico donde la estabilidad presupuestaria es prioritaria para muchas familias.\n    <\/p>\n<p>\n        El paro no solo representa un ingreso econ\u00f3mico para quienes se encuentran temporalmente sin empleo, sino que tambi\u00e9n se configura como un pilar de estabilidad social, especialmente en periodos en los que la econom\u00eda puede sufrir fluctuaciones. La transferencia puntual y segura de estos pagos es fundamental para que los hogares puedan hacer frente a necesidades b\u00e1sicas, como alimentaci\u00f3n, vivienda y servicios esenciales.\n    <\/p>\n<p>\n        Por ello, la coordinaci\u00f3n entre el SEPE y las distintas entidades bancarias que act\u00faan como intermediarias en la distribuci\u00f3n de estos fondos adquiere un papel crucial. Esta colaboraci\u00f3n garantiza que los fondos lleguen con celeridad y eficiencia, minimizando cualquier posible retraso que pueda generar dificultades en la vida cotidiana.\n    <\/p>\n<h2>Fechas de cobro del paro en julio de 2025 seg\u00fan cada banco<\/h2>\n<p>\n        El Servicio P\u00fablico de Empleo Estatal ha confirmado que los pagos por desempleo correspondientes al mes de junio se efectuar\u00e1n oficialmente entre el 10 y el 15 de julio. No obstante, gracias a los acuerdos entre el SEPE y distintas entidades financieras, algunos bancos adelantan estos ingresos, beneficiando a sus clientes con anticipos importantes. A continuaci\u00f3n, se detallan las fechas en que cada banco realizar\u00e1 el ingreso de la prestaci\u00f3n:\n    <\/p>\n<p>\n        Aunque el SEPE establece un marco temporal claro para los pagos de la prestaci\u00f3n por desempleo, la realidad es que cada banco puede adelantar o demorar el ingreso. Por ello, resulta imprescindible que los beneficiarios est\u00e9n informados y mantengan contacto tanto con la entidad financiera como con el organismo p\u00fablico para gestionar correctamente sus recursos. El conocimiento detallado de las fechas de cobro permite afrontar con mayor seguridad los gastos del mes y contribuye a garantizar la estabilidad econ\u00f3mica en momentos de vulnerabilidad.\n    <\/p>\n<\/div>\n","protected":false},"excerpt":{"rendered":"<p>La prestaci\u00f3n por desempleo representa una red fundamental para la protecci\u00f3n social, conocer con precisi\u00f3n cu\u00e1ndo se cobra el paro es vital para millones de personas. En julio de 2025, el calendario de pagos dispuesto por el Servicio P\u00fablico de Empleo Estatal (SEPE) vuelve a despertar gran inter\u00e9s, dado que su periodo oficial abarca del<\/p>\n","protected":false},"author":1,"featured_media":244356,"comment_status":"open","ping_status":"open","sticky":false,"template":"","format":"standard","meta":{"footnotes":""},"categories":[61],"tags":[],"class_list":["post-244355","post","type-post","status-publish","format-standard","has-post-thumbnail","hentry","category-business-es"],"acf":[],"yoast_head":"<!-- This site is optimized with the Yoast SEO plugin v22.9 - https:\/\/yoast.com\/wordpress\/plugins\/seo\/ -->\n<title>Cu\u00e1ndo se cobra el paro en julio de 2025: fechas de ingreso en cada banco - vof-news.eu<\/title>\n<meta name=\"description\" content=\"La prestaci\u00f3n por desempleo representa una red fundamental para la protecci\u00f3n social, conocer con precisi\u00f3n cu\u00e1ndo se cobra el paro es vital para millones de personas. En julio de 2025, el calendario de pagos dispuesto por el Servicio P\u00fablico de Empleo Estatal (SEPE) vuelve a despertar gran inter\u00e9s, dado que su periodo oficial abarca del 4 al 15 del mes.\" \/>\n<meta name=\"robots\" content=\"noindex, follow, max-snippet:-1, max-image-preview:large, max-video-preview:-1\" \/>\n<meta property=\"og:locale\" content=\"es_ES\" \/>\n<meta property=\"og:type\" content=\"article\" \/>\n<meta property=\"og:title\" content=\"Cu\u00e1ndo se cobra el paro en julio de 2025: fechas de ingreso en cada banco - vof-news.eu\" \/>\n<meta property=\"og:description\" content=\"La prestaci\u00f3n por desempleo representa una red fundamental para la protecci\u00f3n social, conocer con precisi\u00f3n cu\u00e1ndo se cobra el paro es vital para millones de personas. En julio de 2025, el calendario de pagos dispuesto por el Servicio P\u00fablico de Empleo Estatal (SEPE) vuelve a despertar gran inter\u00e9s, dado que su periodo oficial abarca del 4 al 15 del mes.\" \/>\n<meta property=\"og:url\" content=\"https:\/\/vof-news.eu\/es\/cuando-se-cobra-el-paro-en-julio-de-2025-fechas-de-ingreso-en-cada-banco\/\" \/>\n<meta property=\"og:site_name\" content=\"vof-news.eu\" \/>\n<meta property=\"article:published_time\" content=\"2025-07-01T06:17:54+00:00\" \/>\n<meta property=\"article:modified_time\" content=\"2025-07-01T06:18:11+00:00\" \/>\n<meta property=\"og:image\" content=\"https:\/\/vof-news.eu\/wp-content\/uploads\/2025\/07\/fb63d883-446d-4442-ac74-0933ec5fa1c9_16-9-discover-aspect-ratio_default_0.jpg\" \/>\n\t<meta property=\"og:image:width\" content=\"1200\" \/>\n\t<meta property=\"og:image:height\" content=\"675\" \/>\n\t<meta property=\"og:image:type\" content=\"image\/jpeg\" \/>\n<meta name=\"author\" content=\"Author\" \/>\n<meta name=\"twitter:card\" content=\"summary_large_image\" \/>\n<meta name=\"twitter:label1\" content=\"Escrito por\" \/>\n\t<meta name=\"twitter:data1\" content=\"Author\" \/>\n\t<meta name=\"twitter:label2\" content=\"Tiempo de lectura\" \/>\n\t<meta name=\"twitter:data2\" content=\"2 minutos\" \/>\n<script type=\"application\/ld+json\" class=\"yoast-schema-graph\">{\"@context\":\"https:\/\/schema.org\",\"@graph\":[{\"@type\":\"WebPage\",\"@id\":\"https:\/\/vof-news.eu\/es\/cuando-se-cobra-el-paro-en-julio-de-2025-fechas-de-ingreso-en-cada-banco\/\",\"url\":\"https:\/\/vof-news.eu\/es\/cuando-se-cobra-el-paro-en-julio-de-2025-fechas-de-ingreso-en-cada-banco\/\",\"name\":\"Cu\u00e1ndo se cobra el paro en julio de 2025: fechas de ingreso en cada banco - vof-news.eu\",\"isPartOf\":{\"@id\":\"https:\/\/vof-news.eu\/es\/#website\"},\"primaryImageOfPage\":{\"@id\":\"https:\/\/vof-news.eu\/es\/cuando-se-cobra-el-paro-en-julio-de-2025-fechas-de-ingreso-en-cada-banco\/#primaryimage\"},\"image\":{\"@id\":\"https:\/\/vof-news.eu\/es\/cuando-se-cobra-el-paro-en-julio-de-2025-fechas-de-ingreso-en-cada-banco\/#primaryimage\"},\"thumbnailUrl\":\"https:\/\/vof-news.eu\/wp-content\/uploads\/2025\/07\/fb63d883-446d-4442-ac74-0933ec5fa1c9_16-9-discover-aspect-ratio_default_0.jpg\",\"datePublished\":\"2025-07-01T06:17:54+00:00\",\"dateModified\":\"2025-07-01T06:18:11+00:00\",\"author\":{\"@id\":\"https:\/\/vof-news.eu\/es\/#\/schema\/person\/f6a2a4309f0561835797fd8c19b333ed\"},\"description\":\"La prestaci\u00f3n por desempleo representa una red fundamental para la protecci\u00f3n social, conocer con precisi\u00f3n cu\u00e1ndo se cobra el paro es vital para millones de personas. En julio de 2025, el calendario de pagos dispuesto por el Servicio P\u00fablico de Empleo Estatal (SEPE) vuelve a despertar gran inter\u00e9s, dado que su periodo oficial abarca del 4 al 15 del mes.\",\"breadcrumb\":{\"@id\":\"https:\/\/vof-news.eu\/es\/cuando-se-cobra-el-paro-en-julio-de-2025-fechas-de-ingreso-en-cada-banco\/#breadcrumb\"},\"inLanguage\":\"es\",\"potentialAction\":[{\"@type\":\"ReadAction\",\"target\":[\"https:\/\/vof-news.eu\/es\/cuando-se-cobra-el-paro-en-julio-de-2025-fechas-de-ingreso-en-cada-banco\/\"]}]},{\"@type\":\"ImageObject\",\"inLanguage\":\"es\",\"@id\":\"https:\/\/vof-news.eu\/es\/cuando-se-cobra-el-paro-en-julio-de-2025-fechas-de-ingreso-en-cada-banco\/#primaryimage\",\"url\":\"https:\/\/vof-news.eu\/wp-content\/uploads\/2025\/07\/fb63d883-446d-4442-ac74-0933ec5fa1c9_16-9-discover-aspect-ratio_default_0.jpg\",\"contentUrl\":\"https:\/\/vof-news.eu\/wp-content\/uploads\/2025\/07\/fb63d883-446d-4442-ac74-0933ec5fa1c9_16-9-discover-aspect-ratio_default_0.jpg\",\"width\":1200,\"height\":675},{\"@type\":\"BreadcrumbList\",\"@id\":\"https:\/\/vof-news.eu\/es\/cuando-se-cobra-el-paro-en-julio-de-2025-fechas-de-ingreso-en-cada-banco\/#breadcrumb\",\"itemListElement\":[{\"@type\":\"ListItem\",\"position\":1,\"name\":\"Home\",\"item\":\"https:\/\/vof-news.eu\/es\/\"},{\"@type\":\"ListItem\",\"position\":2,\"name\":\"Cu\u00e1ndo se cobra el paro en julio de 2025: fechas de ingreso en cada banco\"}]},{\"@type\":\"WebSite\",\"@id\":\"https:\/\/vof-news.eu\/es\/#website\",\"url\":\"https:\/\/vof-news.eu\/es\/\",\"name\":\"vof-news.eu\",\"description\":\"\",\"potentialAction\":[{\"@type\":\"SearchAction\",\"target\":{\"@type\":\"EntryPoint\",\"urlTemplate\":\"https:\/\/vof-news.eu\/es\/?s={search_term_string}\"},\"query-input\":\"required name=search_term_string\"}],\"inLanguage\":\"es\"},{\"@type\":\"Person\",\"@id\":\"https:\/\/vof-news.eu\/es\/#\/schema\/person\/f6a2a4309f0561835797fd8c19b333ed\",\"name\":\"Author\",\"image\":{\"@type\":\"ImageObject\",\"inLanguage\":\"es\",\"@id\":\"https:\/\/vof-news.eu\/es\/#\/schema\/person\/image\/\",\"url\":\"https:\/\/secure.gravatar.com\/avatar\/b67e614b1b25b3e9c0c239efdd2fde5ab015b5affd6f1c3c85911ca4b384e790?s=96&d=mm&r=g\",\"contentUrl\":\"https:\/\/secure.gravatar.com\/avatar\/b67e614b1b25b3e9c0c239efdd2fde5ab015b5affd6f1c3c85911ca4b384e790?s=96&d=mm&r=g\",\"caption\":\"Author\"},\"sameAs\":[\"http:\/\/vof-news.eu\"],\"url\":\"https:\/\/vof-news.eu\/es\/author\/zwt6qxnjulxbnyg\/\"}]}<\/script>\n<!-- \/ Yoast SEO plugin. -->","yoast_head_json":{"title":"Cu\u00e1ndo se cobra el paro en julio de 2025: fechas de ingreso en cada banco - vof-news.eu","description":"La prestaci\u00f3n por desempleo representa una red fundamental para la protecci\u00f3n social, conocer con precisi\u00f3n cu\u00e1ndo se cobra el paro es vital para millones de personas. En julio de 2025, el calendario de pagos dispuesto por el Servicio P\u00fablico de Empleo Estatal (SEPE) vuelve a despertar gran inter\u00e9s, dado que su periodo oficial abarca del 4 al 15 del mes.","robots":{"index":"noindex","follow":"follow","max-snippet":"max-snippet:-1","max-image-preview":"max-image-preview:large","max-video-preview":"max-video-preview:-1"},"og_locale":"es_ES","og_type":"article","og_title":"Cu\u00e1ndo se cobra el paro en julio de 2025: fechas de ingreso en cada banco - vof-news.eu","og_description":"La prestaci\u00f3n por desempleo representa una red fundamental para la protecci\u00f3n social, conocer con precisi\u00f3n cu\u00e1ndo se cobra el paro es vital para millones de personas. En julio de 2025, el calendario de pagos dispuesto por el Servicio P\u00fablico de Empleo Estatal (SEPE) vuelve a despertar gran inter\u00e9s, dado que su periodo oficial abarca del 4 al 15 del mes.","og_url":"https:\/\/vof-news.eu\/es\/cuando-se-cobra-el-paro-en-julio-de-2025-fechas-de-ingreso-en-cada-banco\/","og_site_name":"vof-news.eu","article_published_time":"2025-07-01T06:17:54+00:00","article_modified_time":"2025-07-01T06:18:11+00:00","og_image":[{"width":1200,"height":675,"url":"https:\/\/vof-news.eu\/wp-content\/uploads\/2025\/07\/fb63d883-446d-4442-ac74-0933ec5fa1c9_16-9-discover-aspect-ratio_default_0.jpg","type":"image\/jpeg"}],"author":"Author","twitter_card":"summary_large_image","twitter_misc":{"Escrito por":"Author","Tiempo de lectura":"2 minutos"},"schema":{"@context":"https:\/\/schema.org","@graph":[{"@type":"WebPage","@id":"https:\/\/vof-news.eu\/es\/cuando-se-cobra-el-paro-en-julio-de-2025-fechas-de-ingreso-en-cada-banco\/","url":"https:\/\/vof-news.eu\/es\/cuando-se-cobra-el-paro-en-julio-de-2025-fechas-de-ingreso-en-cada-banco\/","name":"Cu\u00e1ndo se cobra el paro en julio de 2025: fechas de ingreso en cada banco - vof-news.eu","isPartOf":{"@id":"https:\/\/vof-news.eu\/es\/#website"},"primaryImageOfPage":{"@id":"https:\/\/vof-news.eu\/es\/cuando-se-cobra-el-paro-en-julio-de-2025-fechas-de-ingreso-en-cada-banco\/#primaryimage"},"image":{"@id":"https:\/\/vof-news.eu\/es\/cuando-se-cobra-el-paro-en-julio-de-2025-fechas-de-ingreso-en-cada-banco\/#primaryimage"},"thumbnailUrl":"https:\/\/vof-news.eu\/wp-content\/uploads\/2025\/07\/fb63d883-446d-4442-ac74-0933ec5fa1c9_16-9-discover-aspect-ratio_default_0.jpg","datePublished":"2025-07-01T06:17:54+00:00","dateModified":"2025-07-01T06:18:11+00:00","author":{"@id":"https:\/\/vof-news.eu\/es\/#\/schema\/person\/f6a2a4309f0561835797fd8c19b333ed"},"description":"La prestaci\u00f3n por desempleo representa una red fundamental para la protecci\u00f3n social, conocer con precisi\u00f3n cu\u00e1ndo se cobra el paro es vital para millones de personas. En julio de 2025, el calendario de pagos dispuesto por el Servicio P\u00fablico de Empleo Estatal (SEPE) vuelve a despertar gran inter\u00e9s, dado que su periodo oficial abarca del 4 al 15 del mes.","breadcrumb":{"@id":"https:\/\/vof-news.eu\/es\/cuando-se-cobra-el-paro-en-julio-de-2025-fechas-de-ingreso-en-cada-banco\/#breadcrumb"},"inLanguage":"es","potentialAction":[{"@type":"ReadAction","target":["https:\/\/vof-news.eu\/es\/cuando-se-cobra-el-paro-en-julio-de-2025-fechas-de-ingreso-en-cada-banco\/"]}]},{"@type":"ImageObject","inLanguage":"es","@id":"https:\/\/vof-news.eu\/es\/cuando-se-cobra-el-paro-en-julio-de-2025-fechas-de-ingreso-en-cada-banco\/#primaryimage","url":"https:\/\/vof-news.eu\/wp-content\/uploads\/2025\/07\/fb63d883-446d-4442-ac74-0933ec5fa1c9_16-9-discover-aspect-ratio_default_0.jpg","contentUrl":"https:\/\/vof-news.eu\/wp-content\/uploads\/2025\/07\/fb63d883-446d-4442-ac74-0933ec5fa1c9_16-9-discover-aspect-ratio_default_0.jpg","width":1200,"height":675},{"@type":"BreadcrumbList","@id":"https:\/\/vof-news.eu\/es\/cuando-se-cobra-el-paro-en-julio-de-2025-fechas-de-ingreso-en-cada-banco\/#breadcrumb","itemListElement":[{"@type":"ListItem","position":1,"name":"Home","item":"https:\/\/vof-news.eu\/es\/"},{"@type":"ListItem","position":2,"name":"Cu\u00e1ndo se cobra el paro en julio de 2025: fechas de ingreso en cada banco"}]},{"@type":"WebSite","@id":"https:\/\/vof-news.eu\/es\/#website","url":"https:\/\/vof-news.eu\/es\/","name":"vof-news.eu","description":"","potentialAction":[{"@type":"SearchAction","target":{"@type":"EntryPoint","urlTemplate":"https:\/\/vof-news.eu\/es\/?s={search_term_string}"},"query-input":"required name=search_term_string"}],"inLanguage":"es"},{"@type":"Person","@id":"https:\/\/vof-news.eu\/es\/#\/schema\/person\/f6a2a4309f0561835797fd8c19b333ed","name":"Author","image":{"@type":"ImageObject","inLanguage":"es","@id":"https:\/\/vof-news.eu\/es\/#\/schema\/person\/image\/","url":"https:\/\/secure.gravatar.com\/avatar\/b67e614b1b25b3e9c0c239efdd2fde5ab015b5affd6f1c3c85911ca4b384e790?s=96&d=mm&r=g","contentUrl":"https:\/\/secure.gravatar.com\/avatar\/b67e614b1b25b3e9c0c239efdd2fde5ab015b5affd6f1c3c85911ca4b384e790?s=96&d=mm&r=g","caption":"Author"},"sameAs":["http:\/\/vof-news.eu"],"url":"https:\/\/vof-news.eu\/es\/author\/zwt6qxnjulxbnyg\/"}]}},"yoast_meta":{"yoast_wpseo_title":"","yoast_wpseo_metadesc":"","yoast_wpseo_canonical":""},"_links":{"self":[{"href":"https:\/\/vof-news.eu\/es\/wp-json\/wp\/v2\/posts\/244355","targetHints":{"allow":["GET"]}}],"collection":[{"href":"https:\/\/vof-news.eu\/es\/wp-json\/wp\/v2\/posts"}],"about":[{"href":"https:\/\/vof-news.eu\/es\/wp-json\/wp\/v2\/types\/post"}],"author":[{"embeddable":true,"href":"https:\/\/vof-news.eu\/es\/wp-json\/wp\/v2\/users\/1"}],"replies":[{"embeddable":true,"href":"https:\/\/vof-news.eu\/es\/wp-json\/wp\/v2\/comments?post=244355"}],"version-history":[{"count":1,"href":"https:\/\/vof-news.eu\/es\/wp-json\/wp\/v2\/posts\/244355\/revisions"}],"predecessor-version":[{"id":244362,"href":"https:\/\/vof-news.eu\/es\/wp-json\/wp\/v2\/posts\/244355\/revisions\/244362"}],"wp:featuredmedia":[{"embeddable":true,"href":"https:\/\/vof-news.eu\/es\/wp-json\/wp\/v2\/media\/244356"}],"wp:attachment":[{"href":"https:\/\/vof-news.eu\/es\/wp-json\/wp\/v2\/media?parent=244355"}],"wp:term":[{"taxonomy":"category","embeddable":true,"href":"https:\/\/vof-news.eu\/es\/wp-json\/wp\/v2\/categories?post=244355"},{"taxonomy":"post_tag","embeddable":true,"href":"https:\/\/vof-news.eu\/es\/wp-json\/wp\/v2\/tags?post=244355"}],"curies":[{"name":"wp","href":"https:\/\/api.w.org\/{rel}","templated":true}]}}