{"id":244299,"date":"2025-07-01T07:18:33","date_gmt":"2025-07-01T04:18:33","guid":{"rendered":"https:\/\/vof-news.eu\/las-claves-de-la-huelga-de-jueces-y-fiscales-del-plan-para-los-interinos-a-la-inclusion-de-una-prueba-escrita-en-la-oposicion\/"},"modified":"2025-07-01T07:19:01","modified_gmt":"2025-07-01T04:19:01","slug":"las-claves-de-la-huelga-de-jueces-y-fiscales-del-plan-para-los-interinos-a-la-inclusion-de-una-prueba-escrita-en-la-oposicion","status":"publish","type":"post","link":"https:\/\/vof-news.eu\/es\/las-claves-de-la-huelga-de-jueces-y-fiscales-del-plan-para-los-interinos-a-la-inclusion-de-una-prueba-escrita-en-la-oposicion\/","title":{"rendered":"Las claves de la huelga de jueces y fiscales: del plan para los interinos a la inclusi\u00f3n de una prueba escrita en la oposici\u00f3n"},"content":{"rendered":"<div>\n<p>\n        Jueces y fiscales protagonizan a partir de este martes la sexta huelga de la democracia con tres d\u00edas consecutivos de paros. La convocatoria parte de todas las asociaciones menos las dos progresistas, que ven una amenaza a los \u201cprincipios b\u00e1sicos del Estado de Derecho\u201d en los proyectos con los que el Ejecutivo pretende modificar el acceso a la carrera y el Estatuto de la Fiscal\u00eda. Los convocantes piden una retirada total de esos proyectos, que tambi\u00e9n incluyen medidas como el blindaje por ley de becas para opositores.\n    <\/p>\n<p>\n        En diferentes comunicados hechos p\u00fablicos en los \u00faltimos d\u00edas, las asociaciones han esgrimido sus argumentos para unas jornadas de paro a las que precedi\u00f3 una <a href=\"https:\/\/www.eldiario.es\/politica\/jueces-fiscales-impulsan-huelga-reformas-gobierno-concentracion-togas-supremo_1_12419954.html\" rel=\"nofollow\">concentraci\u00f3n ante el Tribunal Supremo<\/a> el pasado s\u00e1bado a las decenas de jueces y fiscales acudieron vestidos con las togas que tienen la obligaci\u00f3n de vestir en los actos procesales. El ministro de Justicia, F\u00e9lix Bola\u00f1os, ha calificado de \u201cinfundados\u201d los motivos de la protesta y ha defendido que \u201cni una sola l\u00ednea de las reformas de la Justicia afecta ni a la independencia judicial ni al Estado de Derecho\u201d.\n    <\/p>\n<h2>El plan para hacer fijos a mil jueces interinos<\/h2>\n<p>\n        En el centro de la pol\u00e9mica est\u00e1 el plan para regularizar a un millar de jueces y fiscales sustitutos que cubren bajas y sacan adelante juzgados en situaciones precarias. El proyecto prev\u00e9 un proceso abierto y no se limita a quienes han desempe\u00f1ado esas funciones dentro de las carreras judicial y fiscal, aunque s\u00ed est\u00e1 pensado \u201cespecialmente\u201d para quienes llevan a\u00f1os en esta situaci\u00f3n. Los aspirantes deber\u00e1n acreditar cinco a\u00f1os de ejercicio profesional jur\u00eddico para poder presentarse a un dictamen pr\u00e1ctico al que seguir\u00e1 una fase de m\u00e9ritos. Ning\u00fan juez sustituto lograr\u00e1 una plaza directamente.\n    <\/p>\n<p>\n        Seg\u00fan las asociaciones, este proceso \u201cno asegura la acreditaci\u00f3n rigurosa de los conocimientos jur\u00eddicos necesarios\u201d. Y otorga acceso directo a la categor\u00eda de juez o fiscal, tras las pr\u00e1cticas, sin equipararse en exigencia al proceso ordinario del turno libre, que requiere una preparaci\u00f3n superior a los cinco a\u00f1os de media. En el Ejecutivo defienden que se celebrar\u00e1 un concurso-oposici\u00f3n de acuerdo a los criterios de \u201cigualdad, m\u00e9rito y capacidad fijados por el Tribunal Constitucional\u201d y aseguran que la estabilizaci\u00f3n viene obligada por la Comisi\u00f3n Europea. En paralelo, el Gobierno ha asegurado que convocar\u00e1 1.440 plazas del turno libre en los pr\u00f3ximos tres a\u00f1os.\n    <\/p>\n<p>\n        Este plan es criticado tambi\u00e9n por la progresista Juezas y Jueces para la Democracia, que no secunda la huelga. Seg\u00fan esta asociaci\u00f3n se deber\u00edan exigir al menos diez a\u00f1os de experiencia profesional \u2014tal y como se contempla para la entrada por el llamado cuarto turno que existe desde 1985\u2014 y el proceso deber\u00eda limitarse \u00fanicamente a quienes han desempe\u00f1ado tareas de jueces sustitutos.\n    <\/p>\n<h2>La reforma del Estatuto fiscal<\/h2>\n<p>\n        El otro gran proyecto que los convocantes piden retirar es la nueva redacci\u00f3n del Estatuto Org\u00e1nico del Ministerio Fiscal, que ya estaba prevista en el proyecto de reforma de la Ley de Enjuiciamiento Criminal (Lecrim) que incluye una <a href=\"https:\/\/www.eldiario.es\/politica\/reforma-fiscales-dirijan-investigaciones-cambio-integral-necesitara-lustro-entrar-vigor_1_6457433.html\" rel=\"nofollow\">transferencia de funciones<\/a> de jueces a fiscales y que pasar\u00e1n a dirigir las investigaciones y a decidir los pasos a dar para esclarecer los delitos. La reforma establece que el mandato del fiscal general del Estado <a href=\"https:\/\/www.eldiario.es\/politica\/gobierno-propone-mandato-fiscal-general-no-coincida-blinda-nombramientos_1_12292944.html\" rel=\"nofollow\">ser\u00e1 de cinco a\u00f1os<\/a> y ya no coincidir\u00e1 con el del Gobierno. Tambi\u00e9n reduce las funciones del Consejo Fiscal, el \u00f3rgano consultivo del Ministerio P\u00fablico en el que la mayor\u00eda de sus miembros son elegidos por sus compa\u00f1eros, entre otras medidas.\n    <\/p>\n<p>\n        Las asociaciones creen que la reforma del Estatuto de la Fiscal\u00eda supone \u201cun grave retroceso en la autonom\u00eda del Ministerio Fiscal\u201d. Sostienen que se da incluso pasos atr\u00e1s, al \u201cincrementar injustificadamente\u201d el poder del fiscal general del Estado \u201csin establecer contrapesos internos ni verdaderas garant\u00edas para que los fiscales lleven a cabo su labor investigadora\u201d.\n    <\/p>\n<p>\n        Tambi\u00e9n han criticado que se proponga precisamente ahora, en un momento convulso en el Ministerio P\u00fablico, con el fiscal general, \u00c1lvaro Garc\u00eda Ortiz, al borde del banquillo tras la querella que present\u00f3 la pareja de Isabel D\u00edaz Ayuso. Pero esta reforma no entrar\u00e1 en vigor hasta el a\u00f1o 2028 y, en consecuencia, no afectar\u00e1 a Garc\u00eda Ortiz, que deber\u00e1 dejar su cargo, como tarde, en julio de 2027.\n    <\/p>\n<h2>La \u201cexcelencia\u201d en el acceso a la carrera<\/h2>\n<p>\n        Uno de los pilares del proyecto de Justicia es una <a href=\"https:\/\/www.eldiario.es\/politica\/gobierno-propone-reforma-integral-oposiciones-juez-fiscal_1_11979343.html\" rel=\"nofollow\">reforma integral<\/a> del actual modelo de oposiciones del turno libre, en el que prima la capacidad de memorizar normas jur\u00eddicas a trav\u00e9s de la superaci\u00f3n de un test y dos ejercicios orales. La nueva regulaci\u00f3n suprime una de las dos pruebas orales e introduce una prueba escrita y anonimizada que consistir\u00e1 en un caso pr\u00e1ctico, tal y como ocurre en otros cuerpos como los notarios, los registradores o los abogados del Estado.\n    <\/p>\n<p>\n        Seg\u00fan los convocantes, el cambio supone \u201crebajar la excelencia de conocimientos en el acceso a las carreras judicial y fiscal, eliminando contenido esencial\u201d e \u201cintroduciendo pruebas m\u00e1s subjetivas y susceptibles de filtraci\u00f3n\u201d. Fuentes del Ejecutivo reiteran que las pruebas memor\u00edsticas \u2014un examen tipo test y una prueba oral\u2014 no se eliminan. Y que lo que se hace es introducir un caso pr\u00e1ctico que permite evaluar otras aptitudes necesarias para el ejercicio de la jurisdicci\u00f3n, como la capacidad de redacci\u00f3n, la argumentaci\u00f3n jur\u00eddica o la aplicaci\u00f3n del derecho a casos concretos.\n    <\/p>\n<h2>El centro p\u00fablico de preparaci\u00f3n de opositores<\/h2>\n<p>\n        La reforma tambi\u00e9n acaba con la <a href=\"https:\/\/www.eldiario.es\/politica\/judicial-afirma-jueces-preparan-opositores-actuan-fines-generosos-pese-cobrarles_1_12142659.html\" rel=\"nofollow\">preparaci\u00f3n de oposiciones<\/a> como un negocio eminentemente privado, en el que siguen existiendo pagos en B. As\u00ed, pretende convertir el Centro de Estudios Jur\u00eddicos (CEJ), ubicado en Madrid, en un espacio p\u00fablico de preparaci\u00f3n de oposiciones para jueces y fiscales. Adem\u00e1s, el objetivo es que el CEJ llegue a acuerdos con otros entes provinciales para que los opositores que no residan en la capital tengan la oportunidad de acudir all\u00ed para preparar parte de sus oposiciones.\n    <\/p>\n<p>\n        Los convocantes cuestionan que se pretende crear \u201cun centro de preparaci\u00f3n de opositores dependiente directamente del Gobierno y, por ello, con riesgo de selecci\u00f3n ideol\u00f3gica de los futuros jueces y fiscales\u201d. En el Gobierno insisten en que la voluntad es que el CEJ se convierta en un lugar asequible y con presencia en todo el territorio para preparar las oposiciones. Pero ni ser\u00e1 obligatorio prepararlas all\u00ed ni se intervendr\u00e1 en los contenidos de la preparaci\u00f3n de cada preparador que preste all\u00ed sus servicios. Tampoco se har\u00e1 ninguna selecci\u00f3n para crear un cuerpo de preparadores.\n    <\/p>\n<h2>Los cambios en el \u00f3rgano que vela por la \u00e9tica de los jueces<\/h2>\n<p>\n        Los convocantes cuestionan la politizaci\u00f3n de la Comisi\u00f3n de \u00c9tica Judicial, un \u00f3rgano independiente del CGPJ cuya funci\u00f3n es orientar sobre la interpretaci\u00f3n de los principios de \u00e9tica judicial. En la actualidad est\u00e1 compuesta por seis jueces elegidos de forma directa por sus compa\u00f1eros. Estos seis jueces eligen, a su vez, a un acad\u00e9mico experto en \u00e9tica o filosof\u00eda del derecho. Este modelo ha provocado que miembros y exintegrantes de las <a href=\"https:\/\/www.eldiario.es\/politica\/comision-etica-judicial-unica-elegida-100-jueces_1_8291369.html\" rel=\"nofollow\">asociaciones conservadoras<\/a> de la judicatura copen sus principales puestos. Este \u00f3rgano aval\u00f3 las concentraciones de jueces vestidos con togas contra la amnist\u00eda.\n    <\/p>\n<p>\n        El proyecto ampl\u00eda la composici\u00f3n de este \u00f3rgano con un total de cuatro catedr\u00e1ticos de \u00c9tica, Filosof\u00eda del Derecho o Filosof\u00eda Moral que ser\u00e1n designados por el Congreso y el Senado. Para lograr una mayor representaci\u00f3n de los diversos grupos parlamentarios, cada diputado o senador votar\u00e1 a un solo candidato y resultar\u00e1n elegidos los dos que obtengan el mayor n\u00famero de votos. Los jueces, que seguir\u00e1n siendo elegidos por sus compa\u00f1eros, seguir\u00e1n siendo mayor\u00eda con un total de cinco representantes.\n    <\/p>\n<h2>Coto a las subvenciones de las asociaciones<\/h2>\n<p>\n        La reforma tambi\u00e9n proh\u00edbe todo tipo de patrocinio o subvenci\u00f3n privada para las asociaciones profesionales judiciales, que ya reciben <a href=\"https:\/\/www.poderjudicial.es\/cgpj\/en\/Judiciary\/General-Council-of-the-Judiciary\/Pressroom\/Press-Archive\/Las-asociaciones-judiciales-han-percibido-durante-2021-subvenciones-del-CGPJ-por-mas-de-cuatrocientos-mil-euros\" rel=\"nofollow\">dinero p\u00fablico<\/a> para su mantenimiento. El Gobierno argumenta que ese dinero privado puede comprometer su apariencia de imparcialidad. La mayor\u00eda de las asociaciones <a href=\"https:\/\/www.eldiario.es\/politica\/acuerdos-patrocinio-asociaciones-judiciales_1_1874771.html\" rel=\"nofollow\">mantienen convenios con el Banco Santander,<\/a> de quien aseguran recibir importes \u201cmuy peque\u00f1os\u201d dedicados a formaci\u00f3n.\n    <\/p>\n<p>\n        Las asociaciones rebaten que \u201cno se refuerza la independencia limitando las fuentes de financiaci\u00f3n, sin contemplar incremento de las permitidas\u201d y afirman que el incremento de cuotas de asociados desincentiva la asociaci\u00f3n de un colectivo que tiene prohibido por la Constituci\u00f3n el acceso a mecanismos de sindicaci\u00f3n.\n    <\/p>\n<\/div>\n","protected":false},"excerpt":{"rendered":"<p>Jueces y fiscales protagonizan a partir de este martes la sexta huelga de la democracia con tres d\u00edas consecutivos de paros. La convocatoria parte de todas las asociaciones menos las dos progresistas, que ven una amenaza a los \u201cprincipios b\u00e1sicos del Estado de Derecho\u201d en los proyectos con los que el Ejecutivo pretende modificar el<\/p>\n","protected":false},"author":1,"featured_media":244300,"comment_status":"open","ping_status":"open","sticky":false,"template":"","format":"standard","meta":{"footnotes":""},"categories":[71],"tags":[],"class_list":["post-244299","post","type-post","status-publish","format-standard","has-post-thumbnail","hentry","category-politics-es"],"acf":[],"yoast_head":"<!-- This site is optimized with the Yoast SEO plugin v22.9 - https:\/\/yoast.com\/wordpress\/plugins\/seo\/ -->\n<title>Las claves de la huelga de jueces y fiscales: del plan para los interinos a la inclusi\u00f3n de una prueba escrita en la oposici\u00f3n - vof-news.eu<\/title>\n<meta name=\"description\" content=\"Jueces y fiscales protagonizan a partir de este martes la sexta huelga de la democracia con tres d\u00edas consecutivos de paros. La convocatoria parte de todas las asociaciones menos las dos progresistas, que ven una amenaza a los \u201cprincipios b\u00e1sicos del Estado de Derecho\u201d en los proyectos con los que el Ejecutivo pretende modificar el acceso a la carrera y el Estatuto de la Fiscal\u00eda. Los convocantes piden una retirada total de esos proyectos, que tambi\u00e9n incluyen medidas como el blindaje por ley de becas para opositores.\" \/>\n<meta name=\"robots\" content=\"noindex, follow, max-snippet:-1, max-image-preview:large, max-video-preview:-1\" \/>\n<meta property=\"og:locale\" content=\"es_ES\" \/>\n<meta property=\"og:type\" content=\"article\" \/>\n<meta property=\"og:title\" content=\"Las claves de la huelga de jueces y fiscales: del plan para los interinos a la inclusi\u00f3n de una prueba escrita en la oposici\u00f3n - vof-news.eu\" \/>\n<meta property=\"og:description\" content=\"Jueces y fiscales protagonizan a partir de este martes la sexta huelga de la democracia con tres d\u00edas consecutivos de paros. La convocatoria parte de todas las asociaciones menos las dos progresistas, que ven una amenaza a los \u201cprincipios b\u00e1sicos del Estado de Derecho\u201d en los proyectos con los que el Ejecutivo pretende modificar el acceso a la carrera y el Estatuto de la Fiscal\u00eda. Los convocantes piden una retirada total de esos proyectos, que tambi\u00e9n incluyen medidas como el blindaje por ley de becas para opositores.\" \/>\n<meta property=\"og:url\" content=\"https:\/\/vof-news.eu\/es\/las-claves-de-la-huelga-de-jueces-y-fiscales-del-plan-para-los-interinos-a-la-inclusion-de-una-prueba-escrita-en-la-oposicion\/\" \/>\n<meta property=\"og:site_name\" content=\"vof-news.eu\" \/>\n<meta property=\"article:published_time\" content=\"2025-07-01T04:18:33+00:00\" \/>\n<meta property=\"article:modified_time\" content=\"2025-07-01T04:19:01+00:00\" \/>\n<meta property=\"og:image\" content=\"https:\/\/vof-news.eu\/wp-content\/uploads\/2025\/07\/dab43b3e-3406-4049-903a-ae2172268a44_16-9-discover-aspect-ratio_default_0.jpg\" \/>\n\t<meta property=\"og:image:width\" content=\"1200\" \/>\n\t<meta property=\"og:image:height\" content=\"675\" \/>\n\t<meta property=\"og:image:type\" content=\"image\/jpeg\" \/>\n<meta name=\"author\" content=\"Author\" \/>\n<meta name=\"twitter:card\" content=\"summary_large_image\" \/>\n<meta name=\"twitter:label1\" content=\"Escrito por\" \/>\n\t<meta name=\"twitter:data1\" content=\"Author\" \/>\n\t<meta name=\"twitter:label2\" content=\"Tiempo de lectura\" \/>\n\t<meta name=\"twitter:data2\" content=\"7 minutos\" \/>\n<script type=\"application\/ld+json\" class=\"yoast-schema-graph\">{\"@context\":\"https:\/\/schema.org\",\"@graph\":[{\"@type\":\"WebPage\",\"@id\":\"https:\/\/vof-news.eu\/es\/las-claves-de-la-huelga-de-jueces-y-fiscales-del-plan-para-los-interinos-a-la-inclusion-de-una-prueba-escrita-en-la-oposicion\/\",\"url\":\"https:\/\/vof-news.eu\/es\/las-claves-de-la-huelga-de-jueces-y-fiscales-del-plan-para-los-interinos-a-la-inclusion-de-una-prueba-escrita-en-la-oposicion\/\",\"name\":\"Las claves de la huelga de jueces y fiscales: del plan para los interinos a la inclusi\u00f3n de una prueba escrita en la oposici\u00f3n - vof-news.eu\",\"isPartOf\":{\"@id\":\"https:\/\/vof-news.eu\/es\/#website\"},\"primaryImageOfPage\":{\"@id\":\"https:\/\/vof-news.eu\/es\/las-claves-de-la-huelga-de-jueces-y-fiscales-del-plan-para-los-interinos-a-la-inclusion-de-una-prueba-escrita-en-la-oposicion\/#primaryimage\"},\"image\":{\"@id\":\"https:\/\/vof-news.eu\/es\/las-claves-de-la-huelga-de-jueces-y-fiscales-del-plan-para-los-interinos-a-la-inclusion-de-una-prueba-escrita-en-la-oposicion\/#primaryimage\"},\"thumbnailUrl\":\"https:\/\/vof-news.eu\/wp-content\/uploads\/2025\/07\/dab43b3e-3406-4049-903a-ae2172268a44_16-9-discover-aspect-ratio_default_0.jpg\",\"datePublished\":\"2025-07-01T04:18:33+00:00\",\"dateModified\":\"2025-07-01T04:19:01+00:00\",\"author\":{\"@id\":\"https:\/\/vof-news.eu\/es\/#\/schema\/person\/f6a2a4309f0561835797fd8c19b333ed\"},\"description\":\"Jueces y fiscales protagonizan a partir de este martes la sexta huelga de la democracia con tres d\u00edas consecutivos de paros. La convocatoria parte de todas las asociaciones menos las dos progresistas, que ven una amenaza a los \u201cprincipios b\u00e1sicos del Estado de Derecho\u201d en los proyectos con los que el Ejecutivo pretende modificar el acceso a la carrera y el Estatuto de la Fiscal\u00eda. Los convocantes piden una retirada total de esos proyectos, que tambi\u00e9n incluyen medidas como el blindaje por ley de becas para opositores.\",\"breadcrumb\":{\"@id\":\"https:\/\/vof-news.eu\/es\/las-claves-de-la-huelga-de-jueces-y-fiscales-del-plan-para-los-interinos-a-la-inclusion-de-una-prueba-escrita-en-la-oposicion\/#breadcrumb\"},\"inLanguage\":\"es\",\"potentialAction\":[{\"@type\":\"ReadAction\",\"target\":[\"https:\/\/vof-news.eu\/es\/las-claves-de-la-huelga-de-jueces-y-fiscales-del-plan-para-los-interinos-a-la-inclusion-de-una-prueba-escrita-en-la-oposicion\/\"]}]},{\"@type\":\"ImageObject\",\"inLanguage\":\"es\",\"@id\":\"https:\/\/vof-news.eu\/es\/las-claves-de-la-huelga-de-jueces-y-fiscales-del-plan-para-los-interinos-a-la-inclusion-de-una-prueba-escrita-en-la-oposicion\/#primaryimage\",\"url\":\"https:\/\/vof-news.eu\/wp-content\/uploads\/2025\/07\/dab43b3e-3406-4049-903a-ae2172268a44_16-9-discover-aspect-ratio_default_0.jpg\",\"contentUrl\":\"https:\/\/vof-news.eu\/wp-content\/uploads\/2025\/07\/dab43b3e-3406-4049-903a-ae2172268a44_16-9-discover-aspect-ratio_default_0.jpg\",\"width\":1200,\"height\":675},{\"@type\":\"BreadcrumbList\",\"@id\":\"https:\/\/vof-news.eu\/es\/las-claves-de-la-huelga-de-jueces-y-fiscales-del-plan-para-los-interinos-a-la-inclusion-de-una-prueba-escrita-en-la-oposicion\/#breadcrumb\",\"itemListElement\":[{\"@type\":\"ListItem\",\"position\":1,\"name\":\"Home\",\"item\":\"https:\/\/vof-news.eu\/es\/\"},{\"@type\":\"ListItem\",\"position\":2,\"name\":\"Las claves de la huelga de jueces y fiscales: del plan para los interinos a la inclusi\u00f3n de una prueba escrita en la oposici\u00f3n\"}]},{\"@type\":\"WebSite\",\"@id\":\"https:\/\/vof-news.eu\/es\/#website\",\"url\":\"https:\/\/vof-news.eu\/es\/\",\"name\":\"vof-news.eu\",\"description\":\"\",\"potentialAction\":[{\"@type\":\"SearchAction\",\"target\":{\"@type\":\"EntryPoint\",\"urlTemplate\":\"https:\/\/vof-news.eu\/es\/?s={search_term_string}\"},\"query-input\":\"required name=search_term_string\"}],\"inLanguage\":\"es\"},{\"@type\":\"Person\",\"@id\":\"https:\/\/vof-news.eu\/es\/#\/schema\/person\/f6a2a4309f0561835797fd8c19b333ed\",\"name\":\"Author\",\"image\":{\"@type\":\"ImageObject\",\"inLanguage\":\"es\",\"@id\":\"https:\/\/vof-news.eu\/es\/#\/schema\/person\/image\/\",\"url\":\"https:\/\/secure.gravatar.com\/avatar\/b67e614b1b25b3e9c0c239efdd2fde5ab015b5affd6f1c3c85911ca4b384e790?s=96&d=mm&r=g\",\"contentUrl\":\"https:\/\/secure.gravatar.com\/avatar\/b67e614b1b25b3e9c0c239efdd2fde5ab015b5affd6f1c3c85911ca4b384e790?s=96&d=mm&r=g\",\"caption\":\"Author\"},\"sameAs\":[\"http:\/\/vof-news.eu\"],\"url\":\"https:\/\/vof-news.eu\/es\/author\/zwt6qxnjulxbnyg\/\"}]}<\/script>\n<!-- \/ Yoast SEO plugin. -->","yoast_head_json":{"title":"Las claves de la huelga de jueces y fiscales: del plan para los interinos a la inclusi\u00f3n de una prueba escrita en la oposici\u00f3n - vof-news.eu","description":"Jueces y fiscales protagonizan a partir de este martes la sexta huelga de la democracia con tres d\u00edas consecutivos de paros. La convocatoria parte de todas las asociaciones menos las dos progresistas, que ven una amenaza a los \u201cprincipios b\u00e1sicos del Estado de Derecho\u201d en los proyectos con los que el Ejecutivo pretende modificar el acceso a la carrera y el Estatuto de la Fiscal\u00eda. Los convocantes piden una retirada total de esos proyectos, que tambi\u00e9n incluyen medidas como el blindaje por ley de becas para opositores.","robots":{"index":"noindex","follow":"follow","max-snippet":"max-snippet:-1","max-image-preview":"max-image-preview:large","max-video-preview":"max-video-preview:-1"},"og_locale":"es_ES","og_type":"article","og_title":"Las claves de la huelga de jueces y fiscales: del plan para los interinos a la inclusi\u00f3n de una prueba escrita en la oposici\u00f3n - vof-news.eu","og_description":"Jueces y fiscales protagonizan a partir de este martes la sexta huelga de la democracia con tres d\u00edas consecutivos de paros. La convocatoria parte de todas las asociaciones menos las dos progresistas, que ven una amenaza a los \u201cprincipios b\u00e1sicos del Estado de Derecho\u201d en los proyectos con los que el Ejecutivo pretende modificar el acceso a la carrera y el Estatuto de la Fiscal\u00eda. Los convocantes piden una retirada total de esos proyectos, que tambi\u00e9n incluyen medidas como el blindaje por ley de becas para opositores.","og_url":"https:\/\/vof-news.eu\/es\/las-claves-de-la-huelga-de-jueces-y-fiscales-del-plan-para-los-interinos-a-la-inclusion-de-una-prueba-escrita-en-la-oposicion\/","og_site_name":"vof-news.eu","article_published_time":"2025-07-01T04:18:33+00:00","article_modified_time":"2025-07-01T04:19:01+00:00","og_image":[{"width":1200,"height":675,"url":"https:\/\/vof-news.eu\/wp-content\/uploads\/2025\/07\/dab43b3e-3406-4049-903a-ae2172268a44_16-9-discover-aspect-ratio_default_0.jpg","type":"image\/jpeg"}],"author":"Author","twitter_card":"summary_large_image","twitter_misc":{"Escrito por":"Author","Tiempo de lectura":"7 minutos"},"schema":{"@context":"https:\/\/schema.org","@graph":[{"@type":"WebPage","@id":"https:\/\/vof-news.eu\/es\/las-claves-de-la-huelga-de-jueces-y-fiscales-del-plan-para-los-interinos-a-la-inclusion-de-una-prueba-escrita-en-la-oposicion\/","url":"https:\/\/vof-news.eu\/es\/las-claves-de-la-huelga-de-jueces-y-fiscales-del-plan-para-los-interinos-a-la-inclusion-de-una-prueba-escrita-en-la-oposicion\/","name":"Las claves de la huelga de jueces y fiscales: del plan para los interinos a la inclusi\u00f3n de una prueba escrita en la oposici\u00f3n - vof-news.eu","isPartOf":{"@id":"https:\/\/vof-news.eu\/es\/#website"},"primaryImageOfPage":{"@id":"https:\/\/vof-news.eu\/es\/las-claves-de-la-huelga-de-jueces-y-fiscales-del-plan-para-los-interinos-a-la-inclusion-de-una-prueba-escrita-en-la-oposicion\/#primaryimage"},"image":{"@id":"https:\/\/vof-news.eu\/es\/las-claves-de-la-huelga-de-jueces-y-fiscales-del-plan-para-los-interinos-a-la-inclusion-de-una-prueba-escrita-en-la-oposicion\/#primaryimage"},"thumbnailUrl":"https:\/\/vof-news.eu\/wp-content\/uploads\/2025\/07\/dab43b3e-3406-4049-903a-ae2172268a44_16-9-discover-aspect-ratio_default_0.jpg","datePublished":"2025-07-01T04:18:33+00:00","dateModified":"2025-07-01T04:19:01+00:00","author":{"@id":"https:\/\/vof-news.eu\/es\/#\/schema\/person\/f6a2a4309f0561835797fd8c19b333ed"},"description":"Jueces y fiscales protagonizan a partir de este martes la sexta huelga de la democracia con tres d\u00edas consecutivos de paros. La convocatoria parte de todas las asociaciones menos las dos progresistas, que ven una amenaza a los \u201cprincipios b\u00e1sicos del Estado de Derecho\u201d en los proyectos con los que el Ejecutivo pretende modificar el acceso a la carrera y el Estatuto de la Fiscal\u00eda. Los convocantes piden una retirada total de esos proyectos, que tambi\u00e9n incluyen medidas como el blindaje por ley de becas para opositores.","breadcrumb":{"@id":"https:\/\/vof-news.eu\/es\/las-claves-de-la-huelga-de-jueces-y-fiscales-del-plan-para-los-interinos-a-la-inclusion-de-una-prueba-escrita-en-la-oposicion\/#breadcrumb"},"inLanguage":"es","potentialAction":[{"@type":"ReadAction","target":["https:\/\/vof-news.eu\/es\/las-claves-de-la-huelga-de-jueces-y-fiscales-del-plan-para-los-interinos-a-la-inclusion-de-una-prueba-escrita-en-la-oposicion\/"]}]},{"@type":"ImageObject","inLanguage":"es","@id":"https:\/\/vof-news.eu\/es\/las-claves-de-la-huelga-de-jueces-y-fiscales-del-plan-para-los-interinos-a-la-inclusion-de-una-prueba-escrita-en-la-oposicion\/#primaryimage","url":"https:\/\/vof-news.eu\/wp-content\/uploads\/2025\/07\/dab43b3e-3406-4049-903a-ae2172268a44_16-9-discover-aspect-ratio_default_0.jpg","contentUrl":"https:\/\/vof-news.eu\/wp-content\/uploads\/2025\/07\/dab43b3e-3406-4049-903a-ae2172268a44_16-9-discover-aspect-ratio_default_0.jpg","width":1200,"height":675},{"@type":"BreadcrumbList","@id":"https:\/\/vof-news.eu\/es\/las-claves-de-la-huelga-de-jueces-y-fiscales-del-plan-para-los-interinos-a-la-inclusion-de-una-prueba-escrita-en-la-oposicion\/#breadcrumb","itemListElement":[{"@type":"ListItem","position":1,"name":"Home","item":"https:\/\/vof-news.eu\/es\/"},{"@type":"ListItem","position":2,"name":"Las claves de la huelga de jueces y fiscales: del plan para los interinos a la inclusi\u00f3n de una prueba escrita en la oposici\u00f3n"}]},{"@type":"WebSite","@id":"https:\/\/vof-news.eu\/es\/#website","url":"https:\/\/vof-news.eu\/es\/","name":"vof-news.eu","description":"","potentialAction":[{"@type":"SearchAction","target":{"@type":"EntryPoint","urlTemplate":"https:\/\/vof-news.eu\/es\/?s={search_term_string}"},"query-input":"required name=search_term_string"}],"inLanguage":"es"},{"@type":"Person","@id":"https:\/\/vof-news.eu\/es\/#\/schema\/person\/f6a2a4309f0561835797fd8c19b333ed","name":"Author","image":{"@type":"ImageObject","inLanguage":"es","@id":"https:\/\/vof-news.eu\/es\/#\/schema\/person\/image\/","url":"https:\/\/secure.gravatar.com\/avatar\/b67e614b1b25b3e9c0c239efdd2fde5ab015b5affd6f1c3c85911ca4b384e790?s=96&d=mm&r=g","contentUrl":"https:\/\/secure.gravatar.com\/avatar\/b67e614b1b25b3e9c0c239efdd2fde5ab015b5affd6f1c3c85911ca4b384e790?s=96&d=mm&r=g","caption":"Author"},"sameAs":["http:\/\/vof-news.eu"],"url":"https:\/\/vof-news.eu\/es\/author\/zwt6qxnjulxbnyg\/"}]}},"yoast_meta":{"yoast_wpseo_title":"","yoast_wpseo_metadesc":"","yoast_wpseo_canonical":""},"_links":{"self":[{"href":"https:\/\/vof-news.eu\/es\/wp-json\/wp\/v2\/posts\/244299","targetHints":{"allow":["GET"]}}],"collection":[{"href":"https:\/\/vof-news.eu\/es\/wp-json\/wp\/v2\/posts"}],"about":[{"href":"https:\/\/vof-news.eu\/es\/wp-json\/wp\/v2\/types\/post"}],"author":[{"embeddable":true,"href":"https:\/\/vof-news.eu\/es\/wp-json\/wp\/v2\/users\/1"}],"replies":[{"embeddable":true,"href":"https:\/\/vof-news.eu\/es\/wp-json\/wp\/v2\/comments?post=244299"}],"version-history":[{"count":1,"href":"https:\/\/vof-news.eu\/es\/wp-json\/wp\/v2\/posts\/244299\/revisions"}],"predecessor-version":[{"id":244313,"href":"https:\/\/vof-news.eu\/es\/wp-json\/wp\/v2\/posts\/244299\/revisions\/244313"}],"wp:featuredmedia":[{"embeddable":true,"href":"https:\/\/vof-news.eu\/es\/wp-json\/wp\/v2\/media\/244300"}],"wp:attachment":[{"href":"https:\/\/vof-news.eu\/es\/wp-json\/wp\/v2\/media?parent=244299"}],"wp:term":[{"taxonomy":"category","embeddable":true,"href":"https:\/\/vof-news.eu\/es\/wp-json\/wp\/v2\/categories?post=244299"},{"taxonomy":"post_tag","embeddable":true,"href":"https:\/\/vof-news.eu\/es\/wp-json\/wp\/v2\/tags?post=244299"}],"curies":[{"name":"wp","href":"https:\/\/api.w.org\/{rel}","templated":true}]}}