{"id":244211,"date":"2025-07-01T01:17:16","date_gmt":"2025-06-30T22:17:16","guid":{"rendered":"https:\/\/vof-news.eu\/los-trenes-de-alta-velocidad-de-la-linea-madrid-toledo-andalucia-reanudaran-la-marcha-progresivamente-tras-resolverse-la-averia\/"},"modified":"2025-07-01T01:17:33","modified_gmt":"2025-06-30T22:17:33","slug":"los-trenes-de-alta-velocidad-de-la-linea-madrid-toledo-andalucia-reanudaran-la-marcha-progresivamente-tras-resolverse-la-averia","status":"publish","type":"post","link":"https:\/\/vof-news.eu\/es\/los-trenes-de-alta-velocidad-de-la-linea-madrid-toledo-andalucia-reanudaran-la-marcha-progresivamente-tras-resolverse-la-averia\/","title":{"rendered":"Los trenes de alta velocidad de la l\u00ednea Madrid-Toledo\/Andaluc\u00eda reanudar\u00e1n la marcha progresivamente tras resolverse la aver\u00eda"},"content":{"rendered":"<div>\n<p>\n        Adif ha informado a \u00faltima hora de este lunes de que la circulaci\u00f3n de trenes entre Yeles y La Sagra ha permanecido interrumpida debido a una falta de tensi\u00f3n en catenaria. La aver\u00eda afecta a los trenes de alta velocidad que circulan entre Madrid, Toledo y Andaluc\u00eda.\n    <\/p>\n<p>\n        Pasadas las 22.20 se ha recuperado la tensi\u00f3n en la v\u00eda. \u201cLos trenes afectados de la l\u00ednea Madrid-Toledo\/Andaluc\u00eda podr\u00e1n reanudar la marcha progresivamente. Los trenes afectados seguiran registrando retrasos debido a la circulaci\u00f3n por v\u00eda \u00fanica\u201d, ha comunicado Adif.\n    <\/p>\n<p>\n        Se ha enviado personal de electrificaci\u00f3n y mantenimiento y locomotoras de socorro para mover los trenes detenidos fuera de estaciones. A este respecto, Adif ha solicitado al 112 de Castilla-La Mancha la movilizaci\u00f3n de recursos de protecci\u00f3n civil para poder ofrecer v\u00edveres a los pasajeros afectados por la incidencia de electrificaci\u00f3n que afecta a los trenes que circulan entre Madrid y Sevilla.\n    <\/p>\n<\/div>\n","protected":false},"excerpt":{"rendered":"<p>Adif ha informado a \u00faltima hora de este lunes de que la circulaci\u00f3n de trenes entre Yeles y La Sagra ha permanecido interrumpida debido a una falta de tensi\u00f3n en catenaria. La aver\u00eda afecta a los trenes de alta velocidad que circulan entre Madrid, Toledo y Andaluc\u00eda. Pasadas las 22.20 se ha recuperado la tensi\u00f3n<\/p>\n","protected":false},"author":1,"featured_media":244212,"comment_status":"open","ping_status":"open","sticky":false,"template":"","format":"standard","meta":{"footnotes":""},"categories":[61],"tags":[],"class_list":["post-244211","post","type-post","status-publish","format-standard","has-post-thumbnail","hentry","category-business-es"],"acf":[],"yoast_head":"<!-- This site is optimized with the Yoast SEO plugin v22.9 - https:\/\/yoast.com\/wordpress\/plugins\/seo\/ -->\n<title>Los trenes de alta velocidad de la l\u00ednea Madrid-Toledo\/Andaluc\u00eda reanudar\u00e1n la marcha progresivamente tras resolverse la aver\u00eda - vof-news.eu<\/title>\n<meta name=\"description\" content=\"Adif ha informado a \u00faltima hora de este lunes de que la circulaci\u00f3n de trenes entre Yeles y La Sagra ha permanecido interrumpida debido a una falta de tensi\u00f3n en catenaria. La aver\u00eda afecta a los trenes de alta velocidad que circulan entre Madrid, Toledo y Andaluc\u00eda.\" \/>\n<meta name=\"robots\" content=\"noindex, follow, max-snippet:-1, max-image-preview:large, max-video-preview:-1\" \/>\n<meta property=\"og:locale\" content=\"es_ES\" \/>\n<meta property=\"og:type\" content=\"article\" \/>\n<meta property=\"og:title\" content=\"Los trenes de alta velocidad de la l\u00ednea Madrid-Toledo\/Andaluc\u00eda reanudar\u00e1n la marcha progresivamente tras resolverse la aver\u00eda - vof-news.eu\" \/>\n<meta property=\"og:description\" content=\"Adif ha informado a \u00faltima hora de este lunes de que la circulaci\u00f3n de trenes entre Yeles y La Sagra ha permanecido interrumpida debido a una falta de tensi\u00f3n en catenaria. La aver\u00eda afecta a los trenes de alta velocidad que circulan entre Madrid, Toledo y Andaluc\u00eda.\" \/>\n<meta property=\"og:url\" content=\"https:\/\/vof-news.eu\/es\/los-trenes-de-alta-velocidad-de-la-linea-madrid-toledo-andalucia-reanudaran-la-marcha-progresivamente-tras-resolverse-la-averia\/\" \/>\n<meta property=\"og:site_name\" content=\"vof-news.eu\" \/>\n<meta property=\"article:published_time\" content=\"2025-06-30T22:17:16+00:00\" \/>\n<meta property=\"article:modified_time\" content=\"2025-06-30T22:17:33+00:00\" \/>\n<meta property=\"og:image\" content=\"https:\/\/vof-news.eu\/wp-content\/uploads\/2025\/07\/2070bd30-3797-49a4-805a-f6887adf7cd1_16-9-discover-aspect-ratio_default_0.jpg\" \/>\n\t<meta property=\"og:image:width\" content=\"1200\" \/>\n\t<meta property=\"og:image:height\" content=\"675\" \/>\n\t<meta property=\"og:image:type\" content=\"image\/jpeg\" \/>\n<meta name=\"author\" content=\"Author\" \/>\n<meta name=\"twitter:card\" content=\"summary_large_image\" \/>\n<meta name=\"twitter:label1\" content=\"Escrito por\" \/>\n\t<meta name=\"twitter:data1\" content=\"Author\" \/>\n\t<meta name=\"twitter:label2\" content=\"Tiempo de lectura\" \/>\n\t<meta name=\"twitter:data2\" content=\"1 minuto\" \/>\n<script type=\"application\/ld+json\" class=\"yoast-schema-graph\">{\"@context\":\"https:\/\/schema.org\",\"@graph\":[{\"@type\":\"WebPage\",\"@id\":\"https:\/\/vof-news.eu\/es\/los-trenes-de-alta-velocidad-de-la-linea-madrid-toledo-andalucia-reanudaran-la-marcha-progresivamente-tras-resolverse-la-averia\/\",\"url\":\"https:\/\/vof-news.eu\/es\/los-trenes-de-alta-velocidad-de-la-linea-madrid-toledo-andalucia-reanudaran-la-marcha-progresivamente-tras-resolverse-la-averia\/\",\"name\":\"Los trenes de alta velocidad de la l\u00ednea Madrid-Toledo\/Andaluc\u00eda reanudar\u00e1n la marcha progresivamente tras resolverse la aver\u00eda - vof-news.eu\",\"isPartOf\":{\"@id\":\"https:\/\/vof-news.eu\/es\/#website\"},\"primaryImageOfPage\":{\"@id\":\"https:\/\/vof-news.eu\/es\/los-trenes-de-alta-velocidad-de-la-linea-madrid-toledo-andalucia-reanudaran-la-marcha-progresivamente-tras-resolverse-la-averia\/#primaryimage\"},\"image\":{\"@id\":\"https:\/\/vof-news.eu\/es\/los-trenes-de-alta-velocidad-de-la-linea-madrid-toledo-andalucia-reanudaran-la-marcha-progresivamente-tras-resolverse-la-averia\/#primaryimage\"},\"thumbnailUrl\":\"https:\/\/vof-news.eu\/wp-content\/uploads\/2025\/07\/2070bd30-3797-49a4-805a-f6887adf7cd1_16-9-discover-aspect-ratio_default_0.jpg\",\"datePublished\":\"2025-06-30T22:17:16+00:00\",\"dateModified\":\"2025-06-30T22:17:33+00:00\",\"author\":{\"@id\":\"https:\/\/vof-news.eu\/es\/#\/schema\/person\/f6a2a4309f0561835797fd8c19b333ed\"},\"description\":\"Adif ha informado a \u00faltima hora de este lunes de que la circulaci\u00f3n de trenes entre Yeles y La Sagra ha permanecido interrumpida debido a una falta de tensi\u00f3n en catenaria. La aver\u00eda afecta a los trenes de alta velocidad que circulan entre Madrid, Toledo y Andaluc\u00eda.\",\"breadcrumb\":{\"@id\":\"https:\/\/vof-news.eu\/es\/los-trenes-de-alta-velocidad-de-la-linea-madrid-toledo-andalucia-reanudaran-la-marcha-progresivamente-tras-resolverse-la-averia\/#breadcrumb\"},\"inLanguage\":\"es\",\"potentialAction\":[{\"@type\":\"ReadAction\",\"target\":[\"https:\/\/vof-news.eu\/es\/los-trenes-de-alta-velocidad-de-la-linea-madrid-toledo-andalucia-reanudaran-la-marcha-progresivamente-tras-resolverse-la-averia\/\"]}]},{\"@type\":\"ImageObject\",\"inLanguage\":\"es\",\"@id\":\"https:\/\/vof-news.eu\/es\/los-trenes-de-alta-velocidad-de-la-linea-madrid-toledo-andalucia-reanudaran-la-marcha-progresivamente-tras-resolverse-la-averia\/#primaryimage\",\"url\":\"https:\/\/vof-news.eu\/wp-content\/uploads\/2025\/07\/2070bd30-3797-49a4-805a-f6887adf7cd1_16-9-discover-aspect-ratio_default_0.jpg\",\"contentUrl\":\"https:\/\/vof-news.eu\/wp-content\/uploads\/2025\/07\/2070bd30-3797-49a4-805a-f6887adf7cd1_16-9-discover-aspect-ratio_default_0.jpg\",\"width\":1200,\"height\":675},{\"@type\":\"BreadcrumbList\",\"@id\":\"https:\/\/vof-news.eu\/es\/los-trenes-de-alta-velocidad-de-la-linea-madrid-toledo-andalucia-reanudaran-la-marcha-progresivamente-tras-resolverse-la-averia\/#breadcrumb\",\"itemListElement\":[{\"@type\":\"ListItem\",\"position\":1,\"name\":\"Home\",\"item\":\"https:\/\/vof-news.eu\/es\/\"},{\"@type\":\"ListItem\",\"position\":2,\"name\":\"Los trenes de alta velocidad de la l\u00ednea Madrid-Toledo\/Andaluc\u00eda reanudar\u00e1n la marcha progresivamente tras resolverse la aver\u00eda\"}]},{\"@type\":\"WebSite\",\"@id\":\"https:\/\/vof-news.eu\/es\/#website\",\"url\":\"https:\/\/vof-news.eu\/es\/\",\"name\":\"vof-news.eu\",\"description\":\"\",\"potentialAction\":[{\"@type\":\"SearchAction\",\"target\":{\"@type\":\"EntryPoint\",\"urlTemplate\":\"https:\/\/vof-news.eu\/es\/?s={search_term_string}\"},\"query-input\":\"required name=search_term_string\"}],\"inLanguage\":\"es\"},{\"@type\":\"Person\",\"@id\":\"https:\/\/vof-news.eu\/es\/#\/schema\/person\/f6a2a4309f0561835797fd8c19b333ed\",\"name\":\"Author\",\"image\":{\"@type\":\"ImageObject\",\"inLanguage\":\"es\",\"@id\":\"https:\/\/vof-news.eu\/es\/#\/schema\/person\/image\/\",\"url\":\"https:\/\/secure.gravatar.com\/avatar\/b67e614b1b25b3e9c0c239efdd2fde5ab015b5affd6f1c3c85911ca4b384e790?s=96&d=mm&r=g\",\"contentUrl\":\"https:\/\/secure.gravatar.com\/avatar\/b67e614b1b25b3e9c0c239efdd2fde5ab015b5affd6f1c3c85911ca4b384e790?s=96&d=mm&r=g\",\"caption\":\"Author\"},\"sameAs\":[\"http:\/\/vof-news.eu\"],\"url\":\"https:\/\/vof-news.eu\/es\/author\/zwt6qxnjulxbnyg\/\"}]}<\/script>\n<!-- \/ Yoast SEO plugin. -->","yoast_head_json":{"title":"Los trenes de alta velocidad de la l\u00ednea Madrid-Toledo\/Andaluc\u00eda reanudar\u00e1n la marcha progresivamente tras resolverse la aver\u00eda - vof-news.eu","description":"Adif ha informado a \u00faltima hora de este lunes de que la circulaci\u00f3n de trenes entre Yeles y La Sagra ha permanecido interrumpida debido a una falta de tensi\u00f3n en catenaria. La aver\u00eda afecta a los trenes de alta velocidad que circulan entre Madrid, Toledo y Andaluc\u00eda.","robots":{"index":"noindex","follow":"follow","max-snippet":"max-snippet:-1","max-image-preview":"max-image-preview:large","max-video-preview":"max-video-preview:-1"},"og_locale":"es_ES","og_type":"article","og_title":"Los trenes de alta velocidad de la l\u00ednea Madrid-Toledo\/Andaluc\u00eda reanudar\u00e1n la marcha progresivamente tras resolverse la aver\u00eda - vof-news.eu","og_description":"Adif ha informado a \u00faltima hora de este lunes de que la circulaci\u00f3n de trenes entre Yeles y La Sagra ha permanecido interrumpida debido a una falta de tensi\u00f3n en catenaria. La aver\u00eda afecta a los trenes de alta velocidad que circulan entre Madrid, Toledo y Andaluc\u00eda.","og_url":"https:\/\/vof-news.eu\/es\/los-trenes-de-alta-velocidad-de-la-linea-madrid-toledo-andalucia-reanudaran-la-marcha-progresivamente-tras-resolverse-la-averia\/","og_site_name":"vof-news.eu","article_published_time":"2025-06-30T22:17:16+00:00","article_modified_time":"2025-06-30T22:17:33+00:00","og_image":[{"width":1200,"height":675,"url":"https:\/\/vof-news.eu\/wp-content\/uploads\/2025\/07\/2070bd30-3797-49a4-805a-f6887adf7cd1_16-9-discover-aspect-ratio_default_0.jpg","type":"image\/jpeg"}],"author":"Author","twitter_card":"summary_large_image","twitter_misc":{"Escrito por":"Author","Tiempo de lectura":"1 minuto"},"schema":{"@context":"https:\/\/schema.org","@graph":[{"@type":"WebPage","@id":"https:\/\/vof-news.eu\/es\/los-trenes-de-alta-velocidad-de-la-linea-madrid-toledo-andalucia-reanudaran-la-marcha-progresivamente-tras-resolverse-la-averia\/","url":"https:\/\/vof-news.eu\/es\/los-trenes-de-alta-velocidad-de-la-linea-madrid-toledo-andalucia-reanudaran-la-marcha-progresivamente-tras-resolverse-la-averia\/","name":"Los trenes de alta velocidad de la l\u00ednea Madrid-Toledo\/Andaluc\u00eda reanudar\u00e1n la marcha progresivamente tras resolverse la aver\u00eda - vof-news.eu","isPartOf":{"@id":"https:\/\/vof-news.eu\/es\/#website"},"primaryImageOfPage":{"@id":"https:\/\/vof-news.eu\/es\/los-trenes-de-alta-velocidad-de-la-linea-madrid-toledo-andalucia-reanudaran-la-marcha-progresivamente-tras-resolverse-la-averia\/#primaryimage"},"image":{"@id":"https:\/\/vof-news.eu\/es\/los-trenes-de-alta-velocidad-de-la-linea-madrid-toledo-andalucia-reanudaran-la-marcha-progresivamente-tras-resolverse-la-averia\/#primaryimage"},"thumbnailUrl":"https:\/\/vof-news.eu\/wp-content\/uploads\/2025\/07\/2070bd30-3797-49a4-805a-f6887adf7cd1_16-9-discover-aspect-ratio_default_0.jpg","datePublished":"2025-06-30T22:17:16+00:00","dateModified":"2025-06-30T22:17:33+00:00","author":{"@id":"https:\/\/vof-news.eu\/es\/#\/schema\/person\/f6a2a4309f0561835797fd8c19b333ed"},"description":"Adif ha informado a \u00faltima hora de este lunes de que la circulaci\u00f3n de trenes entre Yeles y La Sagra ha permanecido interrumpida debido a una falta de tensi\u00f3n en catenaria. La aver\u00eda afecta a los trenes de alta velocidad que circulan entre Madrid, Toledo y Andaluc\u00eda.","breadcrumb":{"@id":"https:\/\/vof-news.eu\/es\/los-trenes-de-alta-velocidad-de-la-linea-madrid-toledo-andalucia-reanudaran-la-marcha-progresivamente-tras-resolverse-la-averia\/#breadcrumb"},"inLanguage":"es","potentialAction":[{"@type":"ReadAction","target":["https:\/\/vof-news.eu\/es\/los-trenes-de-alta-velocidad-de-la-linea-madrid-toledo-andalucia-reanudaran-la-marcha-progresivamente-tras-resolverse-la-averia\/"]}]},{"@type":"ImageObject","inLanguage":"es","@id":"https:\/\/vof-news.eu\/es\/los-trenes-de-alta-velocidad-de-la-linea-madrid-toledo-andalucia-reanudaran-la-marcha-progresivamente-tras-resolverse-la-averia\/#primaryimage","url":"https:\/\/vof-news.eu\/wp-content\/uploads\/2025\/07\/2070bd30-3797-49a4-805a-f6887adf7cd1_16-9-discover-aspect-ratio_default_0.jpg","contentUrl":"https:\/\/vof-news.eu\/wp-content\/uploads\/2025\/07\/2070bd30-3797-49a4-805a-f6887adf7cd1_16-9-discover-aspect-ratio_default_0.jpg","width":1200,"height":675},{"@type":"BreadcrumbList","@id":"https:\/\/vof-news.eu\/es\/los-trenes-de-alta-velocidad-de-la-linea-madrid-toledo-andalucia-reanudaran-la-marcha-progresivamente-tras-resolverse-la-averia\/#breadcrumb","itemListElement":[{"@type":"ListItem","position":1,"name":"Home","item":"https:\/\/vof-news.eu\/es\/"},{"@type":"ListItem","position":2,"name":"Los trenes de alta velocidad de la l\u00ednea Madrid-Toledo\/Andaluc\u00eda reanudar\u00e1n la marcha progresivamente tras resolverse la aver\u00eda"}]},{"@type":"WebSite","@id":"https:\/\/vof-news.eu\/es\/#website","url":"https:\/\/vof-news.eu\/es\/","name":"vof-news.eu","description":"","potentialAction":[{"@type":"SearchAction","target":{"@type":"EntryPoint","urlTemplate":"https:\/\/vof-news.eu\/es\/?s={search_term_string}"},"query-input":"required name=search_term_string"}],"inLanguage":"es"},{"@type":"Person","@id":"https:\/\/vof-news.eu\/es\/#\/schema\/person\/f6a2a4309f0561835797fd8c19b333ed","name":"Author","image":{"@type":"ImageObject","inLanguage":"es","@id":"https:\/\/vof-news.eu\/es\/#\/schema\/person\/image\/","url":"https:\/\/secure.gravatar.com\/avatar\/b67e614b1b25b3e9c0c239efdd2fde5ab015b5affd6f1c3c85911ca4b384e790?s=96&d=mm&r=g","contentUrl":"https:\/\/secure.gravatar.com\/avatar\/b67e614b1b25b3e9c0c239efdd2fde5ab015b5affd6f1c3c85911ca4b384e790?s=96&d=mm&r=g","caption":"Author"},"sameAs":["http:\/\/vof-news.eu"],"url":"https:\/\/vof-news.eu\/es\/author\/zwt6qxnjulxbnyg\/"}]}},"yoast_meta":{"yoast_wpseo_title":"","yoast_wpseo_metadesc":"","yoast_wpseo_canonical":""},"_links":{"self":[{"href":"https:\/\/vof-news.eu\/es\/wp-json\/wp\/v2\/posts\/244211","targetHints":{"allow":["GET"]}}],"collection":[{"href":"https:\/\/vof-news.eu\/es\/wp-json\/wp\/v2\/posts"}],"about":[{"href":"https:\/\/vof-news.eu\/es\/wp-json\/wp\/v2\/types\/post"}],"author":[{"embeddable":true,"href":"https:\/\/vof-news.eu\/es\/wp-json\/wp\/v2\/users\/1"}],"replies":[{"embeddable":true,"href":"https:\/\/vof-news.eu\/es\/wp-json\/wp\/v2\/comments?post=244211"}],"version-history":[{"count":1,"href":"https:\/\/vof-news.eu\/es\/wp-json\/wp\/v2\/posts\/244211\/revisions"}],"predecessor-version":[{"id":244218,"href":"https:\/\/vof-news.eu\/es\/wp-json\/wp\/v2\/posts\/244211\/revisions\/244218"}],"wp:featuredmedia":[{"embeddable":true,"href":"https:\/\/vof-news.eu\/es\/wp-json\/wp\/v2\/media\/244212"}],"wp:attachment":[{"href":"https:\/\/vof-news.eu\/es\/wp-json\/wp\/v2\/media?parent=244211"}],"wp:term":[{"taxonomy":"category","embeddable":true,"href":"https:\/\/vof-news.eu\/es\/wp-json\/wp\/v2\/categories?post=244211"},{"taxonomy":"post_tag","embeddable":true,"href":"https:\/\/vof-news.eu\/es\/wp-json\/wp\/v2\/tags?post=244211"}],"curies":[{"name":"wp","href":"https:\/\/api.w.org\/{rel}","templated":true}]}}