{"id":327283,"date":"2026-02-28T17:19:17","date_gmt":"2026-02-28T14:19:17","guid":{"rendered":"https:\/\/vof-news.eu\/was-jetzt-usa-und-iranangriff-auf-den-iran-warum-das-regime-harter-reagiert-als-erwartet\/"},"modified":"2026-02-28T17:19:34","modified_gmt":"2026-02-28T14:19:34","slug":"was-jetzt-usa-und-iranangriff-auf-den-iran-warum-das-regime-harter-reagiert-als-erwartet","status":"publish","type":"post","link":"https:\/\/vof-news.eu\/de\/was-jetzt-usa-und-iranangriff-auf-den-iran-warum-das-regime-harter-reagiert-als-erwartet\/","title":{"rendered":"Was jetzt? \/ USA und Iran:Angriff auf den Iran: Warum das Regime h\u00e4rter reagiert als erwartet"},"content":{"rendered":"<div>\n<p>In den fr\u00fchen Morgenstunden haben das israelische und <a href=\"https:\/\/www.zeit.de\/thema\/iran\" rel=\"nofollow\">das US-Milit\u00e4r Ziele<br \/>\nim Iran<\/a> bombardiert. Nach Verhandlungen unter der Woche \u00fcber das iranische Atomprogramm<br \/>\nhatte es noch Signale der Entspannung zwischen beiden L\u00e4ndern gegeben.<br \/>\nVermittler <a href=\"https:\/\/www.zeit.de\/politik\/ausland\/2026-02\/iran-usa-verhandlungen-oman-durchbruch-urananreicherung\" rel=\"nofollow\">Oman berichtete sogar von Fortschritten<\/a> und erkl\u00e4rte, Teheran habe<br \/>\nzugesichert, kein atombombenf\u00e4higes Material anzuh\u00e4ufen. US-Pr\u00e4sident Donald<br \/>\nTrump best\u00e4tigte <a href=\"https:\/\/www.zeit.de\/politik\/ausland\/2026-02\/us-militaerschlaege-iran-donald-trump-angriffe\" rel=\"nofollow\">in einer Videoansprache<\/a> die amerikanische<br \/>\nBeteiligung und begr\u00fcndete den Angriff<br \/>\nmit der &#8222;Verteidigung der amerikanischen Bev\u00f6lkerung&#8220;. Er k\u00fcndigte an, das iranische Raketenprogramm zerst\u00f6ren zu<br \/>\nwollen.\n<\/p>\n<p>Gemeinsam mit Israel hat die US-Luftwaffe <a href=\"https:\/\/www.zeit.de\/politik\/ausland\/2026-02\/angriff-usa-iran-krieg-karte-ueberblick\" rel=\"nofollow\">mehrere iranische Ziele<\/a><br \/>\nangegriffen. Nach Informationen einer Reuters-Quelle sollen dabei neben<br \/>\nMilit\u00e4ranlagen auch <a href=\"https:\/\/www.zeit.de\/politik\/ausland\/2026-01\/israel-iran-angriff-usa-liveblog#event_id=eoZ9yNU37Wqm2xsnSjDu\" rel=\"nofollow\">Wohnh\u00e4user hochrangiger Mitglieder der Regierung<\/a> und des<br \/>\nSicherheitsapparats getroffen worden sein. \u00dcbereinstimmende Medienberichte legen zudem nahe, dass auch der Oberste F\u00fchrer <a href=\"https:\/\/www.zeit.de\/thema\/ajatollah-said-ali-chamenei\" rel=\"nofollow\">Ajatollah Ali Chamenei<\/a> und Pr\u00e4sident Massud Peseschkian im Fokus der Angriffe standen. Aus mehreren iranischen St\u00e4dten wurden Explosionen gemeldet, in Teheran verlie\u00dfen viele Menschen die Stadt.\n<\/p>\n<p>Der <span><a href=\"https:\/\/www.zeit.de\/thema\/iran\" rel=\"nofollow\">Iran<\/a><\/span> reagierte mit Gegenschl\u00e4gen <a href=\"https:\/\/www.zeit.de\/politik\/ausland\/2026-01\/israel-iran-angriff-usa-liveblog#event_id=eoZAb6Gd6eGw4moe4HxP\" rel=\"nofollow\">auf Israel und auf weitere US-St\u00fctzpunkte in der Golfregion<\/a>. Aus Katar, Kuwait,<br \/>\nBahrain und den Vereinigten Arabischen Emiraten wurden Alarm, Explosionen und<br \/>\nAbfangversuche gemeldet. In Israel gilt der Ausnahmezustand. Au\u00dferdem wurde der Luftraum \u00fcber Israel, dem Iran und weiteren Teilen der Region gesperrt.\n<\/p>\n<p>Was bisher \u00fcber das Ausma\u00df bekannt ist \u2013 und warum das Regime in Teheran h\u00e4rter reagiert als erwartet \u2013, besprechen wir mit <a href=\"https:\/\/www.zeit.de\/autoren\/R\/Omid_Rezaee\/index\" rel=\"nofollow\">Omid Rezaee<\/a>, Experte f\u00fcr den<br \/>\nIran und Autor f\u00fcr DIE ZEIT.\n<\/p>\n<p><a href=\"https:\/\/www.zeit.de\/autoren\/P\/Azade_Pesmen\/index\" rel=\"nofollow\"><\/a>\n<\/p>\n<p><a href=\"https:\/\/www.zeit.de\/autoren\/G\/Hannah_Gruenewald\/index\" rel=\"nofollow\"><\/a>\n<\/p>\n<p><a href=\"https:\/\/www.zeit.de\/was-jetzt\" rel=\"nofollow\"><\/a><a href=\"https:\/\/www.zeit.demailto:wasjetzt@zeit.de\" rel=\"nofollow\"><\/a>.<\/p>\n<\/div>\n","protected":false},"excerpt":{"rendered":"<p>In den fr\u00fchen Morgenstunden haben das israelische und das US-Milit\u00e4r Ziele im Iran bombardiert. Nach Verhandlungen unter der Woche \u00fcber das iranische Atomprogramm hatte es noch Signale der Entspannung zwischen beiden L\u00e4ndern gegeben. Vermittler Oman berichtete sogar von Fortschritten und erkl\u00e4rte, Teheran habe zugesichert, kein atombombenf\u00e4higes Material anzuh\u00e4ufen. US-Pr\u00e4sident Donald Trump best\u00e4tigte in einer Videoansprache<\/p>\n","protected":false},"author":1,"featured_media":0,"comment_status":"open","ping_status":"open","sticky":false,"template":"","format":"standard","meta":{"footnotes":""},"categories":[1],"tags":[],"class_list":["post-327283","post","type-post","status-publish","format-standard","hentry","category-uncategorized"],"acf":[],"yoast_head":"<!-- This site is optimized with the Yoast SEO plugin v22.9 - https:\/\/yoast.com\/wordpress\/plugins\/seo\/ -->\n<title>Was jetzt? \/ USA und Iran:Angriff auf den Iran: Warum das Regime h\u00e4rter reagiert als erwartet - vof-news.eu<\/title>\n<meta name=\"description\" content=\"In den fr\u00fchen Morgenstunden haben das israelische und das US-Milit\u00e4r Ziele\" \/>\n<meta name=\"robots\" content=\"noindex, follow, max-snippet:-1, max-image-preview:large, max-video-preview:-1\" \/>\n<meta property=\"og:locale\" content=\"de_DE\" \/>\n<meta property=\"og:type\" content=\"article\" \/>\n<meta property=\"og:title\" content=\"Was jetzt? \/ USA und Iran:Angriff auf den Iran: Warum das Regime h\u00e4rter reagiert als erwartet - vof-news.eu\" \/>\n<meta property=\"og:description\" content=\"In den fr\u00fchen Morgenstunden haben das israelische und das US-Milit\u00e4r Ziele\" \/>\n<meta property=\"og:url\" content=\"https:\/\/vof-news.eu\/de\/was-jetzt-usa-und-iranangriff-auf-den-iran-warum-das-regime-harter-reagiert-als-erwartet\/\" \/>\n<meta property=\"og:site_name\" content=\"vof-news.eu\" \/>\n<meta property=\"article:published_time\" content=\"2026-02-28T14:19:17+00:00\" \/>\n<meta property=\"article:modified_time\" content=\"2026-02-28T14:19:34+00:00\" \/>\n<meta name=\"author\" content=\"Author\" \/>\n<meta name=\"twitter:card\" content=\"summary_large_image\" \/>\n<meta name=\"twitter:label1\" content=\"Verfasst von\" \/>\n\t<meta name=\"twitter:data1\" content=\"Author\" \/>\n\t<meta name=\"twitter:label2\" content=\"Gesch\u00e4tzte Lesezeit\" \/>\n\t<meta name=\"twitter:data2\" content=\"1\u00a0Minute\" \/>\n<script type=\"application\/ld+json\" class=\"yoast-schema-graph\">{\"@context\":\"https:\/\/schema.org\",\"@graph\":[{\"@type\":\"WebPage\",\"@id\":\"https:\/\/vof-news.eu\/de\/was-jetzt-usa-und-iranangriff-auf-den-iran-warum-das-regime-harter-reagiert-als-erwartet\/\",\"url\":\"https:\/\/vof-news.eu\/de\/was-jetzt-usa-und-iranangriff-auf-den-iran-warum-das-regime-harter-reagiert-als-erwartet\/\",\"name\":\"Was jetzt? \/ USA und Iran:Angriff auf den Iran: Warum das Regime h\u00e4rter reagiert als erwartet - vof-news.eu\",\"isPartOf\":{\"@id\":\"https:\/\/vof-news.eu\/de\/#website\"},\"datePublished\":\"2026-02-28T14:19:17+00:00\",\"dateModified\":\"2026-02-28T14:19:34+00:00\",\"author\":{\"@id\":\"https:\/\/vof-news.eu\/de\/#\/schema\/person\/f6a2a4309f0561835797fd8c19b333ed\"},\"description\":\"In den fr\u00fchen Morgenstunden haben das israelische und das US-Milit\u00e4r Ziele\",\"breadcrumb\":{\"@id\":\"https:\/\/vof-news.eu\/de\/was-jetzt-usa-und-iranangriff-auf-den-iran-warum-das-regime-harter-reagiert-als-erwartet\/#breadcrumb\"},\"inLanguage\":\"de\",\"potentialAction\":[{\"@type\":\"ReadAction\",\"target\":[\"https:\/\/vof-news.eu\/de\/was-jetzt-usa-und-iranangriff-auf-den-iran-warum-das-regime-harter-reagiert-als-erwartet\/\"]}]},{\"@type\":\"BreadcrumbList\",\"@id\":\"https:\/\/vof-news.eu\/de\/was-jetzt-usa-und-iranangriff-auf-den-iran-warum-das-regime-harter-reagiert-als-erwartet\/#breadcrumb\",\"itemListElement\":[{\"@type\":\"ListItem\",\"position\":1,\"name\":\"Home\",\"item\":\"https:\/\/vof-news.eu\/de\/\"},{\"@type\":\"ListItem\",\"position\":2,\"name\":\"Was jetzt? \/ USA und Iran:Angriff auf den Iran: Warum das Regime h\u00e4rter reagiert als erwartet\"}]},{\"@type\":\"WebSite\",\"@id\":\"https:\/\/vof-news.eu\/de\/#website\",\"url\":\"https:\/\/vof-news.eu\/de\/\",\"name\":\"vof-news.eu\",\"description\":\"\",\"potentialAction\":[{\"@type\":\"SearchAction\",\"target\":{\"@type\":\"EntryPoint\",\"urlTemplate\":\"https:\/\/vof-news.eu\/de\/?s={search_term_string}\"},\"query-input\":\"required name=search_term_string\"}],\"inLanguage\":\"de\"},{\"@type\":\"Person\",\"@id\":\"https:\/\/vof-news.eu\/de\/#\/schema\/person\/f6a2a4309f0561835797fd8c19b333ed\",\"name\":\"Author\",\"image\":{\"@type\":\"ImageObject\",\"inLanguage\":\"de\",\"@id\":\"https:\/\/vof-news.eu\/de\/#\/schema\/person\/image\/\",\"url\":\"https:\/\/secure.gravatar.com\/avatar\/b67e614b1b25b3e9c0c239efdd2fde5ab015b5affd6f1c3c85911ca4b384e790?s=96&d=mm&r=g\",\"contentUrl\":\"https:\/\/secure.gravatar.com\/avatar\/b67e614b1b25b3e9c0c239efdd2fde5ab015b5affd6f1c3c85911ca4b384e790?s=96&d=mm&r=g\",\"caption\":\"Author\"},\"sameAs\":[\"http:\/\/vof-news.eu\"],\"url\":\"https:\/\/vof-news.eu\/de\/author\/zwt6qxnjulxbnyg\/\"}]}<\/script>\n<!-- \/ Yoast SEO plugin. -->","yoast_head_json":{"title":"Was jetzt? \/ USA und Iran:Angriff auf den Iran: Warum das Regime h\u00e4rter reagiert als erwartet - vof-news.eu","description":"In den fr\u00fchen Morgenstunden haben das israelische und das US-Milit\u00e4r Ziele","robots":{"index":"noindex","follow":"follow","max-snippet":"max-snippet:-1","max-image-preview":"max-image-preview:large","max-video-preview":"max-video-preview:-1"},"og_locale":"de_DE","og_type":"article","og_title":"Was jetzt? \/ USA und Iran:Angriff auf den Iran: Warum das Regime h\u00e4rter reagiert als erwartet - vof-news.eu","og_description":"In den fr\u00fchen Morgenstunden haben das israelische und das US-Milit\u00e4r Ziele","og_url":"https:\/\/vof-news.eu\/de\/was-jetzt-usa-und-iranangriff-auf-den-iran-warum-das-regime-harter-reagiert-als-erwartet\/","og_site_name":"vof-news.eu","article_published_time":"2026-02-28T14:19:17+00:00","article_modified_time":"2026-02-28T14:19:34+00:00","author":"Author","twitter_card":"summary_large_image","twitter_misc":{"Verfasst von":"Author","Gesch\u00e4tzte Lesezeit":"1\u00a0Minute"},"schema":{"@context":"https:\/\/schema.org","@graph":[{"@type":"WebPage","@id":"https:\/\/vof-news.eu\/de\/was-jetzt-usa-und-iranangriff-auf-den-iran-warum-das-regime-harter-reagiert-als-erwartet\/","url":"https:\/\/vof-news.eu\/de\/was-jetzt-usa-und-iranangriff-auf-den-iran-warum-das-regime-harter-reagiert-als-erwartet\/","name":"Was jetzt? \/ USA und Iran:Angriff auf den Iran: Warum das Regime h\u00e4rter reagiert als erwartet - vof-news.eu","isPartOf":{"@id":"https:\/\/vof-news.eu\/de\/#website"},"datePublished":"2026-02-28T14:19:17+00:00","dateModified":"2026-02-28T14:19:34+00:00","author":{"@id":"https:\/\/vof-news.eu\/de\/#\/schema\/person\/f6a2a4309f0561835797fd8c19b333ed"},"description":"In den fr\u00fchen Morgenstunden haben das israelische und das US-Milit\u00e4r Ziele","breadcrumb":{"@id":"https:\/\/vof-news.eu\/de\/was-jetzt-usa-und-iranangriff-auf-den-iran-warum-das-regime-harter-reagiert-als-erwartet\/#breadcrumb"},"inLanguage":"de","potentialAction":[{"@type":"ReadAction","target":["https:\/\/vof-news.eu\/de\/was-jetzt-usa-und-iranangriff-auf-den-iran-warum-das-regime-harter-reagiert-als-erwartet\/"]}]},{"@type":"BreadcrumbList","@id":"https:\/\/vof-news.eu\/de\/was-jetzt-usa-und-iranangriff-auf-den-iran-warum-das-regime-harter-reagiert-als-erwartet\/#breadcrumb","itemListElement":[{"@type":"ListItem","position":1,"name":"Home","item":"https:\/\/vof-news.eu\/de\/"},{"@type":"ListItem","position":2,"name":"Was jetzt? \/ USA und Iran:Angriff auf den Iran: Warum das Regime h\u00e4rter reagiert als erwartet"}]},{"@type":"WebSite","@id":"https:\/\/vof-news.eu\/de\/#website","url":"https:\/\/vof-news.eu\/de\/","name":"vof-news.eu","description":"","potentialAction":[{"@type":"SearchAction","target":{"@type":"EntryPoint","urlTemplate":"https:\/\/vof-news.eu\/de\/?s={search_term_string}"},"query-input":"required name=search_term_string"}],"inLanguage":"de"},{"@type":"Person","@id":"https:\/\/vof-news.eu\/de\/#\/schema\/person\/f6a2a4309f0561835797fd8c19b333ed","name":"Author","image":{"@type":"ImageObject","inLanguage":"de","@id":"https:\/\/vof-news.eu\/de\/#\/schema\/person\/image\/","url":"https:\/\/secure.gravatar.com\/avatar\/b67e614b1b25b3e9c0c239efdd2fde5ab015b5affd6f1c3c85911ca4b384e790?s=96&d=mm&r=g","contentUrl":"https:\/\/secure.gravatar.com\/avatar\/b67e614b1b25b3e9c0c239efdd2fde5ab015b5affd6f1c3c85911ca4b384e790?s=96&d=mm&r=g","caption":"Author"},"sameAs":["http:\/\/vof-news.eu"],"url":"https:\/\/vof-news.eu\/de\/author\/zwt6qxnjulxbnyg\/"}]}},"yoast_meta":{"yoast_wpseo_title":"","yoast_wpseo_metadesc":"","yoast_wpseo_canonical":""},"_links":{"self":[{"href":"https:\/\/vof-news.eu\/de\/wp-json\/wp\/v2\/posts\/327283","targetHints":{"allow":["GET"]}}],"collection":[{"href":"https:\/\/vof-news.eu\/de\/wp-json\/wp\/v2\/posts"}],"about":[{"href":"https:\/\/vof-news.eu\/de\/wp-json\/wp\/v2\/types\/post"}],"author":[{"embeddable":true,"href":"https:\/\/vof-news.eu\/de\/wp-json\/wp\/v2\/users\/1"}],"replies":[{"embeddable":true,"href":"https:\/\/vof-news.eu\/de\/wp-json\/wp\/v2\/comments?post=327283"}],"version-history":[{"count":1,"href":"https:\/\/vof-news.eu\/de\/wp-json\/wp\/v2\/posts\/327283\/revisions"}],"predecessor-version":[{"id":327284,"href":"https:\/\/vof-news.eu\/de\/wp-json\/wp\/v2\/posts\/327283\/revisions\/327284"}],"wp:attachment":[{"href":"https:\/\/vof-news.eu\/de\/wp-json\/wp\/v2\/media?parent=327283"}],"wp:term":[{"taxonomy":"category","embeddable":true,"href":"https:\/\/vof-news.eu\/de\/wp-json\/wp\/v2\/categories?post=327283"},{"taxonomy":"post_tag","embeddable":true,"href":"https:\/\/vof-news.eu\/de\/wp-json\/wp\/v2\/tags?post=327283"}],"curies":[{"name":"wp","href":"https:\/\/api.w.org\/{rel}","templated":true}]}}