{"id":327236,"date":"2026-02-28T11:38:20","date_gmt":"2026-02-28T08:38:20","guid":{"rendered":"https:\/\/vof-news.eu\/israel-und-die-usa-greifen-ziele-im-iran-an\/"},"modified":"2026-02-28T11:38:34","modified_gmt":"2026-02-28T08:38:34","slug":"israel-und-die-usa-greifen-ziele-im-iran-an","status":"publish","type":"post","link":"https:\/\/vof-news.eu\/de\/israel-und-die-usa-greifen-ziele-im-iran-an\/","title":{"rendered":"Israel und die USA greifen Ziele im Iran an"},"content":{"rendered":"<div>\n<p>Das israelische Milit\u00e4r hat eigenen Angaben zufolge einen \u200bPr\u00e4ventivschlag \u2060gegen den \u200b<span><a href=\"https:\/\/www.zeit.de\/thema\/iran\" rel=\"nofollow\">Iran<\/a><\/span> gestartet. \u200cDas \u2060teilte \u200bder israelische Verteidigungsminister mit. Die Angriffe sind nach Angaben der US-Regierung mit den USA abgestimmt. US-Pr\u00e4sident Donald Trump sprach von einem &#8222;gro\u00dfen Kampfeinsatz&#8220;.  In \u2060der iranischen Hauptstadt Teheran waren Explosionen \u200bzu \u200ch\u00f6ren.\n<\/p>\n<p>Israels Milit\u00e4r habe den Pr\u00e4ventivschlag gegen den Iran gestartet, um<br \/>\n Bedrohungen f\u00fcr Israel zu beseitigen, teilte der israelische Verteidigungsminister Israel<br \/>\nKatz dazu mit. Das israelische Milit\u00e4r bezeichnete den Einsatz als &#8222;Br\u00fcllender L\u00f6we&#8220;. Der Milit\u00e4rschlag \u2060ist<br \/>\nisraelischen Verteidigungskreisen zufolge mit den USA<br \/>\nabgestimmt. \u200cDie \u2060Aktion sei seit \u200bMonaten vorbereitet worden, das<br \/>\nDatum des Angriffs stehe seit \u200bWochen fest.\n<\/p>\n<p>Trump best\u00e4tigte US-Angriffe auf den Iran. &#8222;Wir \u200bwerden ihre Raketen zerst\u00f6ren<br \/>\n \u200cund ihre Raketenindustrie \u200cdem Boden gleichmachen,&#8220; sagte Trump in<br \/>\neiner Videoansprache, die er in sozialen Medien verbreitete. &#8222;Unser Ziel ist \u2060es, das amerikanische \u200bVolk<br \/>\ndadurch zu sch\u00fctzen, dass \u200cdie \u2060unmittelbare Bedrohung \u200bdurch das<br \/>\niranische Regime eliminiert wird.&#8220; Der Iran<br \/>\nentwickle Langstreckenraketen, welche die USA und \u2060andere L\u00e4nder<br \/>\nbedrohten. &#8222;Wir \u200bwerden ihre Raketen zerst\u00f6ren \u200cund ihre<br \/>\nRaketenindustrie \u200cdem Boden gleichmachen.&#8220; Die \u200bUSA stellten zudem<br \/>\nsicher, dass der Iran \u200bkeine Atombombe erhalte. &#8222;Wir werden ihre<br \/>\nMarine ausl\u00f6schen.&#8220;\n<\/p>\n<h2>Explosionen in iranischen St\u00e4dten<\/h2>\n<p>In mehreren iranischen St\u00e4dten sind Beobachtern zufolge Explosionen zu h\u00f6ren. In Teheran waren Berichten zufolge auch Rauchwolken zu sehen. Der Westen der Stadt soll getroffen worden sein, der Flughafen der Hauptstadt k\u00f6nnte demnach ein Ziel sein. Die iranische Nachrichtenagentur Isna meldete,<br \/>\ndass eine der Rauchs\u00e4ulen in der N\u00e4he eines Viertels im Zentrum zu sehen<br \/>\n sei, in dem sich die Residenz des geistlichen Oberhaupts des Iran,<br \/>\nAjatollah Ali Chamenei, sowie das Pr\u00e4sidentenamt befinden. Dieser soll iranischen Angaben zufolge aber nicht in der iranischen Hauptstadt sein. Irans Luftraum wurde geschlossen. Das Mobilfunknetz wurde iranischen Medien zufolge in Teilen der Stadt unterbrochen, genauso wie das Internet.\n<\/p>\n<p>Auch in Israel schrillten die Sirenen. Katz erkl\u00e4rte &#8222;einen besonderen und sofortigen Ausnahmezustand f\u00fcr ganz&#8220; Israel. Nach <a href=\"https:\/\/x.com\/IDF\/status\/2027630330815868932\" rel=\"nofollow\">Angaben des israelischen Milit\u00e4rs<\/a> sei das zur vorsorglichen Warnung der Bev\u00f6lkerung, falls der Staat in den kommenden Stunden mit Raketen beschossen werde, es bestehe aber noch keine akute Gefahr. Zugleich wurde in Israel <a href=\"https:\/\/x.com\/IDF\/status\/2027631208595628442\" rel=\"nofollow\">dem Milit\u00e4r zufolge<\/a> eine neue Warnstufe ausgerufen, dazu geh\u00f6rten unter anderem ein Verbot von Bildungsaktivit\u00e4ten, Versammlungen und das Aufsuchen von Arbeitspl\u00e4tzen, mit Ausnahme von systemrelevanten Sektoren. Israels Luftraum wurde demnach f\u00fcr zivile Fl\u00fcge geschlossen.\n<\/p>\n<p>Zuvor hatte US-Pr\u00e4sident Donald Trump wiederholt mit einem Angriff auf den Iran gedroht. Auch zuletzt schloss er eine milit\u00e4rische Eskalation nicht aus. Israel und der Iran liegen im Dauerkonflikt. Israel hatte bereits im vergangenen Jahr Krieg<br \/>\ngegen den Iran gef\u00fchrt. Der neue Angriff erfolgt nur zwei Tage nach<br \/>\neiner weiteren Verhandlungsrunde zwischen den USA und dem Iran \u00fcber das<br \/>\numstrittene Atomprogramm des Iran. Einen Durchbruch<br \/>\nhatte es bei den Gespr\u00e4chen in Genf nicht gegeben, obwohl Vermittler des Oman eine m\u00f6gliche Einigung in der Nacht angedeutet hatten.\n<\/p>\n<p><a href=\"https:\/\/www.zeit.de\/politik\/ausland\/2026-01\/israel-iran-angriff-usa-liveblog\" rel=\"nofollow\"><\/a>\n<\/p>\n<\/div>\n","protected":false},"excerpt":{"rendered":"<p>Das israelische Milit\u00e4r hat eigenen Angaben zufolge einen \u200bPr\u00e4ventivschlag \u2060gegen den \u200bIran gestartet. \u200cDas \u2060teilte \u200bder israelische Verteidigungsminister mit. Die Angriffe sind nach Angaben der US-Regierung mit den USA abgestimmt. US-Pr\u00e4sident Donald Trump sprach von einem &#8222;gro\u00dfen Kampfeinsatz&#8220;. In \u2060der iranischen Hauptstadt Teheran waren Explosionen \u200bzu \u200ch\u00f6ren. Israels Milit\u00e4r habe den Pr\u00e4ventivschlag gegen den Iran<\/p>\n","protected":false},"author":1,"featured_media":327230,"comment_status":"open","ping_status":"open","sticky":false,"template":"","format":"standard","meta":{"footnotes":""},"categories":[1],"tags":[],"class_list":["post-327236","post","type-post","status-publish","format-standard","has-post-thumbnail","hentry","category-uncategorized"],"acf":[],"yoast_head":"<!-- This site is optimized with the Yoast SEO plugin v22.9 - https:\/\/yoast.com\/wordpress\/plugins\/seo\/ -->\n<title>Israel und die USA greifen Ziele im Iran an - vof-news.eu<\/title>\n<meta name=\"description\" content=\"Das israelische Milit\u00e4r hat eigenen Angaben zufolge einen \u200bPr\u00e4ventivschlag \u2060gegen den \u200bIran gestartet. \u200cDas \u2060teilte \u200bder israelische Verteidigungsminister mit. Die Angriffe sind nach Angaben der US-Regierung mit den USA abgestimmt. US-Pr\u00e4sident Donald Trump sprach von einem &quot;gro\u00dfen Kampfeinsatz&quot;. In \u2060der iranischen Hauptstadt Teheran waren Explosionen \u200bzu \u200ch\u00f6ren.\" \/>\n<meta name=\"robots\" content=\"noindex, follow, max-snippet:-1, max-image-preview:large, max-video-preview:-1\" \/>\n<meta property=\"og:locale\" content=\"de_DE\" \/>\n<meta property=\"og:type\" content=\"article\" \/>\n<meta property=\"og:title\" content=\"Israel und die USA greifen Ziele im Iran an - vof-news.eu\" \/>\n<meta property=\"og:description\" content=\"Das israelische Milit\u00e4r hat eigenen Angaben zufolge einen \u200bPr\u00e4ventivschlag \u2060gegen den \u200bIran gestartet. \u200cDas \u2060teilte \u200bder israelische Verteidigungsminister mit. Die Angriffe sind nach Angaben der US-Regierung mit den USA abgestimmt. US-Pr\u00e4sident Donald Trump sprach von einem &quot;gro\u00dfen Kampfeinsatz&quot;. In \u2060der iranischen Hauptstadt Teheran waren Explosionen \u200bzu \u200ch\u00f6ren.\" \/>\n<meta property=\"og:url\" content=\"https:\/\/vof-news.eu\/de\/israel-und-die-usa-greifen-ziele-im-iran-an\/\" \/>\n<meta property=\"og:site_name\" content=\"vof-news.eu\" \/>\n<meta property=\"article:published_time\" content=\"2026-02-28T08:38:20+00:00\" \/>\n<meta property=\"article:modified_time\" content=\"2026-02-28T08:38:34+00:00\" \/>\n<meta property=\"og:image\" content=\"https:\/\/vof-news.eu\/wp-content\/uploads\/2026\/02\/img_7c83e584a3ab.webp\" \/>\n\t<meta property=\"og:image:width\" content=\"1000\" \/>\n\t<meta property=\"og:image:height\" content=\"562\" \/>\n\t<meta property=\"og:image:type\" content=\"image\/webp\" \/>\n<meta name=\"author\" content=\"Author\" \/>\n<meta name=\"twitter:card\" content=\"summary_large_image\" \/>\n<meta name=\"twitter:label1\" content=\"Verfasst von\" \/>\n\t<meta name=\"twitter:data1\" content=\"Author\" \/>\n\t<meta name=\"twitter:label2\" content=\"Gesch\u00e4tzte Lesezeit\" \/>\n\t<meta name=\"twitter:data2\" content=\"3\u00a0Minuten\" \/>\n<script type=\"application\/ld+json\" class=\"yoast-schema-graph\">{\"@context\":\"https:\/\/schema.org\",\"@graph\":[{\"@type\":\"WebPage\",\"@id\":\"https:\/\/vof-news.eu\/de\/israel-und-die-usa-greifen-ziele-im-iran-an\/\",\"url\":\"https:\/\/vof-news.eu\/de\/israel-und-die-usa-greifen-ziele-im-iran-an\/\",\"name\":\"Israel und die USA greifen Ziele im Iran an - vof-news.eu\",\"isPartOf\":{\"@id\":\"https:\/\/vof-news.eu\/de\/#website\"},\"primaryImageOfPage\":{\"@id\":\"https:\/\/vof-news.eu\/de\/israel-und-die-usa-greifen-ziele-im-iran-an\/#primaryimage\"},\"image\":{\"@id\":\"https:\/\/vof-news.eu\/de\/israel-und-die-usa-greifen-ziele-im-iran-an\/#primaryimage\"},\"thumbnailUrl\":\"https:\/\/vof-news.eu\/wp-content\/uploads\/2026\/02\/img_7c83e584a3ab.webp\",\"datePublished\":\"2026-02-28T08:38:20+00:00\",\"dateModified\":\"2026-02-28T08:38:34+00:00\",\"author\":{\"@id\":\"https:\/\/vof-news.eu\/de\/#\/schema\/person\/f6a2a4309f0561835797fd8c19b333ed\"},\"description\":\"Das israelische Milit\u00e4r hat eigenen Angaben zufolge einen \u200bPr\u00e4ventivschlag \u2060gegen den \u200bIran gestartet. \u200cDas \u2060teilte \u200bder israelische Verteidigungsminister mit. Die Angriffe sind nach Angaben der US-Regierung mit den USA abgestimmt. US-Pr\u00e4sident Donald Trump sprach von einem \\\"gro\u00dfen Kampfeinsatz\\\". In \u2060der iranischen Hauptstadt Teheran waren Explosionen \u200bzu \u200ch\u00f6ren.\",\"breadcrumb\":{\"@id\":\"https:\/\/vof-news.eu\/de\/israel-und-die-usa-greifen-ziele-im-iran-an\/#breadcrumb\"},\"inLanguage\":\"de\",\"potentialAction\":[{\"@type\":\"ReadAction\",\"target\":[\"https:\/\/vof-news.eu\/de\/israel-und-die-usa-greifen-ziele-im-iran-an\/\"]}]},{\"@type\":\"ImageObject\",\"inLanguage\":\"de\",\"@id\":\"https:\/\/vof-news.eu\/de\/israel-und-die-usa-greifen-ziele-im-iran-an\/#primaryimage\",\"url\":\"https:\/\/vof-news.eu\/wp-content\/uploads\/2026\/02\/img_7c83e584a3ab.webp\",\"contentUrl\":\"https:\/\/vof-news.eu\/wp-content\/uploads\/2026\/02\/img_7c83e584a3ab.webp\",\"width\":1000,\"height\":562},{\"@type\":\"BreadcrumbList\",\"@id\":\"https:\/\/vof-news.eu\/de\/israel-und-die-usa-greifen-ziele-im-iran-an\/#breadcrumb\",\"itemListElement\":[{\"@type\":\"ListItem\",\"position\":1,\"name\":\"Home\",\"item\":\"https:\/\/vof-news.eu\/de\/\"},{\"@type\":\"ListItem\",\"position\":2,\"name\":\"Israel und die USA greifen Ziele im Iran an\"}]},{\"@type\":\"WebSite\",\"@id\":\"https:\/\/vof-news.eu\/de\/#website\",\"url\":\"https:\/\/vof-news.eu\/de\/\",\"name\":\"vof-news.eu\",\"description\":\"\",\"potentialAction\":[{\"@type\":\"SearchAction\",\"target\":{\"@type\":\"EntryPoint\",\"urlTemplate\":\"https:\/\/vof-news.eu\/de\/?s={search_term_string}\"},\"query-input\":\"required name=search_term_string\"}],\"inLanguage\":\"de\"},{\"@type\":\"Person\",\"@id\":\"https:\/\/vof-news.eu\/de\/#\/schema\/person\/f6a2a4309f0561835797fd8c19b333ed\",\"name\":\"Author\",\"image\":{\"@type\":\"ImageObject\",\"inLanguage\":\"de\",\"@id\":\"https:\/\/vof-news.eu\/de\/#\/schema\/person\/image\/\",\"url\":\"https:\/\/secure.gravatar.com\/avatar\/b67e614b1b25b3e9c0c239efdd2fde5ab015b5affd6f1c3c85911ca4b384e790?s=96&d=mm&r=g\",\"contentUrl\":\"https:\/\/secure.gravatar.com\/avatar\/b67e614b1b25b3e9c0c239efdd2fde5ab015b5affd6f1c3c85911ca4b384e790?s=96&d=mm&r=g\",\"caption\":\"Author\"},\"sameAs\":[\"http:\/\/vof-news.eu\"],\"url\":\"https:\/\/vof-news.eu\/de\/author\/zwt6qxnjulxbnyg\/\"}]}<\/script>\n<!-- \/ Yoast SEO plugin. -->","yoast_head_json":{"title":"Israel und die USA greifen Ziele im Iran an - vof-news.eu","description":"Das israelische Milit\u00e4r hat eigenen Angaben zufolge einen \u200bPr\u00e4ventivschlag \u2060gegen den \u200bIran gestartet. \u200cDas \u2060teilte \u200bder israelische Verteidigungsminister mit. Die Angriffe sind nach Angaben der US-Regierung mit den USA abgestimmt. US-Pr\u00e4sident Donald Trump sprach von einem \"gro\u00dfen Kampfeinsatz\". In \u2060der iranischen Hauptstadt Teheran waren Explosionen \u200bzu \u200ch\u00f6ren.","robots":{"index":"noindex","follow":"follow","max-snippet":"max-snippet:-1","max-image-preview":"max-image-preview:large","max-video-preview":"max-video-preview:-1"},"og_locale":"de_DE","og_type":"article","og_title":"Israel und die USA greifen Ziele im Iran an - vof-news.eu","og_description":"Das israelische Milit\u00e4r hat eigenen Angaben zufolge einen \u200bPr\u00e4ventivschlag \u2060gegen den \u200bIran gestartet. \u200cDas \u2060teilte \u200bder israelische Verteidigungsminister mit. Die Angriffe sind nach Angaben der US-Regierung mit den USA abgestimmt. US-Pr\u00e4sident Donald Trump sprach von einem \"gro\u00dfen Kampfeinsatz\". In \u2060der iranischen Hauptstadt Teheran waren Explosionen \u200bzu \u200ch\u00f6ren.","og_url":"https:\/\/vof-news.eu\/de\/israel-und-die-usa-greifen-ziele-im-iran-an\/","og_site_name":"vof-news.eu","article_published_time":"2026-02-28T08:38:20+00:00","article_modified_time":"2026-02-28T08:38:34+00:00","og_image":[{"width":1000,"height":562,"url":"https:\/\/vof-news.eu\/wp-content\/uploads\/2026\/02\/img_7c83e584a3ab.webp","type":"image\/webp"}],"author":"Author","twitter_card":"summary_large_image","twitter_misc":{"Verfasst von":"Author","Gesch\u00e4tzte Lesezeit":"3\u00a0Minuten"},"schema":{"@context":"https:\/\/schema.org","@graph":[{"@type":"WebPage","@id":"https:\/\/vof-news.eu\/de\/israel-und-die-usa-greifen-ziele-im-iran-an\/","url":"https:\/\/vof-news.eu\/de\/israel-und-die-usa-greifen-ziele-im-iran-an\/","name":"Israel und die USA greifen Ziele im Iran an - vof-news.eu","isPartOf":{"@id":"https:\/\/vof-news.eu\/de\/#website"},"primaryImageOfPage":{"@id":"https:\/\/vof-news.eu\/de\/israel-und-die-usa-greifen-ziele-im-iran-an\/#primaryimage"},"image":{"@id":"https:\/\/vof-news.eu\/de\/israel-und-die-usa-greifen-ziele-im-iran-an\/#primaryimage"},"thumbnailUrl":"https:\/\/vof-news.eu\/wp-content\/uploads\/2026\/02\/img_7c83e584a3ab.webp","datePublished":"2026-02-28T08:38:20+00:00","dateModified":"2026-02-28T08:38:34+00:00","author":{"@id":"https:\/\/vof-news.eu\/de\/#\/schema\/person\/f6a2a4309f0561835797fd8c19b333ed"},"description":"Das israelische Milit\u00e4r hat eigenen Angaben zufolge einen \u200bPr\u00e4ventivschlag \u2060gegen den \u200bIran gestartet. \u200cDas \u2060teilte \u200bder israelische Verteidigungsminister mit. Die Angriffe sind nach Angaben der US-Regierung mit den USA abgestimmt. US-Pr\u00e4sident Donald Trump sprach von einem \"gro\u00dfen Kampfeinsatz\". In \u2060der iranischen Hauptstadt Teheran waren Explosionen \u200bzu \u200ch\u00f6ren.","breadcrumb":{"@id":"https:\/\/vof-news.eu\/de\/israel-und-die-usa-greifen-ziele-im-iran-an\/#breadcrumb"},"inLanguage":"de","potentialAction":[{"@type":"ReadAction","target":["https:\/\/vof-news.eu\/de\/israel-und-die-usa-greifen-ziele-im-iran-an\/"]}]},{"@type":"ImageObject","inLanguage":"de","@id":"https:\/\/vof-news.eu\/de\/israel-und-die-usa-greifen-ziele-im-iran-an\/#primaryimage","url":"https:\/\/vof-news.eu\/wp-content\/uploads\/2026\/02\/img_7c83e584a3ab.webp","contentUrl":"https:\/\/vof-news.eu\/wp-content\/uploads\/2026\/02\/img_7c83e584a3ab.webp","width":1000,"height":562},{"@type":"BreadcrumbList","@id":"https:\/\/vof-news.eu\/de\/israel-und-die-usa-greifen-ziele-im-iran-an\/#breadcrumb","itemListElement":[{"@type":"ListItem","position":1,"name":"Home","item":"https:\/\/vof-news.eu\/de\/"},{"@type":"ListItem","position":2,"name":"Israel und die USA greifen Ziele im Iran an"}]},{"@type":"WebSite","@id":"https:\/\/vof-news.eu\/de\/#website","url":"https:\/\/vof-news.eu\/de\/","name":"vof-news.eu","description":"","potentialAction":[{"@type":"SearchAction","target":{"@type":"EntryPoint","urlTemplate":"https:\/\/vof-news.eu\/de\/?s={search_term_string}"},"query-input":"required name=search_term_string"}],"inLanguage":"de"},{"@type":"Person","@id":"https:\/\/vof-news.eu\/de\/#\/schema\/person\/f6a2a4309f0561835797fd8c19b333ed","name":"Author","image":{"@type":"ImageObject","inLanguage":"de","@id":"https:\/\/vof-news.eu\/de\/#\/schema\/person\/image\/","url":"https:\/\/secure.gravatar.com\/avatar\/b67e614b1b25b3e9c0c239efdd2fde5ab015b5affd6f1c3c85911ca4b384e790?s=96&d=mm&r=g","contentUrl":"https:\/\/secure.gravatar.com\/avatar\/b67e614b1b25b3e9c0c239efdd2fde5ab015b5affd6f1c3c85911ca4b384e790?s=96&d=mm&r=g","caption":"Author"},"sameAs":["http:\/\/vof-news.eu"],"url":"https:\/\/vof-news.eu\/de\/author\/zwt6qxnjulxbnyg\/"}]}},"yoast_meta":{"yoast_wpseo_title":"","yoast_wpseo_metadesc":"","yoast_wpseo_canonical":""},"_links":{"self":[{"href":"https:\/\/vof-news.eu\/de\/wp-json\/wp\/v2\/posts\/327236","targetHints":{"allow":["GET"]}}],"collection":[{"href":"https:\/\/vof-news.eu\/de\/wp-json\/wp\/v2\/posts"}],"about":[{"href":"https:\/\/vof-news.eu\/de\/wp-json\/wp\/v2\/types\/post"}],"author":[{"embeddable":true,"href":"https:\/\/vof-news.eu\/de\/wp-json\/wp\/v2\/users\/1"}],"replies":[{"embeddable":true,"href":"https:\/\/vof-news.eu\/de\/wp-json\/wp\/v2\/comments?post=327236"}],"version-history":[{"count":1,"href":"https:\/\/vof-news.eu\/de\/wp-json\/wp\/v2\/posts\/327236\/revisions"}],"predecessor-version":[{"id":327237,"href":"https:\/\/vof-news.eu\/de\/wp-json\/wp\/v2\/posts\/327236\/revisions\/327237"}],"wp:featuredmedia":[{"embeddable":true,"href":"https:\/\/vof-news.eu\/de\/wp-json\/wp\/v2\/media\/327230"}],"wp:attachment":[{"href":"https:\/\/vof-news.eu\/de\/wp-json\/wp\/v2\/media?parent=327236"}],"wp:term":[{"taxonomy":"category","embeddable":true,"href":"https:\/\/vof-news.eu\/de\/wp-json\/wp\/v2\/categories?post=327236"},{"taxonomy":"post_tag","embeddable":true,"href":"https:\/\/vof-news.eu\/de\/wp-json\/wp\/v2\/tags?post=327236"}],"curies":[{"name":"wp","href":"https:\/\/api.w.org\/{rel}","templated":true}]}}