{"id":323100,"date":"2026-02-03T17:28:10","date_gmt":"2026-02-03T14:28:10","guid":{"rendered":"https:\/\/vof-news.eu\/ukrainischer-ausenminister-nennt-infantinos-idee-moralisch-degeneriert-2\/"},"modified":"2026-02-03T17:30:10","modified_gmt":"2026-02-03T14:30:10","slug":"ukrainischer-ausenminister-nennt-infantinos-idee-moralisch-degeneriert-2","status":"publish","type":"post","link":"https:\/\/vof-news.eu\/de\/ukrainischer-ausenminister-nennt-infantinos-idee-moralisch-degeneriert-2\/","title":{"rendered":"Ukrainischer Au\u00dfenminister nennt Infantinos Idee moralisch degeneriert"},"content":{"rendered":"<div>\n<p>Die Ukraine hat Fifa-Pr\u00e4sident Gianni Infantino <a href=\"https:\/\/www.zeit.de\/sport\/2026-02\/fifa-gianni-infantino-aufhebung-russland-sperre-gxe\" rel=\"nofollow\">f\u00fcr dessen Aussagen zu einer m\u00f6glichen R\u00fcckkehr russischer<br \/>\nMannschaften zu Fu\u00dfballwettbewerben des Weltverbandes<\/a> kritisiert. Die \u00c4u\u00dferungen seien moralisch nicht vertretbar und verantwortungslos, teilten ukrainische Minister mit. <span><a href=\"https:\/\/www.zeit.de\/thema\/russland\" rel=\"nofollow\">Russland<\/a><\/span> begr\u00fc\u00dfte dagegen den Vorsto\u00df zu seinen Gunsten.\n<\/p>\n<p>Der ukrainische Au\u00dfenminister Andrij Sybiha verwies auf den v\u00f6lkerrechtswidrigen russischen Angriffskrieg auf die <span><a href=\"https:\/\/www.zeit.de\/thema\/krieg-in-ukraine\" rel=\"nofollow\">Ukraine<\/a><\/span>, der immer noch t\u00e4glich Tote fordert.\u00a0&#8222;679<br \/>\nukrainische M\u00e4dchen und Jungen werden nie Fu\u00dfball spielen k\u00f6nnen \u2013 Russland hat sie get\u00f6tet&#8220;, schrieb er. &#8222;Und es t\u00f6tet weiter, w\u00e4hrend moralisch Degenerierte<br \/>\nvorschlagen, die Sanktionen aufzuheben, obwohl Russland seinen Krieg<br \/>\nnicht beendet hat.&#8220; K\u00fcnftige Generationen w\u00fcrden dies als eine Schande<br \/>\nbetrachten, die an die Olympischen Spiele 1936 erinnere.\n<\/p>\n<p>Auch der ukrainische Sportminister Matwij Bidny kritisierte den Fifa-Pr\u00e4sidenten.\u00a0&#8222;Gianni Infantinos<br \/>\n Worte klingen verantwortungslos \u2013 um nicht zu sagen infantil&#8220;, schrieb<br \/>\nBidny. &#8222;Sie l\u00f6sen den Fu\u00dfball von der Realit\u00e4t, dass Kinder get\u00f6tet<br \/>\nwerden.&#8220; Solange Russen weiterhin Ukrainer t\u00f6teten und den Sport<br \/>\npolitisierten, h\u00e4tten ihre Flagge und nationalen Symbole keinen Platz<br \/>\nunter Menschen, die Werte wie Gerechtigkeit, Integrit\u00e4t und Fair Play respektierten.\n<\/p>\n<p>Auch der ukrainische Fu\u00dfballverband rief die <span><a href=\"https:\/\/www.zeit.de\/thema\/fifa\" rel=\"nofollow\">Fifa<\/a><\/span> und ihren Pr\u00e4sidenten dazu auf, &#8222;die<br \/>\nHaltung zum Ausschluss der Russen nicht zu \u00e4ndern&#8220;, solange der Krieg<br \/>\ngegen die Ukraine andauere. &#8222;Wir widersprechen der Behauptung, dass ein<br \/>\nVerbot gegen den Aggressor nicht wirkt. Wir sind der Ansicht, dass der<br \/>\nAusschluss von der Teilnahme an Wettbewerben ein wirksames Druckmittel<br \/>\ngegen den Aggressor ist.&#8220; Ein Ende der Sperre gef\u00e4hrde die Sicherheit und<br \/>\nIntegrit\u00e4t des Wettbewerbs.\n<\/p>\n<h2>Russland freut sich<\/h2>\n<p><a href=\"https:\/\/www.zeit.de\/sport\/2026-02\/fifa-gianni-infantino-aufhebung-russland-sperre-gxe\" rel=\"nofollow\">Infantino hatte sich zuletzt offen f\u00fcr eine Aufhebung der Sperre russischer Mannschaften bei seinen Wettbewerben gezeigt<\/a>. &#8222;Das m\u00fcssen<br \/>\nwir&#8220;, sagte er dem Sender Sky auf die Frage, ob<br \/>\neine R\u00fcckkehr Russlands gepr\u00fcft werden m\u00fcsse: &#8222;Auf jeden Fall \u2013 zumindest im Jugendbereich.&#8220; Das Verbot habe nichts gebracht, sondern Frustration hervorgerufen. Dagegen w\u00fcrde es helfen, &#8222;wenn M\u00e4dchen und Jungen aus Russland in anderen Teilen Europas<br \/>\nFu\u00dfball spielen k\u00f6nnten&#8220;.\n<\/p>\n<p>Kurz nach Russlands \u00dcberfall auf die Ukraine im Februar 2022 hatten die Fifa und die<br \/>\nEurop\u00e4ische Fu\u00dfballunion (Uefa) ihre Wettbewerbe f\u00fcr<br \/>\nrussische Teilnehmer gesperrt.\n<\/p>\n<p>Russland dagegen zeigte sich erfreut \u00fcber Infantinos Vorsto\u00df. &#8222;Wir haben diese Erkl\u00e4rungen gesehen und begr\u00fc\u00dfen<br \/>\nsie&#8220;, sagte Kremlsprecher Dmitri Peskow. &#8222;Das ist etwas, wor\u00fcber man<br \/>\nschon vor langer Zeit h\u00e4tte nachdenken sollen.&#8220; Der russische<br \/>\nFu\u00dfballverband schrieb, dass er die &#8222;Position von Herrn Infantino voll und ganz&#8220; unterst\u00fctze.\n<\/p>\n<p>Im Dezember 2025 hatte die Fifa mitgeteilt,<br \/>\ndass russische Teams wieder an U15-Turnieren teilnehmen d\u00fcrften. Der Weltverband folgte dabei der Empfehlung des Internationalen<br \/>\nOlympischen Komitees (IOC), das sich kurz zuvor f\u00fcr eine<br \/>\n&#8222;uneingeschr\u00e4nkte&#8220; R\u00fcckkehr Russlands bei internationalen<br \/>\nJugendwettbewerben starkgemacht hatte.\n<\/p>\n<p>Infantino steht seit L\u00e4ngerem unter anderem wegen seiner N\u00e4he zu umstrittenen Machthabern <a href=\"https:\/\/www.zeit.de\/sport\/2023-03\/gianni-infantino-fifia-praesident-wiederwahl\" rel=\"nofollow\">in der Kritik<\/a>. Zuletzt hatte die britische Menschenrechtsorganisation <a href=\"https:\/\/www.zeit.de\/sport\/2025-12\/fifa-gianni-infantino-donald-trump-beschwerde-neutralitaet\" rel=\"nofollow\">FairSquare bei der Ethikkommission der Fifa Beschwerde gegen Infantino wegen\u00a0dessen Verh\u00e4ltnis zu US-Pr\u00e4sident Donald Trump eingelegt<\/a>.\n<\/p>\n<\/div>\n","protected":false},"excerpt":{"rendered":"<p>Die Ukraine hat Fifa-Pr\u00e4sident Gianni Infantino f\u00fcr dessen Aussagen zu einer m\u00f6glichen R\u00fcckkehr russischer Mannschaften zu Fu\u00dfballwettbewerben des Weltverbandes kritisiert. Die \u00c4u\u00dferungen seien moralisch nicht vertretbar und verantwortungslos, teilten ukrainische Minister mit. Russland begr\u00fc\u00dfte dagegen den Vorsto\u00df zu seinen Gunsten. Der ukrainische Au\u00dfenminister Andrij Sybiha verwies auf den v\u00f6lkerrechtswidrigen russischen Angriffskrieg auf die Ukraine, der<\/p>\n","protected":false},"author":1,"featured_media":323101,"comment_status":"open","ping_status":"open","sticky":false,"template":"","format":"standard","meta":{"footnotes":""},"categories":[116],"tags":[],"class_list":["post-323100","post","type-post","status-publish","format-standard","has-post-thumbnail","hentry","category-war-chronicles-de"],"acf":[],"yoast_head":"<!-- This site is optimized with the Yoast SEO plugin v22.9 - https:\/\/yoast.com\/wordpress\/plugins\/seo\/ -->\n<title>Ukrainischer Au\u00dfenminister nennt Infantinos Idee moralisch degeneriert - vof-news.eu<\/title>\n<meta name=\"description\" content=\"Die Ukraine hat Fifa-Pr\u00e4sident Gianni Infantino f\u00fcr dessen Aussagen zu einer m\u00f6glichen R\u00fcckkehr russischer\" \/>\n<meta name=\"robots\" content=\"noindex, follow, max-snippet:-1, max-image-preview:large, max-video-preview:-1\" \/>\n<meta property=\"og:locale\" content=\"de_DE\" \/>\n<meta property=\"og:type\" content=\"article\" \/>\n<meta property=\"og:title\" content=\"Ukrainischer Au\u00dfenminister nennt Infantinos Idee moralisch degeneriert - vof-news.eu\" \/>\n<meta property=\"og:description\" content=\"Die Ukraine hat Fifa-Pr\u00e4sident Gianni Infantino f\u00fcr dessen Aussagen zu einer m\u00f6glichen R\u00fcckkehr russischer\" \/>\n<meta property=\"og:url\" content=\"https:\/\/vof-news.eu\/de\/ukrainischer-ausenminister-nennt-infantinos-idee-moralisch-degeneriert-2\/\" \/>\n<meta property=\"og:site_name\" content=\"vof-news.eu\" \/>\n<meta property=\"article:published_time\" content=\"2026-02-03T14:28:10+00:00\" \/>\n<meta property=\"article:modified_time\" content=\"2026-02-03T14:30:10+00:00\" \/>\n<meta property=\"og:image\" content=\"https:\/\/vof-news.eu\/wp-content\/uploads\/2026\/02\/wide__1000x562-4.jpg\" \/>\n\t<meta property=\"og:image:width\" content=\"1000\" \/>\n\t<meta property=\"og:image:height\" content=\"562\" \/>\n\t<meta property=\"og:image:type\" content=\"image\/jpeg\" \/>\n<meta name=\"author\" content=\"Author\" \/>\n<meta name=\"twitter:card\" content=\"summary_large_image\" \/>\n<meta name=\"twitter:label1\" content=\"Verfasst von\" \/>\n\t<meta name=\"twitter:data1\" content=\"Author\" \/>\n\t<meta name=\"twitter:label2\" content=\"Gesch\u00e4tzte Lesezeit\" \/>\n\t<meta name=\"twitter:data2\" content=\"3\u00a0Minuten\" \/>\n<script type=\"application\/ld+json\" class=\"yoast-schema-graph\">{\"@context\":\"https:\/\/schema.org\",\"@graph\":[{\"@type\":\"WebPage\",\"@id\":\"https:\/\/vof-news.eu\/de\/ukrainischer-ausenminister-nennt-infantinos-idee-moralisch-degeneriert-2\/\",\"url\":\"https:\/\/vof-news.eu\/de\/ukrainischer-ausenminister-nennt-infantinos-idee-moralisch-degeneriert-2\/\",\"name\":\"Ukrainischer Au\u00dfenminister nennt Infantinos Idee moralisch degeneriert - vof-news.eu\",\"isPartOf\":{\"@id\":\"https:\/\/vof-news.eu\/de\/#website\"},\"primaryImageOfPage\":{\"@id\":\"https:\/\/vof-news.eu\/de\/ukrainischer-ausenminister-nennt-infantinos-idee-moralisch-degeneriert-2\/#primaryimage\"},\"image\":{\"@id\":\"https:\/\/vof-news.eu\/de\/ukrainischer-ausenminister-nennt-infantinos-idee-moralisch-degeneriert-2\/#primaryimage\"},\"thumbnailUrl\":\"https:\/\/vof-news.eu\/wp-content\/uploads\/2026\/02\/wide__1000x562-4.jpg\",\"datePublished\":\"2026-02-03T14:28:10+00:00\",\"dateModified\":\"2026-02-03T14:30:10+00:00\",\"author\":{\"@id\":\"https:\/\/vof-news.eu\/de\/#\/schema\/person\/f6a2a4309f0561835797fd8c19b333ed\"},\"description\":\"Die Ukraine hat Fifa-Pr\u00e4sident Gianni Infantino f\u00fcr dessen Aussagen zu einer m\u00f6glichen R\u00fcckkehr russischer\",\"breadcrumb\":{\"@id\":\"https:\/\/vof-news.eu\/de\/ukrainischer-ausenminister-nennt-infantinos-idee-moralisch-degeneriert-2\/#breadcrumb\"},\"inLanguage\":\"de\",\"potentialAction\":[{\"@type\":\"ReadAction\",\"target\":[\"https:\/\/vof-news.eu\/de\/ukrainischer-ausenminister-nennt-infantinos-idee-moralisch-degeneriert-2\/\"]}]},{\"@type\":\"ImageObject\",\"inLanguage\":\"de\",\"@id\":\"https:\/\/vof-news.eu\/de\/ukrainischer-ausenminister-nennt-infantinos-idee-moralisch-degeneriert-2\/#primaryimage\",\"url\":\"https:\/\/vof-news.eu\/wp-content\/uploads\/2026\/02\/wide__1000x562-4.jpg\",\"contentUrl\":\"https:\/\/vof-news.eu\/wp-content\/uploads\/2026\/02\/wide__1000x562-4.jpg\",\"width\":1000,\"height\":562},{\"@type\":\"BreadcrumbList\",\"@id\":\"https:\/\/vof-news.eu\/de\/ukrainischer-ausenminister-nennt-infantinos-idee-moralisch-degeneriert-2\/#breadcrumb\",\"itemListElement\":[{\"@type\":\"ListItem\",\"position\":1,\"name\":\"Home\",\"item\":\"https:\/\/vof-news.eu\/de\/\"},{\"@type\":\"ListItem\",\"position\":2,\"name\":\"Ukrainischer Au\u00dfenminister nennt Infantinos Idee moralisch degeneriert\"}]},{\"@type\":\"WebSite\",\"@id\":\"https:\/\/vof-news.eu\/de\/#website\",\"url\":\"https:\/\/vof-news.eu\/de\/\",\"name\":\"vof-news.eu\",\"description\":\"\",\"potentialAction\":[{\"@type\":\"SearchAction\",\"target\":{\"@type\":\"EntryPoint\",\"urlTemplate\":\"https:\/\/vof-news.eu\/de\/?s={search_term_string}\"},\"query-input\":\"required name=search_term_string\"}],\"inLanguage\":\"de\"},{\"@type\":\"Person\",\"@id\":\"https:\/\/vof-news.eu\/de\/#\/schema\/person\/f6a2a4309f0561835797fd8c19b333ed\",\"name\":\"Author\",\"image\":{\"@type\":\"ImageObject\",\"inLanguage\":\"de\",\"@id\":\"https:\/\/vof-news.eu\/de\/#\/schema\/person\/image\/\",\"url\":\"https:\/\/secure.gravatar.com\/avatar\/b67e614b1b25b3e9c0c239efdd2fde5ab015b5affd6f1c3c85911ca4b384e790?s=96&d=mm&r=g\",\"contentUrl\":\"https:\/\/secure.gravatar.com\/avatar\/b67e614b1b25b3e9c0c239efdd2fde5ab015b5affd6f1c3c85911ca4b384e790?s=96&d=mm&r=g\",\"caption\":\"Author\"},\"sameAs\":[\"http:\/\/vof-news.eu\"],\"url\":\"https:\/\/vof-news.eu\/de\/author\/zwt6qxnjulxbnyg\/\"}]}<\/script>\n<!-- \/ Yoast SEO plugin. -->","yoast_head_json":{"title":"Ukrainischer Au\u00dfenminister nennt Infantinos Idee moralisch degeneriert - vof-news.eu","description":"Die Ukraine hat Fifa-Pr\u00e4sident Gianni Infantino f\u00fcr dessen Aussagen zu einer m\u00f6glichen R\u00fcckkehr russischer","robots":{"index":"noindex","follow":"follow","max-snippet":"max-snippet:-1","max-image-preview":"max-image-preview:large","max-video-preview":"max-video-preview:-1"},"og_locale":"de_DE","og_type":"article","og_title":"Ukrainischer Au\u00dfenminister nennt Infantinos Idee moralisch degeneriert - vof-news.eu","og_description":"Die Ukraine hat Fifa-Pr\u00e4sident Gianni Infantino f\u00fcr dessen Aussagen zu einer m\u00f6glichen R\u00fcckkehr russischer","og_url":"https:\/\/vof-news.eu\/de\/ukrainischer-ausenminister-nennt-infantinos-idee-moralisch-degeneriert-2\/","og_site_name":"vof-news.eu","article_published_time":"2026-02-03T14:28:10+00:00","article_modified_time":"2026-02-03T14:30:10+00:00","og_image":[{"width":1000,"height":562,"url":"https:\/\/vof-news.eu\/wp-content\/uploads\/2026\/02\/wide__1000x562-4.jpg","type":"image\/jpeg"}],"author":"Author","twitter_card":"summary_large_image","twitter_misc":{"Verfasst von":"Author","Gesch\u00e4tzte Lesezeit":"3\u00a0Minuten"},"schema":{"@context":"https:\/\/schema.org","@graph":[{"@type":"WebPage","@id":"https:\/\/vof-news.eu\/de\/ukrainischer-ausenminister-nennt-infantinos-idee-moralisch-degeneriert-2\/","url":"https:\/\/vof-news.eu\/de\/ukrainischer-ausenminister-nennt-infantinos-idee-moralisch-degeneriert-2\/","name":"Ukrainischer Au\u00dfenminister nennt Infantinos Idee moralisch degeneriert - vof-news.eu","isPartOf":{"@id":"https:\/\/vof-news.eu\/de\/#website"},"primaryImageOfPage":{"@id":"https:\/\/vof-news.eu\/de\/ukrainischer-ausenminister-nennt-infantinos-idee-moralisch-degeneriert-2\/#primaryimage"},"image":{"@id":"https:\/\/vof-news.eu\/de\/ukrainischer-ausenminister-nennt-infantinos-idee-moralisch-degeneriert-2\/#primaryimage"},"thumbnailUrl":"https:\/\/vof-news.eu\/wp-content\/uploads\/2026\/02\/wide__1000x562-4.jpg","datePublished":"2026-02-03T14:28:10+00:00","dateModified":"2026-02-03T14:30:10+00:00","author":{"@id":"https:\/\/vof-news.eu\/de\/#\/schema\/person\/f6a2a4309f0561835797fd8c19b333ed"},"description":"Die Ukraine hat Fifa-Pr\u00e4sident Gianni Infantino f\u00fcr dessen Aussagen zu einer m\u00f6glichen R\u00fcckkehr russischer","breadcrumb":{"@id":"https:\/\/vof-news.eu\/de\/ukrainischer-ausenminister-nennt-infantinos-idee-moralisch-degeneriert-2\/#breadcrumb"},"inLanguage":"de","potentialAction":[{"@type":"ReadAction","target":["https:\/\/vof-news.eu\/de\/ukrainischer-ausenminister-nennt-infantinos-idee-moralisch-degeneriert-2\/"]}]},{"@type":"ImageObject","inLanguage":"de","@id":"https:\/\/vof-news.eu\/de\/ukrainischer-ausenminister-nennt-infantinos-idee-moralisch-degeneriert-2\/#primaryimage","url":"https:\/\/vof-news.eu\/wp-content\/uploads\/2026\/02\/wide__1000x562-4.jpg","contentUrl":"https:\/\/vof-news.eu\/wp-content\/uploads\/2026\/02\/wide__1000x562-4.jpg","width":1000,"height":562},{"@type":"BreadcrumbList","@id":"https:\/\/vof-news.eu\/de\/ukrainischer-ausenminister-nennt-infantinos-idee-moralisch-degeneriert-2\/#breadcrumb","itemListElement":[{"@type":"ListItem","position":1,"name":"Home","item":"https:\/\/vof-news.eu\/de\/"},{"@type":"ListItem","position":2,"name":"Ukrainischer Au\u00dfenminister nennt Infantinos Idee moralisch degeneriert"}]},{"@type":"WebSite","@id":"https:\/\/vof-news.eu\/de\/#website","url":"https:\/\/vof-news.eu\/de\/","name":"vof-news.eu","description":"","potentialAction":[{"@type":"SearchAction","target":{"@type":"EntryPoint","urlTemplate":"https:\/\/vof-news.eu\/de\/?s={search_term_string}"},"query-input":"required name=search_term_string"}],"inLanguage":"de"},{"@type":"Person","@id":"https:\/\/vof-news.eu\/de\/#\/schema\/person\/f6a2a4309f0561835797fd8c19b333ed","name":"Author","image":{"@type":"ImageObject","inLanguage":"de","@id":"https:\/\/vof-news.eu\/de\/#\/schema\/person\/image\/","url":"https:\/\/secure.gravatar.com\/avatar\/b67e614b1b25b3e9c0c239efdd2fde5ab015b5affd6f1c3c85911ca4b384e790?s=96&d=mm&r=g","contentUrl":"https:\/\/secure.gravatar.com\/avatar\/b67e614b1b25b3e9c0c239efdd2fde5ab015b5affd6f1c3c85911ca4b384e790?s=96&d=mm&r=g","caption":"Author"},"sameAs":["http:\/\/vof-news.eu"],"url":"https:\/\/vof-news.eu\/de\/author\/zwt6qxnjulxbnyg\/"}]}},"yoast_meta":{"yoast_wpseo_title":"","yoast_wpseo_metadesc":"","yoast_wpseo_canonical":""},"_links":{"self":[{"href":"https:\/\/vof-news.eu\/de\/wp-json\/wp\/v2\/posts\/323100","targetHints":{"allow":["GET"]}}],"collection":[{"href":"https:\/\/vof-news.eu\/de\/wp-json\/wp\/v2\/posts"}],"about":[{"href":"https:\/\/vof-news.eu\/de\/wp-json\/wp\/v2\/types\/post"}],"author":[{"embeddable":true,"href":"https:\/\/vof-news.eu\/de\/wp-json\/wp\/v2\/users\/1"}],"replies":[{"embeddable":true,"href":"https:\/\/vof-news.eu\/de\/wp-json\/wp\/v2\/comments?post=323100"}],"version-history":[{"count":1,"href":"https:\/\/vof-news.eu\/de\/wp-json\/wp\/v2\/posts\/323100\/revisions"}],"predecessor-version":[{"id":323108,"href":"https:\/\/vof-news.eu\/de\/wp-json\/wp\/v2\/posts\/323100\/revisions\/323108"}],"wp:featuredmedia":[{"embeddable":true,"href":"https:\/\/vof-news.eu\/de\/wp-json\/wp\/v2\/media\/323101"}],"wp:attachment":[{"href":"https:\/\/vof-news.eu\/de\/wp-json\/wp\/v2\/media?parent=323100"}],"wp:term":[{"taxonomy":"category","embeddable":true,"href":"https:\/\/vof-news.eu\/de\/wp-json\/wp\/v2\/categories?post=323100"},{"taxonomy":"post_tag","embeddable":true,"href":"https:\/\/vof-news.eu\/de\/wp-json\/wp\/v2\/tags?post=323100"}],"curies":[{"name":"wp","href":"https:\/\/api.w.org\/{rel}","templated":true}]}}