{"id":322891,"date":"2026-02-03T05:28:13","date_gmt":"2026-02-03T02:28:13","guid":{"rendered":"https:\/\/vof-news.eu\/fifa-chef-infantino-zeigt-sich-offen-fur-ende-von-russlandsperre\/"},"modified":"2026-02-03T05:29:54","modified_gmt":"2026-02-03T02:29:54","slug":"fifa-chef-infantino-zeigt-sich-offen-fur-ende-von-russlandsperre","status":"publish","type":"post","link":"https:\/\/vof-news.eu\/de\/fifa-chef-infantino-zeigt-sich-offen-fur-ende-von-russlandsperre\/","title":{"rendered":"Fifa-Chef Infantino zeigt sich offen f\u00fcr Ende von Russlandsperre"},"content":{"rendered":"<div>\n<p>Gianni Infantino will es russischen Fu\u00dfballteams erm\u00f6glichen, wieder an internationalen Wettbewerben teilzunehmen. &#8222;Oh, auf jeden Fall. Das m\u00fcssen wir. Ja \u2026 zumindest auf Jugendebene&#8220;, antwortete der Pr\u00e4sident des Weltfu\u00dfballverbands <span><a href=\"https:\/\/www.zeit.de\/thema\/fifa\" rel=\"nofollow\">Fifa<\/a><\/span> auf die Frage in einem Interview des britischen Senders Sky, ob die Fifa ihr Verbot aufheben sollte. &#8222;Dieses Verbot hat nichts gebracht. Es hat nur zu mehr Frustration und Hass gef\u00fchrt&#8220;, sagte Infantino.\n<\/p>\n<p>Kurz nach <span><a href=\"https:\/\/www.zeit.de\/thema\/russland\" rel=\"nofollow\">Russlands<\/a><\/span> \u00dcberfall auf die Ukraine im Jahr 2022 hatten die Fifa und die europ\u00e4ische Fu\u00dfballunion Uefa ihre laufenden Wettbewerbe f\u00fcr russische Teilnehmer gesperrt. Formal geschah dies jedoch nicht als Reaktion auf den russischen Einmarsch in die Ukraine, sondern aufgrund der Gef\u00e4hrdung der &#8222;Integrit\u00e4t des Wettbewerbs&#8220;, wie es in der fu\u00dfballpolitischen Sprache hei\u00dft.\n<\/p>\n<h2>Zulassung russischer U17-Teams 2023 an Boykottdrohungen gescheitert<\/h2>\n<p>Bereits im April 2025 hatte sich Infantino offen f\u00fcr eine R\u00fcckkehr Russlands gezeigt \u2013 in Zusammenhang mit einem Kriegsende. &#8222;W\u00e4hrend die Friedensgespr\u00e4che in der Ukraine weitergehen, hoffe ich, dass wir bald zur n\u00e4chsten Phase \u00fcbergehen und Russland wieder in die Fu\u00dfballwelt zur\u00fcckholen k\u00f6nnen, denn das w\u00fcrde bedeuten, dass alles gel\u00f6st ist&#8220;, hatte Infantino beim Uefa-Kongress in Belgrad gesagt.\n<\/p>\n<p>Mit Blick auf Jugendmannschaften hatte Infantino schon zuvor f\u00fcr eine Aufhebung der Sperre geworben. 2023 hatten Fifa und Uefa russische U17-Teams zun\u00e4chst wieder f\u00fcr internationale Wettbewerbe zugelassen. Daraufhin hatten mehrere europ\u00e4ische Verb\u00e4nde \u2013 darunter nicht der DFB \u2013 <a href=\"https:\/\/www.zeit.de\/sport\/2023-09\/polen-ukraine-uefa-russland-fussball\" rel=\"nofollow\">einen Boykott angek\u00fcndigt<\/a>. Schlie\u00dflich verwarfen Fifa und Uefa ihre Pl\u00e4ne wieder.\n<\/p>\n<p>Im Dezember 2025 best\u00e4tigte der Fifa-Rat, dass russische Teams an U15-Turnieren teilnehmen d\u00fcrfen. Der Fu\u00dfball-Weltverband folgte dabei der Empfehlung des Olympischen Komitees IOC. Es hatte sich kurz zuvor f\u00fcr eine &#8222;uneingeschr\u00e4nkte&#8220; R\u00fcckkehr russischer Teams bei internationalen Jugendwettbewerben starkgemacht.\n<\/p>\n<h2>Putins Freundschaftsorden f\u00fcr Infantino<\/h2>\n<p>Russlands M\u00e4nnernationalmannschaft bestreitet auch weiterhin L\u00e4nderspiele abseits gro\u00dfer Turniere und wird in der offiziellen Fifa-Weltrangliste auf Platz 36 gef\u00fchrt. Das Gleiche gilt f\u00fcr die russische Frauenauswahl, die an 28. Stelle der Fifa-Weltrangliste steht.\n<\/p>\n<p>W\u00e4hrend der Fu\u00dfballweltmeisterschaft 2018 in Russland hatten Menschenrechtler die Einschr\u00e4nkungen der Meinungsfreiheit und Verhaftungen von Oppositionellen kritisiert. Unterdessen schw\u00e4rmte Infantino, die Welt habe sich in Russland verliebt. Ein Jahr sp\u00e4ter <a href=\"https:\/\/www.welt.de\/sport\/video194099519\/Gianni-Infantino-FIFA-Boss-erhaelt-Freundschaftsorden-von-Wladimir-Putin.html\" rel=\"nofollow\">verlieh Putin dem Schweizer einen Freundschaftsorden<\/a>.\n<\/p>\n<\/div>\n","protected":false},"excerpt":{"rendered":"<p>Gianni Infantino will es russischen Fu\u00dfballteams erm\u00f6glichen, wieder an internationalen Wettbewerben teilzunehmen. &#8222;Oh, auf jeden Fall. Das m\u00fcssen wir. Ja \u2026 zumindest auf Jugendebene&#8220;, antwortete der Pr\u00e4sident des Weltfu\u00dfballverbands Fifa auf die Frage in einem Interview des britischen Senders Sky, ob die Fifa ihr Verbot aufheben sollte. &#8222;Dieses Verbot hat nichts gebracht. Es hat nur<\/p>\n","protected":false},"author":1,"featured_media":322892,"comment_status":"open","ping_status":"open","sticky":false,"template":"","format":"standard","meta":{"footnotes":""},"categories":[116],"tags":[],"class_list":["post-322891","post","type-post","status-publish","format-standard","has-post-thumbnail","hentry","category-war-chronicles-de"],"acf":[],"yoast_head":"<!-- This site is optimized with the Yoast SEO plugin v22.9 - https:\/\/yoast.com\/wordpress\/plugins\/seo\/ -->\n<title>Fifa-Chef Infantino zeigt sich offen f\u00fcr Ende von Russlandsperre - vof-news.eu<\/title>\n<meta name=\"description\" content=\"Gianni Infantino will es russischen Fu\u00dfballteams erm\u00f6glichen, wieder an internationalen Wettbewerben teilzunehmen. &quot;Oh, auf jeden Fall. Das m\u00fcssen wir. Ja \u2026 zumindest auf Jugendebene&quot;, antwortete der Pr\u00e4sident des Weltfu\u00dfballverbands Fifa auf die Frage in einem Interview des britischen Senders Sky, ob die Fifa ihr Verbot aufheben sollte. &quot;Dieses Verbot hat nichts gebracht. Es hat nur zu mehr Frustration und Hass gef\u00fchrt&quot;, sagte Infantino.\" \/>\n<meta name=\"robots\" content=\"noindex, follow, max-snippet:-1, max-image-preview:large, max-video-preview:-1\" \/>\n<meta property=\"og:locale\" content=\"de_DE\" \/>\n<meta property=\"og:type\" content=\"article\" \/>\n<meta property=\"og:title\" content=\"Fifa-Chef Infantino zeigt sich offen f\u00fcr Ende von Russlandsperre - vof-news.eu\" \/>\n<meta property=\"og:description\" content=\"Gianni Infantino will es russischen Fu\u00dfballteams erm\u00f6glichen, wieder an internationalen Wettbewerben teilzunehmen. &quot;Oh, auf jeden Fall. Das m\u00fcssen wir. Ja \u2026 zumindest auf Jugendebene&quot;, antwortete der Pr\u00e4sident des Weltfu\u00dfballverbands Fifa auf die Frage in einem Interview des britischen Senders Sky, ob die Fifa ihr Verbot aufheben sollte. &quot;Dieses Verbot hat nichts gebracht. Es hat nur zu mehr Frustration und Hass gef\u00fchrt&quot;, sagte Infantino.\" \/>\n<meta property=\"og:url\" content=\"https:\/\/vof-news.eu\/de\/fifa-chef-infantino-zeigt-sich-offen-fur-ende-von-russlandsperre\/\" \/>\n<meta property=\"og:site_name\" content=\"vof-news.eu\" \/>\n<meta property=\"article:published_time\" content=\"2026-02-03T02:28:13+00:00\" \/>\n<meta property=\"article:modified_time\" content=\"2026-02-03T02:29:54+00:00\" \/>\n<meta property=\"og:image\" content=\"https:\/\/vof-news.eu\/wp-content\/uploads\/2026\/02\/wide__1000x562-1.jpg\" \/>\n\t<meta property=\"og:image:width\" content=\"1000\" \/>\n\t<meta property=\"og:image:height\" content=\"562\" \/>\n\t<meta property=\"og:image:type\" content=\"image\/jpeg\" \/>\n<meta name=\"author\" content=\"Author\" \/>\n<meta name=\"twitter:card\" content=\"summary_large_image\" \/>\n<meta name=\"twitter:label1\" content=\"Verfasst von\" \/>\n\t<meta name=\"twitter:data1\" content=\"Author\" \/>\n\t<meta name=\"twitter:label2\" content=\"Gesch\u00e4tzte Lesezeit\" \/>\n\t<meta name=\"twitter:data2\" content=\"2\u00a0Minuten\" \/>\n<script type=\"application\/ld+json\" class=\"yoast-schema-graph\">{\"@context\":\"https:\/\/schema.org\",\"@graph\":[{\"@type\":\"WebPage\",\"@id\":\"https:\/\/vof-news.eu\/de\/fifa-chef-infantino-zeigt-sich-offen-fur-ende-von-russlandsperre\/\",\"url\":\"https:\/\/vof-news.eu\/de\/fifa-chef-infantino-zeigt-sich-offen-fur-ende-von-russlandsperre\/\",\"name\":\"Fifa-Chef Infantino zeigt sich offen f\u00fcr Ende von Russlandsperre - vof-news.eu\",\"isPartOf\":{\"@id\":\"https:\/\/vof-news.eu\/de\/#website\"},\"primaryImageOfPage\":{\"@id\":\"https:\/\/vof-news.eu\/de\/fifa-chef-infantino-zeigt-sich-offen-fur-ende-von-russlandsperre\/#primaryimage\"},\"image\":{\"@id\":\"https:\/\/vof-news.eu\/de\/fifa-chef-infantino-zeigt-sich-offen-fur-ende-von-russlandsperre\/#primaryimage\"},\"thumbnailUrl\":\"https:\/\/vof-news.eu\/wp-content\/uploads\/2026\/02\/wide__1000x562-1.jpg\",\"datePublished\":\"2026-02-03T02:28:13+00:00\",\"dateModified\":\"2026-02-03T02:29:54+00:00\",\"author\":{\"@id\":\"https:\/\/vof-news.eu\/de\/#\/schema\/person\/f6a2a4309f0561835797fd8c19b333ed\"},\"description\":\"Gianni Infantino will es russischen Fu\u00dfballteams erm\u00f6glichen, wieder an internationalen Wettbewerben teilzunehmen. \\\"Oh, auf jeden Fall. Das m\u00fcssen wir. Ja \u2026 zumindest auf Jugendebene\\\", antwortete der Pr\u00e4sident des Weltfu\u00dfballverbands Fifa auf die Frage in einem Interview des britischen Senders Sky, ob die Fifa ihr Verbot aufheben sollte. \\\"Dieses Verbot hat nichts gebracht. Es hat nur zu mehr Frustration und Hass gef\u00fchrt\\\", sagte Infantino.\",\"breadcrumb\":{\"@id\":\"https:\/\/vof-news.eu\/de\/fifa-chef-infantino-zeigt-sich-offen-fur-ende-von-russlandsperre\/#breadcrumb\"},\"inLanguage\":\"de\",\"potentialAction\":[{\"@type\":\"ReadAction\",\"target\":[\"https:\/\/vof-news.eu\/de\/fifa-chef-infantino-zeigt-sich-offen-fur-ende-von-russlandsperre\/\"]}]},{\"@type\":\"ImageObject\",\"inLanguage\":\"de\",\"@id\":\"https:\/\/vof-news.eu\/de\/fifa-chef-infantino-zeigt-sich-offen-fur-ende-von-russlandsperre\/#primaryimage\",\"url\":\"https:\/\/vof-news.eu\/wp-content\/uploads\/2026\/02\/wide__1000x562-1.jpg\",\"contentUrl\":\"https:\/\/vof-news.eu\/wp-content\/uploads\/2026\/02\/wide__1000x562-1.jpg\",\"width\":1000,\"height\":562},{\"@type\":\"BreadcrumbList\",\"@id\":\"https:\/\/vof-news.eu\/de\/fifa-chef-infantino-zeigt-sich-offen-fur-ende-von-russlandsperre\/#breadcrumb\",\"itemListElement\":[{\"@type\":\"ListItem\",\"position\":1,\"name\":\"Home\",\"item\":\"https:\/\/vof-news.eu\/de\/\"},{\"@type\":\"ListItem\",\"position\":2,\"name\":\"Fifa-Chef Infantino zeigt sich offen f\u00fcr Ende von Russlandsperre\"}]},{\"@type\":\"WebSite\",\"@id\":\"https:\/\/vof-news.eu\/de\/#website\",\"url\":\"https:\/\/vof-news.eu\/de\/\",\"name\":\"vof-news.eu\",\"description\":\"\",\"potentialAction\":[{\"@type\":\"SearchAction\",\"target\":{\"@type\":\"EntryPoint\",\"urlTemplate\":\"https:\/\/vof-news.eu\/de\/?s={search_term_string}\"},\"query-input\":\"required name=search_term_string\"}],\"inLanguage\":\"de\"},{\"@type\":\"Person\",\"@id\":\"https:\/\/vof-news.eu\/de\/#\/schema\/person\/f6a2a4309f0561835797fd8c19b333ed\",\"name\":\"Author\",\"image\":{\"@type\":\"ImageObject\",\"inLanguage\":\"de\",\"@id\":\"https:\/\/vof-news.eu\/de\/#\/schema\/person\/image\/\",\"url\":\"https:\/\/secure.gravatar.com\/avatar\/b67e614b1b25b3e9c0c239efdd2fde5ab015b5affd6f1c3c85911ca4b384e790?s=96&d=mm&r=g\",\"contentUrl\":\"https:\/\/secure.gravatar.com\/avatar\/b67e614b1b25b3e9c0c239efdd2fde5ab015b5affd6f1c3c85911ca4b384e790?s=96&d=mm&r=g\",\"caption\":\"Author\"},\"sameAs\":[\"http:\/\/vof-news.eu\"],\"url\":\"https:\/\/vof-news.eu\/de\/author\/zwt6qxnjulxbnyg\/\"}]}<\/script>\n<!-- \/ Yoast SEO plugin. -->","yoast_head_json":{"title":"Fifa-Chef Infantino zeigt sich offen f\u00fcr Ende von Russlandsperre - vof-news.eu","description":"Gianni Infantino will es russischen Fu\u00dfballteams erm\u00f6glichen, wieder an internationalen Wettbewerben teilzunehmen. \"Oh, auf jeden Fall. Das m\u00fcssen wir. Ja \u2026 zumindest auf Jugendebene\", antwortete der Pr\u00e4sident des Weltfu\u00dfballverbands Fifa auf die Frage in einem Interview des britischen Senders Sky, ob die Fifa ihr Verbot aufheben sollte. \"Dieses Verbot hat nichts gebracht. Es hat nur zu mehr Frustration und Hass gef\u00fchrt\", sagte Infantino.","robots":{"index":"noindex","follow":"follow","max-snippet":"max-snippet:-1","max-image-preview":"max-image-preview:large","max-video-preview":"max-video-preview:-1"},"og_locale":"de_DE","og_type":"article","og_title":"Fifa-Chef Infantino zeigt sich offen f\u00fcr Ende von Russlandsperre - vof-news.eu","og_description":"Gianni Infantino will es russischen Fu\u00dfballteams erm\u00f6glichen, wieder an internationalen Wettbewerben teilzunehmen. \"Oh, auf jeden Fall. Das m\u00fcssen wir. Ja \u2026 zumindest auf Jugendebene\", antwortete der Pr\u00e4sident des Weltfu\u00dfballverbands Fifa auf die Frage in einem Interview des britischen Senders Sky, ob die Fifa ihr Verbot aufheben sollte. \"Dieses Verbot hat nichts gebracht. Es hat nur zu mehr Frustration und Hass gef\u00fchrt\", sagte Infantino.","og_url":"https:\/\/vof-news.eu\/de\/fifa-chef-infantino-zeigt-sich-offen-fur-ende-von-russlandsperre\/","og_site_name":"vof-news.eu","article_published_time":"2026-02-03T02:28:13+00:00","article_modified_time":"2026-02-03T02:29:54+00:00","og_image":[{"width":1000,"height":562,"url":"https:\/\/vof-news.eu\/wp-content\/uploads\/2026\/02\/wide__1000x562-1.jpg","type":"image\/jpeg"}],"author":"Author","twitter_card":"summary_large_image","twitter_misc":{"Verfasst von":"Author","Gesch\u00e4tzte Lesezeit":"2\u00a0Minuten"},"schema":{"@context":"https:\/\/schema.org","@graph":[{"@type":"WebPage","@id":"https:\/\/vof-news.eu\/de\/fifa-chef-infantino-zeigt-sich-offen-fur-ende-von-russlandsperre\/","url":"https:\/\/vof-news.eu\/de\/fifa-chef-infantino-zeigt-sich-offen-fur-ende-von-russlandsperre\/","name":"Fifa-Chef Infantino zeigt sich offen f\u00fcr Ende von Russlandsperre - vof-news.eu","isPartOf":{"@id":"https:\/\/vof-news.eu\/de\/#website"},"primaryImageOfPage":{"@id":"https:\/\/vof-news.eu\/de\/fifa-chef-infantino-zeigt-sich-offen-fur-ende-von-russlandsperre\/#primaryimage"},"image":{"@id":"https:\/\/vof-news.eu\/de\/fifa-chef-infantino-zeigt-sich-offen-fur-ende-von-russlandsperre\/#primaryimage"},"thumbnailUrl":"https:\/\/vof-news.eu\/wp-content\/uploads\/2026\/02\/wide__1000x562-1.jpg","datePublished":"2026-02-03T02:28:13+00:00","dateModified":"2026-02-03T02:29:54+00:00","author":{"@id":"https:\/\/vof-news.eu\/de\/#\/schema\/person\/f6a2a4309f0561835797fd8c19b333ed"},"description":"Gianni Infantino will es russischen Fu\u00dfballteams erm\u00f6glichen, wieder an internationalen Wettbewerben teilzunehmen. \"Oh, auf jeden Fall. Das m\u00fcssen wir. Ja \u2026 zumindest auf Jugendebene\", antwortete der Pr\u00e4sident des Weltfu\u00dfballverbands Fifa auf die Frage in einem Interview des britischen Senders Sky, ob die Fifa ihr Verbot aufheben sollte. \"Dieses Verbot hat nichts gebracht. Es hat nur zu mehr Frustration und Hass gef\u00fchrt\", sagte Infantino.","breadcrumb":{"@id":"https:\/\/vof-news.eu\/de\/fifa-chef-infantino-zeigt-sich-offen-fur-ende-von-russlandsperre\/#breadcrumb"},"inLanguage":"de","potentialAction":[{"@type":"ReadAction","target":["https:\/\/vof-news.eu\/de\/fifa-chef-infantino-zeigt-sich-offen-fur-ende-von-russlandsperre\/"]}]},{"@type":"ImageObject","inLanguage":"de","@id":"https:\/\/vof-news.eu\/de\/fifa-chef-infantino-zeigt-sich-offen-fur-ende-von-russlandsperre\/#primaryimage","url":"https:\/\/vof-news.eu\/wp-content\/uploads\/2026\/02\/wide__1000x562-1.jpg","contentUrl":"https:\/\/vof-news.eu\/wp-content\/uploads\/2026\/02\/wide__1000x562-1.jpg","width":1000,"height":562},{"@type":"BreadcrumbList","@id":"https:\/\/vof-news.eu\/de\/fifa-chef-infantino-zeigt-sich-offen-fur-ende-von-russlandsperre\/#breadcrumb","itemListElement":[{"@type":"ListItem","position":1,"name":"Home","item":"https:\/\/vof-news.eu\/de\/"},{"@type":"ListItem","position":2,"name":"Fifa-Chef Infantino zeigt sich offen f\u00fcr Ende von Russlandsperre"}]},{"@type":"WebSite","@id":"https:\/\/vof-news.eu\/de\/#website","url":"https:\/\/vof-news.eu\/de\/","name":"vof-news.eu","description":"","potentialAction":[{"@type":"SearchAction","target":{"@type":"EntryPoint","urlTemplate":"https:\/\/vof-news.eu\/de\/?s={search_term_string}"},"query-input":"required name=search_term_string"}],"inLanguage":"de"},{"@type":"Person","@id":"https:\/\/vof-news.eu\/de\/#\/schema\/person\/f6a2a4309f0561835797fd8c19b333ed","name":"Author","image":{"@type":"ImageObject","inLanguage":"de","@id":"https:\/\/vof-news.eu\/de\/#\/schema\/person\/image\/","url":"https:\/\/secure.gravatar.com\/avatar\/b67e614b1b25b3e9c0c239efdd2fde5ab015b5affd6f1c3c85911ca4b384e790?s=96&d=mm&r=g","contentUrl":"https:\/\/secure.gravatar.com\/avatar\/b67e614b1b25b3e9c0c239efdd2fde5ab015b5affd6f1c3c85911ca4b384e790?s=96&d=mm&r=g","caption":"Author"},"sameAs":["http:\/\/vof-news.eu"],"url":"https:\/\/vof-news.eu\/de\/author\/zwt6qxnjulxbnyg\/"}]}},"yoast_meta":{"yoast_wpseo_title":"","yoast_wpseo_metadesc":"","yoast_wpseo_canonical":""},"_links":{"self":[{"href":"https:\/\/vof-news.eu\/de\/wp-json\/wp\/v2\/posts\/322891","targetHints":{"allow":["GET"]}}],"collection":[{"href":"https:\/\/vof-news.eu\/de\/wp-json\/wp\/v2\/posts"}],"about":[{"href":"https:\/\/vof-news.eu\/de\/wp-json\/wp\/v2\/types\/post"}],"author":[{"embeddable":true,"href":"https:\/\/vof-news.eu\/de\/wp-json\/wp\/v2\/users\/1"}],"replies":[{"embeddable":true,"href":"https:\/\/vof-news.eu\/de\/wp-json\/wp\/v2\/comments?post=322891"}],"version-history":[{"count":1,"href":"https:\/\/vof-news.eu\/de\/wp-json\/wp\/v2\/posts\/322891\/revisions"}],"predecessor-version":[{"id":322898,"href":"https:\/\/vof-news.eu\/de\/wp-json\/wp\/v2\/posts\/322891\/revisions\/322898"}],"wp:featuredmedia":[{"embeddable":true,"href":"https:\/\/vof-news.eu\/de\/wp-json\/wp\/v2\/media\/322892"}],"wp:attachment":[{"href":"https:\/\/vof-news.eu\/de\/wp-json\/wp\/v2\/media?parent=322891"}],"wp:term":[{"taxonomy":"category","embeddable":true,"href":"https:\/\/vof-news.eu\/de\/wp-json\/wp\/v2\/categories?post=322891"},{"taxonomy":"post_tag","embeddable":true,"href":"https:\/\/vof-news.eu\/de\/wp-json\/wp\/v2\/tags?post=322891"}],"curies":[{"name":"wp","href":"https:\/\/api.w.org\/{rel}","templated":true}]}}