{"id":322270,"date":"2026-01-31T19:28:23","date_gmt":"2026-01-31T16:28:23","guid":{"rendered":"https:\/\/vof-news.eu\/weitreichender-stromausfall-in-der-ukraine-und-in-moldau\/"},"modified":"2026-01-31T19:29:42","modified_gmt":"2026-01-31T16:29:42","slug":"weitreichender-stromausfall-in-der-ukraine-und-in-moldau","status":"publish","type":"post","link":"https:\/\/vof-news.eu\/de\/weitreichender-stromausfall-in-der-ukraine-und-in-moldau\/","title":{"rendered":"Weitreichender Stromausfall in der Ukraine und in Moldau"},"content":{"rendered":"<div>\n<p>In der \u200b<a href=\"https:\/\/www.zeit.de\/politik\/ausland\/ukraine-krieg-news-liveblog\" rel=\"nofollow\">Ukraine<\/a> und im Nachbarland <a href=\"https:\/\/www.zeit.de\/thema\/moldau\" rel=\"nofollow\">Moldau<\/a> ist es zu<br \/>\nweitreichenden Stromausf\u00e4llen gekommen, deren Ursache noch ungekl\u00e4rt ist. \u2060Das moldauische Energiesystem ist<br \/>\nnach Angaben des Energieministeriums des Landes wegen eines<br \/>\nSpannungsabfalls im ukrainischen Netz von einer \u200bNotabschaltung<br \/>\nbetroffen. In der Hauptstadt Chi\u015fin\u0103u fielen Ampeln und die<br \/>\nVersorgung in den meisten Bezirken aus.\u00a0Ein Gro\u00dfteil der<br \/>\nHauptstadt sei ohne Strom, schrieb B\u00fcrgermeister Ion Ceban auf Telegram.\n<\/p>\n<p>\u2060In der <span><a href=\"https:\/\/www.zeit.de\/politik\/ausland\/ukraine-krieg-news-liveblog\" rel=\"nofollow\">Ukraine<\/a><\/span><br \/>\nmeldete der Versorger DTEK Notabschaltungen. \u2060In der Hauptstadt Kyjiw\u00a0\u2060standen die<br \/>\nU-Bahnen still, zudem ist \u200cdie Wasserversorgung \u200bunterbrochen. Regierungsangaben zufolge hatte eine &#8222;technische St\u00f6rung&#8220; zu weitreichenden Stromausf\u00e4llen gef\u00fchrt.\u00a0Aufgrund eines<br \/>\nStromausfalls in den externen Versorgungszentren wurden der Zugverkehr<br \/>\nund der Betrieb der Rolltreppen in der U-Bahn eingestellt, teilte der<br \/>\nBetreiber der Metro in\u00a0Kyjiw mit. In Charkiw wurde sp\u00e4ter die teilweise Wiederaufnahme des Betriebs bekannt gegeben.\n<\/p>\n<p>Die St\u00f6rung sei am Morgen an den Hauptstromleitungen zwischen<br \/>\nRum\u00e4nien, <span><a href=\"https:\/\/www.zeit.de\/thema\/moldau\" rel=\"nofollow\">Moldau<\/a><\/span> und der Ukraine<br \/>\naufgetreten, teilte der ukrainische Energieminister Denys Schmyhal mit. Es h\u00e4tten<br \/>\nNotstromabschaltungen stattgefunden, um die Kernkraftwerke des Landes zu<br \/>\n entlasten. Sie seien n\u00f6tig gewesen,<br \/>\n um Sch\u00e4den an den Anlagen zu verhindern. Schmyhal versicherte, die Stromversorgung werde innerhalb einiger Stunden wiederhergestellt sein.\n<\/p>\n<p>Die St\u00f6rung habe zu einer &#8222;gleichzeitigen Abschaltung der 400-Kilovolt-Leitung zwischen den Stromnetzen Rum\u00e4niens und Moldaus<br \/>\n und der 750-Kilovolt-Leitung zwischen der West- und Zentralukraine&#8220;<br \/>\ngef\u00fchrt, erl\u00e4uterte der Minister. Dabei seien &#8222;automatische<br \/>\nSchutzmechanismen in mehreren Umspannwerken&#8220; ausgel\u00f6st worden. In der<br \/>\nFolge sei es unter anderem in der Hauptstadtregion\u00a0<span><a href=\"https:\/\/www.zeit.de\/thema\/kiew\" rel=\"nofollow\">Kyjiw<\/a><\/span>, der zentralen<br \/>\nRegion Schytomyr und in Charkiw im Nordosten des Landes zu<br \/>\nStromausf\u00e4llen gekommen.\n<\/p>\n<h2>Selenskyj spricht von &#8222;Notfall&#8220;<\/h2>\n<p>Der ukrainische Pr\u00e4sident<br \/>\nWolodymyr Selenskyj sprach von einem &#8222;Notfall&#8220;. Die Reparaturarbeiten<br \/>\nseien im Gang. Nun gehe es darum, &#8222;die Situation schnell zu<br \/>\nstabilisieren&#8220;, schrieb er auf Telegram. Selenskyj gab keinen Hinweis auf russische Angriffe als Ursache der St\u00f6rungen.\n<\/p>\n<p>Russland hatte in den vergangenen Wochen verst\u00e4rkt Angriffe auf die ukrainische Energieinfrastruktur geflogen. In der Nacht gab es allerdings keine neuen Attacken dieser Art; zuvor soll Russland laut US-Pr\u00e4sident Donald Trump einer begrenzten<br \/>\nWaffenruhe zugestimmt haben.\n<\/p>\n<\/div>\n","protected":false},"excerpt":{"rendered":"<p>In der \u200bUkraine und im Nachbarland Moldau ist es zu weitreichenden Stromausf\u00e4llen gekommen, deren Ursache noch ungekl\u00e4rt ist. \u2060Das moldauische Energiesystem ist nach Angaben des Energieministeriums des Landes wegen eines Spannungsabfalls im ukrainischen Netz von einer \u200bNotabschaltung betroffen. In der Hauptstadt Chi\u015fin\u0103u fielen Ampeln und die Versorgung in den meisten Bezirken aus.\u00a0Ein Gro\u00dfteil der Hauptstadt<\/p>\n","protected":false},"author":1,"featured_media":322271,"comment_status":"open","ping_status":"open","sticky":false,"template":"","format":"standard","meta":{"footnotes":""},"categories":[116],"tags":[],"class_list":["post-322270","post","type-post","status-publish","format-standard","has-post-thumbnail","hentry","category-war-chronicles-de"],"acf":[],"yoast_head":"<!-- This site is optimized with the Yoast SEO plugin v22.9 - https:\/\/yoast.com\/wordpress\/plugins\/seo\/ -->\n<title>Weitreichender Stromausfall in der Ukraine und in Moldau - vof-news.eu<\/title>\n<meta name=\"description\" content=\"In der \u200bUkraine und im Nachbarland Moldau ist es zu\" \/>\n<meta name=\"robots\" content=\"noindex, follow, max-snippet:-1, max-image-preview:large, max-video-preview:-1\" \/>\n<meta property=\"og:locale\" content=\"de_DE\" \/>\n<meta property=\"og:type\" content=\"article\" \/>\n<meta property=\"og:title\" content=\"Weitreichender Stromausfall in der Ukraine und in Moldau - vof-news.eu\" \/>\n<meta property=\"og:description\" content=\"In der \u200bUkraine und im Nachbarland Moldau ist es zu\" \/>\n<meta property=\"og:url\" content=\"https:\/\/vof-news.eu\/de\/weitreichender-stromausfall-in-der-ukraine-und-in-moldau\/\" \/>\n<meta property=\"og:site_name\" content=\"vof-news.eu\" \/>\n<meta property=\"article:published_time\" content=\"2026-01-31T16:28:23+00:00\" \/>\n<meta property=\"article:modified_time\" content=\"2026-01-31T16:29:42+00:00\" \/>\n<meta property=\"og:image\" content=\"https:\/\/vof-news.eu\/wp-content\/uploads\/2026\/01\/wide__1000x562-74.jpg\" \/>\n\t<meta property=\"og:image:width\" content=\"1000\" \/>\n\t<meta property=\"og:image:height\" content=\"562\" \/>\n\t<meta property=\"og:image:type\" content=\"image\/jpeg\" \/>\n<meta name=\"author\" content=\"Author\" \/>\n<meta name=\"twitter:card\" content=\"summary_large_image\" \/>\n<meta name=\"twitter:label1\" content=\"Verfasst von\" \/>\n\t<meta name=\"twitter:data1\" content=\"Author\" \/>\n\t<meta name=\"twitter:label2\" content=\"Gesch\u00e4tzte Lesezeit\" \/>\n\t<meta name=\"twitter:data2\" content=\"2\u00a0Minuten\" \/>\n<script type=\"application\/ld+json\" class=\"yoast-schema-graph\">{\"@context\":\"https:\/\/schema.org\",\"@graph\":[{\"@type\":\"WebPage\",\"@id\":\"https:\/\/vof-news.eu\/de\/weitreichender-stromausfall-in-der-ukraine-und-in-moldau\/\",\"url\":\"https:\/\/vof-news.eu\/de\/weitreichender-stromausfall-in-der-ukraine-und-in-moldau\/\",\"name\":\"Weitreichender Stromausfall in der Ukraine und in Moldau - vof-news.eu\",\"isPartOf\":{\"@id\":\"https:\/\/vof-news.eu\/de\/#website\"},\"primaryImageOfPage\":{\"@id\":\"https:\/\/vof-news.eu\/de\/weitreichender-stromausfall-in-der-ukraine-und-in-moldau\/#primaryimage\"},\"image\":{\"@id\":\"https:\/\/vof-news.eu\/de\/weitreichender-stromausfall-in-der-ukraine-und-in-moldau\/#primaryimage\"},\"thumbnailUrl\":\"https:\/\/vof-news.eu\/wp-content\/uploads\/2026\/01\/wide__1000x562-74.jpg\",\"datePublished\":\"2026-01-31T16:28:23+00:00\",\"dateModified\":\"2026-01-31T16:29:42+00:00\",\"author\":{\"@id\":\"https:\/\/vof-news.eu\/de\/#\/schema\/person\/f6a2a4309f0561835797fd8c19b333ed\"},\"description\":\"In der \u200bUkraine und im Nachbarland Moldau ist es zu\",\"breadcrumb\":{\"@id\":\"https:\/\/vof-news.eu\/de\/weitreichender-stromausfall-in-der-ukraine-und-in-moldau\/#breadcrumb\"},\"inLanguage\":\"de\",\"potentialAction\":[{\"@type\":\"ReadAction\",\"target\":[\"https:\/\/vof-news.eu\/de\/weitreichender-stromausfall-in-der-ukraine-und-in-moldau\/\"]}]},{\"@type\":\"ImageObject\",\"inLanguage\":\"de\",\"@id\":\"https:\/\/vof-news.eu\/de\/weitreichender-stromausfall-in-der-ukraine-und-in-moldau\/#primaryimage\",\"url\":\"https:\/\/vof-news.eu\/wp-content\/uploads\/2026\/01\/wide__1000x562-74.jpg\",\"contentUrl\":\"https:\/\/vof-news.eu\/wp-content\/uploads\/2026\/01\/wide__1000x562-74.jpg\",\"width\":1000,\"height\":562},{\"@type\":\"BreadcrumbList\",\"@id\":\"https:\/\/vof-news.eu\/de\/weitreichender-stromausfall-in-der-ukraine-und-in-moldau\/#breadcrumb\",\"itemListElement\":[{\"@type\":\"ListItem\",\"position\":1,\"name\":\"Home\",\"item\":\"https:\/\/vof-news.eu\/de\/\"},{\"@type\":\"ListItem\",\"position\":2,\"name\":\"Weitreichender Stromausfall in der Ukraine und in Moldau\"}]},{\"@type\":\"WebSite\",\"@id\":\"https:\/\/vof-news.eu\/de\/#website\",\"url\":\"https:\/\/vof-news.eu\/de\/\",\"name\":\"vof-news.eu\",\"description\":\"\",\"potentialAction\":[{\"@type\":\"SearchAction\",\"target\":{\"@type\":\"EntryPoint\",\"urlTemplate\":\"https:\/\/vof-news.eu\/de\/?s={search_term_string}\"},\"query-input\":\"required name=search_term_string\"}],\"inLanguage\":\"de\"},{\"@type\":\"Person\",\"@id\":\"https:\/\/vof-news.eu\/de\/#\/schema\/person\/f6a2a4309f0561835797fd8c19b333ed\",\"name\":\"Author\",\"image\":{\"@type\":\"ImageObject\",\"inLanguage\":\"de\",\"@id\":\"https:\/\/vof-news.eu\/de\/#\/schema\/person\/image\/\",\"url\":\"https:\/\/secure.gravatar.com\/avatar\/b67e614b1b25b3e9c0c239efdd2fde5ab015b5affd6f1c3c85911ca4b384e790?s=96&d=mm&r=g\",\"contentUrl\":\"https:\/\/secure.gravatar.com\/avatar\/b67e614b1b25b3e9c0c239efdd2fde5ab015b5affd6f1c3c85911ca4b384e790?s=96&d=mm&r=g\",\"caption\":\"Author\"},\"sameAs\":[\"http:\/\/vof-news.eu\"],\"url\":\"https:\/\/vof-news.eu\/de\/author\/zwt6qxnjulxbnyg\/\"}]}<\/script>\n<!-- \/ Yoast SEO plugin. -->","yoast_head_json":{"title":"Weitreichender Stromausfall in der Ukraine und in Moldau - vof-news.eu","description":"In der \u200bUkraine und im Nachbarland Moldau ist es zu","robots":{"index":"noindex","follow":"follow","max-snippet":"max-snippet:-1","max-image-preview":"max-image-preview:large","max-video-preview":"max-video-preview:-1"},"og_locale":"de_DE","og_type":"article","og_title":"Weitreichender Stromausfall in der Ukraine und in Moldau - vof-news.eu","og_description":"In der \u200bUkraine und im Nachbarland Moldau ist es zu","og_url":"https:\/\/vof-news.eu\/de\/weitreichender-stromausfall-in-der-ukraine-und-in-moldau\/","og_site_name":"vof-news.eu","article_published_time":"2026-01-31T16:28:23+00:00","article_modified_time":"2026-01-31T16:29:42+00:00","og_image":[{"width":1000,"height":562,"url":"https:\/\/vof-news.eu\/wp-content\/uploads\/2026\/01\/wide__1000x562-74.jpg","type":"image\/jpeg"}],"author":"Author","twitter_card":"summary_large_image","twitter_misc":{"Verfasst von":"Author","Gesch\u00e4tzte Lesezeit":"2\u00a0Minuten"},"schema":{"@context":"https:\/\/schema.org","@graph":[{"@type":"WebPage","@id":"https:\/\/vof-news.eu\/de\/weitreichender-stromausfall-in-der-ukraine-und-in-moldau\/","url":"https:\/\/vof-news.eu\/de\/weitreichender-stromausfall-in-der-ukraine-und-in-moldau\/","name":"Weitreichender Stromausfall in der Ukraine und in Moldau - vof-news.eu","isPartOf":{"@id":"https:\/\/vof-news.eu\/de\/#website"},"primaryImageOfPage":{"@id":"https:\/\/vof-news.eu\/de\/weitreichender-stromausfall-in-der-ukraine-und-in-moldau\/#primaryimage"},"image":{"@id":"https:\/\/vof-news.eu\/de\/weitreichender-stromausfall-in-der-ukraine-und-in-moldau\/#primaryimage"},"thumbnailUrl":"https:\/\/vof-news.eu\/wp-content\/uploads\/2026\/01\/wide__1000x562-74.jpg","datePublished":"2026-01-31T16:28:23+00:00","dateModified":"2026-01-31T16:29:42+00:00","author":{"@id":"https:\/\/vof-news.eu\/de\/#\/schema\/person\/f6a2a4309f0561835797fd8c19b333ed"},"description":"In der \u200bUkraine und im Nachbarland Moldau ist es zu","breadcrumb":{"@id":"https:\/\/vof-news.eu\/de\/weitreichender-stromausfall-in-der-ukraine-und-in-moldau\/#breadcrumb"},"inLanguage":"de","potentialAction":[{"@type":"ReadAction","target":["https:\/\/vof-news.eu\/de\/weitreichender-stromausfall-in-der-ukraine-und-in-moldau\/"]}]},{"@type":"ImageObject","inLanguage":"de","@id":"https:\/\/vof-news.eu\/de\/weitreichender-stromausfall-in-der-ukraine-und-in-moldau\/#primaryimage","url":"https:\/\/vof-news.eu\/wp-content\/uploads\/2026\/01\/wide__1000x562-74.jpg","contentUrl":"https:\/\/vof-news.eu\/wp-content\/uploads\/2026\/01\/wide__1000x562-74.jpg","width":1000,"height":562},{"@type":"BreadcrumbList","@id":"https:\/\/vof-news.eu\/de\/weitreichender-stromausfall-in-der-ukraine-und-in-moldau\/#breadcrumb","itemListElement":[{"@type":"ListItem","position":1,"name":"Home","item":"https:\/\/vof-news.eu\/de\/"},{"@type":"ListItem","position":2,"name":"Weitreichender Stromausfall in der Ukraine und in Moldau"}]},{"@type":"WebSite","@id":"https:\/\/vof-news.eu\/de\/#website","url":"https:\/\/vof-news.eu\/de\/","name":"vof-news.eu","description":"","potentialAction":[{"@type":"SearchAction","target":{"@type":"EntryPoint","urlTemplate":"https:\/\/vof-news.eu\/de\/?s={search_term_string}"},"query-input":"required name=search_term_string"}],"inLanguage":"de"},{"@type":"Person","@id":"https:\/\/vof-news.eu\/de\/#\/schema\/person\/f6a2a4309f0561835797fd8c19b333ed","name":"Author","image":{"@type":"ImageObject","inLanguage":"de","@id":"https:\/\/vof-news.eu\/de\/#\/schema\/person\/image\/","url":"https:\/\/secure.gravatar.com\/avatar\/b67e614b1b25b3e9c0c239efdd2fde5ab015b5affd6f1c3c85911ca4b384e790?s=96&d=mm&r=g","contentUrl":"https:\/\/secure.gravatar.com\/avatar\/b67e614b1b25b3e9c0c239efdd2fde5ab015b5affd6f1c3c85911ca4b384e790?s=96&d=mm&r=g","caption":"Author"},"sameAs":["http:\/\/vof-news.eu"],"url":"https:\/\/vof-news.eu\/de\/author\/zwt6qxnjulxbnyg\/"}]}},"yoast_meta":{"yoast_wpseo_title":"","yoast_wpseo_metadesc":"","yoast_wpseo_canonical":""},"_links":{"self":[{"href":"https:\/\/vof-news.eu\/de\/wp-json\/wp\/v2\/posts\/322270","targetHints":{"allow":["GET"]}}],"collection":[{"href":"https:\/\/vof-news.eu\/de\/wp-json\/wp\/v2\/posts"}],"about":[{"href":"https:\/\/vof-news.eu\/de\/wp-json\/wp\/v2\/types\/post"}],"author":[{"embeddable":true,"href":"https:\/\/vof-news.eu\/de\/wp-json\/wp\/v2\/users\/1"}],"replies":[{"embeddable":true,"href":"https:\/\/vof-news.eu\/de\/wp-json\/wp\/v2\/comments?post=322270"}],"version-history":[{"count":1,"href":"https:\/\/vof-news.eu\/de\/wp-json\/wp\/v2\/posts\/322270\/revisions"}],"predecessor-version":[{"id":322277,"href":"https:\/\/vof-news.eu\/de\/wp-json\/wp\/v2\/posts\/322270\/revisions\/322277"}],"wp:featuredmedia":[{"embeddable":true,"href":"https:\/\/vof-news.eu\/de\/wp-json\/wp\/v2\/media\/322271"}],"wp:attachment":[{"href":"https:\/\/vof-news.eu\/de\/wp-json\/wp\/v2\/media?parent=322270"}],"wp:term":[{"taxonomy":"category","embeddable":true,"href":"https:\/\/vof-news.eu\/de\/wp-json\/wp\/v2\/categories?post=322270"},{"taxonomy":"post_tag","embeddable":true,"href":"https:\/\/vof-news.eu\/de\/wp-json\/wp\/v2\/tags?post=322270"}],"curies":[{"name":"wp","href":"https:\/\/api.w.org\/{rel}","templated":true}]}}