{"id":321195,"date":"2026-01-28T17:29:51","date_gmt":"2026-01-28T14:29:51","guid":{"rendered":"https:\/\/vof-news.eu\/ukraine-bestellt-ungarischen-botschafter-ein\/"},"modified":"2026-01-28T17:31:44","modified_gmt":"2026-01-28T14:31:44","slug":"ukraine-bestellt-ungarischen-botschafter-ein","status":"publish","type":"post","link":"https:\/\/vof-news.eu\/de\/ukraine-bestellt-ungarischen-botschafter-ein\/","title":{"rendered":"Ukraine bestellt ungarischen Botschafter ein"},"content":{"rendered":"<div>\n<p>Die <span><a href=\"https:\/\/www.zeit.de\/politik\/ausland\/ukraine-krieg-news-liveblog\" rel=\"nofollow\">Ukraine<\/a><\/span> hat den ungarischen Botschafter Antal Gezer ins Au\u00dfenministerium einbestellt. Dort habe man ihm wegen der &#8222;falschen Behauptungen der ungarischen F\u00fchrung \u00fcber eine angebliche Einmischung der Ukraine in die Parlamentswahlen in Ungarn&#8220; einen entschiedenen Protest \u00fcbermittelt, teilte das Ministerium in Kyjiw mit. Es handele sich um eine Reaktion auf die Einbestellung des ukrainischen Botschafters in Budapest am Vortag.\n<\/p>\n<p>Die ungarische Regierung wirft der Ukraine vor, sich in den <span><a href=\"https:\/\/www.zeit.de\/thema\/wahlkampf\" rel=\"nofollow\">Wahlkampf<\/a><\/span> vor der Parlamentswahl am 12. April einzumischen. Man m\u00fcsse sich darauf einstellen, dass die Ukraine ihre &#8222;offene und grobe Einmischung&#8220; zugunsten der Oppositionspartei Tisza fortsetzen werde, schrieb Au\u00dfenminister P\u00e9ter Szijj\u00e1rt\u00f3 auf Facebook. F\u00fcr diese Behauptung liegen keine \u00fcberpr\u00fcfbaren Belege vor.\n<\/p>\n<p>Bei der anstehenden Wahl sieht sich <span><a href=\"https:\/\/www.zeit.de\/thema\/viktor-orban\" rel=\"nofollow\">Viktor Orb\u00e1n<\/a><\/span> erstmals seit seinem Regierungsantritt im Jahr 2010 einem starken Herausforderer gegen\u00fcber: In Umfragen liegt die Mitte-Rechts-Partei Tisza von P\u00e9ter Magyar nach Jahren wirtschaftlicher Stagnation vor Orb\u00e1ns rechtsnationaler Fidesz-Partei.\u00a0Bei keiner Parlamentswahl in den vergangenen 16 Jahren lag seine Partei wenige Monate vor der Wahl hinter dem jeweiligen Herausforderer.\n<\/p>\n<\/p>\n<\/div>\n","protected":false},"excerpt":{"rendered":"<p>Die Ukraine hat den ungarischen Botschafter Antal Gezer ins Au\u00dfenministerium einbestellt. Dort habe man ihm wegen der &#8222;falschen Behauptungen der ungarischen F\u00fchrung \u00fcber eine angebliche Einmischung der Ukraine in die Parlamentswahlen in Ungarn&#8220; einen entschiedenen Protest \u00fcbermittelt, teilte das Ministerium in Kyjiw mit. Es handele sich um eine Reaktion auf die Einbestellung des ukrainischen Botschafters<\/p>\n","protected":false},"author":1,"featured_media":321196,"comment_status":"open","ping_status":"open","sticky":false,"template":"","format":"standard","meta":{"footnotes":""},"categories":[116],"tags":[],"class_list":["post-321195","post","type-post","status-publish","format-standard","has-post-thumbnail","hentry","category-war-chronicles-de"],"acf":[],"yoast_head":"<!-- This site is optimized with the Yoast SEO plugin v22.9 - https:\/\/yoast.com\/wordpress\/plugins\/seo\/ -->\n<title>Ukraine bestellt ungarischen Botschafter ein - vof-news.eu<\/title>\n<meta name=\"description\" content=\"Die Ukraine hat den ungarischen Botschafter Antal Gezer ins Au\u00dfenministerium einbestellt. Dort habe man ihm wegen der &quot;falschen Behauptungen der ungarischen F\u00fchrung \u00fcber eine angebliche Einmischung der Ukraine in die Parlamentswahlen in Ungarn&quot; einen entschiedenen Protest \u00fcbermittelt, teilte das Ministerium in Kyjiw mit. Es handele sich um eine Reaktion auf die Einbestellung des ukrainischen Botschafters in Budapest am Vortag.\" \/>\n<meta name=\"robots\" content=\"noindex, follow, max-snippet:-1, max-image-preview:large, max-video-preview:-1\" \/>\n<meta property=\"og:locale\" content=\"de_DE\" \/>\n<meta property=\"og:type\" content=\"article\" \/>\n<meta property=\"og:title\" content=\"Ukraine bestellt ungarischen Botschafter ein - vof-news.eu\" \/>\n<meta property=\"og:description\" content=\"Die Ukraine hat den ungarischen Botschafter Antal Gezer ins Au\u00dfenministerium einbestellt. Dort habe man ihm wegen der &quot;falschen Behauptungen der ungarischen F\u00fchrung \u00fcber eine angebliche Einmischung der Ukraine in die Parlamentswahlen in Ungarn&quot; einen entschiedenen Protest \u00fcbermittelt, teilte das Ministerium in Kyjiw mit. Es handele sich um eine Reaktion auf die Einbestellung des ukrainischen Botschafters in Budapest am Vortag.\" \/>\n<meta property=\"og:url\" content=\"https:\/\/vof-news.eu\/de\/ukraine-bestellt-ungarischen-botschafter-ein\/\" \/>\n<meta property=\"og:site_name\" content=\"vof-news.eu\" \/>\n<meta property=\"article:published_time\" content=\"2026-01-28T14:29:51+00:00\" \/>\n<meta property=\"article:modified_time\" content=\"2026-01-28T14:31:44+00:00\" \/>\n<meta property=\"og:image\" content=\"https:\/\/vof-news.eu\/wp-content\/uploads\/2026\/01\/wide__1000x562-69.jpg\" \/>\n\t<meta property=\"og:image:width\" content=\"1000\" \/>\n\t<meta property=\"og:image:height\" content=\"562\" \/>\n\t<meta property=\"og:image:type\" content=\"image\/jpeg\" \/>\n<meta name=\"author\" content=\"Author\" \/>\n<meta name=\"twitter:card\" content=\"summary_large_image\" \/>\n<meta name=\"twitter:label1\" content=\"Verfasst von\" \/>\n\t<meta name=\"twitter:data1\" content=\"Author\" \/>\n\t<meta name=\"twitter:label2\" content=\"Gesch\u00e4tzte Lesezeit\" \/>\n\t<meta name=\"twitter:data2\" content=\"1\u00a0Minute\" \/>\n<script type=\"application\/ld+json\" class=\"yoast-schema-graph\">{\"@context\":\"https:\/\/schema.org\",\"@graph\":[{\"@type\":\"WebPage\",\"@id\":\"https:\/\/vof-news.eu\/de\/ukraine-bestellt-ungarischen-botschafter-ein\/\",\"url\":\"https:\/\/vof-news.eu\/de\/ukraine-bestellt-ungarischen-botschafter-ein\/\",\"name\":\"Ukraine bestellt ungarischen Botschafter ein - vof-news.eu\",\"isPartOf\":{\"@id\":\"https:\/\/vof-news.eu\/de\/#website\"},\"primaryImageOfPage\":{\"@id\":\"https:\/\/vof-news.eu\/de\/ukraine-bestellt-ungarischen-botschafter-ein\/#primaryimage\"},\"image\":{\"@id\":\"https:\/\/vof-news.eu\/de\/ukraine-bestellt-ungarischen-botschafter-ein\/#primaryimage\"},\"thumbnailUrl\":\"https:\/\/vof-news.eu\/wp-content\/uploads\/2026\/01\/wide__1000x562-69.jpg\",\"datePublished\":\"2026-01-28T14:29:51+00:00\",\"dateModified\":\"2026-01-28T14:31:44+00:00\",\"author\":{\"@id\":\"https:\/\/vof-news.eu\/de\/#\/schema\/person\/f6a2a4309f0561835797fd8c19b333ed\"},\"description\":\"Die Ukraine hat den ungarischen Botschafter Antal Gezer ins Au\u00dfenministerium einbestellt. Dort habe man ihm wegen der \\\"falschen Behauptungen der ungarischen F\u00fchrung \u00fcber eine angebliche Einmischung der Ukraine in die Parlamentswahlen in Ungarn\\\" einen entschiedenen Protest \u00fcbermittelt, teilte das Ministerium in Kyjiw mit. Es handele sich um eine Reaktion auf die Einbestellung des ukrainischen Botschafters in Budapest am Vortag.\",\"breadcrumb\":{\"@id\":\"https:\/\/vof-news.eu\/de\/ukraine-bestellt-ungarischen-botschafter-ein\/#breadcrumb\"},\"inLanguage\":\"de\",\"potentialAction\":[{\"@type\":\"ReadAction\",\"target\":[\"https:\/\/vof-news.eu\/de\/ukraine-bestellt-ungarischen-botschafter-ein\/\"]}]},{\"@type\":\"ImageObject\",\"inLanguage\":\"de\",\"@id\":\"https:\/\/vof-news.eu\/de\/ukraine-bestellt-ungarischen-botschafter-ein\/#primaryimage\",\"url\":\"https:\/\/vof-news.eu\/wp-content\/uploads\/2026\/01\/wide__1000x562-69.jpg\",\"contentUrl\":\"https:\/\/vof-news.eu\/wp-content\/uploads\/2026\/01\/wide__1000x562-69.jpg\",\"width\":1000,\"height\":562},{\"@type\":\"BreadcrumbList\",\"@id\":\"https:\/\/vof-news.eu\/de\/ukraine-bestellt-ungarischen-botschafter-ein\/#breadcrumb\",\"itemListElement\":[{\"@type\":\"ListItem\",\"position\":1,\"name\":\"Home\",\"item\":\"https:\/\/vof-news.eu\/de\/\"},{\"@type\":\"ListItem\",\"position\":2,\"name\":\"Ukraine bestellt ungarischen Botschafter ein\"}]},{\"@type\":\"WebSite\",\"@id\":\"https:\/\/vof-news.eu\/de\/#website\",\"url\":\"https:\/\/vof-news.eu\/de\/\",\"name\":\"vof-news.eu\",\"description\":\"\",\"potentialAction\":[{\"@type\":\"SearchAction\",\"target\":{\"@type\":\"EntryPoint\",\"urlTemplate\":\"https:\/\/vof-news.eu\/de\/?s={search_term_string}\"},\"query-input\":\"required name=search_term_string\"}],\"inLanguage\":\"de\"},{\"@type\":\"Person\",\"@id\":\"https:\/\/vof-news.eu\/de\/#\/schema\/person\/f6a2a4309f0561835797fd8c19b333ed\",\"name\":\"Author\",\"image\":{\"@type\":\"ImageObject\",\"inLanguage\":\"de\",\"@id\":\"https:\/\/vof-news.eu\/de\/#\/schema\/person\/image\/\",\"url\":\"https:\/\/secure.gravatar.com\/avatar\/b67e614b1b25b3e9c0c239efdd2fde5ab015b5affd6f1c3c85911ca4b384e790?s=96&d=mm&r=g\",\"contentUrl\":\"https:\/\/secure.gravatar.com\/avatar\/b67e614b1b25b3e9c0c239efdd2fde5ab015b5affd6f1c3c85911ca4b384e790?s=96&d=mm&r=g\",\"caption\":\"Author\"},\"sameAs\":[\"http:\/\/vof-news.eu\"],\"url\":\"https:\/\/vof-news.eu\/de\/author\/zwt6qxnjulxbnyg\/\"}]}<\/script>\n<!-- \/ Yoast SEO plugin. -->","yoast_head_json":{"title":"Ukraine bestellt ungarischen Botschafter ein - vof-news.eu","description":"Die Ukraine hat den ungarischen Botschafter Antal Gezer ins Au\u00dfenministerium einbestellt. Dort habe man ihm wegen der \"falschen Behauptungen der ungarischen F\u00fchrung \u00fcber eine angebliche Einmischung der Ukraine in die Parlamentswahlen in Ungarn\" einen entschiedenen Protest \u00fcbermittelt, teilte das Ministerium in Kyjiw mit. Es handele sich um eine Reaktion auf die Einbestellung des ukrainischen Botschafters in Budapest am Vortag.","robots":{"index":"noindex","follow":"follow","max-snippet":"max-snippet:-1","max-image-preview":"max-image-preview:large","max-video-preview":"max-video-preview:-1"},"og_locale":"de_DE","og_type":"article","og_title":"Ukraine bestellt ungarischen Botschafter ein - vof-news.eu","og_description":"Die Ukraine hat den ungarischen Botschafter Antal Gezer ins Au\u00dfenministerium einbestellt. Dort habe man ihm wegen der \"falschen Behauptungen der ungarischen F\u00fchrung \u00fcber eine angebliche Einmischung der Ukraine in die Parlamentswahlen in Ungarn\" einen entschiedenen Protest \u00fcbermittelt, teilte das Ministerium in Kyjiw mit. Es handele sich um eine Reaktion auf die Einbestellung des ukrainischen Botschafters in Budapest am Vortag.","og_url":"https:\/\/vof-news.eu\/de\/ukraine-bestellt-ungarischen-botschafter-ein\/","og_site_name":"vof-news.eu","article_published_time":"2026-01-28T14:29:51+00:00","article_modified_time":"2026-01-28T14:31:44+00:00","og_image":[{"width":1000,"height":562,"url":"https:\/\/vof-news.eu\/wp-content\/uploads\/2026\/01\/wide__1000x562-69.jpg","type":"image\/jpeg"}],"author":"Author","twitter_card":"summary_large_image","twitter_misc":{"Verfasst von":"Author","Gesch\u00e4tzte Lesezeit":"1\u00a0Minute"},"schema":{"@context":"https:\/\/schema.org","@graph":[{"@type":"WebPage","@id":"https:\/\/vof-news.eu\/de\/ukraine-bestellt-ungarischen-botschafter-ein\/","url":"https:\/\/vof-news.eu\/de\/ukraine-bestellt-ungarischen-botschafter-ein\/","name":"Ukraine bestellt ungarischen Botschafter ein - vof-news.eu","isPartOf":{"@id":"https:\/\/vof-news.eu\/de\/#website"},"primaryImageOfPage":{"@id":"https:\/\/vof-news.eu\/de\/ukraine-bestellt-ungarischen-botschafter-ein\/#primaryimage"},"image":{"@id":"https:\/\/vof-news.eu\/de\/ukraine-bestellt-ungarischen-botschafter-ein\/#primaryimage"},"thumbnailUrl":"https:\/\/vof-news.eu\/wp-content\/uploads\/2026\/01\/wide__1000x562-69.jpg","datePublished":"2026-01-28T14:29:51+00:00","dateModified":"2026-01-28T14:31:44+00:00","author":{"@id":"https:\/\/vof-news.eu\/de\/#\/schema\/person\/f6a2a4309f0561835797fd8c19b333ed"},"description":"Die Ukraine hat den ungarischen Botschafter Antal Gezer ins Au\u00dfenministerium einbestellt. Dort habe man ihm wegen der \"falschen Behauptungen der ungarischen F\u00fchrung \u00fcber eine angebliche Einmischung der Ukraine in die Parlamentswahlen in Ungarn\" einen entschiedenen Protest \u00fcbermittelt, teilte das Ministerium in Kyjiw mit. Es handele sich um eine Reaktion auf die Einbestellung des ukrainischen Botschafters in Budapest am Vortag.","breadcrumb":{"@id":"https:\/\/vof-news.eu\/de\/ukraine-bestellt-ungarischen-botschafter-ein\/#breadcrumb"},"inLanguage":"de","potentialAction":[{"@type":"ReadAction","target":["https:\/\/vof-news.eu\/de\/ukraine-bestellt-ungarischen-botschafter-ein\/"]}]},{"@type":"ImageObject","inLanguage":"de","@id":"https:\/\/vof-news.eu\/de\/ukraine-bestellt-ungarischen-botschafter-ein\/#primaryimage","url":"https:\/\/vof-news.eu\/wp-content\/uploads\/2026\/01\/wide__1000x562-69.jpg","contentUrl":"https:\/\/vof-news.eu\/wp-content\/uploads\/2026\/01\/wide__1000x562-69.jpg","width":1000,"height":562},{"@type":"BreadcrumbList","@id":"https:\/\/vof-news.eu\/de\/ukraine-bestellt-ungarischen-botschafter-ein\/#breadcrumb","itemListElement":[{"@type":"ListItem","position":1,"name":"Home","item":"https:\/\/vof-news.eu\/de\/"},{"@type":"ListItem","position":2,"name":"Ukraine bestellt ungarischen Botschafter ein"}]},{"@type":"WebSite","@id":"https:\/\/vof-news.eu\/de\/#website","url":"https:\/\/vof-news.eu\/de\/","name":"vof-news.eu","description":"","potentialAction":[{"@type":"SearchAction","target":{"@type":"EntryPoint","urlTemplate":"https:\/\/vof-news.eu\/de\/?s={search_term_string}"},"query-input":"required name=search_term_string"}],"inLanguage":"de"},{"@type":"Person","@id":"https:\/\/vof-news.eu\/de\/#\/schema\/person\/f6a2a4309f0561835797fd8c19b333ed","name":"Author","image":{"@type":"ImageObject","inLanguage":"de","@id":"https:\/\/vof-news.eu\/de\/#\/schema\/person\/image\/","url":"https:\/\/secure.gravatar.com\/avatar\/b67e614b1b25b3e9c0c239efdd2fde5ab015b5affd6f1c3c85911ca4b384e790?s=96&d=mm&r=g","contentUrl":"https:\/\/secure.gravatar.com\/avatar\/b67e614b1b25b3e9c0c239efdd2fde5ab015b5affd6f1c3c85911ca4b384e790?s=96&d=mm&r=g","caption":"Author"},"sameAs":["http:\/\/vof-news.eu"],"url":"https:\/\/vof-news.eu\/de\/author\/zwt6qxnjulxbnyg\/"}]}},"yoast_meta":{"yoast_wpseo_title":"","yoast_wpseo_metadesc":"","yoast_wpseo_canonical":""},"_links":{"self":[{"href":"https:\/\/vof-news.eu\/de\/wp-json\/wp\/v2\/posts\/321195","targetHints":{"allow":["GET"]}}],"collection":[{"href":"https:\/\/vof-news.eu\/de\/wp-json\/wp\/v2\/posts"}],"about":[{"href":"https:\/\/vof-news.eu\/de\/wp-json\/wp\/v2\/types\/post"}],"author":[{"embeddable":true,"href":"https:\/\/vof-news.eu\/de\/wp-json\/wp\/v2\/users\/1"}],"replies":[{"embeddable":true,"href":"https:\/\/vof-news.eu\/de\/wp-json\/wp\/v2\/comments?post=321195"}],"version-history":[{"count":1,"href":"https:\/\/vof-news.eu\/de\/wp-json\/wp\/v2\/posts\/321195\/revisions"}],"predecessor-version":[{"id":321211,"href":"https:\/\/vof-news.eu\/de\/wp-json\/wp\/v2\/posts\/321195\/revisions\/321211"}],"wp:featuredmedia":[{"embeddable":true,"href":"https:\/\/vof-news.eu\/de\/wp-json\/wp\/v2\/media\/321196"}],"wp:attachment":[{"href":"https:\/\/vof-news.eu\/de\/wp-json\/wp\/v2\/media?parent=321195"}],"wp:term":[{"taxonomy":"category","embeddable":true,"href":"https:\/\/vof-news.eu\/de\/wp-json\/wp\/v2\/categories?post=321195"},{"taxonomy":"post_tag","embeddable":true,"href":"https:\/\/vof-news.eu\/de\/wp-json\/wp\/v2\/tags?post=321195"}],"curies":[{"name":"wp","href":"https:\/\/api.w.org\/{rel}","templated":true}]}}