{"id":320415,"date":"2026-01-26T19:28:18","date_gmt":"2026-01-26T16:28:18","guid":{"rendered":"https:\/\/vof-news.eu\/wadephul-will-mehr-kooperation-gegen-russische-attacken-in-der-ostsee\/"},"modified":"2026-01-26T19:29:41","modified_gmt":"2026-01-26T16:29:41","slug":"wadephul-will-mehr-kooperation-gegen-russische-attacken-in-der-ostsee","status":"publish","type":"post","link":"https:\/\/vof-news.eu\/de\/wadephul-will-mehr-kooperation-gegen-russische-attacken-in-der-ostsee\/","title":{"rendered":"Wadephul will mehr Kooperation gegen russische Attacken in der Ostsee"},"content":{"rendered":"<div>\n<p>Au\u00dfenminister <span><a href=\"https:\/\/www.zeit.de\/thema\/johann-wadephul\" rel=\"nofollow\">Johann Wadephul<\/a><\/span> (CDU) hat<br \/>\nangesichts wachsender Bedrohungen im Ostseeraum eine verbesserte<br \/>\nl\u00e4nder\u00fcbergreifende Zusammenarbeit gefordert. Der Ostseeraum werde<br \/>\n vermehrt zum Ziel hybrider Angriffe aus Russland, etwa durch zerst\u00f6rte<br \/>\nUnterseekabel, Schiffe der Schattenflotte und Angriffe auf<br \/>\nOffshore-Windparks, sagte er bei einer gemeinsamen<br \/>\nPressekonferenz mit seiner lettischen Kollegin Baiba Bra\u017ee in Riga.\u00a0\n<\/p>\n<p>&#8222;Da<br \/>\nbraucht es besseren Austausch zwischen uns Ostseel\u00e4ndern&#8220;, sagte Wadephul.\u00a0Vor allem m\u00fcsse gekl\u00e4rt werden, wer f\u00fcr die<br \/>\nVerteidigung in internationalen Gew\u00e4ssern zust\u00e4ndig sei. Das sei &#8222;eine<br \/>\ngro\u00dfe gemeinsame Aufgabe&#8220;, f\u00fcr die &#8222;wir uns jetzt schnell an die Arbeit<br \/>\nmachen m\u00fcssen&#8220;, sagte der Minister.\n<\/p>\n<h2>Zwei Milliarden Attacken auf deutsche IT-Systeme in einem Jahr<\/h2>\n<p>Zahlreiche Schiffe der Schattenflotte und deren Verantwortliche w\u00fcrden zwar bereits von EU-Seite gelistet, doch &#8222;wir wollen<br \/>\n auch gegen Schiffe vorgehen, deren Flaggenstatus unklar ist&#8220;, sagte<br \/>\nWadephul.<a href=\"https:\/\/www.zeit.de\/politik\/ausland\/2025-10\/russland-schattenflotte-eu-sorgen-sanktionen\" rel=\"nofollow\"> Russland umgehe mit ihnen nicht nur<br \/>\nEU-Sanktionen, sondern bedrohe auch direkt die Ostseeanrainer<\/a>. H\u00e4ufig handle es sich um veraltete Tanker,<br \/>\ndie im Falle einer Havarie eine massive \u00f6kologische Bedrohung<br \/>\ndarstellten. Wadephul fordert, das Seerecht auszusch\u00f6pfen und weiterzuentwickeln, um diese Schiffe zu stoppen.\n<\/p>\n<p>Mit Blick auf die wachsende Zahl hybrider<br \/>\nAngriffe an Land forderte Wadephul die deutsche Gesellschaft auf, ihre Widerstandsf\u00e4higkeit auszubauen. In<br \/>\neinem Jahr habe die Bundesrepublik &#8222;zwei Milliarden <a href=\"https:\/\/www.zeit.de\/digital\/2025-10\/cyberangriffe-hacker-infrastruktur-chris-kubecka-russland\" rel=\"nofollow\">Attacken auf<br \/>\nIT-Systeme<\/a>&#8220; erlebt. Darum m\u00fcssten alle vorsichtiger werden. &#8222;Nat\u00fcrlich<br \/>\nwird <a href=\"https:\/\/www.zeit.de\/digital\/internet\/2025-02\/desinformation-cyberangriffe-russland-bundestagswahl-einfluss\" rel=\"nofollow\">Russland weiter versuchen, uns zu destabilisieren<\/a>&#8222;, sagte Wadephul.<br \/>\n Es brauche Aufmerksamkeit und ein aktives Mitmachen der gesamten<br \/>\nBev\u00f6lkerung, um dieser Bedrohung zu begegnen.\n<\/p>\n<h2>Merz: Auch Sicherheit in der Nordsee wichtig<\/h2>\n<p>Nicht nur die <span><a href=\"https:\/\/www.zeit.de\/thema\/ostsee\" rel=\"nofollow\">Ostsee<\/a><\/span>, sondern auch die Sicherheit der Nordsee ist laut Bundeskanzler Friedrich Merz (CDU) ein hochaktuelles Thema. &#8222;Das Thema Sicherheit im Norden wird uns begleiten auf dieser Konferenz&#8220;, sagte Merz\u00a0beim sogenannten Nordseegipfel in Hamburg. Zwar besch\u00e4ftige<br \/>\ndies Deutschland, die EU und die Nato schon seit Jahren, doch in den<br \/>\nvergangenen Wochen habe es &#8222;eine besondere Aktualit\u00e4t bekommen&#8220;.\n<\/p>\n<p>In den vergangenen Wochen hatte US-Pr\u00e4sident<br \/>\nDonald Trump die europ\u00e4ischen L\u00e4nder und insbesondere D\u00e4nemark<br \/>\nwiederholt bedroht,\u00a0<a href=\"https:\/\/www.zeit.de\/2026\/04\/groenland-konflikt-donald-trump-usa-europa-handelskrieg-nato\" rel=\"nofollow\">indem er eine US-\u00dcbernahme von Gr\u00f6nland forderte<\/a>. Die<br \/>\n Spannungen wurden inzwischen etwas entsch\u00e4rft.\u00a0\n<\/p>\n<p>Die Ostsee ist seit Beginn des russischen Angriffskriegs<br \/>\ngegen die Ukraine vor fast vier Jahren immer wieder Schauplatz von <a href=\"https:\/\/www.zeit.de\/2025\/17\/schattenflotte-russland-ostsee-nato-sabotage\" rel=\"nofollow\">Attacken auf wichtige Telekommunikations- und Stromkabel<\/a>. <a href=\"https:\/\/www.zeit.de\/2025\/17\/schattenflotte-russland-ostsee-nato-sabotage\" rel=\"nofollow\">Fachleute<br \/>\n gehen davon aus, dass es sich um hybride Angriffe im Auftrag Russlands<br \/>\nhandelt<\/a>.\n<\/p>\n<\/div>\n","protected":false},"excerpt":{"rendered":"<p>Au\u00dfenminister Johann Wadephul (CDU) hat angesichts wachsender Bedrohungen im Ostseeraum eine verbesserte l\u00e4nder\u00fcbergreifende Zusammenarbeit gefordert. Der Ostseeraum werde vermehrt zum Ziel hybrider Angriffe aus Russland, etwa durch zerst\u00f6rte Unterseekabel, Schiffe der Schattenflotte und Angriffe auf Offshore-Windparks, sagte er bei einer gemeinsamen Pressekonferenz mit seiner lettischen Kollegin Baiba Bra\u017ee in Riga.\u00a0 &#8222;Da braucht es besseren Austausch<\/p>\n","protected":false},"author":1,"featured_media":320416,"comment_status":"open","ping_status":"open","sticky":false,"template":"","format":"standard","meta":{"footnotes":""},"categories":[116],"tags":[],"class_list":["post-320415","post","type-post","status-publish","format-standard","has-post-thumbnail","hentry","category-war-chronicles-de"],"acf":[],"yoast_head":"<!-- This site is optimized with the Yoast SEO plugin v22.9 - https:\/\/yoast.com\/wordpress\/plugins\/seo\/ -->\n<title>Wadephul will mehr Kooperation gegen russische Attacken in der Ostsee - vof-news.eu<\/title>\n<meta name=\"description\" content=\"Au\u00dfenminister Johann Wadephul (CDU) hat\" \/>\n<meta name=\"robots\" content=\"noindex, follow, max-snippet:-1, max-image-preview:large, max-video-preview:-1\" \/>\n<meta property=\"og:locale\" content=\"de_DE\" \/>\n<meta property=\"og:type\" content=\"article\" \/>\n<meta property=\"og:title\" content=\"Wadephul will mehr Kooperation gegen russische Attacken in der Ostsee - vof-news.eu\" \/>\n<meta property=\"og:description\" content=\"Au\u00dfenminister Johann Wadephul (CDU) hat\" \/>\n<meta property=\"og:url\" content=\"https:\/\/vof-news.eu\/de\/wadephul-will-mehr-kooperation-gegen-russische-attacken-in-der-ostsee\/\" \/>\n<meta property=\"og:site_name\" content=\"vof-news.eu\" \/>\n<meta property=\"article:published_time\" content=\"2026-01-26T16:28:18+00:00\" \/>\n<meta property=\"article:modified_time\" content=\"2026-01-26T16:29:41+00:00\" \/>\n<meta property=\"og:image\" content=\"https:\/\/vof-news.eu\/wp-content\/uploads\/2026\/01\/wide__1000x562-68.jpg\" \/>\n\t<meta property=\"og:image:width\" content=\"1000\" \/>\n\t<meta property=\"og:image:height\" content=\"562\" \/>\n\t<meta property=\"og:image:type\" content=\"image\/jpeg\" \/>\n<meta name=\"author\" content=\"Author\" \/>\n<meta name=\"twitter:card\" content=\"summary_large_image\" \/>\n<meta name=\"twitter:label1\" content=\"Verfasst von\" \/>\n\t<meta name=\"twitter:data1\" content=\"Author\" \/>\n\t<meta name=\"twitter:label2\" content=\"Gesch\u00e4tzte Lesezeit\" \/>\n\t<meta name=\"twitter:data2\" content=\"2\u00a0Minuten\" \/>\n<script type=\"application\/ld+json\" class=\"yoast-schema-graph\">{\"@context\":\"https:\/\/schema.org\",\"@graph\":[{\"@type\":\"WebPage\",\"@id\":\"https:\/\/vof-news.eu\/de\/wadephul-will-mehr-kooperation-gegen-russische-attacken-in-der-ostsee\/\",\"url\":\"https:\/\/vof-news.eu\/de\/wadephul-will-mehr-kooperation-gegen-russische-attacken-in-der-ostsee\/\",\"name\":\"Wadephul will mehr Kooperation gegen russische Attacken in der Ostsee - vof-news.eu\",\"isPartOf\":{\"@id\":\"https:\/\/vof-news.eu\/de\/#website\"},\"primaryImageOfPage\":{\"@id\":\"https:\/\/vof-news.eu\/de\/wadephul-will-mehr-kooperation-gegen-russische-attacken-in-der-ostsee\/#primaryimage\"},\"image\":{\"@id\":\"https:\/\/vof-news.eu\/de\/wadephul-will-mehr-kooperation-gegen-russische-attacken-in-der-ostsee\/#primaryimage\"},\"thumbnailUrl\":\"https:\/\/vof-news.eu\/wp-content\/uploads\/2026\/01\/wide__1000x562-68.jpg\",\"datePublished\":\"2026-01-26T16:28:18+00:00\",\"dateModified\":\"2026-01-26T16:29:41+00:00\",\"author\":{\"@id\":\"https:\/\/vof-news.eu\/de\/#\/schema\/person\/f6a2a4309f0561835797fd8c19b333ed\"},\"description\":\"Au\u00dfenminister Johann Wadephul (CDU) hat\",\"breadcrumb\":{\"@id\":\"https:\/\/vof-news.eu\/de\/wadephul-will-mehr-kooperation-gegen-russische-attacken-in-der-ostsee\/#breadcrumb\"},\"inLanguage\":\"de\",\"potentialAction\":[{\"@type\":\"ReadAction\",\"target\":[\"https:\/\/vof-news.eu\/de\/wadephul-will-mehr-kooperation-gegen-russische-attacken-in-der-ostsee\/\"]}]},{\"@type\":\"ImageObject\",\"inLanguage\":\"de\",\"@id\":\"https:\/\/vof-news.eu\/de\/wadephul-will-mehr-kooperation-gegen-russische-attacken-in-der-ostsee\/#primaryimage\",\"url\":\"https:\/\/vof-news.eu\/wp-content\/uploads\/2026\/01\/wide__1000x562-68.jpg\",\"contentUrl\":\"https:\/\/vof-news.eu\/wp-content\/uploads\/2026\/01\/wide__1000x562-68.jpg\",\"width\":1000,\"height\":562},{\"@type\":\"BreadcrumbList\",\"@id\":\"https:\/\/vof-news.eu\/de\/wadephul-will-mehr-kooperation-gegen-russische-attacken-in-der-ostsee\/#breadcrumb\",\"itemListElement\":[{\"@type\":\"ListItem\",\"position\":1,\"name\":\"Home\",\"item\":\"https:\/\/vof-news.eu\/de\/\"},{\"@type\":\"ListItem\",\"position\":2,\"name\":\"Wadephul will mehr Kooperation gegen russische Attacken in der Ostsee\"}]},{\"@type\":\"WebSite\",\"@id\":\"https:\/\/vof-news.eu\/de\/#website\",\"url\":\"https:\/\/vof-news.eu\/de\/\",\"name\":\"vof-news.eu\",\"description\":\"\",\"potentialAction\":[{\"@type\":\"SearchAction\",\"target\":{\"@type\":\"EntryPoint\",\"urlTemplate\":\"https:\/\/vof-news.eu\/de\/?s={search_term_string}\"},\"query-input\":\"required name=search_term_string\"}],\"inLanguage\":\"de\"},{\"@type\":\"Person\",\"@id\":\"https:\/\/vof-news.eu\/de\/#\/schema\/person\/f6a2a4309f0561835797fd8c19b333ed\",\"name\":\"Author\",\"image\":{\"@type\":\"ImageObject\",\"inLanguage\":\"de\",\"@id\":\"https:\/\/vof-news.eu\/de\/#\/schema\/person\/image\/\",\"url\":\"https:\/\/secure.gravatar.com\/avatar\/b67e614b1b25b3e9c0c239efdd2fde5ab015b5affd6f1c3c85911ca4b384e790?s=96&d=mm&r=g\",\"contentUrl\":\"https:\/\/secure.gravatar.com\/avatar\/b67e614b1b25b3e9c0c239efdd2fde5ab015b5affd6f1c3c85911ca4b384e790?s=96&d=mm&r=g\",\"caption\":\"Author\"},\"sameAs\":[\"http:\/\/vof-news.eu\"],\"url\":\"https:\/\/vof-news.eu\/de\/author\/zwt6qxnjulxbnyg\/\"}]}<\/script>\n<!-- \/ Yoast SEO plugin. -->","yoast_head_json":{"title":"Wadephul will mehr Kooperation gegen russische Attacken in der Ostsee - vof-news.eu","description":"Au\u00dfenminister Johann Wadephul (CDU) hat","robots":{"index":"noindex","follow":"follow","max-snippet":"max-snippet:-1","max-image-preview":"max-image-preview:large","max-video-preview":"max-video-preview:-1"},"og_locale":"de_DE","og_type":"article","og_title":"Wadephul will mehr Kooperation gegen russische Attacken in der Ostsee - vof-news.eu","og_description":"Au\u00dfenminister Johann Wadephul (CDU) hat","og_url":"https:\/\/vof-news.eu\/de\/wadephul-will-mehr-kooperation-gegen-russische-attacken-in-der-ostsee\/","og_site_name":"vof-news.eu","article_published_time":"2026-01-26T16:28:18+00:00","article_modified_time":"2026-01-26T16:29:41+00:00","og_image":[{"width":1000,"height":562,"url":"https:\/\/vof-news.eu\/wp-content\/uploads\/2026\/01\/wide__1000x562-68.jpg","type":"image\/jpeg"}],"author":"Author","twitter_card":"summary_large_image","twitter_misc":{"Verfasst von":"Author","Gesch\u00e4tzte Lesezeit":"2\u00a0Minuten"},"schema":{"@context":"https:\/\/schema.org","@graph":[{"@type":"WebPage","@id":"https:\/\/vof-news.eu\/de\/wadephul-will-mehr-kooperation-gegen-russische-attacken-in-der-ostsee\/","url":"https:\/\/vof-news.eu\/de\/wadephul-will-mehr-kooperation-gegen-russische-attacken-in-der-ostsee\/","name":"Wadephul will mehr Kooperation gegen russische Attacken in der Ostsee - vof-news.eu","isPartOf":{"@id":"https:\/\/vof-news.eu\/de\/#website"},"primaryImageOfPage":{"@id":"https:\/\/vof-news.eu\/de\/wadephul-will-mehr-kooperation-gegen-russische-attacken-in-der-ostsee\/#primaryimage"},"image":{"@id":"https:\/\/vof-news.eu\/de\/wadephul-will-mehr-kooperation-gegen-russische-attacken-in-der-ostsee\/#primaryimage"},"thumbnailUrl":"https:\/\/vof-news.eu\/wp-content\/uploads\/2026\/01\/wide__1000x562-68.jpg","datePublished":"2026-01-26T16:28:18+00:00","dateModified":"2026-01-26T16:29:41+00:00","author":{"@id":"https:\/\/vof-news.eu\/de\/#\/schema\/person\/f6a2a4309f0561835797fd8c19b333ed"},"description":"Au\u00dfenminister Johann Wadephul (CDU) hat","breadcrumb":{"@id":"https:\/\/vof-news.eu\/de\/wadephul-will-mehr-kooperation-gegen-russische-attacken-in-der-ostsee\/#breadcrumb"},"inLanguage":"de","potentialAction":[{"@type":"ReadAction","target":["https:\/\/vof-news.eu\/de\/wadephul-will-mehr-kooperation-gegen-russische-attacken-in-der-ostsee\/"]}]},{"@type":"ImageObject","inLanguage":"de","@id":"https:\/\/vof-news.eu\/de\/wadephul-will-mehr-kooperation-gegen-russische-attacken-in-der-ostsee\/#primaryimage","url":"https:\/\/vof-news.eu\/wp-content\/uploads\/2026\/01\/wide__1000x562-68.jpg","contentUrl":"https:\/\/vof-news.eu\/wp-content\/uploads\/2026\/01\/wide__1000x562-68.jpg","width":1000,"height":562},{"@type":"BreadcrumbList","@id":"https:\/\/vof-news.eu\/de\/wadephul-will-mehr-kooperation-gegen-russische-attacken-in-der-ostsee\/#breadcrumb","itemListElement":[{"@type":"ListItem","position":1,"name":"Home","item":"https:\/\/vof-news.eu\/de\/"},{"@type":"ListItem","position":2,"name":"Wadephul will mehr Kooperation gegen russische Attacken in der Ostsee"}]},{"@type":"WebSite","@id":"https:\/\/vof-news.eu\/de\/#website","url":"https:\/\/vof-news.eu\/de\/","name":"vof-news.eu","description":"","potentialAction":[{"@type":"SearchAction","target":{"@type":"EntryPoint","urlTemplate":"https:\/\/vof-news.eu\/de\/?s={search_term_string}"},"query-input":"required name=search_term_string"}],"inLanguage":"de"},{"@type":"Person","@id":"https:\/\/vof-news.eu\/de\/#\/schema\/person\/f6a2a4309f0561835797fd8c19b333ed","name":"Author","image":{"@type":"ImageObject","inLanguage":"de","@id":"https:\/\/vof-news.eu\/de\/#\/schema\/person\/image\/","url":"https:\/\/secure.gravatar.com\/avatar\/b67e614b1b25b3e9c0c239efdd2fde5ab015b5affd6f1c3c85911ca4b384e790?s=96&d=mm&r=g","contentUrl":"https:\/\/secure.gravatar.com\/avatar\/b67e614b1b25b3e9c0c239efdd2fde5ab015b5affd6f1c3c85911ca4b384e790?s=96&d=mm&r=g","caption":"Author"},"sameAs":["http:\/\/vof-news.eu"],"url":"https:\/\/vof-news.eu\/de\/author\/zwt6qxnjulxbnyg\/"}]}},"yoast_meta":{"yoast_wpseo_title":"","yoast_wpseo_metadesc":"","yoast_wpseo_canonical":""},"_links":{"self":[{"href":"https:\/\/vof-news.eu\/de\/wp-json\/wp\/v2\/posts\/320415","targetHints":{"allow":["GET"]}}],"collection":[{"href":"https:\/\/vof-news.eu\/de\/wp-json\/wp\/v2\/posts"}],"about":[{"href":"https:\/\/vof-news.eu\/de\/wp-json\/wp\/v2\/types\/post"}],"author":[{"embeddable":true,"href":"https:\/\/vof-news.eu\/de\/wp-json\/wp\/v2\/users\/1"}],"replies":[{"embeddable":true,"href":"https:\/\/vof-news.eu\/de\/wp-json\/wp\/v2\/comments?post=320415"}],"version-history":[{"count":1,"href":"https:\/\/vof-news.eu\/de\/wp-json\/wp\/v2\/posts\/320415\/revisions"}],"predecessor-version":[{"id":320422,"href":"https:\/\/vof-news.eu\/de\/wp-json\/wp\/v2\/posts\/320415\/revisions\/320422"}],"wp:featuredmedia":[{"embeddable":true,"href":"https:\/\/vof-news.eu\/de\/wp-json\/wp\/v2\/media\/320416"}],"wp:attachment":[{"href":"https:\/\/vof-news.eu\/de\/wp-json\/wp\/v2\/media?parent=320415"}],"wp:term":[{"taxonomy":"category","embeddable":true,"href":"https:\/\/vof-news.eu\/de\/wp-json\/wp\/v2\/categories?post=320415"},{"taxonomy":"post_tag","embeddable":true,"href":"https:\/\/vof-news.eu\/de\/wp-json\/wp\/v2\/tags?post=320415"}],"curies":[{"name":"wp","href":"https:\/\/api.w.org\/{rel}","templated":true}]}}