{"id":319889,"date":"2026-01-24T15:28:24","date_gmt":"2026-01-24T12:28:24","guid":{"rendered":"https:\/\/vof-news.eu\/verhandler-in-abu-dhabi-sprechen-angeblich-uber-gebietsabtretungen\/"},"modified":"2026-01-24T15:29:43","modified_gmt":"2026-01-24T12:29:43","slug":"verhandler-in-abu-dhabi-sprechen-angeblich-uber-gebietsabtretungen","status":"publish","type":"post","link":"https:\/\/vof-news.eu\/de\/verhandler-in-abu-dhabi-sprechen-angeblich-uber-gebietsabtretungen\/","title":{"rendered":"Verhandler in Abu Dhabi sprechen angeblich \u00fcber Gebietsabtretungen"},"content":{"rendered":"<div>\n<p>Der zweite Tag der <a href=\"https:\/\/www.zeit.de\/politik\/ausland\/2026-01\/direkte-gespraeche-usa-russland-ukraine-abu-dhabi-erste-runde-beendet\" rel=\"nofollow\">Verhandlungen in Abu Dhabi<\/a> \u00fcber ein m\u00f6gliches Ende des Ukrainekriegs soll auch mit Gespr\u00e4chen \u00fcber das Thema Gebietsabtretungen begonnen haben. Die staatliche Nachrichtenagentur Tass berichtet unter Berufung auf Kreise der russischen Delegation, dass mehrere Dokumente studiert und er\u00f6rtert w\u00fcrden: &#8222;Sowohl Territorien als auch (Sicherheits-)Garantien und andere Aspekte&#8220; st\u00fcnden auf der Agenda.\n<\/p>\n<p>Das Thema Gebietsabtretungen ist eines der brisantesten bei den Gespr\u00e4chen \u00fcber einen Frieden. Russland fordert von der <span><a href=\"https:\/\/www.zeit.de\/politik\/ausland\/ukraine-krieg-news-liveblog\" rel=\"nofollow\">Ukraine<\/a><\/span> neben den ohnehin schon besetzten Gebieten im Osten weitere Landstriche, konkret die auch nach knapp vier Jahren noch nicht eroberten Reste des Gebietes Donezk, f\u00fcr sich ein. Dies wiederum <a href=\"https:\/\/www.zeit.de\/2025\/36\/gebietsabtretungen-ukraine-russland-frieden-wolodymyr-selenskyj\" rel=\"nofollow\">lehnt die Ukraine ab<\/a> \u2013 ebenso wie einen einseitigen R\u00fcckzug aus der Region.\n<\/p>\n<h2>Direkte Gespr\u00e4che zwischen Ukraine, Russland und den USA<\/h2>\n<p>Bei den Verhandlungen in <span><a href=\"https:\/\/www.zeit.de\/thema\/abu-dhabi\" rel=\"nofollow\">Abu Dhabi<\/a><\/span> reden russische und ukrainische Unterh\u00e4ndler nach l\u00e4ngerer Pause wieder direkt miteinander. Zudem sind es die ersten direkten Gespr\u00e4che\u00a0zwischen der Ukraine, Russland und den USA. Diese trilateralen Gespr\u00e4che auf<br \/>\nExpertenebene hatte der ukrainische Pr\u00e4sident Wolodymyr <a href=\"https:\/\/www.zeit.de\/politik\/ausland\/2026-01\/wolodymyr-selenskyj-weltwirtschaftsforum-davos-gespraeche-russland-usa\" rel=\"nofollow\">Selenskyj\u00a0nach seinem Treffen mit US-Pr\u00e4sident Donald Trump beim\u00a0Weltwirtschaftsforum in Davos angek\u00fcndigt<\/a>.\u00a0\n<\/p>\n<p>Die russische Delegation beharrt laut Teilnehmeraussagen bei den Verhandlungen unter anderem auf ihrer Forderung, dass die Ukraine auf einen Nato-Beitritt verzichten m\u00fcsse. Auch h\u00e4lt sie an Gebietsforderungen fest. Russland werde sein Ziel auf milit\u00e4rischem Wege erreichen, sollte die Ukraine den Forderungen nicht zustimmen, hei\u00dft es vonseiten der russischen Delegation.\n<\/p>\n<\/p>\n<p>\n<\/p>\n<\/div>\n","protected":false},"excerpt":{"rendered":"<p>Der zweite Tag der Verhandlungen in Abu Dhabi \u00fcber ein m\u00f6gliches Ende des Ukrainekriegs soll auch mit Gespr\u00e4chen \u00fcber das Thema Gebietsabtretungen begonnen haben. Die staatliche Nachrichtenagentur Tass berichtet unter Berufung auf Kreise der russischen Delegation, dass mehrere Dokumente studiert und er\u00f6rtert w\u00fcrden: &#8222;Sowohl Territorien als auch (Sicherheits-)Garantien und andere Aspekte&#8220; st\u00fcnden auf der Agenda.<\/p>\n","protected":false},"author":1,"featured_media":319890,"comment_status":"open","ping_status":"open","sticky":false,"template":"","format":"standard","meta":{"footnotes":""},"categories":[116],"tags":[],"class_list":["post-319889","post","type-post","status-publish","format-standard","has-post-thumbnail","hentry","category-war-chronicles-de"],"acf":[],"yoast_head":"<!-- This site is optimized with the Yoast SEO plugin v22.9 - https:\/\/yoast.com\/wordpress\/plugins\/seo\/ -->\n<title>Verhandler in Abu Dhabi sprechen angeblich \u00fcber Gebietsabtretungen - vof-news.eu<\/title>\n<meta name=\"description\" content=\"Der zweite Tag der Verhandlungen in Abu Dhabi \u00fcber ein m\u00f6gliches Ende des Ukrainekriegs soll auch mit Gespr\u00e4chen \u00fcber das Thema Gebietsabtretungen begonnen haben. Die staatliche Nachrichtenagentur Tass berichtet unter Berufung auf Kreise der russischen Delegation, dass mehrere Dokumente studiert und er\u00f6rtert w\u00fcrden: &quot;Sowohl Territorien als auch (Sicherheits-)Garantien und andere Aspekte&quot; st\u00fcnden auf der Agenda.\" \/>\n<meta name=\"robots\" content=\"noindex, follow, max-snippet:-1, max-image-preview:large, max-video-preview:-1\" \/>\n<meta property=\"og:locale\" content=\"de_DE\" \/>\n<meta property=\"og:type\" content=\"article\" \/>\n<meta property=\"og:title\" content=\"Verhandler in Abu Dhabi sprechen angeblich \u00fcber Gebietsabtretungen - vof-news.eu\" \/>\n<meta property=\"og:description\" content=\"Der zweite Tag der Verhandlungen in Abu Dhabi \u00fcber ein m\u00f6gliches Ende des Ukrainekriegs soll auch mit Gespr\u00e4chen \u00fcber das Thema Gebietsabtretungen begonnen haben. Die staatliche Nachrichtenagentur Tass berichtet unter Berufung auf Kreise der russischen Delegation, dass mehrere Dokumente studiert und er\u00f6rtert w\u00fcrden: &quot;Sowohl Territorien als auch (Sicherheits-)Garantien und andere Aspekte&quot; st\u00fcnden auf der Agenda.\" \/>\n<meta property=\"og:url\" content=\"https:\/\/vof-news.eu\/de\/verhandler-in-abu-dhabi-sprechen-angeblich-uber-gebietsabtretungen\/\" \/>\n<meta property=\"og:site_name\" content=\"vof-news.eu\" \/>\n<meta property=\"article:published_time\" content=\"2026-01-24T12:28:24+00:00\" \/>\n<meta property=\"article:modified_time\" content=\"2026-01-24T12:29:43+00:00\" \/>\n<meta property=\"og:image\" content=\"https:\/\/vof-news.eu\/wp-content\/uploads\/2026\/01\/wide__1000x562-64.jpg\" \/>\n\t<meta property=\"og:image:width\" content=\"1000\" \/>\n\t<meta property=\"og:image:height\" content=\"562\" \/>\n\t<meta property=\"og:image:type\" content=\"image\/jpeg\" \/>\n<meta name=\"author\" content=\"Author\" \/>\n<meta name=\"twitter:card\" content=\"summary_large_image\" \/>\n<meta name=\"twitter:label1\" content=\"Verfasst von\" \/>\n\t<meta name=\"twitter:data1\" content=\"Author\" \/>\n\t<meta name=\"twitter:label2\" content=\"Gesch\u00e4tzte Lesezeit\" \/>\n\t<meta name=\"twitter:data2\" content=\"1\u00a0Minute\" \/>\n<script type=\"application\/ld+json\" class=\"yoast-schema-graph\">{\"@context\":\"https:\/\/schema.org\",\"@graph\":[{\"@type\":\"WebPage\",\"@id\":\"https:\/\/vof-news.eu\/de\/verhandler-in-abu-dhabi-sprechen-angeblich-uber-gebietsabtretungen\/\",\"url\":\"https:\/\/vof-news.eu\/de\/verhandler-in-abu-dhabi-sprechen-angeblich-uber-gebietsabtretungen\/\",\"name\":\"Verhandler in Abu Dhabi sprechen angeblich \u00fcber Gebietsabtretungen - vof-news.eu\",\"isPartOf\":{\"@id\":\"https:\/\/vof-news.eu\/de\/#website\"},\"primaryImageOfPage\":{\"@id\":\"https:\/\/vof-news.eu\/de\/verhandler-in-abu-dhabi-sprechen-angeblich-uber-gebietsabtretungen\/#primaryimage\"},\"image\":{\"@id\":\"https:\/\/vof-news.eu\/de\/verhandler-in-abu-dhabi-sprechen-angeblich-uber-gebietsabtretungen\/#primaryimage\"},\"thumbnailUrl\":\"https:\/\/vof-news.eu\/wp-content\/uploads\/2026\/01\/wide__1000x562-64.jpg\",\"datePublished\":\"2026-01-24T12:28:24+00:00\",\"dateModified\":\"2026-01-24T12:29:43+00:00\",\"author\":{\"@id\":\"https:\/\/vof-news.eu\/de\/#\/schema\/person\/f6a2a4309f0561835797fd8c19b333ed\"},\"description\":\"Der zweite Tag der Verhandlungen in Abu Dhabi \u00fcber ein m\u00f6gliches Ende des Ukrainekriegs soll auch mit Gespr\u00e4chen \u00fcber das Thema Gebietsabtretungen begonnen haben. Die staatliche Nachrichtenagentur Tass berichtet unter Berufung auf Kreise der russischen Delegation, dass mehrere Dokumente studiert und er\u00f6rtert w\u00fcrden: \\\"Sowohl Territorien als auch (Sicherheits-)Garantien und andere Aspekte\\\" st\u00fcnden auf der Agenda.\",\"breadcrumb\":{\"@id\":\"https:\/\/vof-news.eu\/de\/verhandler-in-abu-dhabi-sprechen-angeblich-uber-gebietsabtretungen\/#breadcrumb\"},\"inLanguage\":\"de\",\"potentialAction\":[{\"@type\":\"ReadAction\",\"target\":[\"https:\/\/vof-news.eu\/de\/verhandler-in-abu-dhabi-sprechen-angeblich-uber-gebietsabtretungen\/\"]}]},{\"@type\":\"ImageObject\",\"inLanguage\":\"de\",\"@id\":\"https:\/\/vof-news.eu\/de\/verhandler-in-abu-dhabi-sprechen-angeblich-uber-gebietsabtretungen\/#primaryimage\",\"url\":\"https:\/\/vof-news.eu\/wp-content\/uploads\/2026\/01\/wide__1000x562-64.jpg\",\"contentUrl\":\"https:\/\/vof-news.eu\/wp-content\/uploads\/2026\/01\/wide__1000x562-64.jpg\",\"width\":1000,\"height\":562},{\"@type\":\"BreadcrumbList\",\"@id\":\"https:\/\/vof-news.eu\/de\/verhandler-in-abu-dhabi-sprechen-angeblich-uber-gebietsabtretungen\/#breadcrumb\",\"itemListElement\":[{\"@type\":\"ListItem\",\"position\":1,\"name\":\"Home\",\"item\":\"https:\/\/vof-news.eu\/de\/\"},{\"@type\":\"ListItem\",\"position\":2,\"name\":\"Verhandler in Abu Dhabi sprechen angeblich \u00fcber Gebietsabtretungen\"}]},{\"@type\":\"WebSite\",\"@id\":\"https:\/\/vof-news.eu\/de\/#website\",\"url\":\"https:\/\/vof-news.eu\/de\/\",\"name\":\"vof-news.eu\",\"description\":\"\",\"potentialAction\":[{\"@type\":\"SearchAction\",\"target\":{\"@type\":\"EntryPoint\",\"urlTemplate\":\"https:\/\/vof-news.eu\/de\/?s={search_term_string}\"},\"query-input\":\"required name=search_term_string\"}],\"inLanguage\":\"de\"},{\"@type\":\"Person\",\"@id\":\"https:\/\/vof-news.eu\/de\/#\/schema\/person\/f6a2a4309f0561835797fd8c19b333ed\",\"name\":\"Author\",\"image\":{\"@type\":\"ImageObject\",\"inLanguage\":\"de\",\"@id\":\"https:\/\/vof-news.eu\/de\/#\/schema\/person\/image\/\",\"url\":\"https:\/\/secure.gravatar.com\/avatar\/b67e614b1b25b3e9c0c239efdd2fde5ab015b5affd6f1c3c85911ca4b384e790?s=96&d=mm&r=g\",\"contentUrl\":\"https:\/\/secure.gravatar.com\/avatar\/b67e614b1b25b3e9c0c239efdd2fde5ab015b5affd6f1c3c85911ca4b384e790?s=96&d=mm&r=g\",\"caption\":\"Author\"},\"sameAs\":[\"http:\/\/vof-news.eu\"],\"url\":\"https:\/\/vof-news.eu\/de\/author\/zwt6qxnjulxbnyg\/\"}]}<\/script>\n<!-- \/ Yoast SEO plugin. -->","yoast_head_json":{"title":"Verhandler in Abu Dhabi sprechen angeblich \u00fcber Gebietsabtretungen - vof-news.eu","description":"Der zweite Tag der Verhandlungen in Abu Dhabi \u00fcber ein m\u00f6gliches Ende des Ukrainekriegs soll auch mit Gespr\u00e4chen \u00fcber das Thema Gebietsabtretungen begonnen haben. Die staatliche Nachrichtenagentur Tass berichtet unter Berufung auf Kreise der russischen Delegation, dass mehrere Dokumente studiert und er\u00f6rtert w\u00fcrden: \"Sowohl Territorien als auch (Sicherheits-)Garantien und andere Aspekte\" st\u00fcnden auf der Agenda.","robots":{"index":"noindex","follow":"follow","max-snippet":"max-snippet:-1","max-image-preview":"max-image-preview:large","max-video-preview":"max-video-preview:-1"},"og_locale":"de_DE","og_type":"article","og_title":"Verhandler in Abu Dhabi sprechen angeblich \u00fcber Gebietsabtretungen - vof-news.eu","og_description":"Der zweite Tag der Verhandlungen in Abu Dhabi \u00fcber ein m\u00f6gliches Ende des Ukrainekriegs soll auch mit Gespr\u00e4chen \u00fcber das Thema Gebietsabtretungen begonnen haben. Die staatliche Nachrichtenagentur Tass berichtet unter Berufung auf Kreise der russischen Delegation, dass mehrere Dokumente studiert und er\u00f6rtert w\u00fcrden: \"Sowohl Territorien als auch (Sicherheits-)Garantien und andere Aspekte\" st\u00fcnden auf der Agenda.","og_url":"https:\/\/vof-news.eu\/de\/verhandler-in-abu-dhabi-sprechen-angeblich-uber-gebietsabtretungen\/","og_site_name":"vof-news.eu","article_published_time":"2026-01-24T12:28:24+00:00","article_modified_time":"2026-01-24T12:29:43+00:00","og_image":[{"width":1000,"height":562,"url":"https:\/\/vof-news.eu\/wp-content\/uploads\/2026\/01\/wide__1000x562-64.jpg","type":"image\/jpeg"}],"author":"Author","twitter_card":"summary_large_image","twitter_misc":{"Verfasst von":"Author","Gesch\u00e4tzte Lesezeit":"1\u00a0Minute"},"schema":{"@context":"https:\/\/schema.org","@graph":[{"@type":"WebPage","@id":"https:\/\/vof-news.eu\/de\/verhandler-in-abu-dhabi-sprechen-angeblich-uber-gebietsabtretungen\/","url":"https:\/\/vof-news.eu\/de\/verhandler-in-abu-dhabi-sprechen-angeblich-uber-gebietsabtretungen\/","name":"Verhandler in Abu Dhabi sprechen angeblich \u00fcber Gebietsabtretungen - vof-news.eu","isPartOf":{"@id":"https:\/\/vof-news.eu\/de\/#website"},"primaryImageOfPage":{"@id":"https:\/\/vof-news.eu\/de\/verhandler-in-abu-dhabi-sprechen-angeblich-uber-gebietsabtretungen\/#primaryimage"},"image":{"@id":"https:\/\/vof-news.eu\/de\/verhandler-in-abu-dhabi-sprechen-angeblich-uber-gebietsabtretungen\/#primaryimage"},"thumbnailUrl":"https:\/\/vof-news.eu\/wp-content\/uploads\/2026\/01\/wide__1000x562-64.jpg","datePublished":"2026-01-24T12:28:24+00:00","dateModified":"2026-01-24T12:29:43+00:00","author":{"@id":"https:\/\/vof-news.eu\/de\/#\/schema\/person\/f6a2a4309f0561835797fd8c19b333ed"},"description":"Der zweite Tag der Verhandlungen in Abu Dhabi \u00fcber ein m\u00f6gliches Ende des Ukrainekriegs soll auch mit Gespr\u00e4chen \u00fcber das Thema Gebietsabtretungen begonnen haben. Die staatliche Nachrichtenagentur Tass berichtet unter Berufung auf Kreise der russischen Delegation, dass mehrere Dokumente studiert und er\u00f6rtert w\u00fcrden: \"Sowohl Territorien als auch (Sicherheits-)Garantien und andere Aspekte\" st\u00fcnden auf der Agenda.","breadcrumb":{"@id":"https:\/\/vof-news.eu\/de\/verhandler-in-abu-dhabi-sprechen-angeblich-uber-gebietsabtretungen\/#breadcrumb"},"inLanguage":"de","potentialAction":[{"@type":"ReadAction","target":["https:\/\/vof-news.eu\/de\/verhandler-in-abu-dhabi-sprechen-angeblich-uber-gebietsabtretungen\/"]}]},{"@type":"ImageObject","inLanguage":"de","@id":"https:\/\/vof-news.eu\/de\/verhandler-in-abu-dhabi-sprechen-angeblich-uber-gebietsabtretungen\/#primaryimage","url":"https:\/\/vof-news.eu\/wp-content\/uploads\/2026\/01\/wide__1000x562-64.jpg","contentUrl":"https:\/\/vof-news.eu\/wp-content\/uploads\/2026\/01\/wide__1000x562-64.jpg","width":1000,"height":562},{"@type":"BreadcrumbList","@id":"https:\/\/vof-news.eu\/de\/verhandler-in-abu-dhabi-sprechen-angeblich-uber-gebietsabtretungen\/#breadcrumb","itemListElement":[{"@type":"ListItem","position":1,"name":"Home","item":"https:\/\/vof-news.eu\/de\/"},{"@type":"ListItem","position":2,"name":"Verhandler in Abu Dhabi sprechen angeblich \u00fcber Gebietsabtretungen"}]},{"@type":"WebSite","@id":"https:\/\/vof-news.eu\/de\/#website","url":"https:\/\/vof-news.eu\/de\/","name":"vof-news.eu","description":"","potentialAction":[{"@type":"SearchAction","target":{"@type":"EntryPoint","urlTemplate":"https:\/\/vof-news.eu\/de\/?s={search_term_string}"},"query-input":"required name=search_term_string"}],"inLanguage":"de"},{"@type":"Person","@id":"https:\/\/vof-news.eu\/de\/#\/schema\/person\/f6a2a4309f0561835797fd8c19b333ed","name":"Author","image":{"@type":"ImageObject","inLanguage":"de","@id":"https:\/\/vof-news.eu\/de\/#\/schema\/person\/image\/","url":"https:\/\/secure.gravatar.com\/avatar\/b67e614b1b25b3e9c0c239efdd2fde5ab015b5affd6f1c3c85911ca4b384e790?s=96&d=mm&r=g","contentUrl":"https:\/\/secure.gravatar.com\/avatar\/b67e614b1b25b3e9c0c239efdd2fde5ab015b5affd6f1c3c85911ca4b384e790?s=96&d=mm&r=g","caption":"Author"},"sameAs":["http:\/\/vof-news.eu"],"url":"https:\/\/vof-news.eu\/de\/author\/zwt6qxnjulxbnyg\/"}]}},"yoast_meta":{"yoast_wpseo_title":"","yoast_wpseo_metadesc":"","yoast_wpseo_canonical":""},"_links":{"self":[{"href":"https:\/\/vof-news.eu\/de\/wp-json\/wp\/v2\/posts\/319889","targetHints":{"allow":["GET"]}}],"collection":[{"href":"https:\/\/vof-news.eu\/de\/wp-json\/wp\/v2\/posts"}],"about":[{"href":"https:\/\/vof-news.eu\/de\/wp-json\/wp\/v2\/types\/post"}],"author":[{"embeddable":true,"href":"https:\/\/vof-news.eu\/de\/wp-json\/wp\/v2\/users\/1"}],"replies":[{"embeddable":true,"href":"https:\/\/vof-news.eu\/de\/wp-json\/wp\/v2\/comments?post=319889"}],"version-history":[{"count":1,"href":"https:\/\/vof-news.eu\/de\/wp-json\/wp\/v2\/posts\/319889\/revisions"}],"predecessor-version":[{"id":319896,"href":"https:\/\/vof-news.eu\/de\/wp-json\/wp\/v2\/posts\/319889\/revisions\/319896"}],"wp:featuredmedia":[{"embeddable":true,"href":"https:\/\/vof-news.eu\/de\/wp-json\/wp\/v2\/media\/319890"}],"wp:attachment":[{"href":"https:\/\/vof-news.eu\/de\/wp-json\/wp\/v2\/media?parent=319889"}],"wp:term":[{"taxonomy":"category","embeddable":true,"href":"https:\/\/vof-news.eu\/de\/wp-json\/wp\/v2\/categories?post=319889"},{"taxonomy":"post_tag","embeddable":true,"href":"https:\/\/vof-news.eu\/de\/wp-json\/wp\/v2\/tags?post=319889"}],"curies":[{"name":"wp","href":"https:\/\/api.w.org\/{rel}","templated":true}]}}