{"id":319862,"date":"2026-01-24T13:28:15","date_gmt":"2026-01-24T10:28:15","guid":{"rendered":"https:\/\/vof-news.eu\/gerhard-schroder-beklagt-damonisierung-russlands\/"},"modified":"2026-01-24T13:29:44","modified_gmt":"2026-01-24T10:29:44","slug":"gerhard-schroder-beklagt-damonisierung-russlands","status":"publish","type":"post","link":"https:\/\/vof-news.eu\/de\/gerhard-schroder-beklagt-damonisierung-russlands\/","title":{"rendered":"Gerhard Schr\u00f6der beklagt &#8222;D\u00e4monisierung&#8220; Russlands"},"content":{"rendered":"<div>\n<p>Der fr\u00fchere Bundeskanzler <a href=\"https:\/\/www.zeit.de\/thema\/gerhard-schroeder\" rel=\"nofollow\">Gerhard Schr\u00f6der<\/a> nennt den russischen Angriffskrieg in der Ukraine zwar v\u00f6lkerrechtswidrig, warnt aber vor einer &#8222;D\u00e4monisierung&#8220; <span><a href=\"https:\/\/www.zeit.de\/thema\/russland\" rel=\"nofollow\">Russlands<\/a><\/span>. &#8222;Nat\u00fcrlich ist der Krieg in der Ukraine nicht zu respektieren, auch nicht zu relativieren. Er ist v\u00f6lkerrechtswidrig, eine Verletzung der Menschenrechte&#8220;, schreibt der 81 Jahre alte Altkanzler in einem Gastbeitrag f\u00fcr die . Es m\u00fcssten alle diplomatischen Mittel genutzt werden, um den Krieg zu stoppen.\u00a0\n<\/p>\n<p>&#8222;Ich bin aber auch gegen die D\u00e4monisierung Russlands als ewiger Feind&#8220;, schob der SPD-Politiker nach, der seit Jahren wegen seiner langj\u00e4hrigen Freundschaft zum russischen Pr\u00e4sidenten <span><a href=\"https:\/\/www.zeit.de\/thema\/wladimir-putin\" rel=\"nofollow\">Wladimir Putin<\/a><\/span> und T\u00e4tigkeiten f\u00fcr russische \u00d6l- und Gaskonzerne in der Kritik steht. &#8222;Russland, das ist nicht das Land der Barbaren, sondern ein Land mit einer gro\u00dfen Kultur und vielf\u00e4ltigen historischen Verbindungen zu Deutschland&#8220;, schreibt Schr\u00f6der in dem Gastbeitrag. Es bleibe die &#8222;deutsche Schande&#8220;, dass dieses Land in zwei Weltkriegen von deutschen Soldaten brutal \u00fcberfallen wurde.\u00a0\n<\/p>\n<p>Schr\u00f6der wird aufgrund seiner Freundschaft mit Putin\u00a0auch in der <span><a href=\"https:\/\/www.zeit.de\/thema\/spd\" rel=\"nofollow\">SPD<\/a><\/span>\u00a0hart kritisiert. Obwohl er den Krieg in der Ukraine eine &#8222;fatale Fehlentscheidung&#8220; nannte, distanzierte er sich bis heute nicht g\u00e4nzlich vom russischen Pr\u00e4sidenten. Die SPD-Spitze grenzt ihn deshalb aus, ein Parteiausschlussverfahren gegen ihn scheiterte aber. Gleich nach seinem Ausscheiden aus dem Kanzleramt im Jahr 2005 wurde er zu einem ebenso eifrigen wie hochbezahlten Lobbyisten f\u00fcr Russlands Energiewirtschaft.\u00a0\u00a0\u00a0\n<\/p>\n<p>Er halte es weiterhin f\u00fcr richtig, schrieb er dazu im Gastbeitrag,<a href=\"https:\/\/www.zeit.de\/2025\/46\/das-versagen-katja-gloger-georg-mascolo-deutsche-russlandpolitik-gxe\" rel=\"nofollow\"> was er in seiner Zeit als Bundeskanzler vorangetrieben habe<\/a>: den sicheren und verl\u00e4sslichen Import preiswerter Energie aus Russland. &#8222;Wir brauchen derartige Formen der Kooperation mit Russland.&#8220; Heute sei viel von milit\u00e4rischen &#8222;F\u00e4higkeiten&#8220; die Rede, doch Deutschland und Europa br\u00e4uchten in erster Linie &#8222;Friedensf\u00e4higkeit&#8220;, meint Schr\u00f6der.\u00a0\n<\/p>\n<p>Schr\u00f6der warnte auch vor einem Machtverlust der EU, die mit ihrem derzeitigen Kurs international an Bedeutung verliere \u2013 unter anderem, weil Russland und die USA \u00fcber den Kopf der EU hinweg \u00fcber die Zukunft der <span><a href=\"https:\/\/www.zeit.de\/politik\/ausland\/ukraine-krieg-news-liveblog\" rel=\"nofollow\">Ukraine<\/a><\/span> verhandelten, &#8222;aber wir die Kosten des Krieges bezahlen sollen&#8220;. Die Politik von US-Pr\u00e4sident Donald Trump habe fatale Folgen f\u00fcr Europa. Trump versuche nicht nur, sich Gr\u00f6nland einzuverleiben, sondern die EU in neue Abh\u00e4ngigkeit von den USA zu bringen. &#8222;Die Welt wird neu geordnet, aber die EU reagiert nur, weil sie selbst nach dem gefeierten <a href=\"https:\/\/www.zeit.de\/politik\/ausland\/2026-01\/mercosur-abkommen-rechtsgutachten-eugh-eu-parlament\" rel=\"nofollow\">Freihandelsabkommen mit dem s\u00fcdamerikanischen Mercosur<\/a> keine strategische Gr\u00f6\u00dfe mehr zu sein scheint.&#8220;\n<\/p>\n<\/div>\n","protected":false},"excerpt":{"rendered":"<p>Der fr\u00fchere Bundeskanzler Gerhard Schr\u00f6der nennt den russischen Angriffskrieg in der Ukraine zwar v\u00f6lkerrechtswidrig, warnt aber vor einer &#8222;D\u00e4monisierung&#8220; Russlands. &#8222;Nat\u00fcrlich ist der Krieg in der Ukraine nicht zu respektieren, auch nicht zu relativieren. Er ist v\u00f6lkerrechtswidrig, eine Verletzung der Menschenrechte&#8220;, schreibt der 81 Jahre alte Altkanzler in einem Gastbeitrag f\u00fcr die . Es m\u00fcssten<\/p>\n","protected":false},"author":1,"featured_media":319863,"comment_status":"open","ping_status":"open","sticky":false,"template":"","format":"standard","meta":{"footnotes":""},"categories":[116],"tags":[],"class_list":["post-319862","post","type-post","status-publish","format-standard","has-post-thumbnail","hentry","category-war-chronicles-de"],"acf":[],"yoast_head":"<!-- This site is optimized with the Yoast SEO plugin v22.9 - https:\/\/yoast.com\/wordpress\/plugins\/seo\/ -->\n<title>Gerhard Schr\u00f6der beklagt &quot;D\u00e4monisierung&quot; Russlands - vof-news.eu<\/title>\n<meta name=\"description\" content=\"Der fr\u00fchere Bundeskanzler Gerhard Schr\u00f6der nennt den russischen Angriffskrieg in der Ukraine zwar v\u00f6lkerrechtswidrig, warnt aber vor einer &quot;D\u00e4monisierung&quot; Russlands. &quot;Nat\u00fcrlich ist der Krieg in der Ukraine nicht zu respektieren, auch nicht zu relativieren. Er ist v\u00f6lkerrechtswidrig, eine Verletzung der Menschenrechte&quot;, schreibt der 81 Jahre alte Altkanzler in einem Gastbeitrag f\u00fcr die . Es m\u00fcssten alle diplomatischen Mittel genutzt werden, um den Krieg zu stoppen.\u00a0\" \/>\n<meta name=\"robots\" content=\"noindex, follow, max-snippet:-1, max-image-preview:large, max-video-preview:-1\" \/>\n<meta property=\"og:locale\" content=\"de_DE\" \/>\n<meta property=\"og:type\" content=\"article\" \/>\n<meta property=\"og:title\" content=\"Gerhard Schr\u00f6der beklagt &quot;D\u00e4monisierung&quot; Russlands - vof-news.eu\" \/>\n<meta property=\"og:description\" content=\"Der fr\u00fchere Bundeskanzler Gerhard Schr\u00f6der nennt den russischen Angriffskrieg in der Ukraine zwar v\u00f6lkerrechtswidrig, warnt aber vor einer &quot;D\u00e4monisierung&quot; Russlands. &quot;Nat\u00fcrlich ist der Krieg in der Ukraine nicht zu respektieren, auch nicht zu relativieren. Er ist v\u00f6lkerrechtswidrig, eine Verletzung der Menschenrechte&quot;, schreibt der 81 Jahre alte Altkanzler in einem Gastbeitrag f\u00fcr die . Es m\u00fcssten alle diplomatischen Mittel genutzt werden, um den Krieg zu stoppen.\u00a0\" \/>\n<meta property=\"og:url\" content=\"https:\/\/vof-news.eu\/de\/gerhard-schroder-beklagt-damonisierung-russlands\/\" \/>\n<meta property=\"og:site_name\" content=\"vof-news.eu\" \/>\n<meta property=\"article:published_time\" content=\"2026-01-24T10:28:15+00:00\" \/>\n<meta property=\"article:modified_time\" content=\"2026-01-24T10:29:44+00:00\" \/>\n<meta property=\"og:image\" content=\"https:\/\/vof-news.eu\/wp-content\/uploads\/2026\/01\/wide__1000x562-63.jpg\" \/>\n\t<meta property=\"og:image:width\" content=\"1000\" \/>\n\t<meta property=\"og:image:height\" content=\"562\" \/>\n\t<meta property=\"og:image:type\" content=\"image\/jpeg\" \/>\n<meta name=\"author\" content=\"Author\" \/>\n<meta name=\"twitter:card\" content=\"summary_large_image\" \/>\n<meta name=\"twitter:label1\" content=\"Verfasst von\" \/>\n\t<meta name=\"twitter:data1\" content=\"Author\" \/>\n\t<meta name=\"twitter:label2\" content=\"Gesch\u00e4tzte Lesezeit\" \/>\n\t<meta name=\"twitter:data2\" content=\"2\u00a0Minuten\" \/>\n<script type=\"application\/ld+json\" class=\"yoast-schema-graph\">{\"@context\":\"https:\/\/schema.org\",\"@graph\":[{\"@type\":\"WebPage\",\"@id\":\"https:\/\/vof-news.eu\/de\/gerhard-schroder-beklagt-damonisierung-russlands\/\",\"url\":\"https:\/\/vof-news.eu\/de\/gerhard-schroder-beklagt-damonisierung-russlands\/\",\"name\":\"Gerhard Schr\u00f6der beklagt \\\"D\u00e4monisierung\\\" Russlands - vof-news.eu\",\"isPartOf\":{\"@id\":\"https:\/\/vof-news.eu\/de\/#website\"},\"primaryImageOfPage\":{\"@id\":\"https:\/\/vof-news.eu\/de\/gerhard-schroder-beklagt-damonisierung-russlands\/#primaryimage\"},\"image\":{\"@id\":\"https:\/\/vof-news.eu\/de\/gerhard-schroder-beklagt-damonisierung-russlands\/#primaryimage\"},\"thumbnailUrl\":\"https:\/\/vof-news.eu\/wp-content\/uploads\/2026\/01\/wide__1000x562-63.jpg\",\"datePublished\":\"2026-01-24T10:28:15+00:00\",\"dateModified\":\"2026-01-24T10:29:44+00:00\",\"author\":{\"@id\":\"https:\/\/vof-news.eu\/de\/#\/schema\/person\/f6a2a4309f0561835797fd8c19b333ed\"},\"description\":\"Der fr\u00fchere Bundeskanzler Gerhard Schr\u00f6der nennt den russischen Angriffskrieg in der Ukraine zwar v\u00f6lkerrechtswidrig, warnt aber vor einer \\\"D\u00e4monisierung\\\" Russlands. \\\"Nat\u00fcrlich ist der Krieg in der Ukraine nicht zu respektieren, auch nicht zu relativieren. Er ist v\u00f6lkerrechtswidrig, eine Verletzung der Menschenrechte\\\", schreibt der 81 Jahre alte Altkanzler in einem Gastbeitrag f\u00fcr die . Es m\u00fcssten alle diplomatischen Mittel genutzt werden, um den Krieg zu stoppen.\u00a0\",\"breadcrumb\":{\"@id\":\"https:\/\/vof-news.eu\/de\/gerhard-schroder-beklagt-damonisierung-russlands\/#breadcrumb\"},\"inLanguage\":\"de\",\"potentialAction\":[{\"@type\":\"ReadAction\",\"target\":[\"https:\/\/vof-news.eu\/de\/gerhard-schroder-beklagt-damonisierung-russlands\/\"]}]},{\"@type\":\"ImageObject\",\"inLanguage\":\"de\",\"@id\":\"https:\/\/vof-news.eu\/de\/gerhard-schroder-beklagt-damonisierung-russlands\/#primaryimage\",\"url\":\"https:\/\/vof-news.eu\/wp-content\/uploads\/2026\/01\/wide__1000x562-63.jpg\",\"contentUrl\":\"https:\/\/vof-news.eu\/wp-content\/uploads\/2026\/01\/wide__1000x562-63.jpg\",\"width\":1000,\"height\":562},{\"@type\":\"BreadcrumbList\",\"@id\":\"https:\/\/vof-news.eu\/de\/gerhard-schroder-beklagt-damonisierung-russlands\/#breadcrumb\",\"itemListElement\":[{\"@type\":\"ListItem\",\"position\":1,\"name\":\"Home\",\"item\":\"https:\/\/vof-news.eu\/de\/\"},{\"@type\":\"ListItem\",\"position\":2,\"name\":\"Gerhard Schr\u00f6der beklagt &#8220;D\u00e4monisierung&#8221; Russlands\"}]},{\"@type\":\"WebSite\",\"@id\":\"https:\/\/vof-news.eu\/de\/#website\",\"url\":\"https:\/\/vof-news.eu\/de\/\",\"name\":\"vof-news.eu\",\"description\":\"\",\"potentialAction\":[{\"@type\":\"SearchAction\",\"target\":{\"@type\":\"EntryPoint\",\"urlTemplate\":\"https:\/\/vof-news.eu\/de\/?s={search_term_string}\"},\"query-input\":\"required name=search_term_string\"}],\"inLanguage\":\"de\"},{\"@type\":\"Person\",\"@id\":\"https:\/\/vof-news.eu\/de\/#\/schema\/person\/f6a2a4309f0561835797fd8c19b333ed\",\"name\":\"Author\",\"image\":{\"@type\":\"ImageObject\",\"inLanguage\":\"de\",\"@id\":\"https:\/\/vof-news.eu\/de\/#\/schema\/person\/image\/\",\"url\":\"https:\/\/secure.gravatar.com\/avatar\/b67e614b1b25b3e9c0c239efdd2fde5ab015b5affd6f1c3c85911ca4b384e790?s=96&d=mm&r=g\",\"contentUrl\":\"https:\/\/secure.gravatar.com\/avatar\/b67e614b1b25b3e9c0c239efdd2fde5ab015b5affd6f1c3c85911ca4b384e790?s=96&d=mm&r=g\",\"caption\":\"Author\"},\"sameAs\":[\"http:\/\/vof-news.eu\"],\"url\":\"https:\/\/vof-news.eu\/de\/author\/zwt6qxnjulxbnyg\/\"}]}<\/script>\n<!-- \/ Yoast SEO plugin. -->","yoast_head_json":{"title":"Gerhard Schr\u00f6der beklagt \"D\u00e4monisierung\" Russlands - vof-news.eu","description":"Der fr\u00fchere Bundeskanzler Gerhard Schr\u00f6der nennt den russischen Angriffskrieg in der Ukraine zwar v\u00f6lkerrechtswidrig, warnt aber vor einer \"D\u00e4monisierung\" Russlands. \"Nat\u00fcrlich ist der Krieg in der Ukraine nicht zu respektieren, auch nicht zu relativieren. Er ist v\u00f6lkerrechtswidrig, eine Verletzung der Menschenrechte\", schreibt der 81 Jahre alte Altkanzler in einem Gastbeitrag f\u00fcr die . Es m\u00fcssten alle diplomatischen Mittel genutzt werden, um den Krieg zu stoppen.\u00a0","robots":{"index":"noindex","follow":"follow","max-snippet":"max-snippet:-1","max-image-preview":"max-image-preview:large","max-video-preview":"max-video-preview:-1"},"og_locale":"de_DE","og_type":"article","og_title":"Gerhard Schr\u00f6der beklagt \"D\u00e4monisierung\" Russlands - vof-news.eu","og_description":"Der fr\u00fchere Bundeskanzler Gerhard Schr\u00f6der nennt den russischen Angriffskrieg in der Ukraine zwar v\u00f6lkerrechtswidrig, warnt aber vor einer \"D\u00e4monisierung\" Russlands. \"Nat\u00fcrlich ist der Krieg in der Ukraine nicht zu respektieren, auch nicht zu relativieren. Er ist v\u00f6lkerrechtswidrig, eine Verletzung der Menschenrechte\", schreibt der 81 Jahre alte Altkanzler in einem Gastbeitrag f\u00fcr die . Es m\u00fcssten alle diplomatischen Mittel genutzt werden, um den Krieg zu stoppen.\u00a0","og_url":"https:\/\/vof-news.eu\/de\/gerhard-schroder-beklagt-damonisierung-russlands\/","og_site_name":"vof-news.eu","article_published_time":"2026-01-24T10:28:15+00:00","article_modified_time":"2026-01-24T10:29:44+00:00","og_image":[{"width":1000,"height":562,"url":"https:\/\/vof-news.eu\/wp-content\/uploads\/2026\/01\/wide__1000x562-63.jpg","type":"image\/jpeg"}],"author":"Author","twitter_card":"summary_large_image","twitter_misc":{"Verfasst von":"Author","Gesch\u00e4tzte Lesezeit":"2\u00a0Minuten"},"schema":{"@context":"https:\/\/schema.org","@graph":[{"@type":"WebPage","@id":"https:\/\/vof-news.eu\/de\/gerhard-schroder-beklagt-damonisierung-russlands\/","url":"https:\/\/vof-news.eu\/de\/gerhard-schroder-beklagt-damonisierung-russlands\/","name":"Gerhard Schr\u00f6der beklagt \"D\u00e4monisierung\" Russlands - vof-news.eu","isPartOf":{"@id":"https:\/\/vof-news.eu\/de\/#website"},"primaryImageOfPage":{"@id":"https:\/\/vof-news.eu\/de\/gerhard-schroder-beklagt-damonisierung-russlands\/#primaryimage"},"image":{"@id":"https:\/\/vof-news.eu\/de\/gerhard-schroder-beklagt-damonisierung-russlands\/#primaryimage"},"thumbnailUrl":"https:\/\/vof-news.eu\/wp-content\/uploads\/2026\/01\/wide__1000x562-63.jpg","datePublished":"2026-01-24T10:28:15+00:00","dateModified":"2026-01-24T10:29:44+00:00","author":{"@id":"https:\/\/vof-news.eu\/de\/#\/schema\/person\/f6a2a4309f0561835797fd8c19b333ed"},"description":"Der fr\u00fchere Bundeskanzler Gerhard Schr\u00f6der nennt den russischen Angriffskrieg in der Ukraine zwar v\u00f6lkerrechtswidrig, warnt aber vor einer \"D\u00e4monisierung\" Russlands. \"Nat\u00fcrlich ist der Krieg in der Ukraine nicht zu respektieren, auch nicht zu relativieren. Er ist v\u00f6lkerrechtswidrig, eine Verletzung der Menschenrechte\", schreibt der 81 Jahre alte Altkanzler in einem Gastbeitrag f\u00fcr die . Es m\u00fcssten alle diplomatischen Mittel genutzt werden, um den Krieg zu stoppen.\u00a0","breadcrumb":{"@id":"https:\/\/vof-news.eu\/de\/gerhard-schroder-beklagt-damonisierung-russlands\/#breadcrumb"},"inLanguage":"de","potentialAction":[{"@type":"ReadAction","target":["https:\/\/vof-news.eu\/de\/gerhard-schroder-beklagt-damonisierung-russlands\/"]}]},{"@type":"ImageObject","inLanguage":"de","@id":"https:\/\/vof-news.eu\/de\/gerhard-schroder-beklagt-damonisierung-russlands\/#primaryimage","url":"https:\/\/vof-news.eu\/wp-content\/uploads\/2026\/01\/wide__1000x562-63.jpg","contentUrl":"https:\/\/vof-news.eu\/wp-content\/uploads\/2026\/01\/wide__1000x562-63.jpg","width":1000,"height":562},{"@type":"BreadcrumbList","@id":"https:\/\/vof-news.eu\/de\/gerhard-schroder-beklagt-damonisierung-russlands\/#breadcrumb","itemListElement":[{"@type":"ListItem","position":1,"name":"Home","item":"https:\/\/vof-news.eu\/de\/"},{"@type":"ListItem","position":2,"name":"Gerhard Schr\u00f6der beklagt &#8220;D\u00e4monisierung&#8221; Russlands"}]},{"@type":"WebSite","@id":"https:\/\/vof-news.eu\/de\/#website","url":"https:\/\/vof-news.eu\/de\/","name":"vof-news.eu","description":"","potentialAction":[{"@type":"SearchAction","target":{"@type":"EntryPoint","urlTemplate":"https:\/\/vof-news.eu\/de\/?s={search_term_string}"},"query-input":"required name=search_term_string"}],"inLanguage":"de"},{"@type":"Person","@id":"https:\/\/vof-news.eu\/de\/#\/schema\/person\/f6a2a4309f0561835797fd8c19b333ed","name":"Author","image":{"@type":"ImageObject","inLanguage":"de","@id":"https:\/\/vof-news.eu\/de\/#\/schema\/person\/image\/","url":"https:\/\/secure.gravatar.com\/avatar\/b67e614b1b25b3e9c0c239efdd2fde5ab015b5affd6f1c3c85911ca4b384e790?s=96&d=mm&r=g","contentUrl":"https:\/\/secure.gravatar.com\/avatar\/b67e614b1b25b3e9c0c239efdd2fde5ab015b5affd6f1c3c85911ca4b384e790?s=96&d=mm&r=g","caption":"Author"},"sameAs":["http:\/\/vof-news.eu"],"url":"https:\/\/vof-news.eu\/de\/author\/zwt6qxnjulxbnyg\/"}]}},"yoast_meta":{"yoast_wpseo_title":"","yoast_wpseo_metadesc":"","yoast_wpseo_canonical":""},"_links":{"self":[{"href":"https:\/\/vof-news.eu\/de\/wp-json\/wp\/v2\/posts\/319862","targetHints":{"allow":["GET"]}}],"collection":[{"href":"https:\/\/vof-news.eu\/de\/wp-json\/wp\/v2\/posts"}],"about":[{"href":"https:\/\/vof-news.eu\/de\/wp-json\/wp\/v2\/types\/post"}],"author":[{"embeddable":true,"href":"https:\/\/vof-news.eu\/de\/wp-json\/wp\/v2\/users\/1"}],"replies":[{"embeddable":true,"href":"https:\/\/vof-news.eu\/de\/wp-json\/wp\/v2\/comments?post=319862"}],"version-history":[{"count":1,"href":"https:\/\/vof-news.eu\/de\/wp-json\/wp\/v2\/posts\/319862\/revisions"}],"predecessor-version":[{"id":319869,"href":"https:\/\/vof-news.eu\/de\/wp-json\/wp\/v2\/posts\/319862\/revisions\/319869"}],"wp:featuredmedia":[{"embeddable":true,"href":"https:\/\/vof-news.eu\/de\/wp-json\/wp\/v2\/media\/319863"}],"wp:attachment":[{"href":"https:\/\/vof-news.eu\/de\/wp-json\/wp\/v2\/media?parent=319862"}],"wp:term":[{"taxonomy":"category","embeddable":true,"href":"https:\/\/vof-news.eu\/de\/wp-json\/wp\/v2\/categories?post=319862"},{"taxonomy":"post_tag","embeddable":true,"href":"https:\/\/vof-news.eu\/de\/wp-json\/wp\/v2\/tags?post=319862"}],"curies":[{"name":"wp","href":"https:\/\/api.w.org\/{rel}","templated":true}]}}