{"id":319713,"date":"2026-01-23T21:28:25","date_gmt":"2026-01-23T18:28:25","guid":{"rendered":"https:\/\/vof-news.eu\/wenigstens-reden-sie-2\/"},"modified":"2026-01-23T21:30:05","modified_gmt":"2026-01-23T18:30:05","slug":"wenigstens-reden-sie-2","status":"publish","type":"post","link":"https:\/\/vof-news.eu\/de\/wenigstens-reden-sie-2\/","title":{"rendered":"Wenigstens reden sie"},"content":{"rendered":"<div>\n<p>Es war \u2013 mal wieder \u2013 eine wechselhafte Woche f\u00fcr den ukrainischen Pr\u00e4sidenten Wolodymyr Selenskyj und sein Land. Sie begann mit Verhandlungen in den USA am vergangenen Wochenende und mit der Hoffnung, dass US-Pr\u00e4sident Donald Trump auf dem Weltwirtschaftsgipfel in Davos die <span><a href=\"https:\/\/www.zeit.de\/politik\/ausland\/ukraine-krieg-news-liveblog\" rel=\"nofollow\">Ukraine<\/a><\/span> mit konkreten Sicherheitsgarantien <a href=\"https:\/\/www.reuters.com\/world\/europe\/ukrainian-team-heading-us-security-guarantees-talks-zelenskiy-says-2026-01-16\/\" rel=\"nofollow\">f\u00fcr eine Zeit nach dem Krieg ausstatten w\u00fcrde<\/a>. Ein entsprechendes Dokument, so war aus ukrainischen Regierungskreisen zu h\u00f6ren, sei fertig und unterschriftsreif. Auch von einem milliardenschweren Wiederaufbauprogramm f\u00fcr die Ukraine war die Rede.\u00a0\n<\/p>\n<p>Stattdessen jedoch wirbelte Trump die Weltpolitik mit seinen Gr\u00f6nland-Forderungen auf, sodass die Ukraine beinahe von der Agenda in Davos verschwand. W\u00e4hrenddessen verst\u00e4rkte <span><a href=\"https:\/\/www.zeit.de\/thema\/russland\" rel=\"nofollow\">Russland<\/a><\/span>, inmitten einer au\u00dfergew\u00f6hnlichen K\u00e4ltewelle in der Ukraine, seine Angriffe auf die Energie- und W\u00e4rmenetze des Landes. Allein in der Hauptstadt Kyjiw m\u00fcssen deshalb noch immer Hunderttausende Menschen bei Minusgraden ohne Strom und Heizung ausharren.\n<\/p>\n<p><span><a href=\"https:\/\/www.zeit.de\/thema\/wolodymyr-selenskyj\" rel=\"nofollow\">Selenskyj<\/a><\/span>, der in dieser Situation lediglich f\u00fcr einen Last-Minute-Besuch in der Schweiz Zeit hatte, konnte Trump am Donnerstag nicht mehr zu schriftlichen Sicherheitsverpflichtungen bewegen. Stattdessen k\u00fcndigte der Pr\u00e4sident \u00fcberraschend ein trilaterales Treffen mit den Delegationen Russlands und der USA in den Vereinigten Arabischen Emiraten an. In Vorbereitung auf diese Verhandlungen besuchten Trumps Unterh\u00e4ndler Steve Witkoff und Jared Kushner Moskau. In der Nacht auf Freitag hatten sie eine fast vierst\u00fcndige Audienz bei Wladimir Putin.\n<\/p>\n<h2>Russland schickt hochrangige Delegation<\/h2>\n<p>Dass ein solches Treffen \u00fcberhaupt stattfindet, ist zumindest ein kleiner diplomatischer Fortschritt. Das letzte Mal trafen sich Delegationen aus der Ukraine und aus Russland im <a href=\"https:\/\/www.zeit.de\/politik\/ausland\/2025-05\/ukrainekrieg-russland-gespraeche-verhandlungen-istanbul\" rel=\"nofollow\">vergangenen Juni in Istanbul<\/a>. Russland hatte damals unbedeutende Figuren wie den ehemaligen Kulturminister Wladimir Medinski geschickt, w\u00e4hrend die ukrainische Regierung ein hochrangiges Team, angef\u00fchrt vom Sicherheitsratschef Rustem Umjerow einfliegen lie\u00df. Damals konnten sich die Parteien lediglich auf den Austausch von Kriegsgefangenen einigen.\u00a0\n<\/p>\n<p>Diesmal schickt Russland einflussreiche Milit\u00e4rs, darunter den m\u00e4chtigen Chef des Milit\u00e4rgeheimdienstes GRU, Igor Kostjukow. Dieser war bisher die Kontaktperson von Kyrylo Budanow, bis vor Kurzem Chef des ukrainischen Geheimdienstes HUR und mittlerweile Stabschef von Selenskyj. Von ukrainischer Seite sind neben Umjerow und Budanow auch der Generalstabschef Andrij Hnatow und Dawyd Arachamija, Fraktionschef der Regierungspartei Sluha Narodu, in <span><a href=\"https:\/\/www.zeit.de\/thema\/abu-dhabi\" rel=\"nofollow\">Abu Dhabi<\/a><\/span> dabei.\n<\/p>\n<p>Die Agenda des Treffens f\u00fchrt jedoch gleich zum gr\u00f6\u00dften Problem, vor dem die Verhandelnden stehen. Zur Diskussion steht derzeit ein loser 20-Punkte-Plan. Dieser Plan sieht die Unterzeichnung von mehreren Dokumenten vor. Neben den Papieren zu Sicherheitsgarantien und einem Programm f\u00fcr den Wiederaufbau soll ein separates Dokument die sogenannte Gebietsfrage kl\u00e4ren, also die k\u00fcnftige Zugeh\u00f6rigkeit des Donbass. Erst wenn beide Seiten diese Frage gekl\u00e4rt haben, sollen sie sich verpflichten, die erreichten Vereinbarungen nicht mehr mit Gewalt zu ver\u00e4ndern. Sowohl Pr\u00e4sident Selenskyj als auch Putins Sprecher Dmitri Peskow sagten am Freitag, dass die Gebietsfrage im Zentrum der Gespr\u00e4che stehen soll.\n<\/p>\n<h2>Territorialfrage bleibt offen<\/h2>\n<p>An Russlands Position dazu hat sich nichts ge\u00e4ndert. Putin verlangt den vollst\u00e4ndigen Abzug der ukrainischen Truppen aus den Teilen der Regionen Donezk und Luhansk, die noch unter ukrainischer Kontrolle bleiben. Es geht um etwa 5.000 Quadratkilometer. Die Ukraine lehnt das ab. Auch Russland, so weit war Selenskyj bisher bereit zu gehen, m\u00fcsse seine Truppen aus dem Donbass abziehen.\n<\/p>\n<p>Entsprechend pessimistisch blicken Experten auf das Treffen in Abu Dhabi, das bis in den Samstag hinein dauern soll. &#8222;Ich sehe wenig Grund f\u00fcr Optimismus in egal welchem Gespr\u00e4chsformat&#8220;, sagt Mykola Bielieskow vom Kyjiwer Nationalen Institut f\u00fcr Strategische Studien. Was die <span><a href=\"https:\/\/www.zeit.de\/thema\/usa\" rel=\"nofollow\">USA<\/a><\/span> der Ukraine bisher abverlangt h\u00e4tten, sei noch immer nicht genug f\u00fcr Russland. Putin glaube nach wie vor, dass die Zeit auf seiner Seite sei. &#8222;Das Hauptziel der Ukraine in diesen Gespr\u00e4chen bleibt dasselbe wie schon im gesamten Jahresverlauf 2025: Trump soll das Land nicht als Haupthindernis f\u00fcr Frieden betrachten&#8220;, fasst Bielieskow zusammen.\n<\/p>\n<p>\u00c4hnlich skeptisch bleibt auch die Russlandkennerin Tatjana Stanowaja, Chefin der auf russische Politik spezialisierten Beratung R.Politik. Moskaus Forderungen nach einem Abzug der ukrainischen Truppen bezeichnet Stanowaja im Gespr\u00e4ch mit der ZEIT als &#8222;verst\u00e4ndliche Taktik&#8220;: Die Logik sei einfach: &#8222;Lasst die Ukrainer erst einmal die Truppen abziehen, alles Weitere besprechen wir danach.&#8220; &#8222;Alles Weitere&#8220; umfasse jedoch Forderungen, bei denen Russland &#8222;keineswegs ernsthaft nachgeben will&#8220;.\n<\/p>\n<\/div>\n","protected":false},"excerpt":{"rendered":"<p>Es war \u2013 mal wieder \u2013 eine wechselhafte Woche f\u00fcr den ukrainischen Pr\u00e4sidenten Wolodymyr Selenskyj und sein Land. Sie begann mit Verhandlungen in den USA am vergangenen Wochenende und mit der Hoffnung, dass US-Pr\u00e4sident Donald Trump auf dem Weltwirtschaftsgipfel in Davos die Ukraine mit konkreten Sicherheitsgarantien f\u00fcr eine Zeit nach dem Krieg ausstatten w\u00fcrde. Ein<\/p>\n","protected":false},"author":1,"featured_media":319714,"comment_status":"open","ping_status":"open","sticky":false,"template":"","format":"standard","meta":{"footnotes":""},"categories":[116],"tags":[],"class_list":["post-319713","post","type-post","status-publish","format-standard","has-post-thumbnail","hentry","category-war-chronicles-de"],"acf":[],"yoast_head":"<!-- This site is optimized with the Yoast SEO plugin v22.9 - https:\/\/yoast.com\/wordpress\/plugins\/seo\/ -->\n<title>Wenigstens reden sie - vof-news.eu<\/title>\n<meta name=\"description\" content=\"Es war \u2013 mal wieder \u2013 eine wechselhafte Woche f\u00fcr den ukrainischen Pr\u00e4sidenten Wolodymyr Selenskyj und sein Land. Sie begann mit Verhandlungen in den USA am vergangenen Wochenende und mit der Hoffnung, dass US-Pr\u00e4sident Donald Trump auf dem Weltwirtschaftsgipfel in Davos die Ukraine mit konkreten Sicherheitsgarantien f\u00fcr eine Zeit nach dem Krieg ausstatten w\u00fcrde. Ein entsprechendes Dokument, so war aus ukrainischen Regierungskreisen zu h\u00f6ren, sei fertig und unterschriftsreif. Auch von einem milliardenschweren Wiederaufbauprogramm f\u00fcr die Ukraine war die Rede.\u00a0\" \/>\n<meta name=\"robots\" content=\"noindex, follow, max-snippet:-1, max-image-preview:large, max-video-preview:-1\" \/>\n<meta property=\"og:locale\" content=\"de_DE\" \/>\n<meta property=\"og:type\" content=\"article\" \/>\n<meta property=\"og:title\" content=\"Wenigstens reden sie - vof-news.eu\" \/>\n<meta property=\"og:description\" content=\"Es war \u2013 mal wieder \u2013 eine wechselhafte Woche f\u00fcr den ukrainischen Pr\u00e4sidenten Wolodymyr Selenskyj und sein Land. Sie begann mit Verhandlungen in den USA am vergangenen Wochenende und mit der Hoffnung, dass US-Pr\u00e4sident Donald Trump auf dem Weltwirtschaftsgipfel in Davos die Ukraine mit konkreten Sicherheitsgarantien f\u00fcr eine Zeit nach dem Krieg ausstatten w\u00fcrde. Ein entsprechendes Dokument, so war aus ukrainischen Regierungskreisen zu h\u00f6ren, sei fertig und unterschriftsreif. Auch von einem milliardenschweren Wiederaufbauprogramm f\u00fcr die Ukraine war die Rede.\u00a0\" \/>\n<meta property=\"og:url\" content=\"https:\/\/vof-news.eu\/de\/wenigstens-reden-sie-2\/\" \/>\n<meta property=\"og:site_name\" content=\"vof-news.eu\" \/>\n<meta property=\"article:published_time\" content=\"2026-01-23T18:28:25+00:00\" \/>\n<meta property=\"article:modified_time\" content=\"2026-01-23T18:30:05+00:00\" \/>\n<meta property=\"og:image\" content=\"https:\/\/vof-news.eu\/wp-content\/uploads\/2026\/01\/wide__1000x562-58.jpg\" \/>\n\t<meta property=\"og:image:width\" content=\"1000\" \/>\n\t<meta property=\"og:image:height\" content=\"562\" \/>\n\t<meta property=\"og:image:type\" content=\"image\/jpeg\" \/>\n<meta name=\"author\" content=\"Author\" \/>\n<meta name=\"twitter:card\" content=\"summary_large_image\" \/>\n<meta name=\"twitter:label1\" content=\"Verfasst von\" \/>\n\t<meta name=\"twitter:data1\" content=\"Author\" \/>\n\t<meta name=\"twitter:label2\" content=\"Gesch\u00e4tzte Lesezeit\" \/>\n\t<meta name=\"twitter:data2\" content=\"3\u00a0Minuten\" \/>\n<script type=\"application\/ld+json\" class=\"yoast-schema-graph\">{\"@context\":\"https:\/\/schema.org\",\"@graph\":[{\"@type\":\"WebPage\",\"@id\":\"https:\/\/vof-news.eu\/de\/wenigstens-reden-sie-2\/\",\"url\":\"https:\/\/vof-news.eu\/de\/wenigstens-reden-sie-2\/\",\"name\":\"Wenigstens reden sie - vof-news.eu\",\"isPartOf\":{\"@id\":\"https:\/\/vof-news.eu\/de\/#website\"},\"primaryImageOfPage\":{\"@id\":\"https:\/\/vof-news.eu\/de\/wenigstens-reden-sie-2\/#primaryimage\"},\"image\":{\"@id\":\"https:\/\/vof-news.eu\/de\/wenigstens-reden-sie-2\/#primaryimage\"},\"thumbnailUrl\":\"https:\/\/vof-news.eu\/wp-content\/uploads\/2026\/01\/wide__1000x562-58.jpg\",\"datePublished\":\"2026-01-23T18:28:25+00:00\",\"dateModified\":\"2026-01-23T18:30:05+00:00\",\"author\":{\"@id\":\"https:\/\/vof-news.eu\/de\/#\/schema\/person\/f6a2a4309f0561835797fd8c19b333ed\"},\"description\":\"Es war \u2013 mal wieder \u2013 eine wechselhafte Woche f\u00fcr den ukrainischen Pr\u00e4sidenten Wolodymyr Selenskyj und sein Land. Sie begann mit Verhandlungen in den USA am vergangenen Wochenende und mit der Hoffnung, dass US-Pr\u00e4sident Donald Trump auf dem Weltwirtschaftsgipfel in Davos die Ukraine mit konkreten Sicherheitsgarantien f\u00fcr eine Zeit nach dem Krieg ausstatten w\u00fcrde. Ein entsprechendes Dokument, so war aus ukrainischen Regierungskreisen zu h\u00f6ren, sei fertig und unterschriftsreif. Auch von einem milliardenschweren Wiederaufbauprogramm f\u00fcr die Ukraine war die Rede.\u00a0\",\"breadcrumb\":{\"@id\":\"https:\/\/vof-news.eu\/de\/wenigstens-reden-sie-2\/#breadcrumb\"},\"inLanguage\":\"de\",\"potentialAction\":[{\"@type\":\"ReadAction\",\"target\":[\"https:\/\/vof-news.eu\/de\/wenigstens-reden-sie-2\/\"]}]},{\"@type\":\"ImageObject\",\"inLanguage\":\"de\",\"@id\":\"https:\/\/vof-news.eu\/de\/wenigstens-reden-sie-2\/#primaryimage\",\"url\":\"https:\/\/vof-news.eu\/wp-content\/uploads\/2026\/01\/wide__1000x562-58.jpg\",\"contentUrl\":\"https:\/\/vof-news.eu\/wp-content\/uploads\/2026\/01\/wide__1000x562-58.jpg\",\"width\":1000,\"height\":562},{\"@type\":\"BreadcrumbList\",\"@id\":\"https:\/\/vof-news.eu\/de\/wenigstens-reden-sie-2\/#breadcrumb\",\"itemListElement\":[{\"@type\":\"ListItem\",\"position\":1,\"name\":\"Home\",\"item\":\"https:\/\/vof-news.eu\/de\/\"},{\"@type\":\"ListItem\",\"position\":2,\"name\":\"Wenigstens reden sie\"}]},{\"@type\":\"WebSite\",\"@id\":\"https:\/\/vof-news.eu\/de\/#website\",\"url\":\"https:\/\/vof-news.eu\/de\/\",\"name\":\"vof-news.eu\",\"description\":\"\",\"potentialAction\":[{\"@type\":\"SearchAction\",\"target\":{\"@type\":\"EntryPoint\",\"urlTemplate\":\"https:\/\/vof-news.eu\/de\/?s={search_term_string}\"},\"query-input\":\"required name=search_term_string\"}],\"inLanguage\":\"de\"},{\"@type\":\"Person\",\"@id\":\"https:\/\/vof-news.eu\/de\/#\/schema\/person\/f6a2a4309f0561835797fd8c19b333ed\",\"name\":\"Author\",\"image\":{\"@type\":\"ImageObject\",\"inLanguage\":\"de\",\"@id\":\"https:\/\/vof-news.eu\/de\/#\/schema\/person\/image\/\",\"url\":\"https:\/\/secure.gravatar.com\/avatar\/b67e614b1b25b3e9c0c239efdd2fde5ab015b5affd6f1c3c85911ca4b384e790?s=96&d=mm&r=g\",\"contentUrl\":\"https:\/\/secure.gravatar.com\/avatar\/b67e614b1b25b3e9c0c239efdd2fde5ab015b5affd6f1c3c85911ca4b384e790?s=96&d=mm&r=g\",\"caption\":\"Author\"},\"sameAs\":[\"http:\/\/vof-news.eu\"],\"url\":\"https:\/\/vof-news.eu\/de\/author\/zwt6qxnjulxbnyg\/\"}]}<\/script>\n<!-- \/ Yoast SEO plugin. -->","yoast_head_json":{"title":"Wenigstens reden sie - vof-news.eu","description":"Es war \u2013 mal wieder \u2013 eine wechselhafte Woche f\u00fcr den ukrainischen Pr\u00e4sidenten Wolodymyr Selenskyj und sein Land. Sie begann mit Verhandlungen in den USA am vergangenen Wochenende und mit der Hoffnung, dass US-Pr\u00e4sident Donald Trump auf dem Weltwirtschaftsgipfel in Davos die Ukraine mit konkreten Sicherheitsgarantien f\u00fcr eine Zeit nach dem Krieg ausstatten w\u00fcrde. Ein entsprechendes Dokument, so war aus ukrainischen Regierungskreisen zu h\u00f6ren, sei fertig und unterschriftsreif. Auch von einem milliardenschweren Wiederaufbauprogramm f\u00fcr die Ukraine war die Rede.\u00a0","robots":{"index":"noindex","follow":"follow","max-snippet":"max-snippet:-1","max-image-preview":"max-image-preview:large","max-video-preview":"max-video-preview:-1"},"og_locale":"de_DE","og_type":"article","og_title":"Wenigstens reden sie - vof-news.eu","og_description":"Es war \u2013 mal wieder \u2013 eine wechselhafte Woche f\u00fcr den ukrainischen Pr\u00e4sidenten Wolodymyr Selenskyj und sein Land. Sie begann mit Verhandlungen in den USA am vergangenen Wochenende und mit der Hoffnung, dass US-Pr\u00e4sident Donald Trump auf dem Weltwirtschaftsgipfel in Davos die Ukraine mit konkreten Sicherheitsgarantien f\u00fcr eine Zeit nach dem Krieg ausstatten w\u00fcrde. Ein entsprechendes Dokument, so war aus ukrainischen Regierungskreisen zu h\u00f6ren, sei fertig und unterschriftsreif. Auch von einem milliardenschweren Wiederaufbauprogramm f\u00fcr die Ukraine war die Rede.\u00a0","og_url":"https:\/\/vof-news.eu\/de\/wenigstens-reden-sie-2\/","og_site_name":"vof-news.eu","article_published_time":"2026-01-23T18:28:25+00:00","article_modified_time":"2026-01-23T18:30:05+00:00","og_image":[{"width":1000,"height":562,"url":"https:\/\/vof-news.eu\/wp-content\/uploads\/2026\/01\/wide__1000x562-58.jpg","type":"image\/jpeg"}],"author":"Author","twitter_card":"summary_large_image","twitter_misc":{"Verfasst von":"Author","Gesch\u00e4tzte Lesezeit":"3\u00a0Minuten"},"schema":{"@context":"https:\/\/schema.org","@graph":[{"@type":"WebPage","@id":"https:\/\/vof-news.eu\/de\/wenigstens-reden-sie-2\/","url":"https:\/\/vof-news.eu\/de\/wenigstens-reden-sie-2\/","name":"Wenigstens reden sie - vof-news.eu","isPartOf":{"@id":"https:\/\/vof-news.eu\/de\/#website"},"primaryImageOfPage":{"@id":"https:\/\/vof-news.eu\/de\/wenigstens-reden-sie-2\/#primaryimage"},"image":{"@id":"https:\/\/vof-news.eu\/de\/wenigstens-reden-sie-2\/#primaryimage"},"thumbnailUrl":"https:\/\/vof-news.eu\/wp-content\/uploads\/2026\/01\/wide__1000x562-58.jpg","datePublished":"2026-01-23T18:28:25+00:00","dateModified":"2026-01-23T18:30:05+00:00","author":{"@id":"https:\/\/vof-news.eu\/de\/#\/schema\/person\/f6a2a4309f0561835797fd8c19b333ed"},"description":"Es war \u2013 mal wieder \u2013 eine wechselhafte Woche f\u00fcr den ukrainischen Pr\u00e4sidenten Wolodymyr Selenskyj und sein Land. Sie begann mit Verhandlungen in den USA am vergangenen Wochenende und mit der Hoffnung, dass US-Pr\u00e4sident Donald Trump auf dem Weltwirtschaftsgipfel in Davos die Ukraine mit konkreten Sicherheitsgarantien f\u00fcr eine Zeit nach dem Krieg ausstatten w\u00fcrde. Ein entsprechendes Dokument, so war aus ukrainischen Regierungskreisen zu h\u00f6ren, sei fertig und unterschriftsreif. Auch von einem milliardenschweren Wiederaufbauprogramm f\u00fcr die Ukraine war die Rede.\u00a0","breadcrumb":{"@id":"https:\/\/vof-news.eu\/de\/wenigstens-reden-sie-2\/#breadcrumb"},"inLanguage":"de","potentialAction":[{"@type":"ReadAction","target":["https:\/\/vof-news.eu\/de\/wenigstens-reden-sie-2\/"]}]},{"@type":"ImageObject","inLanguage":"de","@id":"https:\/\/vof-news.eu\/de\/wenigstens-reden-sie-2\/#primaryimage","url":"https:\/\/vof-news.eu\/wp-content\/uploads\/2026\/01\/wide__1000x562-58.jpg","contentUrl":"https:\/\/vof-news.eu\/wp-content\/uploads\/2026\/01\/wide__1000x562-58.jpg","width":1000,"height":562},{"@type":"BreadcrumbList","@id":"https:\/\/vof-news.eu\/de\/wenigstens-reden-sie-2\/#breadcrumb","itemListElement":[{"@type":"ListItem","position":1,"name":"Home","item":"https:\/\/vof-news.eu\/de\/"},{"@type":"ListItem","position":2,"name":"Wenigstens reden sie"}]},{"@type":"WebSite","@id":"https:\/\/vof-news.eu\/de\/#website","url":"https:\/\/vof-news.eu\/de\/","name":"vof-news.eu","description":"","potentialAction":[{"@type":"SearchAction","target":{"@type":"EntryPoint","urlTemplate":"https:\/\/vof-news.eu\/de\/?s={search_term_string}"},"query-input":"required name=search_term_string"}],"inLanguage":"de"},{"@type":"Person","@id":"https:\/\/vof-news.eu\/de\/#\/schema\/person\/f6a2a4309f0561835797fd8c19b333ed","name":"Author","image":{"@type":"ImageObject","inLanguage":"de","@id":"https:\/\/vof-news.eu\/de\/#\/schema\/person\/image\/","url":"https:\/\/secure.gravatar.com\/avatar\/b67e614b1b25b3e9c0c239efdd2fde5ab015b5affd6f1c3c85911ca4b384e790?s=96&d=mm&r=g","contentUrl":"https:\/\/secure.gravatar.com\/avatar\/b67e614b1b25b3e9c0c239efdd2fde5ab015b5affd6f1c3c85911ca4b384e790?s=96&d=mm&r=g","caption":"Author"},"sameAs":["http:\/\/vof-news.eu"],"url":"https:\/\/vof-news.eu\/de\/author\/zwt6qxnjulxbnyg\/"}]}},"yoast_meta":{"yoast_wpseo_title":"","yoast_wpseo_metadesc":"","yoast_wpseo_canonical":""},"_links":{"self":[{"href":"https:\/\/vof-news.eu\/de\/wp-json\/wp\/v2\/posts\/319713","targetHints":{"allow":["GET"]}}],"collection":[{"href":"https:\/\/vof-news.eu\/de\/wp-json\/wp\/v2\/posts"}],"about":[{"href":"https:\/\/vof-news.eu\/de\/wp-json\/wp\/v2\/types\/post"}],"author":[{"embeddable":true,"href":"https:\/\/vof-news.eu\/de\/wp-json\/wp\/v2\/users\/1"}],"replies":[{"embeddable":true,"href":"https:\/\/vof-news.eu\/de\/wp-json\/wp\/v2\/comments?post=319713"}],"version-history":[{"count":1,"href":"https:\/\/vof-news.eu\/de\/wp-json\/wp\/v2\/posts\/319713\/revisions"}],"predecessor-version":[{"id":319720,"href":"https:\/\/vof-news.eu\/de\/wp-json\/wp\/v2\/posts\/319713\/revisions\/319720"}],"wp:featuredmedia":[{"embeddable":true,"href":"https:\/\/vof-news.eu\/de\/wp-json\/wp\/v2\/media\/319714"}],"wp:attachment":[{"href":"https:\/\/vof-news.eu\/de\/wp-json\/wp\/v2\/media?parent=319713"}],"wp:term":[{"taxonomy":"category","embeddable":true,"href":"https:\/\/vof-news.eu\/de\/wp-json\/wp\/v2\/categories?post=319713"},{"taxonomy":"post_tag","embeddable":true,"href":"https:\/\/vof-news.eu\/de\/wp-json\/wp\/v2\/tags?post=319713"}],"curies":[{"name":"wp","href":"https:\/\/api.w.org\/{rel}","templated":true}]}}