{"id":319299,"date":"2026-01-22T21:28:15","date_gmt":"2026-01-22T18:28:15","guid":{"rendered":"https:\/\/vof-news.eu\/selenskyj-kundigt-treffen-zwischen-ukraine-russland-und-den-usa-an\/"},"modified":"2026-01-22T21:29:38","modified_gmt":"2026-01-22T18:29:38","slug":"selenskyj-kundigt-treffen-zwischen-ukraine-russland-und-den-usa-an","status":"publish","type":"post","link":"https:\/\/vof-news.eu\/de\/selenskyj-kundigt-treffen-zwischen-ukraine-russland-und-den-usa-an\/","title":{"rendered":"Selenskyj k\u00fcndigt Treffen zwischen Ukraine, Russland und den USA an"},"content":{"rendered":"<div>\n<p>Der ukrainische Pr\u00e4sident <span><a href=\"https:\/\/www.zeit.de\/thema\/wolodymyr-selenskyj\" rel=\"nofollow\">Wolodymyr Selenskyj<\/a><\/span> hat beim Weltwirtschaftsforum in Davos trilaterale Gespr\u00e4che \u00fcber die Bedingungen f\u00fcr ein Kriegsende angek\u00fcndigt, an denen Vertreter der USA und der Ukraine sowie Russlands teilnehmen sollen. Die Gespr\u00e4che auf Expertenebene w\u00fcrden an diesem Freitag und Samstag in den Vereinigten Arabischen Emiraten stattfinden, sagte Selenskyj. Die Gespr\u00e4che wurden offenbar kurzfristig anberaumt.\u00a0Es sei eine \u00dcberraschung der Amerikaner gewesen, sagte Selenskyj und f\u00fcgte hinzu: &#8222;Ich hoffe, dass die Emirate Bescheid wissen.&#8220;\u00a0\n<\/p>\n<p>Selenskyj \u00e4u\u00dferte sich kurz nach einem rund einst\u00fcndigen Treffen mit US-Pr\u00e4sident Donald Trump beim Weltwirtschaftsforum. Beide Seiten bezeichneten das Gespr\u00e4ch als &#8222;gut&#8220;. Der Krieg zwischen <span><a href=\"https:\/\/www.zeit.de\/thema\/russland\" rel=\"nofollow\">Russland<\/a><\/span> und der Ukraine m\u00fcsse aufh\u00f6ren, sagte Trump im Anschluss an das Treffen. &#8222;Wir hoffen, dass er aufh\u00f6ren wird.&#8220;\u00a0\n<\/p>\n<p>Selenskyj sprach nach dem Treffen von einer Einigung mit Trump \u00fcber Sicherheitsgarantien nach einem Kriegsende. Das Thema sei &#8222;erledigt&#8220;, sagte er vor Journalisten. Ein entsprechendes Dokument m\u00fcsse nun noch von beiden Pr\u00e4sidenten unterzeichnet werden und werde dann an die nationalen Parlamente gehen. Zuvor hatte Selenskyj gesagt, dass es ohne US-Sicherheitsgarantien nicht gehe. Zwar h\u00e4tten Gro\u00dfbritannien und Frankreich ihre Bereitschaft erkl\u00e4rt, eine m\u00f6gliche Waffenruhe mit Russland vor Ort abzusichern, aber &#8222;ohne die USA funktionieren keine Sicherheitsgarantien&#8220;.\n<\/p>\n<h2>Kritik an Nato und Europ\u00e4ern<\/h2>\n<p>In seiner Rede vor den Teilnehmern des Weltwirtschaftsforums hatte Selenskyj den Europ\u00e4ern sowie den Nato-Staaten zu viel Zur\u00fcckhaltung gegen\u00fcber Russland vorgeworfen. &#8222;Europa diskutiert gern \u00fcber die Zukunft, scheut sich aber davor, heute<br \/>\n zu handeln.&#8220; Die Nato existiere allein dank des<br \/>\nGlaubens, die <span><a href=\"https:\/\/www.zeit.de\/thema\/usa\" rel=\"nofollow\">USA<\/a><\/span> w\u00fcrden im Ernstfall helfen. &#8222;Doch niemand hat das<br \/>\nB\u00fcndnis bisher in Aktion erlebt&#8220;, sagte Selenskyj.\u00a0\n<\/p>\n<p>Dar\u00fcber hinaus mahnte Selenskyj auch ein entschlosseneres Vorgehen gegen den russischen \u00d6lhandel an. Trump k\u00f6nne \u00d6ltanker beschlagnahmen, sagte er mit Verweis auf das Vorgehen der USA gegen Venezuela. \u00c4hnliche Ma\u00dfnahmen seien auch in Europa m\u00f6glich.\u00a0Das internationale Seerecht bietet f\u00fcr solche Beschlagnahmungen zur Durchsetzung von Sanktionen allerdings keine belastbare Grundlage. Auf hoher See gilt grunds\u00e4tzlich die ausschlie\u00dfliche Zust\u00e4ndigkeit des jeweiligen Flaggenstaats. Selbst bei begr\u00fcndetem Verdacht auf Staatenlosigkeit erlaubt das Seerecht lediglich das Anhalten und Pr\u00fcfen des Status.\n<\/p>\n<p>Parallel zum Treffen in Davos reisten der US-Sondergesandte Steve Witkoff und Trumps Schwiegersohn Jared Kushner zu Gespr\u00e4chen mit Russlands Staatschef Wladimir Putin nach Moskau. Beide sind von Trump mit den Verhandlungen zur Beendigung des Krieges betraut.\u00a0\n<\/p>\n<\/p>\n<\/div>\n","protected":false},"excerpt":{"rendered":"<p>Der ukrainische Pr\u00e4sident Wolodymyr Selenskyj hat beim Weltwirtschaftsforum in Davos trilaterale Gespr\u00e4che \u00fcber die Bedingungen f\u00fcr ein Kriegsende angek\u00fcndigt, an denen Vertreter der USA und der Ukraine sowie Russlands teilnehmen sollen. Die Gespr\u00e4che auf Expertenebene w\u00fcrden an diesem Freitag und Samstag in den Vereinigten Arabischen Emiraten stattfinden, sagte Selenskyj. Die Gespr\u00e4che wurden offenbar kurzfristig anberaumt.\u00a0Es<\/p>\n","protected":false},"author":1,"featured_media":319300,"comment_status":"open","ping_status":"open","sticky":false,"template":"","format":"standard","meta":{"footnotes":""},"categories":[116],"tags":[],"class_list":["post-319299","post","type-post","status-publish","format-standard","has-post-thumbnail","hentry","category-war-chronicles-de"],"acf":[],"yoast_head":"<!-- This site is optimized with the Yoast SEO plugin v22.9 - https:\/\/yoast.com\/wordpress\/plugins\/seo\/ -->\n<title>Selenskyj k\u00fcndigt Treffen zwischen Ukraine, Russland und den USA an - vof-news.eu<\/title>\n<meta name=\"description\" content=\"Der ukrainische Pr\u00e4sident Wolodymyr Selenskyj hat beim Weltwirtschaftsforum in Davos trilaterale Gespr\u00e4che \u00fcber die Bedingungen f\u00fcr ein Kriegsende angek\u00fcndigt, an denen Vertreter der USA und der Ukraine sowie Russlands teilnehmen sollen. Die Gespr\u00e4che auf Expertenebene w\u00fcrden an diesem Freitag und Samstag in den Vereinigten Arabischen Emiraten stattfinden, sagte Selenskyj. Die Gespr\u00e4che wurden offenbar kurzfristig anberaumt.\u00a0Es sei eine \u00dcberraschung der Amerikaner gewesen, sagte Selenskyj und f\u00fcgte hinzu: &quot;Ich hoffe, dass die Emirate Bescheid wissen.&quot;\u00a0\" \/>\n<meta name=\"robots\" content=\"noindex, follow, max-snippet:-1, max-image-preview:large, max-video-preview:-1\" \/>\n<meta property=\"og:locale\" content=\"de_DE\" \/>\n<meta property=\"og:type\" content=\"article\" \/>\n<meta property=\"og:title\" content=\"Selenskyj k\u00fcndigt Treffen zwischen Ukraine, Russland und den USA an - vof-news.eu\" \/>\n<meta property=\"og:description\" content=\"Der ukrainische Pr\u00e4sident Wolodymyr Selenskyj hat beim Weltwirtschaftsforum in Davos trilaterale Gespr\u00e4che \u00fcber die Bedingungen f\u00fcr ein Kriegsende angek\u00fcndigt, an denen Vertreter der USA und der Ukraine sowie Russlands teilnehmen sollen. Die Gespr\u00e4che auf Expertenebene w\u00fcrden an diesem Freitag und Samstag in den Vereinigten Arabischen Emiraten stattfinden, sagte Selenskyj. Die Gespr\u00e4che wurden offenbar kurzfristig anberaumt.\u00a0Es sei eine \u00dcberraschung der Amerikaner gewesen, sagte Selenskyj und f\u00fcgte hinzu: &quot;Ich hoffe, dass die Emirate Bescheid wissen.&quot;\u00a0\" \/>\n<meta property=\"og:url\" content=\"https:\/\/vof-news.eu\/de\/selenskyj-kundigt-treffen-zwischen-ukraine-russland-und-den-usa-an\/\" \/>\n<meta property=\"og:site_name\" content=\"vof-news.eu\" \/>\n<meta property=\"article:published_time\" content=\"2026-01-22T18:28:15+00:00\" \/>\n<meta property=\"article:modified_time\" content=\"2026-01-22T18:29:38+00:00\" \/>\n<meta property=\"og:image\" content=\"https:\/\/vof-news.eu\/wp-content\/uploads\/2026\/01\/wide__1000x562-56.jpg\" \/>\n\t<meta property=\"og:image:width\" content=\"1000\" \/>\n\t<meta property=\"og:image:height\" content=\"562\" \/>\n\t<meta property=\"og:image:type\" content=\"image\/jpeg\" \/>\n<meta name=\"author\" content=\"Author\" \/>\n<meta name=\"twitter:card\" content=\"summary_large_image\" \/>\n<meta name=\"twitter:label1\" content=\"Verfasst von\" \/>\n\t<meta name=\"twitter:data1\" content=\"Author\" \/>\n\t<meta name=\"twitter:label2\" content=\"Gesch\u00e4tzte Lesezeit\" \/>\n\t<meta name=\"twitter:data2\" content=\"2\u00a0Minuten\" \/>\n<script type=\"application\/ld+json\" class=\"yoast-schema-graph\">{\"@context\":\"https:\/\/schema.org\",\"@graph\":[{\"@type\":\"WebPage\",\"@id\":\"https:\/\/vof-news.eu\/de\/selenskyj-kundigt-treffen-zwischen-ukraine-russland-und-den-usa-an\/\",\"url\":\"https:\/\/vof-news.eu\/de\/selenskyj-kundigt-treffen-zwischen-ukraine-russland-und-den-usa-an\/\",\"name\":\"Selenskyj k\u00fcndigt Treffen zwischen Ukraine, Russland und den USA an - vof-news.eu\",\"isPartOf\":{\"@id\":\"https:\/\/vof-news.eu\/de\/#website\"},\"primaryImageOfPage\":{\"@id\":\"https:\/\/vof-news.eu\/de\/selenskyj-kundigt-treffen-zwischen-ukraine-russland-und-den-usa-an\/#primaryimage\"},\"image\":{\"@id\":\"https:\/\/vof-news.eu\/de\/selenskyj-kundigt-treffen-zwischen-ukraine-russland-und-den-usa-an\/#primaryimage\"},\"thumbnailUrl\":\"https:\/\/vof-news.eu\/wp-content\/uploads\/2026\/01\/wide__1000x562-56.jpg\",\"datePublished\":\"2026-01-22T18:28:15+00:00\",\"dateModified\":\"2026-01-22T18:29:38+00:00\",\"author\":{\"@id\":\"https:\/\/vof-news.eu\/de\/#\/schema\/person\/f6a2a4309f0561835797fd8c19b333ed\"},\"description\":\"Der ukrainische Pr\u00e4sident Wolodymyr Selenskyj hat beim Weltwirtschaftsforum in Davos trilaterale Gespr\u00e4che \u00fcber die Bedingungen f\u00fcr ein Kriegsende angek\u00fcndigt, an denen Vertreter der USA und der Ukraine sowie Russlands teilnehmen sollen. Die Gespr\u00e4che auf Expertenebene w\u00fcrden an diesem Freitag und Samstag in den Vereinigten Arabischen Emiraten stattfinden, sagte Selenskyj. Die Gespr\u00e4che wurden offenbar kurzfristig anberaumt.\u00a0Es sei eine \u00dcberraschung der Amerikaner gewesen, sagte Selenskyj und f\u00fcgte hinzu: \\\"Ich hoffe, dass die Emirate Bescheid wissen.\\\"\u00a0\",\"breadcrumb\":{\"@id\":\"https:\/\/vof-news.eu\/de\/selenskyj-kundigt-treffen-zwischen-ukraine-russland-und-den-usa-an\/#breadcrumb\"},\"inLanguage\":\"de\",\"potentialAction\":[{\"@type\":\"ReadAction\",\"target\":[\"https:\/\/vof-news.eu\/de\/selenskyj-kundigt-treffen-zwischen-ukraine-russland-und-den-usa-an\/\"]}]},{\"@type\":\"ImageObject\",\"inLanguage\":\"de\",\"@id\":\"https:\/\/vof-news.eu\/de\/selenskyj-kundigt-treffen-zwischen-ukraine-russland-und-den-usa-an\/#primaryimage\",\"url\":\"https:\/\/vof-news.eu\/wp-content\/uploads\/2026\/01\/wide__1000x562-56.jpg\",\"contentUrl\":\"https:\/\/vof-news.eu\/wp-content\/uploads\/2026\/01\/wide__1000x562-56.jpg\",\"width\":1000,\"height\":562},{\"@type\":\"BreadcrumbList\",\"@id\":\"https:\/\/vof-news.eu\/de\/selenskyj-kundigt-treffen-zwischen-ukraine-russland-und-den-usa-an\/#breadcrumb\",\"itemListElement\":[{\"@type\":\"ListItem\",\"position\":1,\"name\":\"Home\",\"item\":\"https:\/\/vof-news.eu\/de\/\"},{\"@type\":\"ListItem\",\"position\":2,\"name\":\"Selenskyj k\u00fcndigt Treffen zwischen Ukraine, Russland und den USA an\"}]},{\"@type\":\"WebSite\",\"@id\":\"https:\/\/vof-news.eu\/de\/#website\",\"url\":\"https:\/\/vof-news.eu\/de\/\",\"name\":\"vof-news.eu\",\"description\":\"\",\"potentialAction\":[{\"@type\":\"SearchAction\",\"target\":{\"@type\":\"EntryPoint\",\"urlTemplate\":\"https:\/\/vof-news.eu\/de\/?s={search_term_string}\"},\"query-input\":\"required name=search_term_string\"}],\"inLanguage\":\"de\"},{\"@type\":\"Person\",\"@id\":\"https:\/\/vof-news.eu\/de\/#\/schema\/person\/f6a2a4309f0561835797fd8c19b333ed\",\"name\":\"Author\",\"image\":{\"@type\":\"ImageObject\",\"inLanguage\":\"de\",\"@id\":\"https:\/\/vof-news.eu\/de\/#\/schema\/person\/image\/\",\"url\":\"https:\/\/secure.gravatar.com\/avatar\/b67e614b1b25b3e9c0c239efdd2fde5ab015b5affd6f1c3c85911ca4b384e790?s=96&d=mm&r=g\",\"contentUrl\":\"https:\/\/secure.gravatar.com\/avatar\/b67e614b1b25b3e9c0c239efdd2fde5ab015b5affd6f1c3c85911ca4b384e790?s=96&d=mm&r=g\",\"caption\":\"Author\"},\"sameAs\":[\"http:\/\/vof-news.eu\"],\"url\":\"https:\/\/vof-news.eu\/de\/author\/zwt6qxnjulxbnyg\/\"}]}<\/script>\n<!-- \/ Yoast SEO plugin. -->","yoast_head_json":{"title":"Selenskyj k\u00fcndigt Treffen zwischen Ukraine, Russland und den USA an - vof-news.eu","description":"Der ukrainische Pr\u00e4sident Wolodymyr Selenskyj hat beim Weltwirtschaftsforum in Davos trilaterale Gespr\u00e4che \u00fcber die Bedingungen f\u00fcr ein Kriegsende angek\u00fcndigt, an denen Vertreter der USA und der Ukraine sowie Russlands teilnehmen sollen. Die Gespr\u00e4che auf Expertenebene w\u00fcrden an diesem Freitag und Samstag in den Vereinigten Arabischen Emiraten stattfinden, sagte Selenskyj. Die Gespr\u00e4che wurden offenbar kurzfristig anberaumt.\u00a0Es sei eine \u00dcberraschung der Amerikaner gewesen, sagte Selenskyj und f\u00fcgte hinzu: \"Ich hoffe, dass die Emirate Bescheid wissen.\"\u00a0","robots":{"index":"noindex","follow":"follow","max-snippet":"max-snippet:-1","max-image-preview":"max-image-preview:large","max-video-preview":"max-video-preview:-1"},"og_locale":"de_DE","og_type":"article","og_title":"Selenskyj k\u00fcndigt Treffen zwischen Ukraine, Russland und den USA an - vof-news.eu","og_description":"Der ukrainische Pr\u00e4sident Wolodymyr Selenskyj hat beim Weltwirtschaftsforum in Davos trilaterale Gespr\u00e4che \u00fcber die Bedingungen f\u00fcr ein Kriegsende angek\u00fcndigt, an denen Vertreter der USA und der Ukraine sowie Russlands teilnehmen sollen. Die Gespr\u00e4che auf Expertenebene w\u00fcrden an diesem Freitag und Samstag in den Vereinigten Arabischen Emiraten stattfinden, sagte Selenskyj. Die Gespr\u00e4che wurden offenbar kurzfristig anberaumt.\u00a0Es sei eine \u00dcberraschung der Amerikaner gewesen, sagte Selenskyj und f\u00fcgte hinzu: \"Ich hoffe, dass die Emirate Bescheid wissen.\"\u00a0","og_url":"https:\/\/vof-news.eu\/de\/selenskyj-kundigt-treffen-zwischen-ukraine-russland-und-den-usa-an\/","og_site_name":"vof-news.eu","article_published_time":"2026-01-22T18:28:15+00:00","article_modified_time":"2026-01-22T18:29:38+00:00","og_image":[{"width":1000,"height":562,"url":"https:\/\/vof-news.eu\/wp-content\/uploads\/2026\/01\/wide__1000x562-56.jpg","type":"image\/jpeg"}],"author":"Author","twitter_card":"summary_large_image","twitter_misc":{"Verfasst von":"Author","Gesch\u00e4tzte Lesezeit":"2\u00a0Minuten"},"schema":{"@context":"https:\/\/schema.org","@graph":[{"@type":"WebPage","@id":"https:\/\/vof-news.eu\/de\/selenskyj-kundigt-treffen-zwischen-ukraine-russland-und-den-usa-an\/","url":"https:\/\/vof-news.eu\/de\/selenskyj-kundigt-treffen-zwischen-ukraine-russland-und-den-usa-an\/","name":"Selenskyj k\u00fcndigt Treffen zwischen Ukraine, Russland und den USA an - vof-news.eu","isPartOf":{"@id":"https:\/\/vof-news.eu\/de\/#website"},"primaryImageOfPage":{"@id":"https:\/\/vof-news.eu\/de\/selenskyj-kundigt-treffen-zwischen-ukraine-russland-und-den-usa-an\/#primaryimage"},"image":{"@id":"https:\/\/vof-news.eu\/de\/selenskyj-kundigt-treffen-zwischen-ukraine-russland-und-den-usa-an\/#primaryimage"},"thumbnailUrl":"https:\/\/vof-news.eu\/wp-content\/uploads\/2026\/01\/wide__1000x562-56.jpg","datePublished":"2026-01-22T18:28:15+00:00","dateModified":"2026-01-22T18:29:38+00:00","author":{"@id":"https:\/\/vof-news.eu\/de\/#\/schema\/person\/f6a2a4309f0561835797fd8c19b333ed"},"description":"Der ukrainische Pr\u00e4sident Wolodymyr Selenskyj hat beim Weltwirtschaftsforum in Davos trilaterale Gespr\u00e4che \u00fcber die Bedingungen f\u00fcr ein Kriegsende angek\u00fcndigt, an denen Vertreter der USA und der Ukraine sowie Russlands teilnehmen sollen. Die Gespr\u00e4che auf Expertenebene w\u00fcrden an diesem Freitag und Samstag in den Vereinigten Arabischen Emiraten stattfinden, sagte Selenskyj. Die Gespr\u00e4che wurden offenbar kurzfristig anberaumt.\u00a0Es sei eine \u00dcberraschung der Amerikaner gewesen, sagte Selenskyj und f\u00fcgte hinzu: \"Ich hoffe, dass die Emirate Bescheid wissen.\"\u00a0","breadcrumb":{"@id":"https:\/\/vof-news.eu\/de\/selenskyj-kundigt-treffen-zwischen-ukraine-russland-und-den-usa-an\/#breadcrumb"},"inLanguage":"de","potentialAction":[{"@type":"ReadAction","target":["https:\/\/vof-news.eu\/de\/selenskyj-kundigt-treffen-zwischen-ukraine-russland-und-den-usa-an\/"]}]},{"@type":"ImageObject","inLanguage":"de","@id":"https:\/\/vof-news.eu\/de\/selenskyj-kundigt-treffen-zwischen-ukraine-russland-und-den-usa-an\/#primaryimage","url":"https:\/\/vof-news.eu\/wp-content\/uploads\/2026\/01\/wide__1000x562-56.jpg","contentUrl":"https:\/\/vof-news.eu\/wp-content\/uploads\/2026\/01\/wide__1000x562-56.jpg","width":1000,"height":562},{"@type":"BreadcrumbList","@id":"https:\/\/vof-news.eu\/de\/selenskyj-kundigt-treffen-zwischen-ukraine-russland-und-den-usa-an\/#breadcrumb","itemListElement":[{"@type":"ListItem","position":1,"name":"Home","item":"https:\/\/vof-news.eu\/de\/"},{"@type":"ListItem","position":2,"name":"Selenskyj k\u00fcndigt Treffen zwischen Ukraine, Russland und den USA an"}]},{"@type":"WebSite","@id":"https:\/\/vof-news.eu\/de\/#website","url":"https:\/\/vof-news.eu\/de\/","name":"vof-news.eu","description":"","potentialAction":[{"@type":"SearchAction","target":{"@type":"EntryPoint","urlTemplate":"https:\/\/vof-news.eu\/de\/?s={search_term_string}"},"query-input":"required name=search_term_string"}],"inLanguage":"de"},{"@type":"Person","@id":"https:\/\/vof-news.eu\/de\/#\/schema\/person\/f6a2a4309f0561835797fd8c19b333ed","name":"Author","image":{"@type":"ImageObject","inLanguage":"de","@id":"https:\/\/vof-news.eu\/de\/#\/schema\/person\/image\/","url":"https:\/\/secure.gravatar.com\/avatar\/b67e614b1b25b3e9c0c239efdd2fde5ab015b5affd6f1c3c85911ca4b384e790?s=96&d=mm&r=g","contentUrl":"https:\/\/secure.gravatar.com\/avatar\/b67e614b1b25b3e9c0c239efdd2fde5ab015b5affd6f1c3c85911ca4b384e790?s=96&d=mm&r=g","caption":"Author"},"sameAs":["http:\/\/vof-news.eu"],"url":"https:\/\/vof-news.eu\/de\/author\/zwt6qxnjulxbnyg\/"}]}},"yoast_meta":{"yoast_wpseo_title":"","yoast_wpseo_metadesc":"","yoast_wpseo_canonical":""},"_links":{"self":[{"href":"https:\/\/vof-news.eu\/de\/wp-json\/wp\/v2\/posts\/319299","targetHints":{"allow":["GET"]}}],"collection":[{"href":"https:\/\/vof-news.eu\/de\/wp-json\/wp\/v2\/posts"}],"about":[{"href":"https:\/\/vof-news.eu\/de\/wp-json\/wp\/v2\/types\/post"}],"author":[{"embeddable":true,"href":"https:\/\/vof-news.eu\/de\/wp-json\/wp\/v2\/users\/1"}],"replies":[{"embeddable":true,"href":"https:\/\/vof-news.eu\/de\/wp-json\/wp\/v2\/comments?post=319299"}],"version-history":[{"count":1,"href":"https:\/\/vof-news.eu\/de\/wp-json\/wp\/v2\/posts\/319299\/revisions"}],"predecessor-version":[{"id":319306,"href":"https:\/\/vof-news.eu\/de\/wp-json\/wp\/v2\/posts\/319299\/revisions\/319306"}],"wp:featuredmedia":[{"embeddable":true,"href":"https:\/\/vof-news.eu\/de\/wp-json\/wp\/v2\/media\/319300"}],"wp:attachment":[{"href":"https:\/\/vof-news.eu\/de\/wp-json\/wp\/v2\/media?parent=319299"}],"wp:term":[{"taxonomy":"category","embeddable":true,"href":"https:\/\/vof-news.eu\/de\/wp-json\/wp\/v2\/categories?post=319299"},{"taxonomy":"post_tag","embeddable":true,"href":"https:\/\/vof-news.eu\/de\/wp-json\/wp\/v2\/tags?post=319299"}],"curies":[{"name":"wp","href":"https:\/\/api.w.org\/{rel}","templated":true}]}}