{"id":319182,"date":"2026-01-22T17:28:19","date_gmt":"2026-01-22T14:28:19","guid":{"rendered":"https:\/\/vof-news.eu\/deutschland-weist-russischen-diplomaten-wegen-spionageverdachts-aus\/"},"modified":"2026-01-22T17:30:16","modified_gmt":"2026-01-22T14:30:16","slug":"deutschland-weist-russischen-diplomaten-wegen-spionageverdachts-aus","status":"publish","type":"post","link":"https:\/\/vof-news.eu\/de\/deutschland-weist-russischen-diplomaten-wegen-spionageverdachts-aus\/","title":{"rendered":"Deutschland weist russischen Diplomaten wegen Spionageverdachts aus"},"content":{"rendered":"<div>\n<p>Nach der <a href=\"https:\/\/www.zeit.de\/gesellschaft\/zeitgeschehen\/2026-01\/mutmassliche-spionin-russlands-in-berlin-festgenommen\" rel=\"nofollow\">Festnahme einer mutma\u00dflichen Spionin f\u00fcr Russland<\/a> mit deutscher und ukrainischer Staatsangeh\u00f6rigkeit hat die <span><a href=\"https:\/\/www.zeit.de\/thema\/bundesregierung\" rel=\"nofollow\">Bundesregierung<\/a><\/span> den russischen Botschafter einbestellt.\u00a0Ihm sei mitgeteilt worden, dass ein in dem Fall ebenfalls Verd\u00e4chtiger ausgewiesen worden sei, der &#8222;im Auftrag von Russland spioniert hat&#8220;, teilte das Ausw\u00e4rtige Amt mit. Der  berichtet, es handele es sich bei dem Ausgewiesenen um den F\u00fchrungsoffizier der mutma\u00dflichen Spionin, den stellvertretenden Milit\u00e4rattach\u00e9 der Botschaft.\u00a0\n<\/p>\n<p>Die mutma\u00dfliche <a href=\"https:\/\/www.zeit.de\/thema\/spionage\" rel=\"nofollow\">Spionin<\/a> befindet sich unterdessen in Untersuchungshaft. Ein Ermittlungsrichter des<br \/>\nBundesgerichtshofs setzte den Haftbefehl gegen die Deutsch-Ukrainerin in Vollzug. Ihr wird vorgeworfen, den <a href=\"https:\/\/www.zeit.de\/thema\/russland\" rel=\"nofollow\">russischen<\/a> Geheimdienst mit Informationen<br \/>\nversorgt zu haben.\n<\/p>\n<h2>Informationen zum Ukrainekrieg beschafft<\/h2>\n<p>Die mutma\u00dfliche Spionin war am Mittwoch in <span><a href=\"https:\/\/www.zeit.de\/thema\/berlin\" rel=\"nofollow\">Berlin<\/a><\/span> festgenommen worden. Sie soll \u2013 seit sp\u00e4testens November 2023 \u2013 mit einem Geheimdienstmitarbeiter in der russischen Botschaft<br \/>\nim Kontakt gewesen sein und ihm Informationen mit Bezug zum Krieg in der<br \/>\nUkraine verschafft haben. So soll sie sich unter anderem zu Standorten der<br \/>\nR\u00fcstungsindustrie und geplanten Drohnenlieferungen an die Ukraine erkundigt<br \/>\nhaben. Dabei habe sie sich auch an fr\u00fchere Mitarbeiter aus dem Bereich des<br \/>\nVerteidigungsministeriums gewandt, die sie pers\u00f6nlich kannte.\n<\/p>\n<p>Die festgenommene Deutsch-Ukrainerin lebte Informationen der Nachrichtenagentur dpa zufolge schon seit einigen Jahrzehnten in Deutschland. Zuletzt<br \/>\n bot sie unter anderem Marketing-Dienstleistungen an. Als prorussische<br \/>\nNetzwerkerin sei sie schon l\u00e4nger bekannt, hei\u00dft es aus<br \/>\nSicherheitskreisen. Im politischen Berlin war sie pr\u00e4sent und nahm an<br \/>\nverschiedenen Veranstaltungen von Verb\u00e4nden und Organisationen teil.\u00a0\n<\/p>\n<p>Ermittelt wird auch gegen zwei fr\u00fchere Angeh\u00f6rige der <a href=\"https:\/\/www.zeit.de\/thema\/bundeswehr\" rel=\"nofollow\">Bundeswehr<\/a>, welche<br \/>\n die mutma\u00dfliche Spionin pers\u00f6nlich kannte. Sie stehen unter Verdacht,<br \/>\nihr dienstliche Informationen gegeben zu haben. Dabei ist unklar, ob<br \/>\nsie wussten, dass diese offenbar an den Geheimdienst gehen sollten.\n<\/p>\n<h2>Auch mutma\u00dfliche Unterst\u00fctzer prorussischer Milizen in U-Haft<\/h2>\n<p>Die Bundesanwaltschaft hatte am Mittwoch in<br \/>\nBrandenburg au\u00dferdem zwei mutma\u00dfliche Unterst\u00fctzer der prorussischen<br \/>\nsogenannten Volksrepubliken Donezk und Lugansk festnehmen lassen. Auch<br \/>\nsie sind mittlerweile in Untersuchungshaft. Einen Zusammenhang zwischen<br \/>\ndiesem Verfahren und den Spionage-Ermittlungen soll es aber nicht geben.\n<\/p>\n<p>\n<\/p>\n<\/div>\n","protected":false},"excerpt":{"rendered":"<p>Nach der Festnahme einer mutma\u00dflichen Spionin f\u00fcr Russland mit deutscher und ukrainischer Staatsangeh\u00f6rigkeit hat die Bundesregierung den russischen Botschafter einbestellt.\u00a0Ihm sei mitgeteilt worden, dass ein in dem Fall ebenfalls Verd\u00e4chtiger ausgewiesen worden sei, der &#8222;im Auftrag von Russland spioniert hat&#8220;, teilte das Ausw\u00e4rtige Amt mit. Der berichtet, es handele es sich bei dem Ausgewiesenen um<\/p>\n","protected":false},"author":1,"featured_media":319183,"comment_status":"open","ping_status":"open","sticky":false,"template":"","format":"standard","meta":{"footnotes":""},"categories":[116],"tags":[],"class_list":["post-319182","post","type-post","status-publish","format-standard","has-post-thumbnail","hentry","category-war-chronicles-de"],"acf":[],"yoast_head":"<!-- This site is optimized with the Yoast SEO plugin v22.9 - https:\/\/yoast.com\/wordpress\/plugins\/seo\/ -->\n<title>Deutschland weist russischen Diplomaten wegen Spionageverdachts aus - vof-news.eu<\/title>\n<meta name=\"description\" content=\"Nach der Festnahme einer mutma\u00dflichen Spionin f\u00fcr Russland mit deutscher und ukrainischer Staatsangeh\u00f6rigkeit hat die Bundesregierung den russischen Botschafter einbestellt.\u00a0Ihm sei mitgeteilt worden, dass ein in dem Fall ebenfalls Verd\u00e4chtiger ausgewiesen worden sei, der &quot;im Auftrag von Russland spioniert hat&quot;, teilte das Ausw\u00e4rtige Amt mit. Der berichtet, es handele es sich bei dem Ausgewiesenen um den F\u00fchrungsoffizier der mutma\u00dflichen Spionin, den stellvertretenden Milit\u00e4rattach\u00e9 der Botschaft.\u00a0\" \/>\n<meta name=\"robots\" content=\"noindex, follow, max-snippet:-1, max-image-preview:large, max-video-preview:-1\" \/>\n<meta property=\"og:locale\" content=\"de_DE\" \/>\n<meta property=\"og:type\" content=\"article\" \/>\n<meta property=\"og:title\" content=\"Deutschland weist russischen Diplomaten wegen Spionageverdachts aus - vof-news.eu\" \/>\n<meta property=\"og:description\" content=\"Nach der Festnahme einer mutma\u00dflichen Spionin f\u00fcr Russland mit deutscher und ukrainischer Staatsangeh\u00f6rigkeit hat die Bundesregierung den russischen Botschafter einbestellt.\u00a0Ihm sei mitgeteilt worden, dass ein in dem Fall ebenfalls Verd\u00e4chtiger ausgewiesen worden sei, der &quot;im Auftrag von Russland spioniert hat&quot;, teilte das Ausw\u00e4rtige Amt mit. Der berichtet, es handele es sich bei dem Ausgewiesenen um den F\u00fchrungsoffizier der mutma\u00dflichen Spionin, den stellvertretenden Milit\u00e4rattach\u00e9 der Botschaft.\u00a0\" \/>\n<meta property=\"og:url\" content=\"https:\/\/vof-news.eu\/de\/deutschland-weist-russischen-diplomaten-wegen-spionageverdachts-aus\/\" \/>\n<meta property=\"og:site_name\" content=\"vof-news.eu\" \/>\n<meta property=\"article:published_time\" content=\"2026-01-22T14:28:19+00:00\" \/>\n<meta property=\"article:modified_time\" content=\"2026-01-22T14:30:16+00:00\" \/>\n<meta property=\"og:image\" content=\"https:\/\/vof-news.eu\/wp-content\/uploads\/2026\/01\/wide__1000x562-53.jpg\" \/>\n\t<meta property=\"og:image:width\" content=\"1000\" \/>\n\t<meta property=\"og:image:height\" content=\"562\" \/>\n\t<meta property=\"og:image:type\" content=\"image\/jpeg\" \/>\n<meta name=\"author\" content=\"Author\" \/>\n<meta name=\"twitter:card\" content=\"summary_large_image\" \/>\n<meta name=\"twitter:label1\" content=\"Verfasst von\" \/>\n\t<meta name=\"twitter:data1\" content=\"Author\" \/>\n\t<meta name=\"twitter:label2\" content=\"Gesch\u00e4tzte Lesezeit\" \/>\n\t<meta name=\"twitter:data2\" content=\"2\u00a0Minuten\" \/>\n<script type=\"application\/ld+json\" class=\"yoast-schema-graph\">{\"@context\":\"https:\/\/schema.org\",\"@graph\":[{\"@type\":\"WebPage\",\"@id\":\"https:\/\/vof-news.eu\/de\/deutschland-weist-russischen-diplomaten-wegen-spionageverdachts-aus\/\",\"url\":\"https:\/\/vof-news.eu\/de\/deutschland-weist-russischen-diplomaten-wegen-spionageverdachts-aus\/\",\"name\":\"Deutschland weist russischen Diplomaten wegen Spionageverdachts aus - vof-news.eu\",\"isPartOf\":{\"@id\":\"https:\/\/vof-news.eu\/de\/#website\"},\"primaryImageOfPage\":{\"@id\":\"https:\/\/vof-news.eu\/de\/deutschland-weist-russischen-diplomaten-wegen-spionageverdachts-aus\/#primaryimage\"},\"image\":{\"@id\":\"https:\/\/vof-news.eu\/de\/deutschland-weist-russischen-diplomaten-wegen-spionageverdachts-aus\/#primaryimage\"},\"thumbnailUrl\":\"https:\/\/vof-news.eu\/wp-content\/uploads\/2026\/01\/wide__1000x562-53.jpg\",\"datePublished\":\"2026-01-22T14:28:19+00:00\",\"dateModified\":\"2026-01-22T14:30:16+00:00\",\"author\":{\"@id\":\"https:\/\/vof-news.eu\/de\/#\/schema\/person\/f6a2a4309f0561835797fd8c19b333ed\"},\"description\":\"Nach der Festnahme einer mutma\u00dflichen Spionin f\u00fcr Russland mit deutscher und ukrainischer Staatsangeh\u00f6rigkeit hat die Bundesregierung den russischen Botschafter einbestellt.\u00a0Ihm sei mitgeteilt worden, dass ein in dem Fall ebenfalls Verd\u00e4chtiger ausgewiesen worden sei, der \\\"im Auftrag von Russland spioniert hat\\\", teilte das Ausw\u00e4rtige Amt mit. Der berichtet, es handele es sich bei dem Ausgewiesenen um den F\u00fchrungsoffizier der mutma\u00dflichen Spionin, den stellvertretenden Milit\u00e4rattach\u00e9 der Botschaft.\u00a0\",\"breadcrumb\":{\"@id\":\"https:\/\/vof-news.eu\/de\/deutschland-weist-russischen-diplomaten-wegen-spionageverdachts-aus\/#breadcrumb\"},\"inLanguage\":\"de\",\"potentialAction\":[{\"@type\":\"ReadAction\",\"target\":[\"https:\/\/vof-news.eu\/de\/deutschland-weist-russischen-diplomaten-wegen-spionageverdachts-aus\/\"]}]},{\"@type\":\"ImageObject\",\"inLanguage\":\"de\",\"@id\":\"https:\/\/vof-news.eu\/de\/deutschland-weist-russischen-diplomaten-wegen-spionageverdachts-aus\/#primaryimage\",\"url\":\"https:\/\/vof-news.eu\/wp-content\/uploads\/2026\/01\/wide__1000x562-53.jpg\",\"contentUrl\":\"https:\/\/vof-news.eu\/wp-content\/uploads\/2026\/01\/wide__1000x562-53.jpg\",\"width\":1000,\"height\":562},{\"@type\":\"BreadcrumbList\",\"@id\":\"https:\/\/vof-news.eu\/de\/deutschland-weist-russischen-diplomaten-wegen-spionageverdachts-aus\/#breadcrumb\",\"itemListElement\":[{\"@type\":\"ListItem\",\"position\":1,\"name\":\"Home\",\"item\":\"https:\/\/vof-news.eu\/de\/\"},{\"@type\":\"ListItem\",\"position\":2,\"name\":\"Deutschland weist russischen Diplomaten wegen Spionageverdachts aus\"}]},{\"@type\":\"WebSite\",\"@id\":\"https:\/\/vof-news.eu\/de\/#website\",\"url\":\"https:\/\/vof-news.eu\/de\/\",\"name\":\"vof-news.eu\",\"description\":\"\",\"potentialAction\":[{\"@type\":\"SearchAction\",\"target\":{\"@type\":\"EntryPoint\",\"urlTemplate\":\"https:\/\/vof-news.eu\/de\/?s={search_term_string}\"},\"query-input\":\"required name=search_term_string\"}],\"inLanguage\":\"de\"},{\"@type\":\"Person\",\"@id\":\"https:\/\/vof-news.eu\/de\/#\/schema\/person\/f6a2a4309f0561835797fd8c19b333ed\",\"name\":\"Author\",\"image\":{\"@type\":\"ImageObject\",\"inLanguage\":\"de\",\"@id\":\"https:\/\/vof-news.eu\/de\/#\/schema\/person\/image\/\",\"url\":\"https:\/\/secure.gravatar.com\/avatar\/b67e614b1b25b3e9c0c239efdd2fde5ab015b5affd6f1c3c85911ca4b384e790?s=96&d=mm&r=g\",\"contentUrl\":\"https:\/\/secure.gravatar.com\/avatar\/b67e614b1b25b3e9c0c239efdd2fde5ab015b5affd6f1c3c85911ca4b384e790?s=96&d=mm&r=g\",\"caption\":\"Author\"},\"sameAs\":[\"http:\/\/vof-news.eu\"],\"url\":\"https:\/\/vof-news.eu\/de\/author\/zwt6qxnjulxbnyg\/\"}]}<\/script>\n<!-- \/ Yoast SEO plugin. -->","yoast_head_json":{"title":"Deutschland weist russischen Diplomaten wegen Spionageverdachts aus - vof-news.eu","description":"Nach der Festnahme einer mutma\u00dflichen Spionin f\u00fcr Russland mit deutscher und ukrainischer Staatsangeh\u00f6rigkeit hat die Bundesregierung den russischen Botschafter einbestellt.\u00a0Ihm sei mitgeteilt worden, dass ein in dem Fall ebenfalls Verd\u00e4chtiger ausgewiesen worden sei, der \"im Auftrag von Russland spioniert hat\", teilte das Ausw\u00e4rtige Amt mit. Der berichtet, es handele es sich bei dem Ausgewiesenen um den F\u00fchrungsoffizier der mutma\u00dflichen Spionin, den stellvertretenden Milit\u00e4rattach\u00e9 der Botschaft.\u00a0","robots":{"index":"noindex","follow":"follow","max-snippet":"max-snippet:-1","max-image-preview":"max-image-preview:large","max-video-preview":"max-video-preview:-1"},"og_locale":"de_DE","og_type":"article","og_title":"Deutschland weist russischen Diplomaten wegen Spionageverdachts aus - vof-news.eu","og_description":"Nach der Festnahme einer mutma\u00dflichen Spionin f\u00fcr Russland mit deutscher und ukrainischer Staatsangeh\u00f6rigkeit hat die Bundesregierung den russischen Botschafter einbestellt.\u00a0Ihm sei mitgeteilt worden, dass ein in dem Fall ebenfalls Verd\u00e4chtiger ausgewiesen worden sei, der \"im Auftrag von Russland spioniert hat\", teilte das Ausw\u00e4rtige Amt mit. Der berichtet, es handele es sich bei dem Ausgewiesenen um den F\u00fchrungsoffizier der mutma\u00dflichen Spionin, den stellvertretenden Milit\u00e4rattach\u00e9 der Botschaft.\u00a0","og_url":"https:\/\/vof-news.eu\/de\/deutschland-weist-russischen-diplomaten-wegen-spionageverdachts-aus\/","og_site_name":"vof-news.eu","article_published_time":"2026-01-22T14:28:19+00:00","article_modified_time":"2026-01-22T14:30:16+00:00","og_image":[{"width":1000,"height":562,"url":"https:\/\/vof-news.eu\/wp-content\/uploads\/2026\/01\/wide__1000x562-53.jpg","type":"image\/jpeg"}],"author":"Author","twitter_card":"summary_large_image","twitter_misc":{"Verfasst von":"Author","Gesch\u00e4tzte Lesezeit":"2\u00a0Minuten"},"schema":{"@context":"https:\/\/schema.org","@graph":[{"@type":"WebPage","@id":"https:\/\/vof-news.eu\/de\/deutschland-weist-russischen-diplomaten-wegen-spionageverdachts-aus\/","url":"https:\/\/vof-news.eu\/de\/deutschland-weist-russischen-diplomaten-wegen-spionageverdachts-aus\/","name":"Deutschland weist russischen Diplomaten wegen Spionageverdachts aus - vof-news.eu","isPartOf":{"@id":"https:\/\/vof-news.eu\/de\/#website"},"primaryImageOfPage":{"@id":"https:\/\/vof-news.eu\/de\/deutschland-weist-russischen-diplomaten-wegen-spionageverdachts-aus\/#primaryimage"},"image":{"@id":"https:\/\/vof-news.eu\/de\/deutschland-weist-russischen-diplomaten-wegen-spionageverdachts-aus\/#primaryimage"},"thumbnailUrl":"https:\/\/vof-news.eu\/wp-content\/uploads\/2026\/01\/wide__1000x562-53.jpg","datePublished":"2026-01-22T14:28:19+00:00","dateModified":"2026-01-22T14:30:16+00:00","author":{"@id":"https:\/\/vof-news.eu\/de\/#\/schema\/person\/f6a2a4309f0561835797fd8c19b333ed"},"description":"Nach der Festnahme einer mutma\u00dflichen Spionin f\u00fcr Russland mit deutscher und ukrainischer Staatsangeh\u00f6rigkeit hat die Bundesregierung den russischen Botschafter einbestellt.\u00a0Ihm sei mitgeteilt worden, dass ein in dem Fall ebenfalls Verd\u00e4chtiger ausgewiesen worden sei, der \"im Auftrag von Russland spioniert hat\", teilte das Ausw\u00e4rtige Amt mit. Der berichtet, es handele es sich bei dem Ausgewiesenen um den F\u00fchrungsoffizier der mutma\u00dflichen Spionin, den stellvertretenden Milit\u00e4rattach\u00e9 der Botschaft.\u00a0","breadcrumb":{"@id":"https:\/\/vof-news.eu\/de\/deutschland-weist-russischen-diplomaten-wegen-spionageverdachts-aus\/#breadcrumb"},"inLanguage":"de","potentialAction":[{"@type":"ReadAction","target":["https:\/\/vof-news.eu\/de\/deutschland-weist-russischen-diplomaten-wegen-spionageverdachts-aus\/"]}]},{"@type":"ImageObject","inLanguage":"de","@id":"https:\/\/vof-news.eu\/de\/deutschland-weist-russischen-diplomaten-wegen-spionageverdachts-aus\/#primaryimage","url":"https:\/\/vof-news.eu\/wp-content\/uploads\/2026\/01\/wide__1000x562-53.jpg","contentUrl":"https:\/\/vof-news.eu\/wp-content\/uploads\/2026\/01\/wide__1000x562-53.jpg","width":1000,"height":562},{"@type":"BreadcrumbList","@id":"https:\/\/vof-news.eu\/de\/deutschland-weist-russischen-diplomaten-wegen-spionageverdachts-aus\/#breadcrumb","itemListElement":[{"@type":"ListItem","position":1,"name":"Home","item":"https:\/\/vof-news.eu\/de\/"},{"@type":"ListItem","position":2,"name":"Deutschland weist russischen Diplomaten wegen Spionageverdachts aus"}]},{"@type":"WebSite","@id":"https:\/\/vof-news.eu\/de\/#website","url":"https:\/\/vof-news.eu\/de\/","name":"vof-news.eu","description":"","potentialAction":[{"@type":"SearchAction","target":{"@type":"EntryPoint","urlTemplate":"https:\/\/vof-news.eu\/de\/?s={search_term_string}"},"query-input":"required name=search_term_string"}],"inLanguage":"de"},{"@type":"Person","@id":"https:\/\/vof-news.eu\/de\/#\/schema\/person\/f6a2a4309f0561835797fd8c19b333ed","name":"Author","image":{"@type":"ImageObject","inLanguage":"de","@id":"https:\/\/vof-news.eu\/de\/#\/schema\/person\/image\/","url":"https:\/\/secure.gravatar.com\/avatar\/b67e614b1b25b3e9c0c239efdd2fde5ab015b5affd6f1c3c85911ca4b384e790?s=96&d=mm&r=g","contentUrl":"https:\/\/secure.gravatar.com\/avatar\/b67e614b1b25b3e9c0c239efdd2fde5ab015b5affd6f1c3c85911ca4b384e790?s=96&d=mm&r=g","caption":"Author"},"sameAs":["http:\/\/vof-news.eu"],"url":"https:\/\/vof-news.eu\/de\/author\/zwt6qxnjulxbnyg\/"}]}},"yoast_meta":{"yoast_wpseo_title":"","yoast_wpseo_metadesc":"","yoast_wpseo_canonical":""},"_links":{"self":[{"href":"https:\/\/vof-news.eu\/de\/wp-json\/wp\/v2\/posts\/319182","targetHints":{"allow":["GET"]}}],"collection":[{"href":"https:\/\/vof-news.eu\/de\/wp-json\/wp\/v2\/posts"}],"about":[{"href":"https:\/\/vof-news.eu\/de\/wp-json\/wp\/v2\/types\/post"}],"author":[{"embeddable":true,"href":"https:\/\/vof-news.eu\/de\/wp-json\/wp\/v2\/users\/1"}],"replies":[{"embeddable":true,"href":"https:\/\/vof-news.eu\/de\/wp-json\/wp\/v2\/comments?post=319182"}],"version-history":[{"count":1,"href":"https:\/\/vof-news.eu\/de\/wp-json\/wp\/v2\/posts\/319182\/revisions"}],"predecessor-version":[{"id":319189,"href":"https:\/\/vof-news.eu\/de\/wp-json\/wp\/v2\/posts\/319182\/revisions\/319189"}],"wp:featuredmedia":[{"embeddable":true,"href":"https:\/\/vof-news.eu\/de\/wp-json\/wp\/v2\/media\/319183"}],"wp:attachment":[{"href":"https:\/\/vof-news.eu\/de\/wp-json\/wp\/v2\/media?parent=319182"}],"wp:term":[{"taxonomy":"category","embeddable":true,"href":"https:\/\/vof-news.eu\/de\/wp-json\/wp\/v2\/categories?post=319182"},{"taxonomy":"post_tag","embeddable":true,"href":"https:\/\/vof-news.eu\/de\/wp-json\/wp\/v2\/tags?post=319182"}],"curies":[{"name":"wp","href":"https:\/\/api.w.org\/{rel}","templated":true}]}}