{"id":318952,"date":"2026-01-22T01:28:24","date_gmt":"2026-01-21T22:28:24","guid":{"rendered":"https:\/\/vof-news.eu\/wir-nennen-das-den-wagenburg-effekt\/"},"modified":"2026-01-22T01:30:07","modified_gmt":"2026-01-21T22:30:07","slug":"wir-nennen-das-den-wagenburg-effekt","status":"publish","type":"post","link":"https:\/\/vof-news.eu\/de\/wir-nennen-das-den-wagenburg-effekt\/","title":{"rendered":"&#8222;Wir nennen das den Wagenburg-Effekt&#8220;"},"content":{"rendered":"<div>\n<p><strong>DIE ZEIT:<\/strong> Herr von Soest, als Antwort auf die brutale Niederschlagung der Proteste im <span><a href=\"https:\/\/www.zeit.de\/gesellschaft\/zeitgeschehen\/2026-01\/proteste-iran-teheran-tote-liveblog\" rel=\"nofollow\">Iran<\/a><\/span> haben die USA neue Sanktionen gegen einzelne Mitglieder des iranischen Regimes angek\u00fcndigt. Die EU plant, die Revolutionsgarden als Terrororganisation einzustufen. F\u00fcr wie gro\u00df halten Sie die Wahrscheinlichkeit, das Regime damit zum Einlenken zu bewegen?\n<\/p>\n<p><strong>Christian von Soest:<\/strong> Diese <span><a href=\"https:\/\/www.zeit.de\/thema\/sanktion\" rel=\"nofollow\">Sanktionen<\/a><\/span> werden keinen unmittelbaren Effekt auf das Verhalten der iranischen Regierung haben. Das Regime befindet sich ganz offensichtlich in einer existentiellen Krise, in der es um das eigene \u00dcberleben geht, dementsprechend hart geht es gegen die Proteste vor. Wirtschaftliche Zwangsma\u00dfnahmen sind in dieser Situation zweitrangig. Seit der islamischen Revolution im Jahr 1979 ist Iran eines der am st\u00e4rksten sanktionierten L\u00e4nder weltweit. Da hat eine gewisse Gew\u00f6hnung eingesetzt, die es unwahrscheinlich macht, dass zus\u00e4tzliche Sanktionen das Regime kurzfristig zu einem Kurswechsel bewegen.\u00a0\n<\/p>\n<p><strong>ZEIT:<\/strong> Hatten die seit Jahrzehnten bestehenden Sanktionen gegen Iran also gar keinen Effekt?\u00a0\n<\/p>\n<p><strong>Von Soest:<\/strong> Der Anreiz, bestehende Sanktionen gegen das Land zu lockern, hat zu einem ma\u00dfgeblichen Teil dazu beigetragen, dass im Jahr 2015 das Atomabkommen zustande kam. Der damalige iranische Ministerpr\u00e4sident Hassan Rohani ist mit dem Wahlversprechen angetreten, auf eine Lockerung der Sanktionen hinzuwirken, um die wirtschaftliche Situation des Landes zu verbessern. Im Gegenzug zu den Lockerungen hat er internationalen Kontrollen des iranischen Atomprogramms zugestimmt. Dieser Fall zeigt, dass Sanktionen erfolgreich sein k\u00f6nnen, wenn sie ein konkretes und erf\u00fcllbares Ziel verfolgen, in diesem Fall die Eind\u00e4mmung des iranischen Atomprogramms. Werden Sanktionen stattdessen eingesetzt, um einen Regimewechsel zu erzwingen, sind die Erfolgschancen deutlich geringer. Weil es an den Kern der Regierung geht, um das eigene \u00dcberleben. Das sind die gr\u00f6\u00dftm\u00f6glichen Forderungen, die Sanktionsm\u00e4chte stellen k\u00f6nnen.\u00a0\n<\/p>\n<p><strong>ZEIT:<\/strong> Dann hat Pr\u00e4sident Trump in seiner ersten Amtszeit mit der einseitigen Aufk\u00fcndigung des Atomabkommens und der Wiederaufnahme harter unilateraler Sanktionen einen Wandel in Iran eher erschwert?\u00a0\n<\/p>\n<p><strong>Von Soest:<\/strong> Im Iran geh\u00f6rt die Gegnerschaft zu den USA und zu Israel zu den zentralen Gr\u00fcndungs- und Legitimationsnarrativen des Regimes. Wirtschaftssanktionen wirken daher nicht nur \u00f6konomisch, sondern auch kommunikativ: Sie erm\u00f6glichen es der F\u00fchrung, interne Probleme wie steigende Preise und Verschuldung dem \u00e4u\u00dferen Druck zuzuschreiben und diese als gezielten Versuch darzustellen, Iran und seine Bev\u00f6lkerung von au\u00dfen zu unterdr\u00fccken.\n<\/p>\n<p><strong>ZEIT:<\/strong> Gibt es Indikatoren, die darauf hindeuten, wann Sanktionen ins Gegenteil umschlagen und die Macht derer festigen, die sie eigentlich schw\u00e4chen sollen?\n<\/p>\n<p><strong>Von Soest:<\/strong> Wir nennen das in der Forschung den Wagenburg-Effekt. Sanktionen k\u00f6nnen autorit\u00e4re Regime st\u00e4rken, wenn diese bereits \u00fcber ein starkes antiwestliches, ideologisch aufgeladenes Narrativ verf\u00fcgen. Besonders revolution\u00e4re Staaten nutzen \u00e4u\u00dferen Druck, um ein Feindbild zu festigen und interne Macht zu stabilisieren \u2013 wie etwa Kuba. In autorit\u00e4ren Regimen ist der Effekt aber zugleich schwer zu messen, weil die \u00d6ffentlichkeit und Medien stark kontrolliert werden. Insgesamt sollte er auch nicht \u00fcbersch\u00e4tzt werden: Tiefe wirtschaftliche Krisen und massive Eingriffe ins Alltagsleben untergraben langfristig die Legitimit\u00e4t eines Regimes \u2013 \u00e4u\u00dfere Schuldzuweisungen greifen dann immer weniger.\n<\/p>\n<p><strong>ZEIT:<\/strong> Es gab noch nie so viele Sanktionen wie heute, sie sind zum wichtigsten Machtinstrument internationaler Politik geworden, trotzdem f\u00fchren nur ein Drittel der wirtschaftlichen Zwangsma\u00dfnahmen zu den damit beabsichtigten politischen Ver\u00e4nderungen. Einige Wissenschaftlerinnen und Wissenschaftler nehmen sogar an, dass die Quote noch geringer ist. Woran liegt das?\u00a0\n<\/p>\n<p><strong>Von Soest:<\/strong> Die Wirkung von Sanktionen als Mittel der Au\u00dfenpolitik ist nicht berauschend. Vor allem nicht als isoliertes Mittel. Sanktionen wirken in Demokratien besonders effektiv, weil wirtschaftlicher Druck die Bev\u00f6lkerung dazu bringen kann, politische Ver\u00e4nderungen einzufordern, zu demonstrieren oder die Regierung abzuw\u00e4hlen. De facto werden aber 80 Prozent der weltweiten Sanktionen gegen Autokratien verh\u00e4ngt, nicht gegen Demokratien.\n<\/p>\n<\/div>\n","protected":false},"excerpt":{"rendered":"<p>DIE ZEIT: Herr von Soest, als Antwort auf die brutale Niederschlagung der Proteste im Iran haben die USA neue Sanktionen gegen einzelne Mitglieder des iranischen Regimes angek\u00fcndigt. Die EU plant, die Revolutionsgarden als Terrororganisation einzustufen. F\u00fcr wie gro\u00df halten Sie die Wahrscheinlichkeit, das Regime damit zum Einlenken zu bewegen? Christian von Soest: Diese Sanktionen werden<\/p>\n","protected":false},"author":1,"featured_media":318953,"comment_status":"open","ping_status":"open","sticky":false,"template":"","format":"standard","meta":{"footnotes":""},"categories":[64],"tags":[],"class_list":["post-318952","post","type-post","status-publish","format-standard","has-post-thumbnail","hentry","category-culture-de"],"acf":[],"yoast_head":"<!-- This site is optimized with the Yoast SEO plugin v22.9 - https:\/\/yoast.com\/wordpress\/plugins\/seo\/ -->\n<title>&quot;Wir nennen das den Wagenburg-Effekt&quot; - vof-news.eu<\/title>\n<meta name=\"description\" content=\"DIE ZEIT: Herr von Soest, als Antwort auf die brutale Niederschlagung der Proteste im Iran haben die USA neue Sanktionen gegen einzelne Mitglieder des iranischen Regimes angek\u00fcndigt. Die EU plant, die Revolutionsgarden als Terrororganisation einzustufen. F\u00fcr wie gro\u00df halten Sie die Wahrscheinlichkeit, das Regime damit zum Einlenken zu bewegen?\" \/>\n<meta name=\"robots\" content=\"noindex, follow, max-snippet:-1, max-image-preview:large, max-video-preview:-1\" \/>\n<meta property=\"og:locale\" content=\"de_DE\" \/>\n<meta property=\"og:type\" content=\"article\" \/>\n<meta property=\"og:title\" content=\"&quot;Wir nennen das den Wagenburg-Effekt&quot; - vof-news.eu\" \/>\n<meta property=\"og:description\" content=\"DIE ZEIT: Herr von Soest, als Antwort auf die brutale Niederschlagung der Proteste im Iran haben die USA neue Sanktionen gegen einzelne Mitglieder des iranischen Regimes angek\u00fcndigt. Die EU plant, die Revolutionsgarden als Terrororganisation einzustufen. F\u00fcr wie gro\u00df halten Sie die Wahrscheinlichkeit, das Regime damit zum Einlenken zu bewegen?\" \/>\n<meta property=\"og:url\" content=\"https:\/\/vof-news.eu\/de\/wir-nennen-das-den-wagenburg-effekt\/\" \/>\n<meta property=\"og:site_name\" content=\"vof-news.eu\" \/>\n<meta property=\"article:published_time\" content=\"2026-01-21T22:28:24+00:00\" \/>\n<meta property=\"article:modified_time\" content=\"2026-01-21T22:30:07+00:00\" \/>\n<meta property=\"og:image\" content=\"https:\/\/vof-news.eu\/wp-content\/uploads\/2026\/01\/original__1000x1500.jpg\" \/>\n\t<meta property=\"og:image:width\" content=\"1000\" \/>\n\t<meta property=\"og:image:height\" content=\"1500\" \/>\n\t<meta property=\"og:image:type\" content=\"image\/jpeg\" \/>\n<meta name=\"author\" content=\"Author\" \/>\n<meta name=\"twitter:card\" content=\"summary_large_image\" \/>\n<meta name=\"twitter:label1\" content=\"Verfasst von\" \/>\n\t<meta name=\"twitter:data1\" content=\"Author\" \/>\n\t<meta name=\"twitter:label2\" content=\"Gesch\u00e4tzte Lesezeit\" \/>\n\t<meta name=\"twitter:data2\" content=\"3\u00a0Minuten\" \/>\n<script type=\"application\/ld+json\" class=\"yoast-schema-graph\">{\"@context\":\"https:\/\/schema.org\",\"@graph\":[{\"@type\":\"WebPage\",\"@id\":\"https:\/\/vof-news.eu\/de\/wir-nennen-das-den-wagenburg-effekt\/\",\"url\":\"https:\/\/vof-news.eu\/de\/wir-nennen-das-den-wagenburg-effekt\/\",\"name\":\"\\\"Wir nennen das den Wagenburg-Effekt\\\" - vof-news.eu\",\"isPartOf\":{\"@id\":\"https:\/\/vof-news.eu\/de\/#website\"},\"primaryImageOfPage\":{\"@id\":\"https:\/\/vof-news.eu\/de\/wir-nennen-das-den-wagenburg-effekt\/#primaryimage\"},\"image\":{\"@id\":\"https:\/\/vof-news.eu\/de\/wir-nennen-das-den-wagenburg-effekt\/#primaryimage\"},\"thumbnailUrl\":\"https:\/\/vof-news.eu\/wp-content\/uploads\/2026\/01\/original__1000x1500.jpg\",\"datePublished\":\"2026-01-21T22:28:24+00:00\",\"dateModified\":\"2026-01-21T22:30:07+00:00\",\"author\":{\"@id\":\"https:\/\/vof-news.eu\/de\/#\/schema\/person\/f6a2a4309f0561835797fd8c19b333ed\"},\"description\":\"DIE ZEIT: Herr von Soest, als Antwort auf die brutale Niederschlagung der Proteste im Iran haben die USA neue Sanktionen gegen einzelne Mitglieder des iranischen Regimes angek\u00fcndigt. Die EU plant, die Revolutionsgarden als Terrororganisation einzustufen. F\u00fcr wie gro\u00df halten Sie die Wahrscheinlichkeit, das Regime damit zum Einlenken zu bewegen?\",\"breadcrumb\":{\"@id\":\"https:\/\/vof-news.eu\/de\/wir-nennen-das-den-wagenburg-effekt\/#breadcrumb\"},\"inLanguage\":\"de\",\"potentialAction\":[{\"@type\":\"ReadAction\",\"target\":[\"https:\/\/vof-news.eu\/de\/wir-nennen-das-den-wagenburg-effekt\/\"]}]},{\"@type\":\"ImageObject\",\"inLanguage\":\"de\",\"@id\":\"https:\/\/vof-news.eu\/de\/wir-nennen-das-den-wagenburg-effekt\/#primaryimage\",\"url\":\"https:\/\/vof-news.eu\/wp-content\/uploads\/2026\/01\/original__1000x1500.jpg\",\"contentUrl\":\"https:\/\/vof-news.eu\/wp-content\/uploads\/2026\/01\/original__1000x1500.jpg\",\"width\":1000,\"height\":1500},{\"@type\":\"BreadcrumbList\",\"@id\":\"https:\/\/vof-news.eu\/de\/wir-nennen-das-den-wagenburg-effekt\/#breadcrumb\",\"itemListElement\":[{\"@type\":\"ListItem\",\"position\":1,\"name\":\"Home\",\"item\":\"https:\/\/vof-news.eu\/de\/\"},{\"@type\":\"ListItem\",\"position\":2,\"name\":\"&#8220;Wir nennen das den Wagenburg-Effekt&#8221;\"}]},{\"@type\":\"WebSite\",\"@id\":\"https:\/\/vof-news.eu\/de\/#website\",\"url\":\"https:\/\/vof-news.eu\/de\/\",\"name\":\"vof-news.eu\",\"description\":\"\",\"potentialAction\":[{\"@type\":\"SearchAction\",\"target\":{\"@type\":\"EntryPoint\",\"urlTemplate\":\"https:\/\/vof-news.eu\/de\/?s={search_term_string}\"},\"query-input\":\"required name=search_term_string\"}],\"inLanguage\":\"de\"},{\"@type\":\"Person\",\"@id\":\"https:\/\/vof-news.eu\/de\/#\/schema\/person\/f6a2a4309f0561835797fd8c19b333ed\",\"name\":\"Author\",\"image\":{\"@type\":\"ImageObject\",\"inLanguage\":\"de\",\"@id\":\"https:\/\/vof-news.eu\/de\/#\/schema\/person\/image\/\",\"url\":\"https:\/\/secure.gravatar.com\/avatar\/b67e614b1b25b3e9c0c239efdd2fde5ab015b5affd6f1c3c85911ca4b384e790?s=96&d=mm&r=g\",\"contentUrl\":\"https:\/\/secure.gravatar.com\/avatar\/b67e614b1b25b3e9c0c239efdd2fde5ab015b5affd6f1c3c85911ca4b384e790?s=96&d=mm&r=g\",\"caption\":\"Author\"},\"sameAs\":[\"http:\/\/vof-news.eu\"],\"url\":\"https:\/\/vof-news.eu\/de\/author\/zwt6qxnjulxbnyg\/\"}]}<\/script>\n<!-- \/ Yoast SEO plugin. -->","yoast_head_json":{"title":"\"Wir nennen das den Wagenburg-Effekt\" - vof-news.eu","description":"DIE ZEIT: Herr von Soest, als Antwort auf die brutale Niederschlagung der Proteste im Iran haben die USA neue Sanktionen gegen einzelne Mitglieder des iranischen Regimes angek\u00fcndigt. Die EU plant, die Revolutionsgarden als Terrororganisation einzustufen. F\u00fcr wie gro\u00df halten Sie die Wahrscheinlichkeit, das Regime damit zum Einlenken zu bewegen?","robots":{"index":"noindex","follow":"follow","max-snippet":"max-snippet:-1","max-image-preview":"max-image-preview:large","max-video-preview":"max-video-preview:-1"},"og_locale":"de_DE","og_type":"article","og_title":"\"Wir nennen das den Wagenburg-Effekt\" - vof-news.eu","og_description":"DIE ZEIT: Herr von Soest, als Antwort auf die brutale Niederschlagung der Proteste im Iran haben die USA neue Sanktionen gegen einzelne Mitglieder des iranischen Regimes angek\u00fcndigt. Die EU plant, die Revolutionsgarden als Terrororganisation einzustufen. F\u00fcr wie gro\u00df halten Sie die Wahrscheinlichkeit, das Regime damit zum Einlenken zu bewegen?","og_url":"https:\/\/vof-news.eu\/de\/wir-nennen-das-den-wagenburg-effekt\/","og_site_name":"vof-news.eu","article_published_time":"2026-01-21T22:28:24+00:00","article_modified_time":"2026-01-21T22:30:07+00:00","og_image":[{"width":1000,"height":1500,"url":"https:\/\/vof-news.eu\/wp-content\/uploads\/2026\/01\/original__1000x1500.jpg","type":"image\/jpeg"}],"author":"Author","twitter_card":"summary_large_image","twitter_misc":{"Verfasst von":"Author","Gesch\u00e4tzte Lesezeit":"3\u00a0Minuten"},"schema":{"@context":"https:\/\/schema.org","@graph":[{"@type":"WebPage","@id":"https:\/\/vof-news.eu\/de\/wir-nennen-das-den-wagenburg-effekt\/","url":"https:\/\/vof-news.eu\/de\/wir-nennen-das-den-wagenburg-effekt\/","name":"\"Wir nennen das den Wagenburg-Effekt\" - vof-news.eu","isPartOf":{"@id":"https:\/\/vof-news.eu\/de\/#website"},"primaryImageOfPage":{"@id":"https:\/\/vof-news.eu\/de\/wir-nennen-das-den-wagenburg-effekt\/#primaryimage"},"image":{"@id":"https:\/\/vof-news.eu\/de\/wir-nennen-das-den-wagenburg-effekt\/#primaryimage"},"thumbnailUrl":"https:\/\/vof-news.eu\/wp-content\/uploads\/2026\/01\/original__1000x1500.jpg","datePublished":"2026-01-21T22:28:24+00:00","dateModified":"2026-01-21T22:30:07+00:00","author":{"@id":"https:\/\/vof-news.eu\/de\/#\/schema\/person\/f6a2a4309f0561835797fd8c19b333ed"},"description":"DIE ZEIT: Herr von Soest, als Antwort auf die brutale Niederschlagung der Proteste im Iran haben die USA neue Sanktionen gegen einzelne Mitglieder des iranischen Regimes angek\u00fcndigt. Die EU plant, die Revolutionsgarden als Terrororganisation einzustufen. F\u00fcr wie gro\u00df halten Sie die Wahrscheinlichkeit, das Regime damit zum Einlenken zu bewegen?","breadcrumb":{"@id":"https:\/\/vof-news.eu\/de\/wir-nennen-das-den-wagenburg-effekt\/#breadcrumb"},"inLanguage":"de","potentialAction":[{"@type":"ReadAction","target":["https:\/\/vof-news.eu\/de\/wir-nennen-das-den-wagenburg-effekt\/"]}]},{"@type":"ImageObject","inLanguage":"de","@id":"https:\/\/vof-news.eu\/de\/wir-nennen-das-den-wagenburg-effekt\/#primaryimage","url":"https:\/\/vof-news.eu\/wp-content\/uploads\/2026\/01\/original__1000x1500.jpg","contentUrl":"https:\/\/vof-news.eu\/wp-content\/uploads\/2026\/01\/original__1000x1500.jpg","width":1000,"height":1500},{"@type":"BreadcrumbList","@id":"https:\/\/vof-news.eu\/de\/wir-nennen-das-den-wagenburg-effekt\/#breadcrumb","itemListElement":[{"@type":"ListItem","position":1,"name":"Home","item":"https:\/\/vof-news.eu\/de\/"},{"@type":"ListItem","position":2,"name":"&#8220;Wir nennen das den Wagenburg-Effekt&#8221;"}]},{"@type":"WebSite","@id":"https:\/\/vof-news.eu\/de\/#website","url":"https:\/\/vof-news.eu\/de\/","name":"vof-news.eu","description":"","potentialAction":[{"@type":"SearchAction","target":{"@type":"EntryPoint","urlTemplate":"https:\/\/vof-news.eu\/de\/?s={search_term_string}"},"query-input":"required name=search_term_string"}],"inLanguage":"de"},{"@type":"Person","@id":"https:\/\/vof-news.eu\/de\/#\/schema\/person\/f6a2a4309f0561835797fd8c19b333ed","name":"Author","image":{"@type":"ImageObject","inLanguage":"de","@id":"https:\/\/vof-news.eu\/de\/#\/schema\/person\/image\/","url":"https:\/\/secure.gravatar.com\/avatar\/b67e614b1b25b3e9c0c239efdd2fde5ab015b5affd6f1c3c85911ca4b384e790?s=96&d=mm&r=g","contentUrl":"https:\/\/secure.gravatar.com\/avatar\/b67e614b1b25b3e9c0c239efdd2fde5ab015b5affd6f1c3c85911ca4b384e790?s=96&d=mm&r=g","caption":"Author"},"sameAs":["http:\/\/vof-news.eu"],"url":"https:\/\/vof-news.eu\/de\/author\/zwt6qxnjulxbnyg\/"}]}},"yoast_meta":{"yoast_wpseo_title":"","yoast_wpseo_metadesc":"","yoast_wpseo_canonical":""},"_links":{"self":[{"href":"https:\/\/vof-news.eu\/de\/wp-json\/wp\/v2\/posts\/318952","targetHints":{"allow":["GET"]}}],"collection":[{"href":"https:\/\/vof-news.eu\/de\/wp-json\/wp\/v2\/posts"}],"about":[{"href":"https:\/\/vof-news.eu\/de\/wp-json\/wp\/v2\/types\/post"}],"author":[{"embeddable":true,"href":"https:\/\/vof-news.eu\/de\/wp-json\/wp\/v2\/users\/1"}],"replies":[{"embeddable":true,"href":"https:\/\/vof-news.eu\/de\/wp-json\/wp\/v2\/comments?post=318952"}],"version-history":[{"count":1,"href":"https:\/\/vof-news.eu\/de\/wp-json\/wp\/v2\/posts\/318952\/revisions"}],"predecessor-version":[{"id":318959,"href":"https:\/\/vof-news.eu\/de\/wp-json\/wp\/v2\/posts\/318952\/revisions\/318959"}],"wp:featuredmedia":[{"embeddable":true,"href":"https:\/\/vof-news.eu\/de\/wp-json\/wp\/v2\/media\/318953"}],"wp:attachment":[{"href":"https:\/\/vof-news.eu\/de\/wp-json\/wp\/v2\/media?parent=318952"}],"wp:term":[{"taxonomy":"category","embeddable":true,"href":"https:\/\/vof-news.eu\/de\/wp-json\/wp\/v2\/categories?post=318952"},{"taxonomy":"post_tag","embeddable":true,"href":"https:\/\/vof-news.eu\/de\/wp-json\/wp\/v2\/tags?post=318952"}],"curies":[{"name":"wp","href":"https:\/\/api.w.org\/{rel}","templated":true}]}}