{"id":318761,"date":"2026-01-21T15:32:01","date_gmt":"2026-01-21T12:32:01","guid":{"rendered":"https:\/\/vof-news.eu\/der-himmel-ist-rosa\/"},"modified":"2026-01-21T15:33:31","modified_gmt":"2026-01-21T12:33:31","slug":"der-himmel-ist-rosa","status":"publish","type":"post","link":"https:\/\/vof-news.eu\/de\/der-himmel-ist-rosa\/","title":{"rendered":"Der Himmel ist rosa"},"content":{"rendered":"<div>\n<p>Wei\u00dfes Winterlicht, blauer Himmel, Vogelzwitschern, das Rattern und Quietschen der S-Bahn \u2013 ansonsten Stille auf dem Alten St.-Matth\u00e4us-Kirchhof in Berlin-Sch\u00f6neberg. Hunderte sind gekommen, um Abschied zu nehmen von <a href=\"https:\/\/www.zeit.de\/kultur\/film\/2025-12\/filmemacher-rosa-von-praunheim-ist-tot\" rel=\"nofollow\">Rosa von Praunheim<\/a>, dem Filmemacher, Dichter, Maler, Aktivisten, Chronisten des queeren Deutschlands. Der <a href=\"https:\/\/www.zeit.de\/kultur\/film\/2023-06\/orphea-in-love-axel-ranisch-kino-filmrezension\" rel=\"nofollow\">Regisseur Axel Ranisch<\/a> kommt als Biene im schwarz-gelb gestreiften Kost\u00fcm mit Teleskopaugen angeflogen, Lars Eidinger wirkt im hochgeschlossenen schwarzen Mantel neben Volker Schl\u00f6ndorff noch gr\u00f6\u00dfer, als er ist, eine Transfrau mit elegantem Gesichtsschleier scheint einem Melodram entstiegen. Jemand h\u00e4lt ein selbst gemaltes Plakat mit dem Praunheim-Filmtitel  Viel Rosa in Form von Rosen, Krawatten, M\u00fctzen, High Heels. Auf dem blumenbedeckten Urnengrab liegt ein Teddy, daneben eine Regenbogenfahne und ein pink glitzernder Hut. Jemand ruft: &#8222;Nicht traurig sein, er hat bestimmt Spa\u00df im Himmel!&#8220; Die Beerdigung wird gefilmt f\u00fcr von Praunheims letztes Werk  und es scheint, als k\u00f6nne sich dieser Menschenzusammenbringer da oben im Regiestuhl einfach zur\u00fccklehnen.\n<\/p>\n<\/div>\n","protected":false},"excerpt":{"rendered":"<p>Wei\u00dfes Winterlicht, blauer Himmel, Vogelzwitschern, das Rattern und Quietschen der S-Bahn \u2013 ansonsten Stille auf dem Alten St.-Matth\u00e4us-Kirchhof in Berlin-Sch\u00f6neberg. Hunderte sind gekommen, um Abschied zu nehmen von Rosa von Praunheim, dem Filmemacher, Dichter, Maler, Aktivisten, Chronisten des queeren Deutschlands. Der Regisseur Axel Ranisch kommt als Biene im schwarz-gelb gestreiften Kost\u00fcm mit Teleskopaugen angeflogen, Lars<\/p>\n","protected":false},"author":1,"featured_media":318762,"comment_status":"open","ping_status":"open","sticky":false,"template":"","format":"standard","meta":{"footnotes":""},"categories":[64],"tags":[],"class_list":["post-318761","post","type-post","status-publish","format-standard","has-post-thumbnail","hentry","category-culture-de"],"acf":[],"yoast_head":"<!-- This site is optimized with the Yoast SEO plugin v22.9 - https:\/\/yoast.com\/wordpress\/plugins\/seo\/ -->\n<title>Der Himmel ist rosa - vof-news.eu<\/title>\n<meta name=\"description\" content=\"Wei\u00dfes Winterlicht, blauer Himmel, Vogelzwitschern, das Rattern und Quietschen der S-Bahn \u2013 ansonsten Stille auf dem Alten St.-Matth\u00e4us-Kirchhof in Berlin-Sch\u00f6neberg. Hunderte sind gekommen, um Abschied zu nehmen von Rosa von Praunheim, dem Filmemacher, Dichter, Maler, Aktivisten, Chronisten des queeren Deutschlands. Der Regisseur Axel Ranisch kommt als Biene im schwarz-gelb gestreiften Kost\u00fcm mit Teleskopaugen angeflogen, Lars Eidinger wirkt im hochgeschlossenen schwarzen Mantel neben Volker Schl\u00f6ndorff noch gr\u00f6\u00dfer, als er ist, eine Transfrau mit elegantem Gesichtsschleier scheint einem Melodram entstiegen. Jemand h\u00e4lt ein selbst gemaltes Plakat mit dem Praunheim-Filmtitel Viel Rosa in Form von Rosen, Krawatten, M\u00fctzen, High Heels. Auf dem blumenbedeckten Urnengrab liegt ein Teddy, daneben eine Regenbogenfahne und ein pink glitzernder Hut. Jemand ruft: &quot;Nicht traurig sein, er hat bestimmt Spa\u00df im Himmel!&quot; Die Beerdigung wird gefilmt f\u00fcr von Praunheims letztes Werk und es scheint, als k\u00f6nne sich dieser Menschenzusammenbringer da oben im Regiestuhl einfach zur\u00fccklehnen.\" \/>\n<meta name=\"robots\" content=\"noindex, follow, max-snippet:-1, max-image-preview:large, max-video-preview:-1\" \/>\n<meta property=\"og:locale\" content=\"de_DE\" \/>\n<meta property=\"og:type\" content=\"article\" \/>\n<meta property=\"og:title\" content=\"Der Himmel ist rosa - vof-news.eu\" \/>\n<meta property=\"og:description\" content=\"Wei\u00dfes Winterlicht, blauer Himmel, Vogelzwitschern, das Rattern und Quietschen der S-Bahn \u2013 ansonsten Stille auf dem Alten St.-Matth\u00e4us-Kirchhof in Berlin-Sch\u00f6neberg. Hunderte sind gekommen, um Abschied zu nehmen von Rosa von Praunheim, dem Filmemacher, Dichter, Maler, Aktivisten, Chronisten des queeren Deutschlands. Der Regisseur Axel Ranisch kommt als Biene im schwarz-gelb gestreiften Kost\u00fcm mit Teleskopaugen angeflogen, Lars Eidinger wirkt im hochgeschlossenen schwarzen Mantel neben Volker Schl\u00f6ndorff noch gr\u00f6\u00dfer, als er ist, eine Transfrau mit elegantem Gesichtsschleier scheint einem Melodram entstiegen. Jemand h\u00e4lt ein selbst gemaltes Plakat mit dem Praunheim-Filmtitel Viel Rosa in Form von Rosen, Krawatten, M\u00fctzen, High Heels. Auf dem blumenbedeckten Urnengrab liegt ein Teddy, daneben eine Regenbogenfahne und ein pink glitzernder Hut. Jemand ruft: &quot;Nicht traurig sein, er hat bestimmt Spa\u00df im Himmel!&quot; Die Beerdigung wird gefilmt f\u00fcr von Praunheims letztes Werk und es scheint, als k\u00f6nne sich dieser Menschenzusammenbringer da oben im Regiestuhl einfach zur\u00fccklehnen.\" \/>\n<meta property=\"og:url\" content=\"https:\/\/vof-news.eu\/de\/der-himmel-ist-rosa\/\" \/>\n<meta property=\"og:site_name\" content=\"vof-news.eu\" \/>\n<meta property=\"article:published_time\" content=\"2026-01-21T12:32:01+00:00\" \/>\n<meta property=\"article:modified_time\" content=\"2026-01-21T12:33:31+00:00\" \/>\n<meta property=\"og:image\" content=\"https:\/\/vof-news.eu\/wp-content\/uploads\/2026\/01\/original__1000x1499.jpg\" \/>\n\t<meta property=\"og:image:width\" content=\"1000\" \/>\n\t<meta property=\"og:image:height\" content=\"1499\" \/>\n\t<meta property=\"og:image:type\" content=\"image\/jpeg\" \/>\n<meta name=\"author\" content=\"Author\" \/>\n<meta name=\"twitter:card\" content=\"summary_large_image\" \/>\n<meta name=\"twitter:label1\" content=\"Verfasst von\" \/>\n\t<meta name=\"twitter:data1\" content=\"Author\" \/>\n\t<meta name=\"twitter:label2\" content=\"Gesch\u00e4tzte Lesezeit\" \/>\n\t<meta name=\"twitter:data2\" content=\"1\u00a0Minute\" \/>\n<script type=\"application\/ld+json\" class=\"yoast-schema-graph\">{\"@context\":\"https:\/\/schema.org\",\"@graph\":[{\"@type\":\"WebPage\",\"@id\":\"https:\/\/vof-news.eu\/de\/der-himmel-ist-rosa\/\",\"url\":\"https:\/\/vof-news.eu\/de\/der-himmel-ist-rosa\/\",\"name\":\"Der Himmel ist rosa - vof-news.eu\",\"isPartOf\":{\"@id\":\"https:\/\/vof-news.eu\/de\/#website\"},\"primaryImageOfPage\":{\"@id\":\"https:\/\/vof-news.eu\/de\/der-himmel-ist-rosa\/#primaryimage\"},\"image\":{\"@id\":\"https:\/\/vof-news.eu\/de\/der-himmel-ist-rosa\/#primaryimage\"},\"thumbnailUrl\":\"https:\/\/vof-news.eu\/wp-content\/uploads\/2026\/01\/original__1000x1499.jpg\",\"datePublished\":\"2026-01-21T12:32:01+00:00\",\"dateModified\":\"2026-01-21T12:33:31+00:00\",\"author\":{\"@id\":\"https:\/\/vof-news.eu\/de\/#\/schema\/person\/f6a2a4309f0561835797fd8c19b333ed\"},\"description\":\"Wei\u00dfes Winterlicht, blauer Himmel, Vogelzwitschern, das Rattern und Quietschen der S-Bahn \u2013 ansonsten Stille auf dem Alten St.-Matth\u00e4us-Kirchhof in Berlin-Sch\u00f6neberg. Hunderte sind gekommen, um Abschied zu nehmen von Rosa von Praunheim, dem Filmemacher, Dichter, Maler, Aktivisten, Chronisten des queeren Deutschlands. Der Regisseur Axel Ranisch kommt als Biene im schwarz-gelb gestreiften Kost\u00fcm mit Teleskopaugen angeflogen, Lars Eidinger wirkt im hochgeschlossenen schwarzen Mantel neben Volker Schl\u00f6ndorff noch gr\u00f6\u00dfer, als er ist, eine Transfrau mit elegantem Gesichtsschleier scheint einem Melodram entstiegen. Jemand h\u00e4lt ein selbst gemaltes Plakat mit dem Praunheim-Filmtitel Viel Rosa in Form von Rosen, Krawatten, M\u00fctzen, High Heels. Auf dem blumenbedeckten Urnengrab liegt ein Teddy, daneben eine Regenbogenfahne und ein pink glitzernder Hut. Jemand ruft: \\\"Nicht traurig sein, er hat bestimmt Spa\u00df im Himmel!\\\" Die Beerdigung wird gefilmt f\u00fcr von Praunheims letztes Werk und es scheint, als k\u00f6nne sich dieser Menschenzusammenbringer da oben im Regiestuhl einfach zur\u00fccklehnen.\",\"breadcrumb\":{\"@id\":\"https:\/\/vof-news.eu\/de\/der-himmel-ist-rosa\/#breadcrumb\"},\"inLanguage\":\"de\",\"potentialAction\":[{\"@type\":\"ReadAction\",\"target\":[\"https:\/\/vof-news.eu\/de\/der-himmel-ist-rosa\/\"]}]},{\"@type\":\"ImageObject\",\"inLanguage\":\"de\",\"@id\":\"https:\/\/vof-news.eu\/de\/der-himmel-ist-rosa\/#primaryimage\",\"url\":\"https:\/\/vof-news.eu\/wp-content\/uploads\/2026\/01\/original__1000x1499.jpg\",\"contentUrl\":\"https:\/\/vof-news.eu\/wp-content\/uploads\/2026\/01\/original__1000x1499.jpg\",\"width\":1000,\"height\":1499},{\"@type\":\"BreadcrumbList\",\"@id\":\"https:\/\/vof-news.eu\/de\/der-himmel-ist-rosa\/#breadcrumb\",\"itemListElement\":[{\"@type\":\"ListItem\",\"position\":1,\"name\":\"Home\",\"item\":\"https:\/\/vof-news.eu\/de\/\"},{\"@type\":\"ListItem\",\"position\":2,\"name\":\"Der Himmel ist rosa\"}]},{\"@type\":\"WebSite\",\"@id\":\"https:\/\/vof-news.eu\/de\/#website\",\"url\":\"https:\/\/vof-news.eu\/de\/\",\"name\":\"vof-news.eu\",\"description\":\"\",\"potentialAction\":[{\"@type\":\"SearchAction\",\"target\":{\"@type\":\"EntryPoint\",\"urlTemplate\":\"https:\/\/vof-news.eu\/de\/?s={search_term_string}\"},\"query-input\":\"required name=search_term_string\"}],\"inLanguage\":\"de\"},{\"@type\":\"Person\",\"@id\":\"https:\/\/vof-news.eu\/de\/#\/schema\/person\/f6a2a4309f0561835797fd8c19b333ed\",\"name\":\"Author\",\"image\":{\"@type\":\"ImageObject\",\"inLanguage\":\"de\",\"@id\":\"https:\/\/vof-news.eu\/de\/#\/schema\/person\/image\/\",\"url\":\"https:\/\/secure.gravatar.com\/avatar\/b67e614b1b25b3e9c0c239efdd2fde5ab015b5affd6f1c3c85911ca4b384e790?s=96&d=mm&r=g\",\"contentUrl\":\"https:\/\/secure.gravatar.com\/avatar\/b67e614b1b25b3e9c0c239efdd2fde5ab015b5affd6f1c3c85911ca4b384e790?s=96&d=mm&r=g\",\"caption\":\"Author\"},\"sameAs\":[\"http:\/\/vof-news.eu\"],\"url\":\"https:\/\/vof-news.eu\/de\/author\/zwt6qxnjulxbnyg\/\"}]}<\/script>\n<!-- \/ Yoast SEO plugin. -->","yoast_head_json":{"title":"Der Himmel ist rosa - vof-news.eu","description":"Wei\u00dfes Winterlicht, blauer Himmel, Vogelzwitschern, das Rattern und Quietschen der S-Bahn \u2013 ansonsten Stille auf dem Alten St.-Matth\u00e4us-Kirchhof in Berlin-Sch\u00f6neberg. Hunderte sind gekommen, um Abschied zu nehmen von Rosa von Praunheim, dem Filmemacher, Dichter, Maler, Aktivisten, Chronisten des queeren Deutschlands. Der Regisseur Axel Ranisch kommt als Biene im schwarz-gelb gestreiften Kost\u00fcm mit Teleskopaugen angeflogen, Lars Eidinger wirkt im hochgeschlossenen schwarzen Mantel neben Volker Schl\u00f6ndorff noch gr\u00f6\u00dfer, als er ist, eine Transfrau mit elegantem Gesichtsschleier scheint einem Melodram entstiegen. Jemand h\u00e4lt ein selbst gemaltes Plakat mit dem Praunheim-Filmtitel Viel Rosa in Form von Rosen, Krawatten, M\u00fctzen, High Heels. Auf dem blumenbedeckten Urnengrab liegt ein Teddy, daneben eine Regenbogenfahne und ein pink glitzernder Hut. Jemand ruft: \"Nicht traurig sein, er hat bestimmt Spa\u00df im Himmel!\" Die Beerdigung wird gefilmt f\u00fcr von Praunheims letztes Werk und es scheint, als k\u00f6nne sich dieser Menschenzusammenbringer da oben im Regiestuhl einfach zur\u00fccklehnen.","robots":{"index":"noindex","follow":"follow","max-snippet":"max-snippet:-1","max-image-preview":"max-image-preview:large","max-video-preview":"max-video-preview:-1"},"og_locale":"de_DE","og_type":"article","og_title":"Der Himmel ist rosa - vof-news.eu","og_description":"Wei\u00dfes Winterlicht, blauer Himmel, Vogelzwitschern, das Rattern und Quietschen der S-Bahn \u2013 ansonsten Stille auf dem Alten St.-Matth\u00e4us-Kirchhof in Berlin-Sch\u00f6neberg. Hunderte sind gekommen, um Abschied zu nehmen von Rosa von Praunheim, dem Filmemacher, Dichter, Maler, Aktivisten, Chronisten des queeren Deutschlands. Der Regisseur Axel Ranisch kommt als Biene im schwarz-gelb gestreiften Kost\u00fcm mit Teleskopaugen angeflogen, Lars Eidinger wirkt im hochgeschlossenen schwarzen Mantel neben Volker Schl\u00f6ndorff noch gr\u00f6\u00dfer, als er ist, eine Transfrau mit elegantem Gesichtsschleier scheint einem Melodram entstiegen. Jemand h\u00e4lt ein selbst gemaltes Plakat mit dem Praunheim-Filmtitel Viel Rosa in Form von Rosen, Krawatten, M\u00fctzen, High Heels. Auf dem blumenbedeckten Urnengrab liegt ein Teddy, daneben eine Regenbogenfahne und ein pink glitzernder Hut. Jemand ruft: \"Nicht traurig sein, er hat bestimmt Spa\u00df im Himmel!\" Die Beerdigung wird gefilmt f\u00fcr von Praunheims letztes Werk und es scheint, als k\u00f6nne sich dieser Menschenzusammenbringer da oben im Regiestuhl einfach zur\u00fccklehnen.","og_url":"https:\/\/vof-news.eu\/de\/der-himmel-ist-rosa\/","og_site_name":"vof-news.eu","article_published_time":"2026-01-21T12:32:01+00:00","article_modified_time":"2026-01-21T12:33:31+00:00","og_image":[{"width":1000,"height":1499,"url":"https:\/\/vof-news.eu\/wp-content\/uploads\/2026\/01\/original__1000x1499.jpg","type":"image\/jpeg"}],"author":"Author","twitter_card":"summary_large_image","twitter_misc":{"Verfasst von":"Author","Gesch\u00e4tzte Lesezeit":"1\u00a0Minute"},"schema":{"@context":"https:\/\/schema.org","@graph":[{"@type":"WebPage","@id":"https:\/\/vof-news.eu\/de\/der-himmel-ist-rosa\/","url":"https:\/\/vof-news.eu\/de\/der-himmel-ist-rosa\/","name":"Der Himmel ist rosa - vof-news.eu","isPartOf":{"@id":"https:\/\/vof-news.eu\/de\/#website"},"primaryImageOfPage":{"@id":"https:\/\/vof-news.eu\/de\/der-himmel-ist-rosa\/#primaryimage"},"image":{"@id":"https:\/\/vof-news.eu\/de\/der-himmel-ist-rosa\/#primaryimage"},"thumbnailUrl":"https:\/\/vof-news.eu\/wp-content\/uploads\/2026\/01\/original__1000x1499.jpg","datePublished":"2026-01-21T12:32:01+00:00","dateModified":"2026-01-21T12:33:31+00:00","author":{"@id":"https:\/\/vof-news.eu\/de\/#\/schema\/person\/f6a2a4309f0561835797fd8c19b333ed"},"description":"Wei\u00dfes Winterlicht, blauer Himmel, Vogelzwitschern, das Rattern und Quietschen der S-Bahn \u2013 ansonsten Stille auf dem Alten St.-Matth\u00e4us-Kirchhof in Berlin-Sch\u00f6neberg. Hunderte sind gekommen, um Abschied zu nehmen von Rosa von Praunheim, dem Filmemacher, Dichter, Maler, Aktivisten, Chronisten des queeren Deutschlands. Der Regisseur Axel Ranisch kommt als Biene im schwarz-gelb gestreiften Kost\u00fcm mit Teleskopaugen angeflogen, Lars Eidinger wirkt im hochgeschlossenen schwarzen Mantel neben Volker Schl\u00f6ndorff noch gr\u00f6\u00dfer, als er ist, eine Transfrau mit elegantem Gesichtsschleier scheint einem Melodram entstiegen. Jemand h\u00e4lt ein selbst gemaltes Plakat mit dem Praunheim-Filmtitel Viel Rosa in Form von Rosen, Krawatten, M\u00fctzen, High Heels. Auf dem blumenbedeckten Urnengrab liegt ein Teddy, daneben eine Regenbogenfahne und ein pink glitzernder Hut. Jemand ruft: \"Nicht traurig sein, er hat bestimmt Spa\u00df im Himmel!\" Die Beerdigung wird gefilmt f\u00fcr von Praunheims letztes Werk und es scheint, als k\u00f6nne sich dieser Menschenzusammenbringer da oben im Regiestuhl einfach zur\u00fccklehnen.","breadcrumb":{"@id":"https:\/\/vof-news.eu\/de\/der-himmel-ist-rosa\/#breadcrumb"},"inLanguage":"de","potentialAction":[{"@type":"ReadAction","target":["https:\/\/vof-news.eu\/de\/der-himmel-ist-rosa\/"]}]},{"@type":"ImageObject","inLanguage":"de","@id":"https:\/\/vof-news.eu\/de\/der-himmel-ist-rosa\/#primaryimage","url":"https:\/\/vof-news.eu\/wp-content\/uploads\/2026\/01\/original__1000x1499.jpg","contentUrl":"https:\/\/vof-news.eu\/wp-content\/uploads\/2026\/01\/original__1000x1499.jpg","width":1000,"height":1499},{"@type":"BreadcrumbList","@id":"https:\/\/vof-news.eu\/de\/der-himmel-ist-rosa\/#breadcrumb","itemListElement":[{"@type":"ListItem","position":1,"name":"Home","item":"https:\/\/vof-news.eu\/de\/"},{"@type":"ListItem","position":2,"name":"Der Himmel ist rosa"}]},{"@type":"WebSite","@id":"https:\/\/vof-news.eu\/de\/#website","url":"https:\/\/vof-news.eu\/de\/","name":"vof-news.eu","description":"","potentialAction":[{"@type":"SearchAction","target":{"@type":"EntryPoint","urlTemplate":"https:\/\/vof-news.eu\/de\/?s={search_term_string}"},"query-input":"required name=search_term_string"}],"inLanguage":"de"},{"@type":"Person","@id":"https:\/\/vof-news.eu\/de\/#\/schema\/person\/f6a2a4309f0561835797fd8c19b333ed","name":"Author","image":{"@type":"ImageObject","inLanguage":"de","@id":"https:\/\/vof-news.eu\/de\/#\/schema\/person\/image\/","url":"https:\/\/secure.gravatar.com\/avatar\/b67e614b1b25b3e9c0c239efdd2fde5ab015b5affd6f1c3c85911ca4b384e790?s=96&d=mm&r=g","contentUrl":"https:\/\/secure.gravatar.com\/avatar\/b67e614b1b25b3e9c0c239efdd2fde5ab015b5affd6f1c3c85911ca4b384e790?s=96&d=mm&r=g","caption":"Author"},"sameAs":["http:\/\/vof-news.eu"],"url":"https:\/\/vof-news.eu\/de\/author\/zwt6qxnjulxbnyg\/"}]}},"yoast_meta":{"yoast_wpseo_title":"","yoast_wpseo_metadesc":"","yoast_wpseo_canonical":""},"_links":{"self":[{"href":"https:\/\/vof-news.eu\/de\/wp-json\/wp\/v2\/posts\/318761","targetHints":{"allow":["GET"]}}],"collection":[{"href":"https:\/\/vof-news.eu\/de\/wp-json\/wp\/v2\/posts"}],"about":[{"href":"https:\/\/vof-news.eu\/de\/wp-json\/wp\/v2\/types\/post"}],"author":[{"embeddable":true,"href":"https:\/\/vof-news.eu\/de\/wp-json\/wp\/v2\/users\/1"}],"replies":[{"embeddable":true,"href":"https:\/\/vof-news.eu\/de\/wp-json\/wp\/v2\/comments?post=318761"}],"version-history":[{"count":1,"href":"https:\/\/vof-news.eu\/de\/wp-json\/wp\/v2\/posts\/318761\/revisions"}],"predecessor-version":[{"id":318768,"href":"https:\/\/vof-news.eu\/de\/wp-json\/wp\/v2\/posts\/318761\/revisions\/318768"}],"wp:featuredmedia":[{"embeddable":true,"href":"https:\/\/vof-news.eu\/de\/wp-json\/wp\/v2\/media\/318762"}],"wp:attachment":[{"href":"https:\/\/vof-news.eu\/de\/wp-json\/wp\/v2\/media?parent=318761"}],"wp:term":[{"taxonomy":"category","embeddable":true,"href":"https:\/\/vof-news.eu\/de\/wp-json\/wp\/v2\/categories?post=318761"},{"taxonomy":"post_tag","embeddable":true,"href":"https:\/\/vof-news.eu\/de\/wp-json\/wp\/v2\/tags?post=318761"}],"curies":[{"name":"wp","href":"https:\/\/api.w.org\/{rel}","templated":true}]}}