{"id":317513,"date":"2026-01-17T19:28:25","date_gmt":"2026-01-17T16:28:25","guid":{"rendered":"https:\/\/vof-news.eu\/es-wird-nie-wieder-vorbei-sein\/"},"modified":"2026-01-17T19:29:46","modified_gmt":"2026-01-17T16:29:46","slug":"es-wird-nie-wieder-vorbei-sein","status":"publish","type":"post","link":"https:\/\/vof-news.eu\/de\/es-wird-nie-wieder-vorbei-sein\/","title":{"rendered":"Es wird nie wieder vorbei sein"},"content":{"rendered":"<div>\n<p>Bei den seit Wochen andauernden Protesten im<br \/>\n<span><a href=\"https:\/\/www.zeit.de\/gesellschaft\/zeitgeschehen\/2026-01\/proteste-iran-teheran-tote-liveblog\" rel=\"nofollow\">Iran<\/a><\/span> sind sofort ikonische Szenen entstanden: eine wei\u00dfhaarige Dame, die mit<br \/>\nblutigem Gesicht schreit: &#8222;Ich habe keine Angst, ich bin seit 47 Jahren tot!&#8220;, ein<br \/>\njunger Mann im Schneidersitz vor Motorr\u00e4dern einer bewaffneten Einheit, ein<br \/>\nh\u00fcbsches M\u00e4dchen, das verhaftet wurde und aus dem Milizenfahrzeug l\u00e4chelnd den<br \/>\nProtestierenden das Victory-Zeichen entgegenstreckt. Wurden sie inzwischen<br \/>\nget\u00f6tet oder nur verhaftet, gefoltert, vergewaltigt? Das wissen wir nicht.\n<\/p>\n<p>Es wird viel vom heroischen Mut der Menschen<br \/>\ngesprochen. Aber nach bald f\u00fcnf Jahrzehnten Repressionen, Gewaltherrschaft,<br \/>\npsychischer Zerm\u00fcrbung und \u00f6konomischer Verarmung ist es auch Wut und<br \/>\nVerzweiflung, die das iranische Volk nun mit leeren H\u00e4nden in den Kugelhagel<br \/>\nlaufen l\u00e4sst.\n<\/p>\n<p>Als in der vergangenen Woche Internet und<br \/>\nTelefonnetz im Land abgeschaltet wurden, griff die Angst um sich \u2013 im Iran und<br \/>\nin der mehrere Millionen gro\u00dfen Diaspora weltweit. Sehr viele von uns, auch<br \/>\nich, haben immer noch keinen Kontakt zu unseren Familien im Iran. Und dann kam<br \/>\ndas bef\u00fcrchtete gro\u00dfe Morden des Regimes. In meinem Umfeld gibt es die ersten<br \/>\nMeldungen get\u00f6teter Verwandter. Inzwischen erreichten uns zahlreiche Bilder und<br \/>\nVideos von Leichenbergen. Gezielte Kopf- und Herzsch\u00fcsse sind erkennbar.<br \/>\nM\u00e4nner, Frauen, alt und jung, auch kleine Kinder. Teilweise werden in einen<br \/>\nLeichensack mehrere Leichen gesteckt. Wenn die Angeh\u00f6rigen Gl\u00fcck haben, werden die<br \/>\nToten in Leichenschauh\u00e4user oder zu Friedh\u00f6fen gebracht. Dort m\u00fcssen sich<br \/>\nMenschen durch K\u00f6rper w\u00fchlen, um vermisste Angeh\u00f6rige zu finden. Es wird<br \/>\nallerdings auch von anonymen Massengr\u00e4bern berichtet.\n<\/p>\n<h2>Die Todeszahlen sind kaum verifizierbar<\/h2>\n<p>Polizei, Milit\u00e4r und ins Land gerufene<br \/>\nGruppen arabischer Terroreinheiten, sogenannte Proxys, haben in mehreren<br \/>\nSt\u00e4dten Massaker angerichtet.\u00a0Die Zahl der Toten aktuell zu verifizieren, <a href=\"https:\/\/www.zdfheute.de\/politik\/ausland\/totenzahlen-iran-faktencheck-100.html\" rel=\"nofollow\">ist kaum<br \/>\nm\u00f6glich<\/a>.\u00a0Der Exilsender Iran International verbreitete als erster die<br \/>\nZahl von mindestens 12.000 <a href=\"https:\/\/www.zeit.de\/politik\/ausland\/2026-01\/proteste-iran-demonstration-verletzung-tote\" rel=\"nofollow\">get\u00f6teten Zivilisten<\/a>, der Sender bezieht sich dabei<br \/>\nauf verschiedene Quellen, unter anderem auf\u00a0Informationen aus dem Umfeld<br \/>\ndes Obersten Nationalen Sicherheitsrats, auf zwei Quellen im Pr\u00e4sidialamt, auf<br \/>\nBerichte aus der Islamischen Revolutionsgarde in den St\u00e4dten Maschhad,<br \/>\nKermanschah und Isfahan, auf Augenzeugen und Angeh\u00f6rige sowie auf Daten<br \/>\nmedizinischer Zentren.\u00a0Ich bef\u00fcrchte, dass sie noch sehr viel h\u00f6her sind, so<br \/>\nerschreckend ist jeder einzelne Augenzeugenbericht aus allen 31 Provinzen des<br \/>\nLandes.\n<\/p>\n<p>Trotz <a href=\"https:\/\/www.zeit.de\/kultur\/2026-01\/iran-internetabschaltung-kommunikation-gemeinschaft-regime\" rel=\"nofollow\">des Blackouts<\/a> sind \u00fcber das Festnetz<br \/>\neinzelne Telefonate m\u00f6glich, auf sozialen Medien werden Aufzeichnungen davon<br \/>\ngeteilt und auch in meinem Freundeskreis sind solche Anrufe eingegangen. Oft<br \/>\nbeginnen die Gespr\u00e4che mit dem Hinweis, dass man abgeh\u00f6rt werde und vorsichtig<br \/>\nsein solle. Es wird viel geweint, das Ausma\u00df der Traumatisierung ist sp\u00fcrbar. Hier<br \/>\nin der Diaspora hatten wir tagelang keine Vorstellung davon, wie viele Tote es gibt<br \/>\nund auf welch bestialische Weise gemordet wird. &#8222;Sie haben alle umgebracht&#8220;,<br \/>\nhei\u00dft es in diesen Telefonaten, und immer wieder: &#8222;Wir schaffen es nicht<br \/>\nalleine.&#8220;\n<\/p>\n<p>Die iranische Bev\u00f6lkerung ist einer<br \/>\nKomplettisolation sehr nah. Eine Regierungssprecherin teilte heute mit, dass<br \/>\nder Internet-Shutdown bis zum persischen Neujahrsfest am 20. M\u00e4rz anhalten<br \/>\nsolle. In den letzten Tagen wurden Wohnungen durchsucht, Mobiltelefone auf<br \/>\nverbotene Inhalte kontrolliert und Satellitensch\u00fcsseln beschlagnahmt, mit denen<br \/>\nausl\u00e4ndische Medien empfangen werden konnten. \u00c4rzte sollen das offizielle <a href=\"https:\/\/iranwire.com\/en\/features\/147421-iranian-security-agencies-threaten-doctors-do-not-treat-protesters\/\" rel=\"nofollow\">Verbot<br \/>\nerhalten haben<\/a>, verletzte Demonstranten zu behandeln. Schwerverwundete werden<br \/>\nnoch in Krankenh\u00e4usern verhaftet und mitgenommen. In Apotheken <a href=\"https:\/\/www.telegraph.co.uk\/global-health\/terror-and-security\/irans-doctors-fight-back-secret-hospitals-regime-crackdown\/\" rel=\"nofollow\">werden<br \/>\nAbfragen gemacht<\/a>, wer Antibiotika oder Mittel zur Wunddesinfektion gekauft<br \/>\nhat. Das Stra\u00dfenbild aller St\u00e4dte ist inzwischen von Milit\u00e4rfahrzeugen gepr\u00e4gt,<br \/>\nMaschinengewehre im Anschlag auf Trucks, Motorradhorden mit schussbereiten<br \/>\nPistolen in der Hand. Auf Videos kann man sehen, dass Menschen per Lautsprecher<br \/>\naufgefordert werden, ihre H\u00e4user nicht zu verlassen. Und dennoch gehen Proteste<br \/>\nin vielen St\u00e4dten weiter, Tag und Nacht.\n<\/p>\n<p>Ja, es sind nicht mehr Hunderttausende auf<br \/>\nden Stra\u00dfen. Aber es macht mich w\u00fctend, daraus einen sinkenden Protestwillen<br \/>\nabzuleiten. Ob es wieder vorbei sei, fragen Medien. Die Antwort ist: Nein. Es<br \/>\nwird nie wieder vorbei sein. Es ist seit Jahren nicht vorbei. Es wurde immer<br \/>\nwieder protestiert und gestreikt.\n<\/p>\n<\/div>\n","protected":false},"excerpt":{"rendered":"<p>Bei den seit Wochen andauernden Protesten im Iran sind sofort ikonische Szenen entstanden: eine wei\u00dfhaarige Dame, die mit blutigem Gesicht schreit: &#8222;Ich habe keine Angst, ich bin seit 47 Jahren tot!&#8220;, ein junger Mann im Schneidersitz vor Motorr\u00e4dern einer bewaffneten Einheit, ein h\u00fcbsches M\u00e4dchen, das verhaftet wurde und aus dem Milizenfahrzeug l\u00e4chelnd den Protestierenden das<\/p>\n","protected":false},"author":1,"featured_media":317514,"comment_status":"open","ping_status":"open","sticky":false,"template":"","format":"standard","meta":{"footnotes":""},"categories":[64],"tags":[],"class_list":["post-317513","post","type-post","status-publish","format-standard","has-post-thumbnail","hentry","category-culture-de"],"acf":[],"yoast_head":"<!-- This site is optimized with the Yoast SEO plugin v22.9 - https:\/\/yoast.com\/wordpress\/plugins\/seo\/ -->\n<title>Es wird nie wieder vorbei sein - vof-news.eu<\/title>\n<meta name=\"description\" content=\"Bei den seit Wochen andauernden Protesten im\" \/>\n<meta name=\"robots\" content=\"noindex, follow, max-snippet:-1, max-image-preview:large, max-video-preview:-1\" \/>\n<meta property=\"og:locale\" content=\"de_DE\" \/>\n<meta property=\"og:type\" content=\"article\" \/>\n<meta property=\"og:title\" content=\"Es wird nie wieder vorbei sein - vof-news.eu\" \/>\n<meta property=\"og:description\" content=\"Bei den seit Wochen andauernden Protesten im\" \/>\n<meta property=\"og:url\" content=\"https:\/\/vof-news.eu\/de\/es-wird-nie-wieder-vorbei-sein\/\" \/>\n<meta property=\"og:site_name\" content=\"vof-news.eu\" \/>\n<meta property=\"article:published_time\" content=\"2026-01-17T16:28:25+00:00\" \/>\n<meta property=\"article:modified_time\" content=\"2026-01-17T16:29:46+00:00\" \/>\n<meta property=\"og:image\" content=\"https:\/\/vof-news.eu\/wp-content\/uploads\/2026\/01\/wide__1000x562-49.jpg\" \/>\n\t<meta property=\"og:image:width\" content=\"1000\" \/>\n\t<meta property=\"og:image:height\" content=\"562\" \/>\n\t<meta property=\"og:image:type\" content=\"image\/jpeg\" \/>\n<meta name=\"author\" content=\"Author\" \/>\n<meta name=\"twitter:card\" content=\"summary_large_image\" \/>\n<meta name=\"twitter:label1\" content=\"Verfasst von\" \/>\n\t<meta name=\"twitter:data1\" content=\"Author\" \/>\n\t<meta name=\"twitter:label2\" content=\"Gesch\u00e4tzte Lesezeit\" \/>\n\t<meta name=\"twitter:data2\" content=\"3\u00a0Minuten\" \/>\n<script type=\"application\/ld+json\" class=\"yoast-schema-graph\">{\"@context\":\"https:\/\/schema.org\",\"@graph\":[{\"@type\":\"WebPage\",\"@id\":\"https:\/\/vof-news.eu\/de\/es-wird-nie-wieder-vorbei-sein\/\",\"url\":\"https:\/\/vof-news.eu\/de\/es-wird-nie-wieder-vorbei-sein\/\",\"name\":\"Es wird nie wieder vorbei sein - vof-news.eu\",\"isPartOf\":{\"@id\":\"https:\/\/vof-news.eu\/de\/#website\"},\"primaryImageOfPage\":{\"@id\":\"https:\/\/vof-news.eu\/de\/es-wird-nie-wieder-vorbei-sein\/#primaryimage\"},\"image\":{\"@id\":\"https:\/\/vof-news.eu\/de\/es-wird-nie-wieder-vorbei-sein\/#primaryimage\"},\"thumbnailUrl\":\"https:\/\/vof-news.eu\/wp-content\/uploads\/2026\/01\/wide__1000x562-49.jpg\",\"datePublished\":\"2026-01-17T16:28:25+00:00\",\"dateModified\":\"2026-01-17T16:29:46+00:00\",\"author\":{\"@id\":\"https:\/\/vof-news.eu\/de\/#\/schema\/person\/f6a2a4309f0561835797fd8c19b333ed\"},\"description\":\"Bei den seit Wochen andauernden Protesten im\",\"breadcrumb\":{\"@id\":\"https:\/\/vof-news.eu\/de\/es-wird-nie-wieder-vorbei-sein\/#breadcrumb\"},\"inLanguage\":\"de\",\"potentialAction\":[{\"@type\":\"ReadAction\",\"target\":[\"https:\/\/vof-news.eu\/de\/es-wird-nie-wieder-vorbei-sein\/\"]}]},{\"@type\":\"ImageObject\",\"inLanguage\":\"de\",\"@id\":\"https:\/\/vof-news.eu\/de\/es-wird-nie-wieder-vorbei-sein\/#primaryimage\",\"url\":\"https:\/\/vof-news.eu\/wp-content\/uploads\/2026\/01\/wide__1000x562-49.jpg\",\"contentUrl\":\"https:\/\/vof-news.eu\/wp-content\/uploads\/2026\/01\/wide__1000x562-49.jpg\",\"width\":1000,\"height\":562},{\"@type\":\"BreadcrumbList\",\"@id\":\"https:\/\/vof-news.eu\/de\/es-wird-nie-wieder-vorbei-sein\/#breadcrumb\",\"itemListElement\":[{\"@type\":\"ListItem\",\"position\":1,\"name\":\"Home\",\"item\":\"https:\/\/vof-news.eu\/de\/\"},{\"@type\":\"ListItem\",\"position\":2,\"name\":\"Es wird nie wieder vorbei sein\"}]},{\"@type\":\"WebSite\",\"@id\":\"https:\/\/vof-news.eu\/de\/#website\",\"url\":\"https:\/\/vof-news.eu\/de\/\",\"name\":\"vof-news.eu\",\"description\":\"\",\"potentialAction\":[{\"@type\":\"SearchAction\",\"target\":{\"@type\":\"EntryPoint\",\"urlTemplate\":\"https:\/\/vof-news.eu\/de\/?s={search_term_string}\"},\"query-input\":\"required name=search_term_string\"}],\"inLanguage\":\"de\"},{\"@type\":\"Person\",\"@id\":\"https:\/\/vof-news.eu\/de\/#\/schema\/person\/f6a2a4309f0561835797fd8c19b333ed\",\"name\":\"Author\",\"image\":{\"@type\":\"ImageObject\",\"inLanguage\":\"de\",\"@id\":\"https:\/\/vof-news.eu\/de\/#\/schema\/person\/image\/\",\"url\":\"https:\/\/secure.gravatar.com\/avatar\/b67e614b1b25b3e9c0c239efdd2fde5ab015b5affd6f1c3c85911ca4b384e790?s=96&d=mm&r=g\",\"contentUrl\":\"https:\/\/secure.gravatar.com\/avatar\/b67e614b1b25b3e9c0c239efdd2fde5ab015b5affd6f1c3c85911ca4b384e790?s=96&d=mm&r=g\",\"caption\":\"Author\"},\"sameAs\":[\"http:\/\/vof-news.eu\"],\"url\":\"https:\/\/vof-news.eu\/de\/author\/zwt6qxnjulxbnyg\/\"}]}<\/script>\n<!-- \/ Yoast SEO plugin. -->","yoast_head_json":{"title":"Es wird nie wieder vorbei sein - vof-news.eu","description":"Bei den seit Wochen andauernden Protesten im","robots":{"index":"noindex","follow":"follow","max-snippet":"max-snippet:-1","max-image-preview":"max-image-preview:large","max-video-preview":"max-video-preview:-1"},"og_locale":"de_DE","og_type":"article","og_title":"Es wird nie wieder vorbei sein - vof-news.eu","og_description":"Bei den seit Wochen andauernden Protesten im","og_url":"https:\/\/vof-news.eu\/de\/es-wird-nie-wieder-vorbei-sein\/","og_site_name":"vof-news.eu","article_published_time":"2026-01-17T16:28:25+00:00","article_modified_time":"2026-01-17T16:29:46+00:00","og_image":[{"width":1000,"height":562,"url":"https:\/\/vof-news.eu\/wp-content\/uploads\/2026\/01\/wide__1000x562-49.jpg","type":"image\/jpeg"}],"author":"Author","twitter_card":"summary_large_image","twitter_misc":{"Verfasst von":"Author","Gesch\u00e4tzte Lesezeit":"3\u00a0Minuten"},"schema":{"@context":"https:\/\/schema.org","@graph":[{"@type":"WebPage","@id":"https:\/\/vof-news.eu\/de\/es-wird-nie-wieder-vorbei-sein\/","url":"https:\/\/vof-news.eu\/de\/es-wird-nie-wieder-vorbei-sein\/","name":"Es wird nie wieder vorbei sein - vof-news.eu","isPartOf":{"@id":"https:\/\/vof-news.eu\/de\/#website"},"primaryImageOfPage":{"@id":"https:\/\/vof-news.eu\/de\/es-wird-nie-wieder-vorbei-sein\/#primaryimage"},"image":{"@id":"https:\/\/vof-news.eu\/de\/es-wird-nie-wieder-vorbei-sein\/#primaryimage"},"thumbnailUrl":"https:\/\/vof-news.eu\/wp-content\/uploads\/2026\/01\/wide__1000x562-49.jpg","datePublished":"2026-01-17T16:28:25+00:00","dateModified":"2026-01-17T16:29:46+00:00","author":{"@id":"https:\/\/vof-news.eu\/de\/#\/schema\/person\/f6a2a4309f0561835797fd8c19b333ed"},"description":"Bei den seit Wochen andauernden Protesten im","breadcrumb":{"@id":"https:\/\/vof-news.eu\/de\/es-wird-nie-wieder-vorbei-sein\/#breadcrumb"},"inLanguage":"de","potentialAction":[{"@type":"ReadAction","target":["https:\/\/vof-news.eu\/de\/es-wird-nie-wieder-vorbei-sein\/"]}]},{"@type":"ImageObject","inLanguage":"de","@id":"https:\/\/vof-news.eu\/de\/es-wird-nie-wieder-vorbei-sein\/#primaryimage","url":"https:\/\/vof-news.eu\/wp-content\/uploads\/2026\/01\/wide__1000x562-49.jpg","contentUrl":"https:\/\/vof-news.eu\/wp-content\/uploads\/2026\/01\/wide__1000x562-49.jpg","width":1000,"height":562},{"@type":"BreadcrumbList","@id":"https:\/\/vof-news.eu\/de\/es-wird-nie-wieder-vorbei-sein\/#breadcrumb","itemListElement":[{"@type":"ListItem","position":1,"name":"Home","item":"https:\/\/vof-news.eu\/de\/"},{"@type":"ListItem","position":2,"name":"Es wird nie wieder vorbei sein"}]},{"@type":"WebSite","@id":"https:\/\/vof-news.eu\/de\/#website","url":"https:\/\/vof-news.eu\/de\/","name":"vof-news.eu","description":"","potentialAction":[{"@type":"SearchAction","target":{"@type":"EntryPoint","urlTemplate":"https:\/\/vof-news.eu\/de\/?s={search_term_string}"},"query-input":"required name=search_term_string"}],"inLanguage":"de"},{"@type":"Person","@id":"https:\/\/vof-news.eu\/de\/#\/schema\/person\/f6a2a4309f0561835797fd8c19b333ed","name":"Author","image":{"@type":"ImageObject","inLanguage":"de","@id":"https:\/\/vof-news.eu\/de\/#\/schema\/person\/image\/","url":"https:\/\/secure.gravatar.com\/avatar\/b67e614b1b25b3e9c0c239efdd2fde5ab015b5affd6f1c3c85911ca4b384e790?s=96&d=mm&r=g","contentUrl":"https:\/\/secure.gravatar.com\/avatar\/b67e614b1b25b3e9c0c239efdd2fde5ab015b5affd6f1c3c85911ca4b384e790?s=96&d=mm&r=g","caption":"Author"},"sameAs":["http:\/\/vof-news.eu"],"url":"https:\/\/vof-news.eu\/de\/author\/zwt6qxnjulxbnyg\/"}]}},"yoast_meta":{"yoast_wpseo_title":"","yoast_wpseo_metadesc":"","yoast_wpseo_canonical":""},"_links":{"self":[{"href":"https:\/\/vof-news.eu\/de\/wp-json\/wp\/v2\/posts\/317513","targetHints":{"allow":["GET"]}}],"collection":[{"href":"https:\/\/vof-news.eu\/de\/wp-json\/wp\/v2\/posts"}],"about":[{"href":"https:\/\/vof-news.eu\/de\/wp-json\/wp\/v2\/types\/post"}],"author":[{"embeddable":true,"href":"https:\/\/vof-news.eu\/de\/wp-json\/wp\/v2\/users\/1"}],"replies":[{"embeddable":true,"href":"https:\/\/vof-news.eu\/de\/wp-json\/wp\/v2\/comments?post=317513"}],"version-history":[{"count":1,"href":"https:\/\/vof-news.eu\/de\/wp-json\/wp\/v2\/posts\/317513\/revisions"}],"predecessor-version":[{"id":317521,"href":"https:\/\/vof-news.eu\/de\/wp-json\/wp\/v2\/posts\/317513\/revisions\/317521"}],"wp:featuredmedia":[{"embeddable":true,"href":"https:\/\/vof-news.eu\/de\/wp-json\/wp\/v2\/media\/317514"}],"wp:attachment":[{"href":"https:\/\/vof-news.eu\/de\/wp-json\/wp\/v2\/media?parent=317513"}],"wp:term":[{"taxonomy":"category","embeddable":true,"href":"https:\/\/vof-news.eu\/de\/wp-json\/wp\/v2\/categories?post=317513"},{"taxonomy":"post_tag","embeddable":true,"href":"https:\/\/vof-news.eu\/de\/wp-json\/wp\/v2\/tags?post=317513"}],"curies":[{"name":"wp","href":"https:\/\/api.w.org\/{rel}","templated":true}]}}