{"id":317477,"date":"2026-01-17T15:29:35","date_gmt":"2026-01-17T12:29:35","guid":{"rendered":"https:\/\/vof-news.eu\/was-wenn-die-vernunft-nicht-siegt\/"},"modified":"2026-01-17T15:30:33","modified_gmt":"2026-01-17T12:30:33","slug":"was-wenn-die-vernunft-nicht-siegt","status":"publish","type":"post","link":"https:\/\/vof-news.eu\/de\/was-wenn-die-vernunft-nicht-siegt\/","title":{"rendered":"Was, wenn die Vernunft nicht siegt?"},"content":{"rendered":"<div>\n<p>Zwei Zigaretten und einen . Mehr brauchte es nicht, um das gesamte K\u00f6nigreich <span><a href=\"https:\/\/www.zeit.de\/thema\/daenemark\" rel=\"nofollow\">D\u00e4nemark<\/a><\/span> kurz aufatmen zu lassen. Mich eingeschlossen. Nach Tagen der Sorge kamen der d\u00e4nische Au\u00dfenminister Lars L\u00f8kke Rasmussen und seine gr\u00f6nl\u00e4ndische Amtskollegin Vivian Motzfeldt vorsichtig optimistisch aus ihrem Treffen mit JD Vance und Marco Rubio im Eisenhower Building in Washington, D. C.\u00a0\n<\/p>\n<p>Der Vizepr\u00e4sident hatte keinen Selenskyj-Moment; amerikanische Truppen waren nicht unterwegs nach <span><a href=\"https:\/\/www.zeit.de\/thema\/groenland\" rel=\"nofollow\">Gr\u00f6nland<\/a><\/span>. &#8222;Das Treffen ist gut verlaufen&#8220;, sagte Motzfeldt bei der anschlie\u00dfenden Pressekonferenz auf gr\u00f6nl\u00e4ndisch, auch wenn &#8222;wir fundamental anderer Meinung sind&#8220;, wie es Rasmussen dann formulierte.\u00a0\n<\/p>\n<p>Doch dieser Konflikt ist keineswegs vorbei. Kurz nach dem Treffen sagte mir die ehemalige gr\u00f6nl\u00e4ndische Finanzministerin Maliina Abelsen am Telefon: &#8222;Ehrlich gesagt hatten wir die letzten Tage und Wochen wirklich Angst vor einem amerikanischen Milit\u00e4reinsatz. Die Katastrophe ist aber nicht verhindert, nur auf Standby gestellt. Ich glaube nicht, dass das einfach verschwindet.&#8220;\n<\/p>\n<p>Freunde aus Gr\u00f6nland erz\u00e4hlten mir von gepackten Taschen, jederzeit bereit f\u00fcr eine Abreise nach D\u00e4nemark. Von schlaflosen N\u00e4chten. Und von Kindern, die sich in den sozialen Medien gegenseitig Angst machen. Einige junge M\u00e4nner berichteten sogar, dass sie Waffen und Munition gekauft h\u00e4tten. F\u00fcr den Fall, dass amerikanische Truppen kommen.\n<\/p>\n<p>F\u00fcr die Gr\u00f6nl\u00e4nder ist die Situation also schon lange nicht mehr lustig. Vor einem Jahr, da lachten manche noch. Wenigstens habe Trump Gr\u00f6nland weltbekannt gemacht. Heute lacht niemand mehr.\u00a0\n<\/p>\n<p>Selbst aus der Tourismusbranche, f\u00fcr die sich die amerikanische Aufmerksamkeit alles in allem als profitabel erwiesen hat, h\u00f6rt man, dass Kunden inzwischen z\u00f6gern, Gr\u00f6nlandreisen zu buchen. Weil sie f\u00fcrchten, nicht mehr wie geplant hinfliegen zu k\u00f6nnen.\u00a0\n<\/p>\n<p>Wer derzeit aber ohne Ende anreist, sind Journalisten: Es scheint fast mehr Reporter zu geben als Menschen, die sie interviewen k\u00f6nnen. An die Aufmerksamkeit ausl\u00e4ndischer Medien haben sich die Gr\u00f6nl\u00e4nder im vergangenen Jahr gew\u00f6hnt, aber der geopolitische Wettstreit um ihr Heimatland ist f\u00fcr sie trotzdem kein Spektakel. Er ist existenziell.\n<\/p>\n<h2>Die Argumente sind realit\u00e4tsfern<\/h2>\n<p>F\u00fcr viele D\u00e4nen ist es nach wie vor schwer zu begreifen, dass Gr\u00f6nland und deshalb auch D\u00e4nemark in dieser neuen Weltordnung zu so etwas wie der Front geworden ist. Auch f\u00fcr mich, der in Kopenhagen lebt, aber Miteigent\u00fcmer einer H\u00fctte in der ostgr\u00f6nl\u00e4ndischen Siedlung Kulusuk ist <a href=\"https:\/\/www.zeit.de\/politik\/ausland\/2026-01\/groenland-us-ansprueche-daenemark-einheimische\" rel=\"nofollow\">und regelm\u00e4\u00dfig auf die Insel reist<\/a>, f\u00fchlt sich die Bedrohung noch fern an. Ich glaube, die meisten D\u00e4nen vertrauen, m\u00f6glicherweise naiv, noch darauf, dass am Ende doch die Vernunft siegen wird. Dass die Amerikaner nicht die Stabilit\u00e4t aufs Spiel setzen, von der wir zumindest in Europa, und auch in Nordamerika, 80 Jahre lang profitiert haben.\n<\/p>\n<p>Was Politikern wie B\u00fcrgern in D\u00e4nemark und Gr\u00f6nland aber Angst macht, sind die Motive hinter dem Begehren der amerikanischen Regierung. Die Argumente, die eine \u00dcbernahme legitimieren sollen, scheinen v\u00f6llig realit\u00e4tsfern.\n<\/p>\n<p>Erstens sind die Ideen der amerikanischen Regierung selbst bei den amerikanischen W\u00e4hlerinnen und W\u00e4hlern ziemlich unpopul\u00e4r:<a href=\"https:\/\/www.reuters.com\/world\/europe\/just-one-five-americans-support-trumps-efforts-acquire-greenland-reutersipsos-2026-01-14\/\" rel=\"nofollow\">\u00a0Einer Reuters-Umfrage zufolge sind nur 17 Prozent der W\u00e4hler f\u00fcr eine &#8222;\u00dcbernahme&#8220;, und nur vier Prozent stehen hinter einem milit\u00e4rischen Eingreifen<\/a>. Zweitens befinden sich, entgegen den Behauptungen der Amerikaner, derzeit sehr <a href=\"https:\/\/www.zdfheute.de\/politik\/ausland\/groenland-trump-russische-chinesische-schiffe-100.html\" rel=\"nofollow\">wahrscheinlich keine russischen oder chinesischen Schiffe<\/a> in den Gew\u00e4ssern vor Gr\u00f6nland. In den vergangenen Jahren waren es ohnehin schon weniger als fr\u00fcher noch. Drittens haben amerikanische Unternehmen, so wie alle anderen auch, die M\u00f6glichkeit, auf der Insel nach Seltenen Erden und anderen Rohstoffen zu sch\u00fcrfen, solange sie die Umweltauflagen einhalten. Es ist ihnen nicht verboten.\u00a0\n<\/p>\n<p>Und schlie\u00dflich: Die <span><a href=\"https:\/\/www.zeit.de\/thema\/usa\" rel=\"nofollow\">USA<\/a><\/span> k\u00f6nnen ihre Milit\u00e4rpr\u00e4senz bei Bedarf schon jetzt erh\u00f6hen. Das erlaubt ihnen ein Nachkriegsabkommen\u00a0<a href=\"https:\/\/www.zeit.de\/2025\/03\/groenland-usa-daenemark-leben\/komplettansicht\" rel=\"nofollow\">von 1951, das zuletzt 2004 bekr\u00e4ftigt wurde<\/a>. Noch vor Kurzem war das amerikanische Milit\u00e4r deutlich st\u00e4rker auf Gr\u00f6nland vertreten als heute. \u00dcberall in Gr\u00f6nland finden sich entsprechende Spuren: rostiger Metallschrott, den die amerikanische Armee hinterlassen hat. Auch auf der kleinen Insel Kulusuk, wo meine Jagdh\u00fctte liegt. Die habe ich \u00fcbrigens, weil ich vor Jahren mal ein journalistisches Projekt \u00fcber Walfang im Nordatlantik gemacht habe. Ich brauchte eine Unterkunft und kam \u00fcber Kontakte bei einem etwas \u00e4lteren d\u00e4nischen Ehepaar unter, dem die Jagdh\u00fctte geh\u00f6rte. Sp\u00e4ter fragten sie mich, ob ich Mitbesitzer werden wollte. Nat\u00fcrlich sagte ich ja.\u00a0\n<\/p>\n<\/div>\n","protected":false},"excerpt":{"rendered":"<p>Zwei Zigaretten und einen . Mehr brauchte es nicht, um das gesamte K\u00f6nigreich D\u00e4nemark kurz aufatmen zu lassen. Mich eingeschlossen. Nach Tagen der Sorge kamen der d\u00e4nische Au\u00dfenminister Lars L\u00f8kke Rasmussen und seine gr\u00f6nl\u00e4ndische Amtskollegin Vivian Motzfeldt vorsichtig optimistisch aus ihrem Treffen mit JD Vance und Marco Rubio im Eisenhower Building in Washington, D. C.\u00a0<\/p>\n","protected":false},"author":1,"featured_media":0,"comment_status":"open","ping_status":"open","sticky":false,"template":"","format":"standard","meta":{"footnotes":""},"categories":[64],"tags":[],"class_list":["post-317477","post","type-post","status-publish","format-standard","hentry","category-culture-de"],"acf":[],"yoast_head":"<!-- This site is optimized with the Yoast SEO plugin v22.9 - https:\/\/yoast.com\/wordpress\/plugins\/seo\/ -->\n<title>Was, wenn die Vernunft nicht siegt? - vof-news.eu<\/title>\n<meta name=\"description\" content=\"Zwei Zigaretten und einen . Mehr brauchte es nicht, um das gesamte K\u00f6nigreich D\u00e4nemark kurz aufatmen zu lassen. Mich eingeschlossen. Nach Tagen der Sorge kamen der d\u00e4nische Au\u00dfenminister Lars L\u00f8kke Rasmussen und seine gr\u00f6nl\u00e4ndische Amtskollegin Vivian Motzfeldt vorsichtig optimistisch aus ihrem Treffen mit JD Vance und Marco Rubio im Eisenhower Building in Washington, D. C.\u00a0\" \/>\n<meta name=\"robots\" content=\"noindex, follow, max-snippet:-1, max-image-preview:large, max-video-preview:-1\" \/>\n<meta property=\"og:locale\" content=\"de_DE\" \/>\n<meta property=\"og:type\" content=\"article\" \/>\n<meta property=\"og:title\" content=\"Was, wenn die Vernunft nicht siegt? - vof-news.eu\" \/>\n<meta property=\"og:description\" content=\"Zwei Zigaretten und einen . Mehr brauchte es nicht, um das gesamte K\u00f6nigreich D\u00e4nemark kurz aufatmen zu lassen. Mich eingeschlossen. Nach Tagen der Sorge kamen der d\u00e4nische Au\u00dfenminister Lars L\u00f8kke Rasmussen und seine gr\u00f6nl\u00e4ndische Amtskollegin Vivian Motzfeldt vorsichtig optimistisch aus ihrem Treffen mit JD Vance und Marco Rubio im Eisenhower Building in Washington, D. C.\u00a0\" \/>\n<meta property=\"og:url\" content=\"https:\/\/vof-news.eu\/de\/was-wenn-die-vernunft-nicht-siegt\/\" \/>\n<meta property=\"og:site_name\" content=\"vof-news.eu\" \/>\n<meta property=\"article:published_time\" content=\"2026-01-17T12:29:35+00:00\" \/>\n<meta property=\"article:modified_time\" content=\"2026-01-17T12:30:33+00:00\" \/>\n<meta name=\"author\" content=\"Author\" \/>\n<meta name=\"twitter:card\" content=\"summary_large_image\" \/>\n<meta name=\"twitter:label1\" content=\"Verfasst von\" \/>\n\t<meta name=\"twitter:data1\" content=\"Author\" \/>\n\t<meta name=\"twitter:label2\" content=\"Gesch\u00e4tzte Lesezeit\" \/>\n\t<meta name=\"twitter:data2\" content=\"4\u00a0Minuten\" \/>\n<script type=\"application\/ld+json\" class=\"yoast-schema-graph\">{\"@context\":\"https:\/\/schema.org\",\"@graph\":[{\"@type\":\"WebPage\",\"@id\":\"https:\/\/vof-news.eu\/de\/was-wenn-die-vernunft-nicht-siegt\/\",\"url\":\"https:\/\/vof-news.eu\/de\/was-wenn-die-vernunft-nicht-siegt\/\",\"name\":\"Was, wenn die Vernunft nicht siegt? - vof-news.eu\",\"isPartOf\":{\"@id\":\"https:\/\/vof-news.eu\/de\/#website\"},\"datePublished\":\"2026-01-17T12:29:35+00:00\",\"dateModified\":\"2026-01-17T12:30:33+00:00\",\"author\":{\"@id\":\"https:\/\/vof-news.eu\/de\/#\/schema\/person\/f6a2a4309f0561835797fd8c19b333ed\"},\"description\":\"Zwei Zigaretten und einen . Mehr brauchte es nicht, um das gesamte K\u00f6nigreich D\u00e4nemark kurz aufatmen zu lassen. Mich eingeschlossen. Nach Tagen der Sorge kamen der d\u00e4nische Au\u00dfenminister Lars L\u00f8kke Rasmussen und seine gr\u00f6nl\u00e4ndische Amtskollegin Vivian Motzfeldt vorsichtig optimistisch aus ihrem Treffen mit JD Vance und Marco Rubio im Eisenhower Building in Washington, D. C.\u00a0\",\"breadcrumb\":{\"@id\":\"https:\/\/vof-news.eu\/de\/was-wenn-die-vernunft-nicht-siegt\/#breadcrumb\"},\"inLanguage\":\"de\",\"potentialAction\":[{\"@type\":\"ReadAction\",\"target\":[\"https:\/\/vof-news.eu\/de\/was-wenn-die-vernunft-nicht-siegt\/\"]}]},{\"@type\":\"BreadcrumbList\",\"@id\":\"https:\/\/vof-news.eu\/de\/was-wenn-die-vernunft-nicht-siegt\/#breadcrumb\",\"itemListElement\":[{\"@type\":\"ListItem\",\"position\":1,\"name\":\"Home\",\"item\":\"https:\/\/vof-news.eu\/de\/\"},{\"@type\":\"ListItem\",\"position\":2,\"name\":\"Was, wenn die Vernunft nicht siegt?\"}]},{\"@type\":\"WebSite\",\"@id\":\"https:\/\/vof-news.eu\/de\/#website\",\"url\":\"https:\/\/vof-news.eu\/de\/\",\"name\":\"vof-news.eu\",\"description\":\"\",\"potentialAction\":[{\"@type\":\"SearchAction\",\"target\":{\"@type\":\"EntryPoint\",\"urlTemplate\":\"https:\/\/vof-news.eu\/de\/?s={search_term_string}\"},\"query-input\":\"required name=search_term_string\"}],\"inLanguage\":\"de\"},{\"@type\":\"Person\",\"@id\":\"https:\/\/vof-news.eu\/de\/#\/schema\/person\/f6a2a4309f0561835797fd8c19b333ed\",\"name\":\"Author\",\"image\":{\"@type\":\"ImageObject\",\"inLanguage\":\"de\",\"@id\":\"https:\/\/vof-news.eu\/de\/#\/schema\/person\/image\/\",\"url\":\"https:\/\/secure.gravatar.com\/avatar\/b67e614b1b25b3e9c0c239efdd2fde5ab015b5affd6f1c3c85911ca4b384e790?s=96&d=mm&r=g\",\"contentUrl\":\"https:\/\/secure.gravatar.com\/avatar\/b67e614b1b25b3e9c0c239efdd2fde5ab015b5affd6f1c3c85911ca4b384e790?s=96&d=mm&r=g\",\"caption\":\"Author\"},\"sameAs\":[\"http:\/\/vof-news.eu\"],\"url\":\"https:\/\/vof-news.eu\/de\/author\/zwt6qxnjulxbnyg\/\"}]}<\/script>\n<!-- \/ Yoast SEO plugin. -->","yoast_head_json":{"title":"Was, wenn die Vernunft nicht siegt? - vof-news.eu","description":"Zwei Zigaretten und einen . Mehr brauchte es nicht, um das gesamte K\u00f6nigreich D\u00e4nemark kurz aufatmen zu lassen. Mich eingeschlossen. Nach Tagen der Sorge kamen der d\u00e4nische Au\u00dfenminister Lars L\u00f8kke Rasmussen und seine gr\u00f6nl\u00e4ndische Amtskollegin Vivian Motzfeldt vorsichtig optimistisch aus ihrem Treffen mit JD Vance und Marco Rubio im Eisenhower Building in Washington, D. C.\u00a0","robots":{"index":"noindex","follow":"follow","max-snippet":"max-snippet:-1","max-image-preview":"max-image-preview:large","max-video-preview":"max-video-preview:-1"},"og_locale":"de_DE","og_type":"article","og_title":"Was, wenn die Vernunft nicht siegt? - vof-news.eu","og_description":"Zwei Zigaretten und einen . Mehr brauchte es nicht, um das gesamte K\u00f6nigreich D\u00e4nemark kurz aufatmen zu lassen. Mich eingeschlossen. Nach Tagen der Sorge kamen der d\u00e4nische Au\u00dfenminister Lars L\u00f8kke Rasmussen und seine gr\u00f6nl\u00e4ndische Amtskollegin Vivian Motzfeldt vorsichtig optimistisch aus ihrem Treffen mit JD Vance und Marco Rubio im Eisenhower Building in Washington, D. C.\u00a0","og_url":"https:\/\/vof-news.eu\/de\/was-wenn-die-vernunft-nicht-siegt\/","og_site_name":"vof-news.eu","article_published_time":"2026-01-17T12:29:35+00:00","article_modified_time":"2026-01-17T12:30:33+00:00","author":"Author","twitter_card":"summary_large_image","twitter_misc":{"Verfasst von":"Author","Gesch\u00e4tzte Lesezeit":"4\u00a0Minuten"},"schema":{"@context":"https:\/\/schema.org","@graph":[{"@type":"WebPage","@id":"https:\/\/vof-news.eu\/de\/was-wenn-die-vernunft-nicht-siegt\/","url":"https:\/\/vof-news.eu\/de\/was-wenn-die-vernunft-nicht-siegt\/","name":"Was, wenn die Vernunft nicht siegt? - vof-news.eu","isPartOf":{"@id":"https:\/\/vof-news.eu\/de\/#website"},"datePublished":"2026-01-17T12:29:35+00:00","dateModified":"2026-01-17T12:30:33+00:00","author":{"@id":"https:\/\/vof-news.eu\/de\/#\/schema\/person\/f6a2a4309f0561835797fd8c19b333ed"},"description":"Zwei Zigaretten und einen . Mehr brauchte es nicht, um das gesamte K\u00f6nigreich D\u00e4nemark kurz aufatmen zu lassen. Mich eingeschlossen. Nach Tagen der Sorge kamen der d\u00e4nische Au\u00dfenminister Lars L\u00f8kke Rasmussen und seine gr\u00f6nl\u00e4ndische Amtskollegin Vivian Motzfeldt vorsichtig optimistisch aus ihrem Treffen mit JD Vance und Marco Rubio im Eisenhower Building in Washington, D. C.\u00a0","breadcrumb":{"@id":"https:\/\/vof-news.eu\/de\/was-wenn-die-vernunft-nicht-siegt\/#breadcrumb"},"inLanguage":"de","potentialAction":[{"@type":"ReadAction","target":["https:\/\/vof-news.eu\/de\/was-wenn-die-vernunft-nicht-siegt\/"]}]},{"@type":"BreadcrumbList","@id":"https:\/\/vof-news.eu\/de\/was-wenn-die-vernunft-nicht-siegt\/#breadcrumb","itemListElement":[{"@type":"ListItem","position":1,"name":"Home","item":"https:\/\/vof-news.eu\/de\/"},{"@type":"ListItem","position":2,"name":"Was, wenn die Vernunft nicht siegt?"}]},{"@type":"WebSite","@id":"https:\/\/vof-news.eu\/de\/#website","url":"https:\/\/vof-news.eu\/de\/","name":"vof-news.eu","description":"","potentialAction":[{"@type":"SearchAction","target":{"@type":"EntryPoint","urlTemplate":"https:\/\/vof-news.eu\/de\/?s={search_term_string}"},"query-input":"required name=search_term_string"}],"inLanguage":"de"},{"@type":"Person","@id":"https:\/\/vof-news.eu\/de\/#\/schema\/person\/f6a2a4309f0561835797fd8c19b333ed","name":"Author","image":{"@type":"ImageObject","inLanguage":"de","@id":"https:\/\/vof-news.eu\/de\/#\/schema\/person\/image\/","url":"https:\/\/secure.gravatar.com\/avatar\/b67e614b1b25b3e9c0c239efdd2fde5ab015b5affd6f1c3c85911ca4b384e790?s=96&d=mm&r=g","contentUrl":"https:\/\/secure.gravatar.com\/avatar\/b67e614b1b25b3e9c0c239efdd2fde5ab015b5affd6f1c3c85911ca4b384e790?s=96&d=mm&r=g","caption":"Author"},"sameAs":["http:\/\/vof-news.eu"],"url":"https:\/\/vof-news.eu\/de\/author\/zwt6qxnjulxbnyg\/"}]}},"yoast_meta":{"yoast_wpseo_title":"","yoast_wpseo_metadesc":"","yoast_wpseo_canonical":""},"_links":{"self":[{"href":"https:\/\/vof-news.eu\/de\/wp-json\/wp\/v2\/posts\/317477","targetHints":{"allow":["GET"]}}],"collection":[{"href":"https:\/\/vof-news.eu\/de\/wp-json\/wp\/v2\/posts"}],"about":[{"href":"https:\/\/vof-news.eu\/de\/wp-json\/wp\/v2\/types\/post"}],"author":[{"embeddable":true,"href":"https:\/\/vof-news.eu\/de\/wp-json\/wp\/v2\/users\/1"}],"replies":[{"embeddable":true,"href":"https:\/\/vof-news.eu\/de\/wp-json\/wp\/v2\/comments?post=317477"}],"version-history":[{"count":1,"href":"https:\/\/vof-news.eu\/de\/wp-json\/wp\/v2\/posts\/317477\/revisions"}],"predecessor-version":[{"id":317479,"href":"https:\/\/vof-news.eu\/de\/wp-json\/wp\/v2\/posts\/317477\/revisions\/317479"}],"wp:attachment":[{"href":"https:\/\/vof-news.eu\/de\/wp-json\/wp\/v2\/media?parent=317477"}],"wp:term":[{"taxonomy":"category","embeddable":true,"href":"https:\/\/vof-news.eu\/de\/wp-json\/wp\/v2\/categories?post=317477"},{"taxonomy":"post_tag","embeddable":true,"href":"https:\/\/vof-news.eu\/de\/wp-json\/wp\/v2\/tags?post=317477"}],"curies":[{"name":"wp","href":"https:\/\/api.w.org\/{rel}","templated":true}]}}