{"id":317167,"date":"2026-01-16T13:28:20","date_gmt":"2026-01-16T10:28:20","guid":{"rendered":"https:\/\/vof-news.eu\/viktor-orban-startet-informelles-referendum-gegen-ukrainehilfen\/"},"modified":"2026-01-16T13:29:18","modified_gmt":"2026-01-16T10:29:18","slug":"viktor-orban-startet-informelles-referendum-gegen-ukrainehilfen","status":"publish","type":"post","link":"https:\/\/vof-news.eu\/de\/viktor-orban-startet-informelles-referendum-gegen-ukrainehilfen\/","title":{"rendered":"Viktor Orb\u00e1n startet informelles Referendum gegen Ukrainehilfen"},"content":{"rendered":"<div>\n<p>Der ungarische Regierungschef <span><a href=\"https:\/\/www.zeit.de\/thema\/viktor-orban\" rel=\"nofollow\">Viktor Orb\u00e1n<\/a><\/span> will seine Landsleute mithilfe einer von ihm selbst initiierten Petition gegen die Ukrainehilfen der EU mobilisieren. Bei einer &#8222;nationalen Petition&#8220; werde jeder &#8222;die Chance bekommen, &#8218;Nein&#8216; zu sagen und gemeinsam mit der Regierung zu sagen, dass wir nicht zahlen werden&#8220;, sagte Orb\u00e1n im staatlichen Rundfunk. Die Aktion ist eine Art informelles Referendum, bei dem den B\u00fcrgerinnen und B\u00fcrgern ein Stimmzettel zugesandt wird.\u00a0\n<\/p>\n<p>Hintergrund der Befragung ist die im April anstehende Parlamentswahl in <span><a href=\"https:\/\/www.zeit.de\/thema\/ungarn\" rel=\"nofollow\">Ungarn<\/a><\/span>. In den meisten Umfragen liegt Orb\u00e1ns rechtskonservative Fidesz-Partei hinter der proeurop\u00e4ischen Mitte-Rechts-Partei Tisza des Oppositionsf\u00fchrers Peter Magyar. Der seit 2010 ohne Unterbrechung regierende Orb\u00e1n l\u00e4uft damit erstmals Gefahr, abgew\u00e4hlt zu werden: Bei keiner Parlamentswahl in den vergangenen 16 Jahren lag seine Partei wenige Monate vor der Wahl in den Umfragen hinter dem jeweiligen Herausforderer.\n<\/p>\n<p>Der rechtskonservative Regierungschef wirft der Opposition eine proukrainische Haltung vor und inszeniert die Wahl als eine Entscheidung zwischen Krieg und Frieden f\u00fcr sein eigenes Land. So warnt Orb\u00e1n davor, dass die <span><a href=\"https:\/\/www.zeit.de\/thema\/europaeische-union\" rel=\"nofollow\">EU<\/a><\/span> angeblich so weit gehen werde, junge Menschen aus Ungarn zum Kampf in die Ukraine zu schicken. Die proeurop\u00e4ische Opposition werde &#8222;dem Druck aus Br\u00fcssel nachgeben&#8220;, behauptet der Regierungschef. Magyar wies die Vorw\u00fcrfe im Namen seiner Partei wiederum zur\u00fcck.\n<\/p>\n<\/p>\n<\/div>\n","protected":false},"excerpt":{"rendered":"<p>Der ungarische Regierungschef Viktor Orb\u00e1n will seine Landsleute mithilfe einer von ihm selbst initiierten Petition gegen die Ukrainehilfen der EU mobilisieren. Bei einer &#8222;nationalen Petition&#8220; werde jeder &#8222;die Chance bekommen, &#8218;Nein&#8216; zu sagen und gemeinsam mit der Regierung zu sagen, dass wir nicht zahlen werden&#8220;, sagte Orb\u00e1n im staatlichen Rundfunk. Die Aktion ist eine Art<\/p>\n","protected":false},"author":1,"featured_media":0,"comment_status":"open","ping_status":"open","sticky":false,"template":"","format":"standard","meta":{"footnotes":""},"categories":[116],"tags":[],"class_list":["post-317167","post","type-post","status-publish","format-standard","hentry","category-war-chronicles-de"],"acf":[],"yoast_head":"<!-- This site is optimized with the Yoast SEO plugin v22.9 - https:\/\/yoast.com\/wordpress\/plugins\/seo\/ -->\n<title>Viktor Orb\u00e1n startet informelles Referendum gegen Ukrainehilfen - vof-news.eu<\/title>\n<meta name=\"description\" content=\"Der ungarische Regierungschef Viktor Orb\u00e1n will seine Landsleute mithilfe einer von ihm selbst initiierten Petition gegen die Ukrainehilfen der EU mobilisieren. Bei einer &quot;nationalen Petition&quot; werde jeder &quot;die Chance bekommen, &#039;Nein&#039; zu sagen und gemeinsam mit der Regierung zu sagen, dass wir nicht zahlen werden&quot;, sagte Orb\u00e1n im staatlichen Rundfunk. Die Aktion ist eine Art informelles Referendum, bei dem den B\u00fcrgerinnen und B\u00fcrgern ein Stimmzettel zugesandt wird.\u00a0\" \/>\n<meta name=\"robots\" content=\"noindex, follow, max-snippet:-1, max-image-preview:large, max-video-preview:-1\" \/>\n<meta property=\"og:locale\" content=\"de_DE\" \/>\n<meta property=\"og:type\" content=\"article\" \/>\n<meta property=\"og:title\" content=\"Viktor Orb\u00e1n startet informelles Referendum gegen Ukrainehilfen - vof-news.eu\" \/>\n<meta property=\"og:description\" content=\"Der ungarische Regierungschef Viktor Orb\u00e1n will seine Landsleute mithilfe einer von ihm selbst initiierten Petition gegen die Ukrainehilfen der EU mobilisieren. Bei einer &quot;nationalen Petition&quot; werde jeder &quot;die Chance bekommen, &#039;Nein&#039; zu sagen und gemeinsam mit der Regierung zu sagen, dass wir nicht zahlen werden&quot;, sagte Orb\u00e1n im staatlichen Rundfunk. Die Aktion ist eine Art informelles Referendum, bei dem den B\u00fcrgerinnen und B\u00fcrgern ein Stimmzettel zugesandt wird.\u00a0\" \/>\n<meta property=\"og:url\" content=\"https:\/\/vof-news.eu\/de\/viktor-orban-startet-informelles-referendum-gegen-ukrainehilfen\/\" \/>\n<meta property=\"og:site_name\" content=\"vof-news.eu\" \/>\n<meta property=\"article:published_time\" content=\"2026-01-16T10:28:20+00:00\" \/>\n<meta property=\"article:modified_time\" content=\"2026-01-16T10:29:18+00:00\" \/>\n<meta name=\"author\" content=\"Author\" \/>\n<meta name=\"twitter:card\" content=\"summary_large_image\" \/>\n<meta name=\"twitter:label1\" content=\"Verfasst von\" \/>\n\t<meta name=\"twitter:data1\" content=\"Author\" \/>\n\t<meta name=\"twitter:label2\" content=\"Gesch\u00e4tzte Lesezeit\" \/>\n\t<meta name=\"twitter:data2\" content=\"1\u00a0Minute\" \/>\n<script type=\"application\/ld+json\" class=\"yoast-schema-graph\">{\"@context\":\"https:\/\/schema.org\",\"@graph\":[{\"@type\":\"WebPage\",\"@id\":\"https:\/\/vof-news.eu\/de\/viktor-orban-startet-informelles-referendum-gegen-ukrainehilfen\/\",\"url\":\"https:\/\/vof-news.eu\/de\/viktor-orban-startet-informelles-referendum-gegen-ukrainehilfen\/\",\"name\":\"Viktor Orb\u00e1n startet informelles Referendum gegen Ukrainehilfen - vof-news.eu\",\"isPartOf\":{\"@id\":\"https:\/\/vof-news.eu\/de\/#website\"},\"datePublished\":\"2026-01-16T10:28:20+00:00\",\"dateModified\":\"2026-01-16T10:29:18+00:00\",\"author\":{\"@id\":\"https:\/\/vof-news.eu\/de\/#\/schema\/person\/f6a2a4309f0561835797fd8c19b333ed\"},\"description\":\"Der ungarische Regierungschef Viktor Orb\u00e1n will seine Landsleute mithilfe einer von ihm selbst initiierten Petition gegen die Ukrainehilfen der EU mobilisieren. Bei einer \\\"nationalen Petition\\\" werde jeder \\\"die Chance bekommen, 'Nein' zu sagen und gemeinsam mit der Regierung zu sagen, dass wir nicht zahlen werden\\\", sagte Orb\u00e1n im staatlichen Rundfunk. Die Aktion ist eine Art informelles Referendum, bei dem den B\u00fcrgerinnen und B\u00fcrgern ein Stimmzettel zugesandt wird.\u00a0\",\"breadcrumb\":{\"@id\":\"https:\/\/vof-news.eu\/de\/viktor-orban-startet-informelles-referendum-gegen-ukrainehilfen\/#breadcrumb\"},\"inLanguage\":\"de\",\"potentialAction\":[{\"@type\":\"ReadAction\",\"target\":[\"https:\/\/vof-news.eu\/de\/viktor-orban-startet-informelles-referendum-gegen-ukrainehilfen\/\"]}]},{\"@type\":\"BreadcrumbList\",\"@id\":\"https:\/\/vof-news.eu\/de\/viktor-orban-startet-informelles-referendum-gegen-ukrainehilfen\/#breadcrumb\",\"itemListElement\":[{\"@type\":\"ListItem\",\"position\":1,\"name\":\"Home\",\"item\":\"https:\/\/vof-news.eu\/de\/\"},{\"@type\":\"ListItem\",\"position\":2,\"name\":\"Viktor Orb\u00e1n startet informelles Referendum gegen Ukrainehilfen\"}]},{\"@type\":\"WebSite\",\"@id\":\"https:\/\/vof-news.eu\/de\/#website\",\"url\":\"https:\/\/vof-news.eu\/de\/\",\"name\":\"vof-news.eu\",\"description\":\"\",\"potentialAction\":[{\"@type\":\"SearchAction\",\"target\":{\"@type\":\"EntryPoint\",\"urlTemplate\":\"https:\/\/vof-news.eu\/de\/?s={search_term_string}\"},\"query-input\":\"required name=search_term_string\"}],\"inLanguage\":\"de\"},{\"@type\":\"Person\",\"@id\":\"https:\/\/vof-news.eu\/de\/#\/schema\/person\/f6a2a4309f0561835797fd8c19b333ed\",\"name\":\"Author\",\"image\":{\"@type\":\"ImageObject\",\"inLanguage\":\"de\",\"@id\":\"https:\/\/vof-news.eu\/de\/#\/schema\/person\/image\/\",\"url\":\"https:\/\/secure.gravatar.com\/avatar\/b67e614b1b25b3e9c0c239efdd2fde5ab015b5affd6f1c3c85911ca4b384e790?s=96&d=mm&r=g\",\"contentUrl\":\"https:\/\/secure.gravatar.com\/avatar\/b67e614b1b25b3e9c0c239efdd2fde5ab015b5affd6f1c3c85911ca4b384e790?s=96&d=mm&r=g\",\"caption\":\"Author\"},\"sameAs\":[\"http:\/\/vof-news.eu\"],\"url\":\"https:\/\/vof-news.eu\/de\/author\/zwt6qxnjulxbnyg\/\"}]}<\/script>\n<!-- \/ Yoast SEO plugin. -->","yoast_head_json":{"title":"Viktor Orb\u00e1n startet informelles Referendum gegen Ukrainehilfen - vof-news.eu","description":"Der ungarische Regierungschef Viktor Orb\u00e1n will seine Landsleute mithilfe einer von ihm selbst initiierten Petition gegen die Ukrainehilfen der EU mobilisieren. Bei einer \"nationalen Petition\" werde jeder \"die Chance bekommen, 'Nein' zu sagen und gemeinsam mit der Regierung zu sagen, dass wir nicht zahlen werden\", sagte Orb\u00e1n im staatlichen Rundfunk. Die Aktion ist eine Art informelles Referendum, bei dem den B\u00fcrgerinnen und B\u00fcrgern ein Stimmzettel zugesandt wird.\u00a0","robots":{"index":"noindex","follow":"follow","max-snippet":"max-snippet:-1","max-image-preview":"max-image-preview:large","max-video-preview":"max-video-preview:-1"},"og_locale":"de_DE","og_type":"article","og_title":"Viktor Orb\u00e1n startet informelles Referendum gegen Ukrainehilfen - vof-news.eu","og_description":"Der ungarische Regierungschef Viktor Orb\u00e1n will seine Landsleute mithilfe einer von ihm selbst initiierten Petition gegen die Ukrainehilfen der EU mobilisieren. Bei einer \"nationalen Petition\" werde jeder \"die Chance bekommen, 'Nein' zu sagen und gemeinsam mit der Regierung zu sagen, dass wir nicht zahlen werden\", sagte Orb\u00e1n im staatlichen Rundfunk. Die Aktion ist eine Art informelles Referendum, bei dem den B\u00fcrgerinnen und B\u00fcrgern ein Stimmzettel zugesandt wird.\u00a0","og_url":"https:\/\/vof-news.eu\/de\/viktor-orban-startet-informelles-referendum-gegen-ukrainehilfen\/","og_site_name":"vof-news.eu","article_published_time":"2026-01-16T10:28:20+00:00","article_modified_time":"2026-01-16T10:29:18+00:00","author":"Author","twitter_card":"summary_large_image","twitter_misc":{"Verfasst von":"Author","Gesch\u00e4tzte Lesezeit":"1\u00a0Minute"},"schema":{"@context":"https:\/\/schema.org","@graph":[{"@type":"WebPage","@id":"https:\/\/vof-news.eu\/de\/viktor-orban-startet-informelles-referendum-gegen-ukrainehilfen\/","url":"https:\/\/vof-news.eu\/de\/viktor-orban-startet-informelles-referendum-gegen-ukrainehilfen\/","name":"Viktor Orb\u00e1n startet informelles Referendum gegen Ukrainehilfen - vof-news.eu","isPartOf":{"@id":"https:\/\/vof-news.eu\/de\/#website"},"datePublished":"2026-01-16T10:28:20+00:00","dateModified":"2026-01-16T10:29:18+00:00","author":{"@id":"https:\/\/vof-news.eu\/de\/#\/schema\/person\/f6a2a4309f0561835797fd8c19b333ed"},"description":"Der ungarische Regierungschef Viktor Orb\u00e1n will seine Landsleute mithilfe einer von ihm selbst initiierten Petition gegen die Ukrainehilfen der EU mobilisieren. Bei einer \"nationalen Petition\" werde jeder \"die Chance bekommen, 'Nein' zu sagen und gemeinsam mit der Regierung zu sagen, dass wir nicht zahlen werden\", sagte Orb\u00e1n im staatlichen Rundfunk. Die Aktion ist eine Art informelles Referendum, bei dem den B\u00fcrgerinnen und B\u00fcrgern ein Stimmzettel zugesandt wird.\u00a0","breadcrumb":{"@id":"https:\/\/vof-news.eu\/de\/viktor-orban-startet-informelles-referendum-gegen-ukrainehilfen\/#breadcrumb"},"inLanguage":"de","potentialAction":[{"@type":"ReadAction","target":["https:\/\/vof-news.eu\/de\/viktor-orban-startet-informelles-referendum-gegen-ukrainehilfen\/"]}]},{"@type":"BreadcrumbList","@id":"https:\/\/vof-news.eu\/de\/viktor-orban-startet-informelles-referendum-gegen-ukrainehilfen\/#breadcrumb","itemListElement":[{"@type":"ListItem","position":1,"name":"Home","item":"https:\/\/vof-news.eu\/de\/"},{"@type":"ListItem","position":2,"name":"Viktor Orb\u00e1n startet informelles Referendum gegen Ukrainehilfen"}]},{"@type":"WebSite","@id":"https:\/\/vof-news.eu\/de\/#website","url":"https:\/\/vof-news.eu\/de\/","name":"vof-news.eu","description":"","potentialAction":[{"@type":"SearchAction","target":{"@type":"EntryPoint","urlTemplate":"https:\/\/vof-news.eu\/de\/?s={search_term_string}"},"query-input":"required name=search_term_string"}],"inLanguage":"de"},{"@type":"Person","@id":"https:\/\/vof-news.eu\/de\/#\/schema\/person\/f6a2a4309f0561835797fd8c19b333ed","name":"Author","image":{"@type":"ImageObject","inLanguage":"de","@id":"https:\/\/vof-news.eu\/de\/#\/schema\/person\/image\/","url":"https:\/\/secure.gravatar.com\/avatar\/b67e614b1b25b3e9c0c239efdd2fde5ab015b5affd6f1c3c85911ca4b384e790?s=96&d=mm&r=g","contentUrl":"https:\/\/secure.gravatar.com\/avatar\/b67e614b1b25b3e9c0c239efdd2fde5ab015b5affd6f1c3c85911ca4b384e790?s=96&d=mm&r=g","caption":"Author"},"sameAs":["http:\/\/vof-news.eu"],"url":"https:\/\/vof-news.eu\/de\/author\/zwt6qxnjulxbnyg\/"}]}},"yoast_meta":{"yoast_wpseo_title":"","yoast_wpseo_metadesc":"","yoast_wpseo_canonical":""},"_links":{"self":[{"href":"https:\/\/vof-news.eu\/de\/wp-json\/wp\/v2\/posts\/317167","targetHints":{"allow":["GET"]}}],"collection":[{"href":"https:\/\/vof-news.eu\/de\/wp-json\/wp\/v2\/posts"}],"about":[{"href":"https:\/\/vof-news.eu\/de\/wp-json\/wp\/v2\/types\/post"}],"author":[{"embeddable":true,"href":"https:\/\/vof-news.eu\/de\/wp-json\/wp\/v2\/users\/1"}],"replies":[{"embeddable":true,"href":"https:\/\/vof-news.eu\/de\/wp-json\/wp\/v2\/comments?post=317167"}],"version-history":[{"count":1,"href":"https:\/\/vof-news.eu\/de\/wp-json\/wp\/v2\/posts\/317167\/revisions"}],"predecessor-version":[{"id":317168,"href":"https:\/\/vof-news.eu\/de\/wp-json\/wp\/v2\/posts\/317167\/revisions\/317168"}],"wp:attachment":[{"href":"https:\/\/vof-news.eu\/de\/wp-json\/wp\/v2\/media?parent=317167"}],"wp:term":[{"taxonomy":"category","embeddable":true,"href":"https:\/\/vof-news.eu\/de\/wp-json\/wp\/v2\/categories?post=317167"},{"taxonomy":"post_tag","embeddable":true,"href":"https:\/\/vof-news.eu\/de\/wp-json\/wp\/v2\/tags?post=317167"}],"curies":[{"name":"wp","href":"https:\/\/api.w.org\/{rel}","templated":true}]}}