{"id":316948,"date":"2026-01-15T19:28:16","date_gmt":"2026-01-15T16:28:16","guid":{"rendered":"https:\/\/vof-news.eu\/so-leer-waren-die-gasspeicher-noch-nie\/"},"modified":"2026-01-15T19:29:13","modified_gmt":"2026-01-15T16:29:13","slug":"so-leer-waren-die-gasspeicher-noch-nie","status":"publish","type":"post","link":"https:\/\/vof-news.eu\/de\/so-leer-waren-die-gasspeicher-noch-nie\/","title":{"rendered":"So leer waren die Gasspeicher noch nie"},"content":{"rendered":"<div>\n<style>\n  .zg-byline.tiny-byline .byline {\n    color: var(--z-color-45);\n    font-size: 0.875rem;\n    letter-spacing: 0.03em;\n    margin-top: 2.5rem;\n    margin-bottom: 2.5rem;\n    text-align: left;\n  }\n  .zg-byline {\n    margin-top: 1.5rem;\n    margin-bottom: 1.5rem;\n    text-align: center;\n  }\n  .zg-byline.tiny-byline a {\n    color: var(--z-color-45);\n    text-decoration: underline;\n  }\n  .zg-byline.tiny-byline a:hover {\n    color: var(--z-color-primary);\n  }\n  .zg-byline-magazin {\n    font-family: \"TabletGothic\",\"Helvetica Neue\",Helvetica,Arial,FreeSans,sans-serif;\n    color: var(--z-ds-color-text-70);\n    font-size: var(--z-ds-fontsize-16);\n  }\n  .zg-byline-magazin a {\n    text-decoration: underline;\n    color: inherit;\n  }\n  .metadata__byline:not(:last-child,:empty)::after {\n    content: \"\";\n    margin: 0;\n  }\n<\/style>\n<p>Das Problem begann im vergangenen Sommer. In der warmen Jahreszeit ist der Gasverbrauch gering. Die H\u00e4ndler nutzen \u00fcblicherweise die Gelegenheit und leiten das \u00fcbersch\u00fcssige Gas in die Speicher, legen einen Vorrat an, zu g\u00fcnstigen Preisen. Doch vergangenes Jahr wurde viel weniger Gas eingespeichert als in den Vorjahren. Zum H\u00f6chststand Ende September 2025 waren die Speicher nur zu drei Vierteln gef\u00fcllt \u2013 dabei sollten es 80 Prozent sein.\u00a0\n<\/p>\n<p>Und dann war es auch noch kalt wie seit 15 Jahren nicht mehr, das Thermometer sank mancherorts gar auf minus 20 Grad. Ein Kaltstart 2026. Im ganzen Land drehten die B\u00fcrgerinnen und B\u00fcrger die Heizungen auf, die Gasvorr\u00e4te leerten sich rasant.\u00a0\n<\/p>\n<p>Das Ergebnis: Noch nie waren Deutschlands Gasspeicher Mitte Januar so leer wie jetzt. Inzwischen betr\u00e4gt der F\u00fcllstand weniger als 45 Prozent. Und der Winter ist noch lang.\n<\/p>\n<p>Um sich ein Bild von der Lage zu machen, lohnt ein Blick auf die wichtigsten Zahlen \u2013 jeweils gro\u00dfz\u00fcgig gerundet, denn es soll um Gr\u00f6\u00dfenordnungen gehen, nicht um die Nachkommastellen. An einem durchschnittlichen Wintertag verbraucht Deutschland etwa 4.000 Gigawattstunden Gas, an sehr kalten Tagen auch bis zu 5.000. Die Importe liegen aber nur bei 3.000 Gigawattstunden. Die wichtigsten Quellen sind dabei das Pipelinegas aus Norwegen und Fl\u00fcssiggas (<span><a href=\"https:\/\/www.zeit.de\/thema\/gasversorgung\" rel=\"nofollow\">LNG<\/a><\/span>), das per Tanker kommt. Davon leitet Deutschland etwa 700 bis 1.000 Gigawattstunden an andere L\u00e4nder weiter.\n<\/p>\n<p>Insgesamt also stehen einem Verbrauch von gut 4.000 Gigawattstunden nur Netto-Importe von 2.000 Gigawattstunden gegen\u00fcber. Die Differenz muss aus den Speichern kommen. Diese fassen insgesamt 250.000 Gigawattstunden. Zuletzt sank der F\u00fcllstand um etwa einen Prozentpunkt pro Tag, das entspricht 2.500 Gigawattstunden. Wenn es dauerhaft ungew\u00f6hnlich kalt bliebe, w\u00e4ren Deutschlands Speicher also Ende Februar komplett leer.\n<\/p>\n<p>So eine lang anhaltende K\u00e4ltephase ist allerdings unwahrscheinlich. Nicht zu untersch\u00e4tzen ist dennoch der psychologische Faktor: Wenn die F\u00fcllst\u00e4nde unter 20 oder sogar 15 Prozent fallen, d\u00fcrfte Nervosit\u00e4t aufkommen, bei Unternehmern, aber auch Verbraucherinnen und Verbraucher.\u00a0\n<\/p>\n<p>Erstaunlich ist: Die internationalen <span><a href=\"https:\/\/www.zeit.de\/thema\/gasversorgung\" rel=\"nofollow\">Gaspreise<\/a><\/span> haben sich seit den Ausrei\u00dfern wegen des Ukrainekriegs auf niedrigem Niveau stabilisiert.\n<\/p>\n<p>Selbst wenn hierzulande die Verbraucher die Heizung aufdrehen \u2013 die Gaspreise liegen weiterhin auf niedrigem Niveau, zwischen 30 bis 50 Euro je Megawatt. Kein Vergleich zur Gaskrise 2022, als der kurzfristige Spotpreis auf mehr als 320 Euro pro Megawatt hochschnellte. Die j\u00fcngste K\u00e4ltephase wirkte sich kaum auf die Preise aus, auch wenn es am Terminmarkt zuletzt um gut zehn Prozent nach oben ging. Der Grund: Es ist zurzeit ausreichend Gas auf den Weltm\u00e4rkten erh\u00e4ltlich.\u00a0\n<\/p>\n<p>Was erst einmal gute Nachrichten f\u00fcr die Kunden sind, bringt allerdings die Betreiber der Gasspeicher in Deutschland in Bedr\u00e4ngnis. Ihr Gesch\u00e4ftsmodell basiert bislang auf Schwankungen. Zu g\u00fcnstigen Preisen im Sommer einspeisen, zu hohen im Winter verkaufen. Allerdings m\u00fcssen sie auch gesetzliche Speichervorgaben erf\u00fcllen. &#8222;Uns fehlen die wirtschaftlichen Anreize f\u00fcr die Einspeicherung&#8220;, teilt Uniper mit, einer der gr\u00f6\u00dften Gash\u00e4ndler <span><a href=\"https:\/\/www.zeit.de\/thema\/europa\" rel=\"nofollow\">Europas<\/a><\/span> mit Sitz in D\u00fcsseldorf. Zwar w\u00fcrden die Preise zwischen Sommer und Winter wieder etwas st\u00e4rker schwanken, aber das reiche kaum aus, um die Kosten f\u00fcr Speicherentgelte und Netzentgelte zu decken. &#8222;Aus diesem Grund wurden im vergangenen Jahr viele Speicher nur teilweise gebucht.&#8220; Das erkl\u00e4rt auch die niedrigen Speicherst\u00e4nde im vergangenen Sommer.\u00a0\n<\/p>\n<p>Sicherlich auch, um Aufmerksamkeit auf das Thema zu lenken, hat Uniper daher im vergangenen Herbst bei der Bundesnetzagentur den Antrag gestellt, sogar einen Speicher in Bayern stillzulegen. Kein trivialer Schritt, denn der Speicher in Breitbrunn, immerhin Deutschlands drittgr\u00f6\u00dfter, ist ein Porenspeicher, der sich technisch nicht so leicht reaktivieren l\u00e4sst. Ein &#8222;wirtschaftlich tragf\u00e4higer Speicherbetrieb&#8220; sei langfristig nicht darstellbar, erkl\u00e4rt Uniper.\u00a0\u00a0\n<\/p>\n<p>Dass sich der gesetzliche Rahmen aber \u00e4ndern wird, ist unwahrscheinlich \u2013 denn schlie\u00dflich gibt es momentan Fl\u00fcssiggas in ungekannten Mengen auf dem Weltmarkt. Seit 2022 hat Deutschland gleich vier LNG-Terminals in Betrieb genommen, \u00fcber welche es direkt importiert. &#8222;Das f\u00fchrt dazu, dass Gasspeicher relativ gesehen an Attraktivit\u00e4t verloren haben zur Sicherstellung der Gasversorgungssicherheit&#8220;, teilt eine Sprecherin des Wirtschaftsministeriums mit. Man habe bei der F\u00fcllung der deutschen Erdgasspeicher von Anfang an klar auf den Markt gesetzt. &#8222;Dies hat sich als richtig erwiesen.&#8220;\n<\/p>\n<p>Eine Gewinnerin steht schon heute fest: die <span><a href=\"https:\/\/www.zeit.de\/thema\/usa\" rel=\"nofollow\">USA<\/a><\/span>. Lag der Anteil von US-Gas in Europa vor dem Ukrainekrieg noch bei etwa f\u00fcnf Prozent, so ist er inzwischen nach Informationen des Thinktanks Bruegel auf 27 Prozent gestiegen. Die vier deutschen LNG-Terminals importieren sogar fast ausschlie\u00dflich Gas aus den USA \u2013 wenn auch in Deutschland noch immer mehr Gas via Pipeline als per Schiff ankommt.\u00a0\n<\/p>\n<p>Es ist eine Entwicklung, die Fachleute kritisch beobachten, aus mehreren Gr\u00fcnden. Da ist zum einen der Umweltaspekt. Amerikanisches Frackinggas sei besonders umweltsch\u00e4dlich, warnt Michael Kellner, energiepolitischer Sprecher der Gr\u00fcnen. In der F\u00f6rderung m\u00fcssen Chemikalien eingesetzt werden. Der Wasserbedarf daf\u00fcr ist enorm, zudem wird besonders viel Methan beim Fracking freigesetzt. &#8222;Deswegen ist es wichtig, davon wegzukommen&#8220;, sagt Kellner.\u00a0\n<\/p>\n<p> <!-- adplace adplace_4_desktop already rendered --><br \/>\n<!-- adplace adplace_4_mobile already rendered --><\/p>\n<p>Die Energiefachleute des arbeitgebernahen Instituts der deutschen Wirtschaft (IW) K\u00f6ln verfolgen den Trend zu US-Gas ebenfalls kritisch. Deutschland hat schlie\u00dflich w\u00e4hrend Coronazeiten, aber auch seit Ausbruch des Ukrainekriegs schmerzhaft lernen m\u00fcssen, wie gef\u00e4hrlich die Abh\u00e4ngigkeit von nur wenigen Lieferanten sein kann. &#8222;Es besteht das Risiko, dass sich die EU beim LNG-Einkauf zu sehr auf einen Anbieter<br \/>\n verl\u00e4sst&#8220;, gibt IW-Experte Malte K\u00fcper zu bedenken.\u00a0\n<\/p>\n<p>Doch es gibt angesichts zunehmender \u00dcberkapazit\u00e4ten auch Alternativen. &#8222;W\u00fcrden die USA ihre LNG-Exporte nach Europa stoppen, w\u00fcrden andere Lieferanten wie etwa Katar einspringen&#8220;, sagt Bruegel Energieexperte Georg Zachmann. Die USA k\u00f6nnten folglich mit Gaslieferungen Europa nicht so stark unter Druck setzen, wie Russland es beim \u00dcberfall auf die Ukraine konnte.\u00a0\n<\/p>\n<p>Es k\u00f6nnte sogar in die andere Richtung gehen. Europa will sich schlie\u00dflich wegen seiner Klimaschutzziele vom Gas verabschieden. Wenn am W\u00e4rmemarkt immer mehr auf Strom gesetzt wird, die Erneuerbaren wachsen und die Wasserstoffwirtschaft anzieht, dann werde man ab Ende der 2020er-Jahre in der EU einen schrittweisen R\u00fcckgang der Gasimporte beobachten. &#8222;Dies d\u00fcrfte nicht im Interesse der USA sein&#8220;, gibt IW-Fachmann K\u00fcper zu bedenken.\u00a0\n<\/p>\n<p>Wie sehr das Donald Trump schon heute umtreibt, konnte man im vergangenen Herbst w\u00e4hrend der Zollverhandlungen zwischen der US-Regierung und der EU-Kommission sehen. Damals sicherte Europa dem Pr\u00e4sidenten zu, bis zum Ende seiner Amtszeit Ende 2027 Fl\u00fcssiggas im Wert von 750 Milliarden US-Dollar zu kaufen.\u00a0\n<\/p>\n<\/div>\n","protected":false},"excerpt":{"rendered":"<p>Das Problem begann im vergangenen Sommer. In der warmen Jahreszeit ist der Gasverbrauch gering. Die H\u00e4ndler nutzen \u00fcblicherweise die Gelegenheit und leiten das \u00fcbersch\u00fcssige Gas in die Speicher, legen einen Vorrat an, zu g\u00fcnstigen Preisen. Doch vergangenes Jahr wurde viel weniger Gas eingespeichert als in den Vorjahren. Zum H\u00f6chststand Ende September 2025 waren die Speicher<\/p>\n","protected":false},"author":1,"featured_media":0,"comment_status":"open","ping_status":"open","sticky":false,"template":"","format":"standard","meta":{"footnotes":""},"categories":[116],"tags":[],"class_list":["post-316948","post","type-post","status-publish","format-standard","hentry","category-war-chronicles-de"],"acf":[],"yoast_head":"<!-- This site is optimized with the Yoast SEO plugin v22.9 - https:\/\/yoast.com\/wordpress\/plugins\/seo\/ -->\n<title>So leer waren die Gasspeicher noch nie - vof-news.eu<\/title>\n<meta name=\"description\" content=\"Das Problem begann im vergangenen Sommer. In der warmen Jahreszeit ist der Gasverbrauch gering. Die H\u00e4ndler nutzen \u00fcblicherweise die Gelegenheit und leiten das \u00fcbersch\u00fcssige Gas in die Speicher, legen einen Vorrat an, zu g\u00fcnstigen Preisen. Doch vergangenes Jahr wurde viel weniger Gas eingespeichert als in den Vorjahren. Zum H\u00f6chststand Ende September 2025 waren die Speicher nur zu drei Vierteln gef\u00fcllt \u2013 dabei sollten es 80 Prozent sein.\u00a0\" \/>\n<meta name=\"robots\" content=\"noindex, follow, max-snippet:-1, max-image-preview:large, max-video-preview:-1\" \/>\n<meta property=\"og:locale\" content=\"de_DE\" \/>\n<meta property=\"og:type\" content=\"article\" \/>\n<meta property=\"og:title\" content=\"So leer waren die Gasspeicher noch nie - vof-news.eu\" \/>\n<meta property=\"og:description\" content=\"Das Problem begann im vergangenen Sommer. In der warmen Jahreszeit ist der Gasverbrauch gering. Die H\u00e4ndler nutzen \u00fcblicherweise die Gelegenheit und leiten das \u00fcbersch\u00fcssige Gas in die Speicher, legen einen Vorrat an, zu g\u00fcnstigen Preisen. Doch vergangenes Jahr wurde viel weniger Gas eingespeichert als in den Vorjahren. Zum H\u00f6chststand Ende September 2025 waren die Speicher nur zu drei Vierteln gef\u00fcllt \u2013 dabei sollten es 80 Prozent sein.\u00a0\" \/>\n<meta property=\"og:url\" content=\"https:\/\/vof-news.eu\/de\/so-leer-waren-die-gasspeicher-noch-nie\/\" \/>\n<meta property=\"og:site_name\" content=\"vof-news.eu\" \/>\n<meta property=\"article:published_time\" content=\"2026-01-15T16:28:16+00:00\" \/>\n<meta property=\"article:modified_time\" content=\"2026-01-15T16:29:13+00:00\" \/>\n<meta name=\"author\" content=\"Author\" \/>\n<meta name=\"twitter:card\" content=\"summary_large_image\" \/>\n<meta name=\"twitter:label1\" content=\"Verfasst von\" \/>\n\t<meta name=\"twitter:data1\" content=\"Author\" \/>\n\t<meta name=\"twitter:label2\" content=\"Gesch\u00e4tzte Lesezeit\" \/>\n\t<meta name=\"twitter:data2\" content=\"5\u00a0Minuten\" \/>\n<script type=\"application\/ld+json\" class=\"yoast-schema-graph\">{\"@context\":\"https:\/\/schema.org\",\"@graph\":[{\"@type\":\"WebPage\",\"@id\":\"https:\/\/vof-news.eu\/de\/so-leer-waren-die-gasspeicher-noch-nie\/\",\"url\":\"https:\/\/vof-news.eu\/de\/so-leer-waren-die-gasspeicher-noch-nie\/\",\"name\":\"So leer waren die Gasspeicher noch nie - vof-news.eu\",\"isPartOf\":{\"@id\":\"https:\/\/vof-news.eu\/de\/#website\"},\"datePublished\":\"2026-01-15T16:28:16+00:00\",\"dateModified\":\"2026-01-15T16:29:13+00:00\",\"author\":{\"@id\":\"https:\/\/vof-news.eu\/de\/#\/schema\/person\/f6a2a4309f0561835797fd8c19b333ed\"},\"description\":\"Das Problem begann im vergangenen Sommer. In der warmen Jahreszeit ist der Gasverbrauch gering. Die H\u00e4ndler nutzen \u00fcblicherweise die Gelegenheit und leiten das \u00fcbersch\u00fcssige Gas in die Speicher, legen einen Vorrat an, zu g\u00fcnstigen Preisen. Doch vergangenes Jahr wurde viel weniger Gas eingespeichert als in den Vorjahren. Zum H\u00f6chststand Ende September 2025 waren die Speicher nur zu drei Vierteln gef\u00fcllt \u2013 dabei sollten es 80 Prozent sein.\u00a0\",\"breadcrumb\":{\"@id\":\"https:\/\/vof-news.eu\/de\/so-leer-waren-die-gasspeicher-noch-nie\/#breadcrumb\"},\"inLanguage\":\"de\",\"potentialAction\":[{\"@type\":\"ReadAction\",\"target\":[\"https:\/\/vof-news.eu\/de\/so-leer-waren-die-gasspeicher-noch-nie\/\"]}]},{\"@type\":\"BreadcrumbList\",\"@id\":\"https:\/\/vof-news.eu\/de\/so-leer-waren-die-gasspeicher-noch-nie\/#breadcrumb\",\"itemListElement\":[{\"@type\":\"ListItem\",\"position\":1,\"name\":\"Home\",\"item\":\"https:\/\/vof-news.eu\/de\/\"},{\"@type\":\"ListItem\",\"position\":2,\"name\":\"So leer waren die Gasspeicher noch nie\"}]},{\"@type\":\"WebSite\",\"@id\":\"https:\/\/vof-news.eu\/de\/#website\",\"url\":\"https:\/\/vof-news.eu\/de\/\",\"name\":\"vof-news.eu\",\"description\":\"\",\"potentialAction\":[{\"@type\":\"SearchAction\",\"target\":{\"@type\":\"EntryPoint\",\"urlTemplate\":\"https:\/\/vof-news.eu\/de\/?s={search_term_string}\"},\"query-input\":\"required name=search_term_string\"}],\"inLanguage\":\"de\"},{\"@type\":\"Person\",\"@id\":\"https:\/\/vof-news.eu\/de\/#\/schema\/person\/f6a2a4309f0561835797fd8c19b333ed\",\"name\":\"Author\",\"image\":{\"@type\":\"ImageObject\",\"inLanguage\":\"de\",\"@id\":\"https:\/\/vof-news.eu\/de\/#\/schema\/person\/image\/\",\"url\":\"https:\/\/secure.gravatar.com\/avatar\/b67e614b1b25b3e9c0c239efdd2fde5ab015b5affd6f1c3c85911ca4b384e790?s=96&d=mm&r=g\",\"contentUrl\":\"https:\/\/secure.gravatar.com\/avatar\/b67e614b1b25b3e9c0c239efdd2fde5ab015b5affd6f1c3c85911ca4b384e790?s=96&d=mm&r=g\",\"caption\":\"Author\"},\"sameAs\":[\"http:\/\/vof-news.eu\"],\"url\":\"https:\/\/vof-news.eu\/de\/author\/zwt6qxnjulxbnyg\/\"}]}<\/script>\n<!-- \/ Yoast SEO plugin. -->","yoast_head_json":{"title":"So leer waren die Gasspeicher noch nie - vof-news.eu","description":"Das Problem begann im vergangenen Sommer. In der warmen Jahreszeit ist der Gasverbrauch gering. Die H\u00e4ndler nutzen \u00fcblicherweise die Gelegenheit und leiten das \u00fcbersch\u00fcssige Gas in die Speicher, legen einen Vorrat an, zu g\u00fcnstigen Preisen. Doch vergangenes Jahr wurde viel weniger Gas eingespeichert als in den Vorjahren. Zum H\u00f6chststand Ende September 2025 waren die Speicher nur zu drei Vierteln gef\u00fcllt \u2013 dabei sollten es 80 Prozent sein.\u00a0","robots":{"index":"noindex","follow":"follow","max-snippet":"max-snippet:-1","max-image-preview":"max-image-preview:large","max-video-preview":"max-video-preview:-1"},"og_locale":"de_DE","og_type":"article","og_title":"So leer waren die Gasspeicher noch nie - vof-news.eu","og_description":"Das Problem begann im vergangenen Sommer. In der warmen Jahreszeit ist der Gasverbrauch gering. Die H\u00e4ndler nutzen \u00fcblicherweise die Gelegenheit und leiten das \u00fcbersch\u00fcssige Gas in die Speicher, legen einen Vorrat an, zu g\u00fcnstigen Preisen. Doch vergangenes Jahr wurde viel weniger Gas eingespeichert als in den Vorjahren. Zum H\u00f6chststand Ende September 2025 waren die Speicher nur zu drei Vierteln gef\u00fcllt \u2013 dabei sollten es 80 Prozent sein.\u00a0","og_url":"https:\/\/vof-news.eu\/de\/so-leer-waren-die-gasspeicher-noch-nie\/","og_site_name":"vof-news.eu","article_published_time":"2026-01-15T16:28:16+00:00","article_modified_time":"2026-01-15T16:29:13+00:00","author":"Author","twitter_card":"summary_large_image","twitter_misc":{"Verfasst von":"Author","Gesch\u00e4tzte Lesezeit":"5\u00a0Minuten"},"schema":{"@context":"https:\/\/schema.org","@graph":[{"@type":"WebPage","@id":"https:\/\/vof-news.eu\/de\/so-leer-waren-die-gasspeicher-noch-nie\/","url":"https:\/\/vof-news.eu\/de\/so-leer-waren-die-gasspeicher-noch-nie\/","name":"So leer waren die Gasspeicher noch nie - vof-news.eu","isPartOf":{"@id":"https:\/\/vof-news.eu\/de\/#website"},"datePublished":"2026-01-15T16:28:16+00:00","dateModified":"2026-01-15T16:29:13+00:00","author":{"@id":"https:\/\/vof-news.eu\/de\/#\/schema\/person\/f6a2a4309f0561835797fd8c19b333ed"},"description":"Das Problem begann im vergangenen Sommer. In der warmen Jahreszeit ist der Gasverbrauch gering. Die H\u00e4ndler nutzen \u00fcblicherweise die Gelegenheit und leiten das \u00fcbersch\u00fcssige Gas in die Speicher, legen einen Vorrat an, zu g\u00fcnstigen Preisen. Doch vergangenes Jahr wurde viel weniger Gas eingespeichert als in den Vorjahren. Zum H\u00f6chststand Ende September 2025 waren die Speicher nur zu drei Vierteln gef\u00fcllt \u2013 dabei sollten es 80 Prozent sein.\u00a0","breadcrumb":{"@id":"https:\/\/vof-news.eu\/de\/so-leer-waren-die-gasspeicher-noch-nie\/#breadcrumb"},"inLanguage":"de","potentialAction":[{"@type":"ReadAction","target":["https:\/\/vof-news.eu\/de\/so-leer-waren-die-gasspeicher-noch-nie\/"]}]},{"@type":"BreadcrumbList","@id":"https:\/\/vof-news.eu\/de\/so-leer-waren-die-gasspeicher-noch-nie\/#breadcrumb","itemListElement":[{"@type":"ListItem","position":1,"name":"Home","item":"https:\/\/vof-news.eu\/de\/"},{"@type":"ListItem","position":2,"name":"So leer waren die Gasspeicher noch nie"}]},{"@type":"WebSite","@id":"https:\/\/vof-news.eu\/de\/#website","url":"https:\/\/vof-news.eu\/de\/","name":"vof-news.eu","description":"","potentialAction":[{"@type":"SearchAction","target":{"@type":"EntryPoint","urlTemplate":"https:\/\/vof-news.eu\/de\/?s={search_term_string}"},"query-input":"required name=search_term_string"}],"inLanguage":"de"},{"@type":"Person","@id":"https:\/\/vof-news.eu\/de\/#\/schema\/person\/f6a2a4309f0561835797fd8c19b333ed","name":"Author","image":{"@type":"ImageObject","inLanguage":"de","@id":"https:\/\/vof-news.eu\/de\/#\/schema\/person\/image\/","url":"https:\/\/secure.gravatar.com\/avatar\/b67e614b1b25b3e9c0c239efdd2fde5ab015b5affd6f1c3c85911ca4b384e790?s=96&d=mm&r=g","contentUrl":"https:\/\/secure.gravatar.com\/avatar\/b67e614b1b25b3e9c0c239efdd2fde5ab015b5affd6f1c3c85911ca4b384e790?s=96&d=mm&r=g","caption":"Author"},"sameAs":["http:\/\/vof-news.eu"],"url":"https:\/\/vof-news.eu\/de\/author\/zwt6qxnjulxbnyg\/"}]}},"yoast_meta":{"yoast_wpseo_title":"","yoast_wpseo_metadesc":"","yoast_wpseo_canonical":""},"_links":{"self":[{"href":"https:\/\/vof-news.eu\/de\/wp-json\/wp\/v2\/posts\/316948","targetHints":{"allow":["GET"]}}],"collection":[{"href":"https:\/\/vof-news.eu\/de\/wp-json\/wp\/v2\/posts"}],"about":[{"href":"https:\/\/vof-news.eu\/de\/wp-json\/wp\/v2\/types\/post"}],"author":[{"embeddable":true,"href":"https:\/\/vof-news.eu\/de\/wp-json\/wp\/v2\/users\/1"}],"replies":[{"embeddable":true,"href":"https:\/\/vof-news.eu\/de\/wp-json\/wp\/v2\/comments?post=316948"}],"version-history":[{"count":1,"href":"https:\/\/vof-news.eu\/de\/wp-json\/wp\/v2\/posts\/316948\/revisions"}],"predecessor-version":[{"id":316949,"href":"https:\/\/vof-news.eu\/de\/wp-json\/wp\/v2\/posts\/316948\/revisions\/316949"}],"wp:attachment":[{"href":"https:\/\/vof-news.eu\/de\/wp-json\/wp\/v2\/media?parent=316948"}],"wp:term":[{"taxonomy":"category","embeddable":true,"href":"https:\/\/vof-news.eu\/de\/wp-json\/wp\/v2\/categories?post=316948"},{"taxonomy":"post_tag","embeddable":true,"href":"https:\/\/vof-news.eu\/de\/wp-json\/wp\/v2\/tags?post=316948"}],"curies":[{"name":"wp","href":"https:\/\/api.w.org\/{rel}","templated":true}]}}