{"id":316656,"date":"2026-01-15T05:28:14","date_gmt":"2026-01-15T02:28:14","guid":{"rendered":"https:\/\/vof-news.eu\/ukrainisches-parlament-bestatigt-neuen-verteidigungsminister-fedorow-7\/"},"modified":"2026-01-15T05:30:21","modified_gmt":"2026-01-15T02:30:21","slug":"ukrainisches-parlament-bestatigt-neuen-verteidigungsminister-fedorow-7","status":"publish","type":"post","link":"https:\/\/vof-news.eu\/de\/ukrainisches-parlament-bestatigt-neuen-verteidigungsminister-fedorow-7\/","title":{"rendered":"Ukrainisches Parlament best\u00e4tigt neuen Verteidigungsminister Fedorow"},"content":{"rendered":"<div>\n<p>Der bisherige Digitalisierungsminister Mychajlo Fedorow ist neuer Verteidigungsminister der <span><a href=\"https:\/\/www.zeit.de\/politik\/ausland\/ukraine-krieg-news-liveblog\" rel=\"nofollow\">Ukraine<\/a><\/span>. Im ukrainischen Parlament stimmte eine deutliche Mehrheit von 277 Abgeordneten f\u00fcr seine Ernennung. Fedorow ist bereits der vierte Verteidigungsminister seit dem russischen Angriff auf die Ukraine im Jahr 2022.\u00a0Eigentlich sollte Fedorow bereits am Dienstag ins Amt gew\u00e4hlt werden. Es<br \/>\n waren aber nicht gen\u00fcgend Abgeordnete im Parlament, um eine Abstimmung<br \/>\nanzusetzen.\u00a0\n<\/p>\n<p>Fedorows Kandidatur war gem\u00e4\u00df der Verfassung von Pr\u00e4sident <span><a href=\"https:\/\/www.zeit.de\/thema\/wolodymyr-selenskyj\" rel=\"nofollow\">Wolodymyr Selenskyj<\/a><\/span> eingereicht worden. Der 34-j\u00e4hrige Fedorow sagte nach seiner Ernennung, dass es das Ziel sei, &#8222;das<br \/>\nSystem zu ver\u00e4ndern: die Armee zu reformieren, die Infrastruktur<br \/>\nan der Front zu verbessern, \u2060L\u00fcgen und Korruption auszumerzen und<br \/>\nF\u00fchrung und \u200bVertrauen zu einer neuen Kultur zu machen&#8220;.\n<\/p>\n<h2>Bisheriger Verteidigungsminister Schmyhal wird Energieminister<\/h2>\n<p>Vorg\u00e4nger Fedorows war Denys Schmyhal, der weniger als\u00a0<a href=\"https:\/\/www.zeit.de\/politik\/ausland\/2026-01\/wolodmyr-selenskyj-verteidigungsminister-wechsel-denys-schmyhal-mychajlo-fedorow\" rel=\"nofollow\">sechs Monate das Amt des Verteidigungsministers innehatte<\/a>. Schmyhal wechselt ins Energieministerium und wird dort Minister. Wie bei Fedorow war seine Ernennung am Dienstag noch gescheitert, nun aber erfolgreich.\u00a0Der 50-J\u00e4hrige gilt als loyal gegen\u00fcber Selenskyj.\n<\/p>\n<p>Entlassen wurde der Chef des Geheimdienstes SBU, Wassyl Maljuk. Faktisch leitete er die Beh\u00f6rde seit dem Sommer 2022. In<br \/>\ndieser Zeit f\u00fchrte der SBU teils spektakul\u00e4re Angriffe auf russische<br \/>\nMilit\u00e4rst\u00fctzpunkte durch. Mehrere hochrangige Milit\u00e4rs hatten sich gegen<br \/>\n die von Selenskyj eingeleitete Entlassung ausgesprochen. Auch der<br \/>\nVerteidigungsausschuss des Parlaments gab erst im zweiten Anlauf seine<br \/>\nZustimmung.\n<\/p>\n<p>Nach Korruptionsvorw\u00fcrfen h\u00e4ufen sich seit dem vergangenen Sommer\u00a0<a href=\"https:\/\/www.zeit.de\/politik\/ausland\/2026-01\/ukraine-lage-selenskyj-budanow-sbu-syrskyj-woche\" rel=\"nofollow\">die<br \/>\nPersonalwechsel in Regierung und anderen Positionen<\/a>. Besonders das<br \/>\nVerteidigungsministerium gilt als korruptionsanf\u00e4llig. Der<br \/>\nPosten des Energieministers war infolge eines Korruptionsskandals im<br \/>\nEnergiesektor nach einem R\u00fccktritt seit November unbesetzt. Nach<br \/>\nrussischen Angriffen auf Energieanlagen m\u00fcssen Millionen Ukrainer bei<br \/>\nzweistelligen Minusgraden t\u00e4glich stundenlang ohne Strom und Heizung<br \/>\nauskommen.\n<\/p>\n<p><a href=\"https:\/\/www.zeit.de\/politik\/ausland\/ukraine-krieg-news-liveblog\" rel=\"nofollow\">Alle aktuellen Entwicklungen zum Krieg in der Ukraine finden Sie in unserem Liveblog<\/a>.\n<\/p>\n<\/div>\n","protected":false},"excerpt":{"rendered":"<p>Der bisherige Digitalisierungsminister Mychajlo Fedorow ist neuer Verteidigungsminister der Ukraine. Im ukrainischen Parlament stimmte eine deutliche Mehrheit von 277 Abgeordneten f\u00fcr seine Ernennung. Fedorow ist bereits der vierte Verteidigungsminister seit dem russischen Angriff auf die Ukraine im Jahr 2022.\u00a0Eigentlich sollte Fedorow bereits am Dienstag ins Amt gew\u00e4hlt werden. Es waren aber nicht gen\u00fcgend Abgeordnete im<\/p>\n","protected":false},"author":1,"featured_media":316657,"comment_status":"open","ping_status":"open","sticky":false,"template":"","format":"standard","meta":{"footnotes":""},"categories":[116],"tags":[],"class_list":["post-316656","post","type-post","status-publish","format-standard","has-post-thumbnail","hentry","category-war-chronicles-de"],"acf":[],"yoast_head":"<!-- This site is optimized with the Yoast SEO plugin v22.9 - https:\/\/yoast.com\/wordpress\/plugins\/seo\/ -->\n<title>Ukrainisches Parlament best\u00e4tigt neuen Verteidigungsminister Fedorow - vof-news.eu<\/title>\n<meta name=\"description\" content=\"Der bisherige Digitalisierungsminister Mychajlo Fedorow ist neuer Verteidigungsminister der Ukraine. Im ukrainischen Parlament stimmte eine deutliche Mehrheit von 277 Abgeordneten f\u00fcr seine Ernennung. Fedorow ist bereits der vierte Verteidigungsminister seit dem russischen Angriff auf die Ukraine im Jahr 2022.\u00a0Eigentlich sollte Fedorow bereits am Dienstag ins Amt gew\u00e4hlt werden. Es\" \/>\n<meta name=\"robots\" content=\"noindex, follow, max-snippet:-1, max-image-preview:large, max-video-preview:-1\" \/>\n<meta property=\"og:locale\" content=\"de_DE\" \/>\n<meta property=\"og:type\" content=\"article\" \/>\n<meta property=\"og:title\" content=\"Ukrainisches Parlament best\u00e4tigt neuen Verteidigungsminister Fedorow - vof-news.eu\" \/>\n<meta property=\"og:description\" content=\"Der bisherige Digitalisierungsminister Mychajlo Fedorow ist neuer Verteidigungsminister der Ukraine. Im ukrainischen Parlament stimmte eine deutliche Mehrheit von 277 Abgeordneten f\u00fcr seine Ernennung. Fedorow ist bereits der vierte Verteidigungsminister seit dem russischen Angriff auf die Ukraine im Jahr 2022.\u00a0Eigentlich sollte Fedorow bereits am Dienstag ins Amt gew\u00e4hlt werden. Es\" \/>\n<meta property=\"og:url\" content=\"https:\/\/vof-news.eu\/de\/ukrainisches-parlament-bestatigt-neuen-verteidigungsminister-fedorow-7\/\" \/>\n<meta property=\"og:site_name\" content=\"vof-news.eu\" \/>\n<meta property=\"article:published_time\" content=\"2026-01-15T02:28:14+00:00\" \/>\n<meta property=\"article:modified_time\" content=\"2026-01-15T02:30:21+00:00\" \/>\n<meta property=\"og:image\" content=\"https:\/\/vof-news.eu\/wp-content\/uploads\/2026\/01\/wide__1000x562-46.jpg\" \/>\n\t<meta property=\"og:image:width\" content=\"1000\" \/>\n\t<meta property=\"og:image:height\" content=\"562\" \/>\n\t<meta property=\"og:image:type\" content=\"image\/jpeg\" \/>\n<meta name=\"author\" content=\"Author\" \/>\n<meta name=\"twitter:card\" content=\"summary_large_image\" \/>\n<meta name=\"twitter:label1\" content=\"Verfasst von\" \/>\n\t<meta name=\"twitter:data1\" content=\"Author\" \/>\n\t<meta name=\"twitter:label2\" content=\"Gesch\u00e4tzte Lesezeit\" \/>\n\t<meta name=\"twitter:data2\" content=\"2\u00a0Minuten\" \/>\n<script type=\"application\/ld+json\" class=\"yoast-schema-graph\">{\"@context\":\"https:\/\/schema.org\",\"@graph\":[{\"@type\":\"WebPage\",\"@id\":\"https:\/\/vof-news.eu\/de\/ukrainisches-parlament-bestatigt-neuen-verteidigungsminister-fedorow-7\/\",\"url\":\"https:\/\/vof-news.eu\/de\/ukrainisches-parlament-bestatigt-neuen-verteidigungsminister-fedorow-7\/\",\"name\":\"Ukrainisches Parlament best\u00e4tigt neuen Verteidigungsminister Fedorow - vof-news.eu\",\"isPartOf\":{\"@id\":\"https:\/\/vof-news.eu\/de\/#website\"},\"primaryImageOfPage\":{\"@id\":\"https:\/\/vof-news.eu\/de\/ukrainisches-parlament-bestatigt-neuen-verteidigungsminister-fedorow-7\/#primaryimage\"},\"image\":{\"@id\":\"https:\/\/vof-news.eu\/de\/ukrainisches-parlament-bestatigt-neuen-verteidigungsminister-fedorow-7\/#primaryimage\"},\"thumbnailUrl\":\"https:\/\/vof-news.eu\/wp-content\/uploads\/2026\/01\/wide__1000x562-46.jpg\",\"datePublished\":\"2026-01-15T02:28:14+00:00\",\"dateModified\":\"2026-01-15T02:30:21+00:00\",\"author\":{\"@id\":\"https:\/\/vof-news.eu\/de\/#\/schema\/person\/f6a2a4309f0561835797fd8c19b333ed\"},\"description\":\"Der bisherige Digitalisierungsminister Mychajlo Fedorow ist neuer Verteidigungsminister der Ukraine. Im ukrainischen Parlament stimmte eine deutliche Mehrheit von 277 Abgeordneten f\u00fcr seine Ernennung. Fedorow ist bereits der vierte Verteidigungsminister seit dem russischen Angriff auf die Ukraine im Jahr 2022.\u00a0Eigentlich sollte Fedorow bereits am Dienstag ins Amt gew\u00e4hlt werden. Es\",\"breadcrumb\":{\"@id\":\"https:\/\/vof-news.eu\/de\/ukrainisches-parlament-bestatigt-neuen-verteidigungsminister-fedorow-7\/#breadcrumb\"},\"inLanguage\":\"de\",\"potentialAction\":[{\"@type\":\"ReadAction\",\"target\":[\"https:\/\/vof-news.eu\/de\/ukrainisches-parlament-bestatigt-neuen-verteidigungsminister-fedorow-7\/\"]}]},{\"@type\":\"ImageObject\",\"inLanguage\":\"de\",\"@id\":\"https:\/\/vof-news.eu\/de\/ukrainisches-parlament-bestatigt-neuen-verteidigungsminister-fedorow-7\/#primaryimage\",\"url\":\"https:\/\/vof-news.eu\/wp-content\/uploads\/2026\/01\/wide__1000x562-46.jpg\",\"contentUrl\":\"https:\/\/vof-news.eu\/wp-content\/uploads\/2026\/01\/wide__1000x562-46.jpg\",\"width\":1000,\"height\":562},{\"@type\":\"BreadcrumbList\",\"@id\":\"https:\/\/vof-news.eu\/de\/ukrainisches-parlament-bestatigt-neuen-verteidigungsminister-fedorow-7\/#breadcrumb\",\"itemListElement\":[{\"@type\":\"ListItem\",\"position\":1,\"name\":\"Home\",\"item\":\"https:\/\/vof-news.eu\/de\/\"},{\"@type\":\"ListItem\",\"position\":2,\"name\":\"Ukrainisches Parlament best\u00e4tigt neuen Verteidigungsminister Fedorow\"}]},{\"@type\":\"WebSite\",\"@id\":\"https:\/\/vof-news.eu\/de\/#website\",\"url\":\"https:\/\/vof-news.eu\/de\/\",\"name\":\"vof-news.eu\",\"description\":\"\",\"potentialAction\":[{\"@type\":\"SearchAction\",\"target\":{\"@type\":\"EntryPoint\",\"urlTemplate\":\"https:\/\/vof-news.eu\/de\/?s={search_term_string}\"},\"query-input\":\"required name=search_term_string\"}],\"inLanguage\":\"de\"},{\"@type\":\"Person\",\"@id\":\"https:\/\/vof-news.eu\/de\/#\/schema\/person\/f6a2a4309f0561835797fd8c19b333ed\",\"name\":\"Author\",\"image\":{\"@type\":\"ImageObject\",\"inLanguage\":\"de\",\"@id\":\"https:\/\/vof-news.eu\/de\/#\/schema\/person\/image\/\",\"url\":\"https:\/\/secure.gravatar.com\/avatar\/b67e614b1b25b3e9c0c239efdd2fde5ab015b5affd6f1c3c85911ca4b384e790?s=96&d=mm&r=g\",\"contentUrl\":\"https:\/\/secure.gravatar.com\/avatar\/b67e614b1b25b3e9c0c239efdd2fde5ab015b5affd6f1c3c85911ca4b384e790?s=96&d=mm&r=g\",\"caption\":\"Author\"},\"sameAs\":[\"http:\/\/vof-news.eu\"],\"url\":\"https:\/\/vof-news.eu\/de\/author\/zwt6qxnjulxbnyg\/\"}]}<\/script>\n<!-- \/ Yoast SEO plugin. -->","yoast_head_json":{"title":"Ukrainisches Parlament best\u00e4tigt neuen Verteidigungsminister Fedorow - vof-news.eu","description":"Der bisherige Digitalisierungsminister Mychajlo Fedorow ist neuer Verteidigungsminister der Ukraine. Im ukrainischen Parlament stimmte eine deutliche Mehrheit von 277 Abgeordneten f\u00fcr seine Ernennung. Fedorow ist bereits der vierte Verteidigungsminister seit dem russischen Angriff auf die Ukraine im Jahr 2022.\u00a0Eigentlich sollte Fedorow bereits am Dienstag ins Amt gew\u00e4hlt werden. Es","robots":{"index":"noindex","follow":"follow","max-snippet":"max-snippet:-1","max-image-preview":"max-image-preview:large","max-video-preview":"max-video-preview:-1"},"og_locale":"de_DE","og_type":"article","og_title":"Ukrainisches Parlament best\u00e4tigt neuen Verteidigungsminister Fedorow - vof-news.eu","og_description":"Der bisherige Digitalisierungsminister Mychajlo Fedorow ist neuer Verteidigungsminister der Ukraine. Im ukrainischen Parlament stimmte eine deutliche Mehrheit von 277 Abgeordneten f\u00fcr seine Ernennung. Fedorow ist bereits der vierte Verteidigungsminister seit dem russischen Angriff auf die Ukraine im Jahr 2022.\u00a0Eigentlich sollte Fedorow bereits am Dienstag ins Amt gew\u00e4hlt werden. Es","og_url":"https:\/\/vof-news.eu\/de\/ukrainisches-parlament-bestatigt-neuen-verteidigungsminister-fedorow-7\/","og_site_name":"vof-news.eu","article_published_time":"2026-01-15T02:28:14+00:00","article_modified_time":"2026-01-15T02:30:21+00:00","og_image":[{"width":1000,"height":562,"url":"https:\/\/vof-news.eu\/wp-content\/uploads\/2026\/01\/wide__1000x562-46.jpg","type":"image\/jpeg"}],"author":"Author","twitter_card":"summary_large_image","twitter_misc":{"Verfasst von":"Author","Gesch\u00e4tzte Lesezeit":"2\u00a0Minuten"},"schema":{"@context":"https:\/\/schema.org","@graph":[{"@type":"WebPage","@id":"https:\/\/vof-news.eu\/de\/ukrainisches-parlament-bestatigt-neuen-verteidigungsminister-fedorow-7\/","url":"https:\/\/vof-news.eu\/de\/ukrainisches-parlament-bestatigt-neuen-verteidigungsminister-fedorow-7\/","name":"Ukrainisches Parlament best\u00e4tigt neuen Verteidigungsminister Fedorow - vof-news.eu","isPartOf":{"@id":"https:\/\/vof-news.eu\/de\/#website"},"primaryImageOfPage":{"@id":"https:\/\/vof-news.eu\/de\/ukrainisches-parlament-bestatigt-neuen-verteidigungsminister-fedorow-7\/#primaryimage"},"image":{"@id":"https:\/\/vof-news.eu\/de\/ukrainisches-parlament-bestatigt-neuen-verteidigungsminister-fedorow-7\/#primaryimage"},"thumbnailUrl":"https:\/\/vof-news.eu\/wp-content\/uploads\/2026\/01\/wide__1000x562-46.jpg","datePublished":"2026-01-15T02:28:14+00:00","dateModified":"2026-01-15T02:30:21+00:00","author":{"@id":"https:\/\/vof-news.eu\/de\/#\/schema\/person\/f6a2a4309f0561835797fd8c19b333ed"},"description":"Der bisherige Digitalisierungsminister Mychajlo Fedorow ist neuer Verteidigungsminister der Ukraine. Im ukrainischen Parlament stimmte eine deutliche Mehrheit von 277 Abgeordneten f\u00fcr seine Ernennung. Fedorow ist bereits der vierte Verteidigungsminister seit dem russischen Angriff auf die Ukraine im Jahr 2022.\u00a0Eigentlich sollte Fedorow bereits am Dienstag ins Amt gew\u00e4hlt werden. Es","breadcrumb":{"@id":"https:\/\/vof-news.eu\/de\/ukrainisches-parlament-bestatigt-neuen-verteidigungsminister-fedorow-7\/#breadcrumb"},"inLanguage":"de","potentialAction":[{"@type":"ReadAction","target":["https:\/\/vof-news.eu\/de\/ukrainisches-parlament-bestatigt-neuen-verteidigungsminister-fedorow-7\/"]}]},{"@type":"ImageObject","inLanguage":"de","@id":"https:\/\/vof-news.eu\/de\/ukrainisches-parlament-bestatigt-neuen-verteidigungsminister-fedorow-7\/#primaryimage","url":"https:\/\/vof-news.eu\/wp-content\/uploads\/2026\/01\/wide__1000x562-46.jpg","contentUrl":"https:\/\/vof-news.eu\/wp-content\/uploads\/2026\/01\/wide__1000x562-46.jpg","width":1000,"height":562},{"@type":"BreadcrumbList","@id":"https:\/\/vof-news.eu\/de\/ukrainisches-parlament-bestatigt-neuen-verteidigungsminister-fedorow-7\/#breadcrumb","itemListElement":[{"@type":"ListItem","position":1,"name":"Home","item":"https:\/\/vof-news.eu\/de\/"},{"@type":"ListItem","position":2,"name":"Ukrainisches Parlament best\u00e4tigt neuen Verteidigungsminister Fedorow"}]},{"@type":"WebSite","@id":"https:\/\/vof-news.eu\/de\/#website","url":"https:\/\/vof-news.eu\/de\/","name":"vof-news.eu","description":"","potentialAction":[{"@type":"SearchAction","target":{"@type":"EntryPoint","urlTemplate":"https:\/\/vof-news.eu\/de\/?s={search_term_string}"},"query-input":"required name=search_term_string"}],"inLanguage":"de"},{"@type":"Person","@id":"https:\/\/vof-news.eu\/de\/#\/schema\/person\/f6a2a4309f0561835797fd8c19b333ed","name":"Author","image":{"@type":"ImageObject","inLanguage":"de","@id":"https:\/\/vof-news.eu\/de\/#\/schema\/person\/image\/","url":"https:\/\/secure.gravatar.com\/avatar\/b67e614b1b25b3e9c0c239efdd2fde5ab015b5affd6f1c3c85911ca4b384e790?s=96&d=mm&r=g","contentUrl":"https:\/\/secure.gravatar.com\/avatar\/b67e614b1b25b3e9c0c239efdd2fde5ab015b5affd6f1c3c85911ca4b384e790?s=96&d=mm&r=g","caption":"Author"},"sameAs":["http:\/\/vof-news.eu"],"url":"https:\/\/vof-news.eu\/de\/author\/zwt6qxnjulxbnyg\/"}]}},"yoast_meta":{"yoast_wpseo_title":"","yoast_wpseo_metadesc":"","yoast_wpseo_canonical":""},"_links":{"self":[{"href":"https:\/\/vof-news.eu\/de\/wp-json\/wp\/v2\/posts\/316656","targetHints":{"allow":["GET"]}}],"collection":[{"href":"https:\/\/vof-news.eu\/de\/wp-json\/wp\/v2\/posts"}],"about":[{"href":"https:\/\/vof-news.eu\/de\/wp-json\/wp\/v2\/types\/post"}],"author":[{"embeddable":true,"href":"https:\/\/vof-news.eu\/de\/wp-json\/wp\/v2\/users\/1"}],"replies":[{"embeddable":true,"href":"https:\/\/vof-news.eu\/de\/wp-json\/wp\/v2\/comments?post=316656"}],"version-history":[{"count":1,"href":"https:\/\/vof-news.eu\/de\/wp-json\/wp\/v2\/posts\/316656\/revisions"}],"predecessor-version":[{"id":316663,"href":"https:\/\/vof-news.eu\/de\/wp-json\/wp\/v2\/posts\/316656\/revisions\/316663"}],"wp:featuredmedia":[{"embeddable":true,"href":"https:\/\/vof-news.eu\/de\/wp-json\/wp\/v2\/media\/316657"}],"wp:attachment":[{"href":"https:\/\/vof-news.eu\/de\/wp-json\/wp\/v2\/media?parent=316656"}],"wp:term":[{"taxonomy":"category","embeddable":true,"href":"https:\/\/vof-news.eu\/de\/wp-json\/wp\/v2\/categories?post=316656"},{"taxonomy":"post_tag","embeddable":true,"href":"https:\/\/vof-news.eu\/de\/wp-json\/wp\/v2\/tags?post=316656"}],"curies":[{"name":"wp","href":"https:\/\/api.w.org\/{rel}","templated":true}]}}