{"id":316426,"date":"2026-01-14T15:29:54","date_gmt":"2026-01-14T12:29:54","guid":{"rendered":"https:\/\/vof-news.eu\/muss-es-kriege-geben-herfried-munkler\/"},"modified":"2026-01-14T15:32:06","modified_gmt":"2026-01-14T12:32:06","slug":"muss-es-kriege-geben-herfried-munkler","status":"publish","type":"post","link":"https:\/\/vof-news.eu\/de\/muss-es-kriege-geben-herfried-munkler\/","title":{"rendered":"Muss es Kriege geben, Herfried M\u00fcnkler?"},"content":{"rendered":"<div>\n<p><a href=\"https:\/\/www.rowohlt.de\/buch\/herfried-muenkler-die-neuen-kriege-9783644011212\" rel=\"nofollow\"><\/a><a href=\"https:\/\/www.amazon.de\/Wandel-Krieges-Von-Symmetrie-Asymmetrie\/dp\/3938808098\" rel=\"nofollow\"><\/a>\n<\/p>\n<p><a href=\"https:\/\/www.zeit.de\/n1f\" rel=\"nofollow\"><\/a>\n<\/p>\n<\/p>\n<p><strong>DIE ZEIT:<\/strong> Muss es Kriege<br \/>\ngeben, <span><a href=\"https:\/\/www.zeit.de\/thema\/herfried-muenkler\" rel=\"nofollow\">Herfried M\u00fcnkler<\/a><\/span>?\n<\/p>\n<p><strong>Herfried M\u00fcnkler: <\/strong>Ja.\n<\/p>\n<p><strong>ZEIT:<\/strong>\u00a0Das ist traurig,<br \/>\nkein Mensch will doch Kriege haben.\n<\/p>\n<p><strong>M\u00fcnkler:<\/strong>\u00a0Ich auch<br \/>\nnicht. Man kann bei Ihrer Frage nat\u00fcrlich \u00fcberlegen, was mit &#8222;muss&#8220; gemeint ist.<br \/>\n\u00a0Ist das normativ gemeint im Sinne von: Soll<br \/>\nes Kriege geben? Dann h\u00e4tte ich gesagt, Kriege m\u00fcssen und sollen nicht sein.<br \/>\nAber da ich Sozialwissenschaftler bin und nicht Moralphilosoph, w\u00fcrde ich sagen:<br \/>\nAngesichts der Welt, in der wir leben,, also wenn<br \/>\ndie Dinge so bleiben, wie sie sind, ist es eigentlich nicht vorstellbar, dass<br \/>\nes in absehbarer Zeit keine Kriege mehr gibt. Insofern ist dieses Muss ein<br \/>\nMuss, das\u00a0Faktizit\u00e4t beschreibt und versucht, einen in Deutschland sehr<br \/>\nnormativ aufgeladenen Erwartungshorizont zu konterkarieren. Wir erschrecken<br \/>\nimmer sehr und wollen es oft nicht wahrhaben, wenn es tats\u00e4chlich st\u00e4ndig<br \/>\nKriege gibt. Aber angesichts der Realit\u00e4t der politischen Welt, der<br \/>\nOrdnungsstrukturen und des Fehlens eines H\u00fcters einer friedlichen Ordnung \u2013 die<br \/>\nGeschichte der Vereinten Nationen vor dieser Aufgabe ist eine des Versagens \u2013,<br \/>\nkann die Antwort auf Ihre Frage eigentlich nur &#8222;Ja&#8220; lauten. Alles andere w\u00e4re<br \/>\nunredlich.\n<\/p>\n<p><strong>ZEIT:<\/strong>\u00a0Unsere Frage<br \/>\nzielte in der Tat darauf ab, ob es keine andere M\u00f6glichkeit gibt, menschliches Zusammenleben<br \/>\nauf diesem Planeten zu organisieren. Lassen Sie uns aber zun\u00e4chst einmal<br \/>\nkl\u00e4ren: Was ist Krieg \u00fcberhaupt?\n<\/p>\n<p><strong>M\u00fcnkler:<\/strong>\u00a0Der englische<br \/>\npolitische Theoretiker Thomas Hobbes hat Mitte des 17. Jahrhunderts den<br \/>\nGedanken formuliert, dass Krieg vor der Entstehung von Staaten etwas war, das  eintreten kann, aber  sein muss. Hobbes vergleicht<br \/>\ndas, f\u00fcr einen Engl\u00e4nder durchaus naheliegend, mit schlechtem Wetter: Es kann<br \/>\njederzeit regnen, daher sollte man immer einen Schirm dabeihaben, aber es<br \/>\nregnet nicht immer. Von diesem Zustand unterscheidet er Krieg in dem sp\u00e4teren Sinne<br \/>\neines manifesten Aufeinandertreffens von Parteien im Konflikt, die darum<br \/>\nk\u00e4mpfen, wer von beiden sich durchsetzt und letztlich dominiert. Da kann es um<br \/>\nTerritorien, unterschiedliche Auffassungen oder auch Legitimit\u00e4t gehen, das ist<br \/>\negal. Aber Krieg bedeutet immer ein Spannungsverh\u00e4ltnis. Wir haben ja auch 40<br \/>\nJahre lang vom Kalten Krieg gesprochen, wir h\u00e4tten auch vom Kalten Frieden<br \/>\nsprechen k\u00f6nnen. Aber wir haben Kalter Krieg gesagt, in dem Sinne, dass dieser<br \/>\nKrieg nicht stattgefunden hat, sondern latent war. Krieg ist ein \u00fcberaus ambivalenter<br \/>\nBegriff. Zwischen dem Eingestelltsein auf die M\u00f6glichkeit des Krieges und dem<br \/>\ntats\u00e4chlichen F\u00fchren eines Krieges zu unterscheiden, ist zentral. Und dann<br \/>\nsteht da wiederum dieser ber\u00fchmte Satz des r\u00f6mischen Milit\u00e4rtheoretikers Vegetius: \u00a0. Wenn du<br \/>\nFrieden willst, bereite dich auf den Krieg vor.\n<\/p>\n<p><strong>ZEIT: <\/strong>Gibt es einen<br \/>\nZeitpunkt, ab dem man vom Aufkommen von Krieg und Frieden im heutigen Sinne<br \/>\nsprechen kann?\n<\/p>\n<p><strong>M\u00fcnkler: <\/strong>Vermutlich m\u00fcsste<br \/>\nman sagen, dass die Unterscheidung von Krieg und Frieden als zwei<br \/>\nentgegengesetzte Aggregatzust\u00e4nde des Politischen auf die neolithische<br \/>\nRevolution zur\u00fcckgeht, die ungef\u00e4hr 7.000 bis 8.000 Jahre vor Christus erfolgt<br \/>\nist. Damals sind die Wildbeutergesellschaften mehr und mehr dazu \u00fcbergegangen,<br \/>\nsesshaft zu werden und Ackerbau und Viehzucht zu treiben. Nomaden hatten eigentlich<br \/>\nkeine Vorstellung davon, was Frieden ist. Frieden war keine Voraussetzung f\u00fcr<br \/>\ndie geordnete Reproduktion ihres Lebens. Sie mussten immer wieder bereit sein, auch<br \/>\num Ressourcen zu k\u00e4mpfen, und sie mussten mit \u00dcberf\u00e4llen ihrer Gegner rechnen,<br \/>\nwenn sie denen nicht aus dem Weg gehen konnten. Sesshaft gewordene Bauern<br \/>\nhingegen konnten nicht mehr ohne Weiteres eine Strategie der Kampfvermeidung<br \/>\nbetreiben. Sie entwickelten eine Pr\u00e4ferenz f\u00fcr Frieden. Die Idee des Friedens<br \/>\nals verl\u00e4ssliche, dauerhafte Perspektive einer Ordnung kam erst mit Ackerbau<br \/>\nund Viehzucht auf, weil klar wurde, dass man im Frieden am besten und<br \/>\neffektivsten Vorr\u00e4te anlegen konnte. Und diese Vorr\u00e4te wiederum musste man auch<br \/>\nzu verteidigen bereit sein. Man bereitete sich auf Krieg vor, indem man die<br \/>\nSt\u00e4dte, die damals entstanden, befestigte.\n<\/p>\n<p><strong>ZEIT: <\/strong>Aus diesen<br \/>\nfr\u00fchen Zeiten gibt es keine Geschichtsschreibung. Ist das, was Sie beschreiben,<br \/>\neine Theorie der politischen Philosophie, oder gibt es daf\u00fcr Evidenz?\n<\/p>\n<p><strong>M\u00fcnkler:<\/strong>\u00a0Die Evidenz<br \/>\nerw\u00e4chst aus der Arch\u00e4ologie, also der Analyse von Knochen und der Betrachtung<br \/>\nvon Gr\u00e4bern. Man kann ganz gut\u00a0unterscheiden, ob es<br \/>\nsich um rituelle Opferhandlungen handelte oder der Tod aus einer Kampfsituation<br \/>\nheraus resultierte. Es kommt nicht von ungef\u00e4hr, dass die erste Schlacht, die<br \/>\nuns jedenfalls in Europa bekannt ist, am Fluss Tollense im heutigen<br \/>\nMecklenburg-Vorpommern stattgefunden hat. Daran waren vielleicht so 6.000 Leute<br \/>\nbeteiligt. Das ist eine Berechnung aus den Funden von Waffen und Knochen \u2013<br \/>\n\u00fcbrigens auch von Pferden. Das war also schon etwas anderes als der \u00dcberfall<br \/>\neiner kleinen Gruppe von Wildbeutern auf eine andere. Hier ging es<br \/>\nwahrscheinlich um die Pr\u00e4senz von Leuten, die aus dem S\u00fcden gekommen sind und<br \/>\ndie sich am Wasser, also an der Ostsee, niederlassen wollten. Das war f\u00fcr die<br \/>\nEinheimischen ein Problem, eine Herausforderung ihrer zuverl\u00e4ssigen Verf\u00fcgung<br \/>\n\u00fcber Nahrung, und deswegen haben sie gegeneinander gek\u00e4mpft. Wir wissen, dass<br \/>\nsie gek\u00e4mpft haben, aber nicht unbedingt, wie die Schlacht ausgegangen ist.\n<\/p>\n<p><strong>ZEIT:<\/strong>\u00a0Seinen Willen mit<br \/>\nGewalt durchsetzen \u2013 das ist eine abstrakte Definition von Krieg, die man<br \/>\nh\u00e4ufig liest. Diese Definition w\u00fcrde aber beispielsweise auch auf die<br \/>\nKindeserziehung der vergangenen Jahrhunderte zutreffen. Wenn ich im Wald<br \/>\njemanden treffe und mit ihm k\u00e4mpfe, ist das noch kein Krieg. Braucht es eine<br \/>\ngewisse Anzahl an Beteiligten, oder wo liegt konkret die Schwelle zum Krieg?\n<\/p>\n<p><strong>M\u00fcnkler:<\/strong>\u00a0Es ist<br \/>\nErmessenssache, ob man bei einer Todesrate von 50, 1.000 oder 5.000 beginnt,<br \/>\nvon Krieg zu sprechen. Da unterscheiden sich fr\u00fchere Zeiten von der Gegenwart. Ich<br \/>\nhabe von den Wildbeutergesellschaften gesprochen, die waren zwangsl\u00e4ufig viel<br \/>\nkleiner als Gesellschaften der fr\u00fchen Neuzeit und erst recht heutige<br \/>\nGesellschaften. F\u00fcr die Kriege unserer Zeit spielt von Anfang an eine Rolle,<br \/>\ndass sehr viel mehr Menschen auf der Erde leben. Wenn man das prozentual<br \/>\nberechnet, wie es Steven Pinker in seinem Buch  getan hat, kommt<br \/>\nman zu dem Ergebnis, dass die Wahrscheinlichkeit, eines gewaltsamen Todes zu<br \/>\nsterben, in fr\u00fcheren Zeiten sehr viel h\u00f6her war als in heutigen. Und da ist das<br \/>\n20. Jahrhundert mit dem Ersten und Zweiten Weltkrieg eingerechnet. Aber da ist<br \/>\nfestzuhalten, dass die Berechnungen Pinkers nicht unumstritten sind.\n<\/p>\n<p><strong>ZEIT:<\/strong>\u00a0Neben einer<br \/>\ngewissen Gr\u00f6\u00dfenordnung braucht es, um sinnvollerweise von Krieg zu sprechen,<br \/>\neine Form der Sesshaftigkeit. Sie haben auch das Aufkommen von Staaten erw\u00e4hnt,<br \/>\ndas Kriege nach heutigem Verst\u00e4ndnis erst erm\u00f6glicht hat. Und nun sagen Sie, wenn<br \/>\nich Sie richtig verstehe, dass fr\u00fcher deutlich mehr Menschen gewaltsam<br \/>\ngestorben sind als heute, wo wir sozusagen offizielle Kriege f\u00fchren. Der so<br \/>\nverrufene Krieg scheint wom\u00f6glich eine zivilisatorische Errungenschaft zu sein,<br \/>\nweil es zumindest theoretisch ein paar Regeln f\u00fcr gewaltsame Konflikte gibt. Wann<br \/>\nbeginnt Krieg?\n<\/p>\n<p><strong>M\u00fcnkler:<\/strong> Zun\u00e4chst ist<br \/>\nfestzuhalten, dass eine verl\u00e4ssliche Separation von Krieg und Frieden mit der<br \/>\nEntstehung einer fr\u00fchen Form von Staatlichkeit verbunden ist. Der General Carl von\u00a0Clausewitz<br \/>\nhat gesagt,\u00a0der Krieg beginnt eigentlich nicht mit dem Angriff, sondern mit<br \/>\nder Verteidigung. Denn Angreifen hei\u00dfe eigentlich nur\u00a0besitzen wollen. Der<br \/>\nEroberer ziehe gerne unter Friedensbekundungen in ein Land ein. Clausewitz sagt<br \/>\ndas \u00fcber Napoleon, und in unserer Zeit gilt das in gewisser Hinsicht auch f\u00fcr Wladimir<br \/>\nPutin. Das Verteidigen hingegen hat das K\u00e4mpfen zum absoluten Zweck. Man kann<br \/>\ndas daran exemplifizieren, dass die Wehrmacht im Fr\u00fchjahr 1938 in \u00d6sterreich<br \/>\neinmarschiert ist \u2013 die \u00d6sterreicher haben aber keinen Widerstand geleistet, deshalb<br \/>\nbegann der Zweite Weltkrieg damals nicht. Das wiederholte sich im Herbst 1938<br \/>\nim Sudetenland und bei der Zerschlagung der sogenannten Resttschechei im Fr\u00fchjahr<br \/>\n1939. Aber die Polen leisteten im September 1939 Widerstand, und damit begann<br \/>\nder Zweite Weltkrieg.\n<\/p>\n<p>Das hat sich Putin im \u00dcbrigen genau<br \/>\nangeschaut und auf die <span><a href=\"https:\/\/www.zeit.de\/thema\/krieg-in-ukraine\" rel=\"nofollow\">Ukraine<\/a><\/span> \u00fcbertragen. In einem Interview mit Fox News, mit<br \/>\ndem Journalisten Tucker Carlson, hat er gesagt: Wenn die Polen 1939 so klug gewesen<br \/>\nw\u00e4ren, die Freie Stadt Danzig und den Korridor dorthin aufzugeben und Hitler zu<br \/>\n\u00fcberlassen, dann h\u00e4tte der Zweite Weltkrieg nicht stattgefunden. Das ist sicher<br \/>\nirrig, weil die Geschichte zeigt, dass der Eroberungshunger mit erfolgreichen<br \/>\nEroberungen w\u00e4chst. Aber es zeigt, wie Putin denkt: H\u00e4tten die Ukrainer, als Putin<br \/>\nsie im Februar 2022 angegriffen hat, keinen Widerstand geleistet, dann h\u00e4tte<br \/>\nder ganze Ukrainekrieg nicht stattgefunden. Und da muss man sagen: Ja, das ist<br \/>\nwahr. Clausewitz hat da etwas Richtiges und Wichtiges gesehen.\n<\/p>\n<\/div>\n","protected":false},"excerpt":{"rendered":"<p>DIE ZEIT: Muss es Kriege geben, Herfried M\u00fcnkler? Herfried M\u00fcnkler: Ja. ZEIT:\u00a0Das ist traurig, kein Mensch will doch Kriege haben. M\u00fcnkler:\u00a0Ich auch nicht. Man kann bei Ihrer Frage nat\u00fcrlich \u00fcberlegen, was mit &#8222;muss&#8220; gemeint ist. \u00a0Ist das normativ gemeint im Sinne von: Soll es Kriege geben? Dann h\u00e4tte ich gesagt, Kriege m\u00fcssen und sollen nicht<\/p>\n","protected":false},"author":1,"featured_media":316427,"comment_status":"open","ping_status":"open","sticky":false,"template":"","format":"standard","meta":{"footnotes":""},"categories":[116],"tags":[],"class_list":["post-316426","post","type-post","status-publish","format-standard","has-post-thumbnail","hentry","category-war-chronicles-de"],"acf":[],"yoast_head":"<!-- This site is optimized with the Yoast SEO plugin v22.9 - https:\/\/yoast.com\/wordpress\/plugins\/seo\/ -->\n<title>Muss es Kriege geben, Herfried M\u00fcnkler? - vof-news.eu<\/title>\n<meta name=\"description\" content=\"DIE ZEIT: Muss es Kriege\" \/>\n<meta name=\"robots\" content=\"noindex, follow, max-snippet:-1, max-image-preview:large, max-video-preview:-1\" \/>\n<meta property=\"og:locale\" content=\"de_DE\" \/>\n<meta property=\"og:type\" content=\"article\" \/>\n<meta property=\"og:title\" content=\"Muss es Kriege geben, Herfried M\u00fcnkler? - vof-news.eu\" \/>\n<meta property=\"og:description\" content=\"DIE ZEIT: Muss es Kriege\" \/>\n<meta property=\"og:url\" content=\"https:\/\/vof-news.eu\/de\/muss-es-kriege-geben-herfried-munkler\/\" \/>\n<meta property=\"og:site_name\" content=\"vof-news.eu\" \/>\n<meta property=\"article:published_time\" content=\"2026-01-14T12:29:54+00:00\" \/>\n<meta property=\"article:modified_time\" content=\"2026-01-14T12:32:06+00:00\" \/>\n<meta property=\"og:image\" content=\"https:\/\/vof-news.eu\/wp-content\/uploads\/2026\/01\/original__1000x666.jpg\" \/>\n\t<meta property=\"og:image:width\" content=\"1000\" \/>\n\t<meta property=\"og:image:height\" content=\"666\" \/>\n\t<meta property=\"og:image:type\" content=\"image\/jpeg\" \/>\n<meta name=\"author\" content=\"Author\" \/>\n<meta name=\"twitter:card\" content=\"summary_large_image\" \/>\n<meta name=\"twitter:label1\" content=\"Verfasst von\" \/>\n\t<meta name=\"twitter:data1\" content=\"Author\" \/>\n\t<meta name=\"twitter:label2\" content=\"Gesch\u00e4tzte Lesezeit\" \/>\n\t<meta name=\"twitter:data2\" content=\"7\u00a0Minuten\" \/>\n<script type=\"application\/ld+json\" class=\"yoast-schema-graph\">{\"@context\":\"https:\/\/schema.org\",\"@graph\":[{\"@type\":\"WebPage\",\"@id\":\"https:\/\/vof-news.eu\/de\/muss-es-kriege-geben-herfried-munkler\/\",\"url\":\"https:\/\/vof-news.eu\/de\/muss-es-kriege-geben-herfried-munkler\/\",\"name\":\"Muss es Kriege geben, Herfried M\u00fcnkler? - vof-news.eu\",\"isPartOf\":{\"@id\":\"https:\/\/vof-news.eu\/de\/#website\"},\"primaryImageOfPage\":{\"@id\":\"https:\/\/vof-news.eu\/de\/muss-es-kriege-geben-herfried-munkler\/#primaryimage\"},\"image\":{\"@id\":\"https:\/\/vof-news.eu\/de\/muss-es-kriege-geben-herfried-munkler\/#primaryimage\"},\"thumbnailUrl\":\"https:\/\/vof-news.eu\/wp-content\/uploads\/2026\/01\/original__1000x666.jpg\",\"datePublished\":\"2026-01-14T12:29:54+00:00\",\"dateModified\":\"2026-01-14T12:32:06+00:00\",\"author\":{\"@id\":\"https:\/\/vof-news.eu\/de\/#\/schema\/person\/f6a2a4309f0561835797fd8c19b333ed\"},\"description\":\"DIE ZEIT: Muss es Kriege\",\"breadcrumb\":{\"@id\":\"https:\/\/vof-news.eu\/de\/muss-es-kriege-geben-herfried-munkler\/#breadcrumb\"},\"inLanguage\":\"de\",\"potentialAction\":[{\"@type\":\"ReadAction\",\"target\":[\"https:\/\/vof-news.eu\/de\/muss-es-kriege-geben-herfried-munkler\/\"]}]},{\"@type\":\"ImageObject\",\"inLanguage\":\"de\",\"@id\":\"https:\/\/vof-news.eu\/de\/muss-es-kriege-geben-herfried-munkler\/#primaryimage\",\"url\":\"https:\/\/vof-news.eu\/wp-content\/uploads\/2026\/01\/original__1000x666.jpg\",\"contentUrl\":\"https:\/\/vof-news.eu\/wp-content\/uploads\/2026\/01\/original__1000x666.jpg\",\"width\":1000,\"height\":666},{\"@type\":\"BreadcrumbList\",\"@id\":\"https:\/\/vof-news.eu\/de\/muss-es-kriege-geben-herfried-munkler\/#breadcrumb\",\"itemListElement\":[{\"@type\":\"ListItem\",\"position\":1,\"name\":\"Home\",\"item\":\"https:\/\/vof-news.eu\/de\/\"},{\"@type\":\"ListItem\",\"position\":2,\"name\":\"Muss es Kriege geben, Herfried M\u00fcnkler?\"}]},{\"@type\":\"WebSite\",\"@id\":\"https:\/\/vof-news.eu\/de\/#website\",\"url\":\"https:\/\/vof-news.eu\/de\/\",\"name\":\"vof-news.eu\",\"description\":\"\",\"potentialAction\":[{\"@type\":\"SearchAction\",\"target\":{\"@type\":\"EntryPoint\",\"urlTemplate\":\"https:\/\/vof-news.eu\/de\/?s={search_term_string}\"},\"query-input\":\"required name=search_term_string\"}],\"inLanguage\":\"de\"},{\"@type\":\"Person\",\"@id\":\"https:\/\/vof-news.eu\/de\/#\/schema\/person\/f6a2a4309f0561835797fd8c19b333ed\",\"name\":\"Author\",\"image\":{\"@type\":\"ImageObject\",\"inLanguage\":\"de\",\"@id\":\"https:\/\/vof-news.eu\/de\/#\/schema\/person\/image\/\",\"url\":\"https:\/\/secure.gravatar.com\/avatar\/b67e614b1b25b3e9c0c239efdd2fde5ab015b5affd6f1c3c85911ca4b384e790?s=96&d=mm&r=g\",\"contentUrl\":\"https:\/\/secure.gravatar.com\/avatar\/b67e614b1b25b3e9c0c239efdd2fde5ab015b5affd6f1c3c85911ca4b384e790?s=96&d=mm&r=g\",\"caption\":\"Author\"},\"sameAs\":[\"http:\/\/vof-news.eu\"],\"url\":\"https:\/\/vof-news.eu\/de\/author\/zwt6qxnjulxbnyg\/\"}]}<\/script>\n<!-- \/ Yoast SEO plugin. -->","yoast_head_json":{"title":"Muss es Kriege geben, Herfried M\u00fcnkler? - vof-news.eu","description":"DIE ZEIT: Muss es Kriege","robots":{"index":"noindex","follow":"follow","max-snippet":"max-snippet:-1","max-image-preview":"max-image-preview:large","max-video-preview":"max-video-preview:-1"},"og_locale":"de_DE","og_type":"article","og_title":"Muss es Kriege geben, Herfried M\u00fcnkler? - vof-news.eu","og_description":"DIE ZEIT: Muss es Kriege","og_url":"https:\/\/vof-news.eu\/de\/muss-es-kriege-geben-herfried-munkler\/","og_site_name":"vof-news.eu","article_published_time":"2026-01-14T12:29:54+00:00","article_modified_time":"2026-01-14T12:32:06+00:00","og_image":[{"width":1000,"height":666,"url":"https:\/\/vof-news.eu\/wp-content\/uploads\/2026\/01\/original__1000x666.jpg","type":"image\/jpeg"}],"author":"Author","twitter_card":"summary_large_image","twitter_misc":{"Verfasst von":"Author","Gesch\u00e4tzte Lesezeit":"7\u00a0Minuten"},"schema":{"@context":"https:\/\/schema.org","@graph":[{"@type":"WebPage","@id":"https:\/\/vof-news.eu\/de\/muss-es-kriege-geben-herfried-munkler\/","url":"https:\/\/vof-news.eu\/de\/muss-es-kriege-geben-herfried-munkler\/","name":"Muss es Kriege geben, Herfried M\u00fcnkler? - vof-news.eu","isPartOf":{"@id":"https:\/\/vof-news.eu\/de\/#website"},"primaryImageOfPage":{"@id":"https:\/\/vof-news.eu\/de\/muss-es-kriege-geben-herfried-munkler\/#primaryimage"},"image":{"@id":"https:\/\/vof-news.eu\/de\/muss-es-kriege-geben-herfried-munkler\/#primaryimage"},"thumbnailUrl":"https:\/\/vof-news.eu\/wp-content\/uploads\/2026\/01\/original__1000x666.jpg","datePublished":"2026-01-14T12:29:54+00:00","dateModified":"2026-01-14T12:32:06+00:00","author":{"@id":"https:\/\/vof-news.eu\/de\/#\/schema\/person\/f6a2a4309f0561835797fd8c19b333ed"},"description":"DIE ZEIT: Muss es Kriege","breadcrumb":{"@id":"https:\/\/vof-news.eu\/de\/muss-es-kriege-geben-herfried-munkler\/#breadcrumb"},"inLanguage":"de","potentialAction":[{"@type":"ReadAction","target":["https:\/\/vof-news.eu\/de\/muss-es-kriege-geben-herfried-munkler\/"]}]},{"@type":"ImageObject","inLanguage":"de","@id":"https:\/\/vof-news.eu\/de\/muss-es-kriege-geben-herfried-munkler\/#primaryimage","url":"https:\/\/vof-news.eu\/wp-content\/uploads\/2026\/01\/original__1000x666.jpg","contentUrl":"https:\/\/vof-news.eu\/wp-content\/uploads\/2026\/01\/original__1000x666.jpg","width":1000,"height":666},{"@type":"BreadcrumbList","@id":"https:\/\/vof-news.eu\/de\/muss-es-kriege-geben-herfried-munkler\/#breadcrumb","itemListElement":[{"@type":"ListItem","position":1,"name":"Home","item":"https:\/\/vof-news.eu\/de\/"},{"@type":"ListItem","position":2,"name":"Muss es Kriege geben, Herfried M\u00fcnkler?"}]},{"@type":"WebSite","@id":"https:\/\/vof-news.eu\/de\/#website","url":"https:\/\/vof-news.eu\/de\/","name":"vof-news.eu","description":"","potentialAction":[{"@type":"SearchAction","target":{"@type":"EntryPoint","urlTemplate":"https:\/\/vof-news.eu\/de\/?s={search_term_string}"},"query-input":"required name=search_term_string"}],"inLanguage":"de"},{"@type":"Person","@id":"https:\/\/vof-news.eu\/de\/#\/schema\/person\/f6a2a4309f0561835797fd8c19b333ed","name":"Author","image":{"@type":"ImageObject","inLanguage":"de","@id":"https:\/\/vof-news.eu\/de\/#\/schema\/person\/image\/","url":"https:\/\/secure.gravatar.com\/avatar\/b67e614b1b25b3e9c0c239efdd2fde5ab015b5affd6f1c3c85911ca4b384e790?s=96&d=mm&r=g","contentUrl":"https:\/\/secure.gravatar.com\/avatar\/b67e614b1b25b3e9c0c239efdd2fde5ab015b5affd6f1c3c85911ca4b384e790?s=96&d=mm&r=g","caption":"Author"},"sameAs":["http:\/\/vof-news.eu"],"url":"https:\/\/vof-news.eu\/de\/author\/zwt6qxnjulxbnyg\/"}]}},"yoast_meta":{"yoast_wpseo_title":"","yoast_wpseo_metadesc":"","yoast_wpseo_canonical":""},"_links":{"self":[{"href":"https:\/\/vof-news.eu\/de\/wp-json\/wp\/v2\/posts\/316426","targetHints":{"allow":["GET"]}}],"collection":[{"href":"https:\/\/vof-news.eu\/de\/wp-json\/wp\/v2\/posts"}],"about":[{"href":"https:\/\/vof-news.eu\/de\/wp-json\/wp\/v2\/types\/post"}],"author":[{"embeddable":true,"href":"https:\/\/vof-news.eu\/de\/wp-json\/wp\/v2\/users\/1"}],"replies":[{"embeddable":true,"href":"https:\/\/vof-news.eu\/de\/wp-json\/wp\/v2\/comments?post=316426"}],"version-history":[{"count":1,"href":"https:\/\/vof-news.eu\/de\/wp-json\/wp\/v2\/posts\/316426\/revisions"}],"predecessor-version":[{"id":316433,"href":"https:\/\/vof-news.eu\/de\/wp-json\/wp\/v2\/posts\/316426\/revisions\/316433"}],"wp:featuredmedia":[{"embeddable":true,"href":"https:\/\/vof-news.eu\/de\/wp-json\/wp\/v2\/media\/316427"}],"wp:attachment":[{"href":"https:\/\/vof-news.eu\/de\/wp-json\/wp\/v2\/media?parent=316426"}],"wp:term":[{"taxonomy":"category","embeddable":true,"href":"https:\/\/vof-news.eu\/de\/wp-json\/wp\/v2\/categories?post=316426"},{"taxonomy":"post_tag","embeddable":true,"href":"https:\/\/vof-news.eu\/de\/wp-json\/wp\/v2\/tags?post=316426"}],"curies":[{"name":"wp","href":"https:\/\/api.w.org\/{rel}","templated":true}]}}