{"id":316176,"date":"2026-01-13T21:28:34","date_gmt":"2026-01-13T18:28:34","guid":{"rendered":"https:\/\/vof-news.eu\/was-passiert-wenn-der-rundfunk-gecancelt-wird\/"},"modified":"2026-01-13T21:29:18","modified_gmt":"2026-01-13T18:29:18","slug":"was-passiert-wenn-der-rundfunk-gecancelt-wird","status":"publish","type":"post","link":"https:\/\/vof-news.eu\/de\/was-passiert-wenn-der-rundfunk-gecancelt-wird\/","title":{"rendered":"Was passiert, wenn der Rundfunk gecancelt wird?"},"content":{"rendered":"<div>\n<p>Man kennt das<br \/>\nnoch aus der Pandemie. Mit s\u00fc\u00dfen Slogans bekundeten damals Buchhandlungen und<br \/>\nSuperm\u00e4rkte ihren Durchhaltewillen.\u00a0\n<\/p>\n<\/p>\n<p>\nist polnisch und hei\u00dft auf Deutsch &#8222;Wir spielen weiter&#8220;. Perfekte<br \/>\nPandemie-Poesie. Nur war mit dem Slogan des polnischen \u00f6ffentlich-rechtlichen<br \/>\nRadiosenders  gar nicht gemeint,<br \/>\ndass es trotz hoher Corona-Infektionszahlen und personeller Ausf\u00e4lle Programm<br \/>\ngeben wird. Die polnische Medienlandschaft k\u00e4mpfte zu diesem Zeitpunkt seit<br \/>\nf\u00fcnf Jahren einen ganz anderen Kampf: In Polen waren die Zeiten schlecht f\u00fcr<br \/>\nden \u00f6ffentlich-rechtlichen <span><a href=\"https:\/\/www.zeit.de\/thema\/rundfunk\" rel=\"nofollow\">Rundfunk<\/a><\/span>. Es gab Repressionen gegen Journalistinnen<br \/>\nund Journalisten, bei denen man bef\u00fcrchten musste, dass sie l\u00e4nger bleiben als<br \/>\neine Pandemie.\n<\/p>\n<p>Die<br \/>\npolnische Regierung, damals angef\u00fchrt von der rechtspopulistischen Partei Recht<br \/>\nund Gerechtigkeit (PiS), \u00fcbernahm <a href=\"https:\/\/www.zeit.de\/kultur\/2024-01\/polen-staatsmedien-donald-tusk-pis-partei-journalismus\" rel=\"nofollow\">zwischen 2015 und 2023 Schritt f\u00fcr Schritt<br \/>\ndie Kontrolle \u00fcber die \u00f6ffentlichen Medien Telewizja Polska (TVP) und Polskie<br \/>\nRadio<\/a>. Einen Wendepunkt markierte die \u00c4nderung des Mediengesetzes im Jahr 2016.<\/p>\n<p>Fortan<br \/>\nwar es nicht mehr der in der Verfassung verankerte nationale Rundfunkrat, der<br \/>\n\u00fcber die Besetzung von F\u00fchrungspositionen bei Radio und Fernsehen entschied,<br \/>\nsondern zun\u00e4chst der Finanzminister und sp\u00e4ter der neu gegr\u00fcndete nationale Medienrat \u2013 in dem die <span><a href=\"https:\/\/www.zeit.de\/thema\/pis\" rel=\"nofollow\">PiS<\/a><\/span> die Mehrheit hatte.\n<\/p>\n<p>Nach<br \/>\ndieser Gesetzes\u00e4nderung wurden kritische Journalisten gegen PiS-nahe<br \/>\nausgetauscht, ein regierungsfreundliches Narrativ sollte die Nachrichten<br \/>\ndominieren. Die Opposition wurde systematisch diskreditiert und l\u00e4cherlich<br \/>\ngemacht, ein christlich-konservatives, antiliberales und antieurop\u00e4isches Weltbild propagiert. Wer seinen Job behalten wollte, f\u00fcgte sich der neuen Linie<br \/>\noder musste damit rechnen, entlassen oder versetzt zu werden.\n<\/p>\n<p>Schon<br \/>\nvor 2015 schubsten die Regierungsparteien den \u00f6ffentlich-rechtlichen Rundfunk<br \/>\nstets in die f\u00fcr sie vorteilhafte Richtung. Aber in, wenn man so will, Ma\u00dfen:<br \/>\nNach altem Gesetz arbeitete der nationale Rundfunkrat unabh\u00e4ngig, \u00fcber seine<br \/>\nBesetzung entschieden allerdings Mehrheiten im Parlament und der Pr\u00e4sident.<br \/>\nJede Regierung nach 1990, egal ob links oder rechts, nutzte diese strukturellen<br \/>\nSchwachstellen f\u00fcr sich. Mit der PiS-Regierung erreichte die Einflussnahme ab<br \/>\n2015 aber sukzessive ein neues Level. Man kann sagen, der polnische<br \/>\n\u00f6ffentlich-rechtliche Rundfunk wurde manipuliert.\n<\/p>\n<p>Inzwischen<br \/>\nist die Situation in <span><a href=\"https:\/\/www.zeit.de\/thema\/polen\" rel=\"nofollow\">Polen<\/a><\/span> eine andere. Die PiS-Regierung wurde Ende 2023<br \/>\nabgew\u00e4hlt und ihr Plan, durch den nationalen Medienrat weiterhin die Kontrolle<br \/>\n\u00fcber die \u00f6ffentlichen Medien zu behalten, scheiterte. Die neue Regierung unter<br \/>\nDonald Tusk (polnisch Koalicja Obywatelska, deutsch: B\u00fcrgerplattform) beschloss die<br \/>\nWiederherstellung eines \u00f6ffentlich-rechtlichen Rundfunks, der gesetzlich zur<br \/>\nNeutralit\u00e4t verpflichtet ist. Das Gesetz, das die einen durch Trickserei f\u00fcr<br \/>\nsich zurechtbogen, bogen die anderen mit neuen Tricks wieder zur\u00fcck:<br \/>\nGesetzesl\u00fccken wurden ausgenutzt, um den PiS-dominierten nationalen Medienrat<br \/>\nzu umgehen, die alte F\u00fchrungsriege bei TVP und Polskie Radio zu entlassen und<br \/>\nneu zu besetzen.\n<\/p>\n<p>Doch wie l\u00e4sst sich so ein Ende des<br \/>\n\u00f6ffentlich-rechtlichen Rundfunks r\u00fcckabwickeln?\n<\/p>\n<p>Wenn<br \/>\nman in Polen heute den Fernseher anschalte, bemerke man einen riesigen<br \/>\nUnterschied im Vergleich zu den acht Jahre PiS-Regentschaft, sagt Andrzej<br \/>\nKrajewski vom polnischen Journalistenverband Towarzystwo Dziennikarskie Er dokumentierte die politisch<br \/>\nmotivierte Berichterstattung der t\u00e4glichen Nachrichtensendung  akribisch auf seinem<br \/>\nYouTube-Kanal, kennt also so gut wie jeden Propaganda-Trick. Heute werde wieder<br \/>\nmehr als ein Standpunkt zu einem Thema zugelassen und die Haltung der<br \/>\nOpposition korrekt wiedergegeben.\u00a0\n<\/p>\n<\/div>\n","protected":false},"excerpt":{"rendered":"<p>Man kennt das noch aus der Pandemie. Mit s\u00fc\u00dfen Slogans bekundeten damals Buchhandlungen und Superm\u00e4rkte ihren Durchhaltewillen.\u00a0 ist polnisch und hei\u00dft auf Deutsch &#8222;Wir spielen weiter&#8220;. Perfekte Pandemie-Poesie. Nur war mit dem Slogan des polnischen \u00f6ffentlich-rechtlichen Radiosenders gar nicht gemeint, dass es trotz hoher Corona-Infektionszahlen und personeller Ausf\u00e4lle Programm geben wird. Die polnische Medienlandschaft k\u00e4mpfte<\/p>\n","protected":false},"author":1,"featured_media":0,"comment_status":"open","ping_status":"open","sticky":false,"template":"","format":"standard","meta":{"footnotes":""},"categories":[64],"tags":[],"class_list":["post-316176","post","type-post","status-publish","format-standard","hentry","category-culture-de"],"acf":[],"yoast_head":"<!-- This site is optimized with the Yoast SEO plugin v22.9 - https:\/\/yoast.com\/wordpress\/plugins\/seo\/ -->\n<title>Was passiert, wenn der Rundfunk gecancelt wird? - vof-news.eu<\/title>\n<meta name=\"description\" content=\"Man kennt das\" \/>\n<meta name=\"robots\" content=\"noindex, follow, max-snippet:-1, max-image-preview:large, max-video-preview:-1\" \/>\n<meta property=\"og:locale\" content=\"de_DE\" \/>\n<meta property=\"og:type\" content=\"article\" \/>\n<meta property=\"og:title\" content=\"Was passiert, wenn der Rundfunk gecancelt wird? - vof-news.eu\" \/>\n<meta property=\"og:description\" content=\"Man kennt das\" \/>\n<meta property=\"og:url\" content=\"https:\/\/vof-news.eu\/de\/was-passiert-wenn-der-rundfunk-gecancelt-wird\/\" \/>\n<meta property=\"og:site_name\" content=\"vof-news.eu\" \/>\n<meta property=\"article:published_time\" content=\"2026-01-13T18:28:34+00:00\" \/>\n<meta property=\"article:modified_time\" content=\"2026-01-13T18:29:18+00:00\" \/>\n<meta name=\"author\" content=\"Author\" \/>\n<meta name=\"twitter:card\" content=\"summary_large_image\" \/>\n<meta name=\"twitter:label1\" content=\"Verfasst von\" \/>\n\t<meta name=\"twitter:data1\" content=\"Author\" \/>\n\t<meta name=\"twitter:label2\" content=\"Gesch\u00e4tzte Lesezeit\" \/>\n\t<meta name=\"twitter:data2\" content=\"3\u00a0Minuten\" \/>\n<script type=\"application\/ld+json\" class=\"yoast-schema-graph\">{\"@context\":\"https:\/\/schema.org\",\"@graph\":[{\"@type\":\"WebPage\",\"@id\":\"https:\/\/vof-news.eu\/de\/was-passiert-wenn-der-rundfunk-gecancelt-wird\/\",\"url\":\"https:\/\/vof-news.eu\/de\/was-passiert-wenn-der-rundfunk-gecancelt-wird\/\",\"name\":\"Was passiert, wenn der Rundfunk gecancelt wird? - vof-news.eu\",\"isPartOf\":{\"@id\":\"https:\/\/vof-news.eu\/de\/#website\"},\"datePublished\":\"2026-01-13T18:28:34+00:00\",\"dateModified\":\"2026-01-13T18:29:18+00:00\",\"author\":{\"@id\":\"https:\/\/vof-news.eu\/de\/#\/schema\/person\/f6a2a4309f0561835797fd8c19b333ed\"},\"description\":\"Man kennt das\",\"breadcrumb\":{\"@id\":\"https:\/\/vof-news.eu\/de\/was-passiert-wenn-der-rundfunk-gecancelt-wird\/#breadcrumb\"},\"inLanguage\":\"de\",\"potentialAction\":[{\"@type\":\"ReadAction\",\"target\":[\"https:\/\/vof-news.eu\/de\/was-passiert-wenn-der-rundfunk-gecancelt-wird\/\"]}]},{\"@type\":\"BreadcrumbList\",\"@id\":\"https:\/\/vof-news.eu\/de\/was-passiert-wenn-der-rundfunk-gecancelt-wird\/#breadcrumb\",\"itemListElement\":[{\"@type\":\"ListItem\",\"position\":1,\"name\":\"Home\",\"item\":\"https:\/\/vof-news.eu\/de\/\"},{\"@type\":\"ListItem\",\"position\":2,\"name\":\"Was passiert, wenn der Rundfunk gecancelt wird?\"}]},{\"@type\":\"WebSite\",\"@id\":\"https:\/\/vof-news.eu\/de\/#website\",\"url\":\"https:\/\/vof-news.eu\/de\/\",\"name\":\"vof-news.eu\",\"description\":\"\",\"potentialAction\":[{\"@type\":\"SearchAction\",\"target\":{\"@type\":\"EntryPoint\",\"urlTemplate\":\"https:\/\/vof-news.eu\/de\/?s={search_term_string}\"},\"query-input\":\"required name=search_term_string\"}],\"inLanguage\":\"de\"},{\"@type\":\"Person\",\"@id\":\"https:\/\/vof-news.eu\/de\/#\/schema\/person\/f6a2a4309f0561835797fd8c19b333ed\",\"name\":\"Author\",\"image\":{\"@type\":\"ImageObject\",\"inLanguage\":\"de\",\"@id\":\"https:\/\/vof-news.eu\/de\/#\/schema\/person\/image\/\",\"url\":\"https:\/\/secure.gravatar.com\/avatar\/b67e614b1b25b3e9c0c239efdd2fde5ab015b5affd6f1c3c85911ca4b384e790?s=96&d=mm&r=g\",\"contentUrl\":\"https:\/\/secure.gravatar.com\/avatar\/b67e614b1b25b3e9c0c239efdd2fde5ab015b5affd6f1c3c85911ca4b384e790?s=96&d=mm&r=g\",\"caption\":\"Author\"},\"sameAs\":[\"http:\/\/vof-news.eu\"],\"url\":\"https:\/\/vof-news.eu\/de\/author\/zwt6qxnjulxbnyg\/\"}]}<\/script>\n<!-- \/ Yoast SEO plugin. -->","yoast_head_json":{"title":"Was passiert, wenn der Rundfunk gecancelt wird? - vof-news.eu","description":"Man kennt das","robots":{"index":"noindex","follow":"follow","max-snippet":"max-snippet:-1","max-image-preview":"max-image-preview:large","max-video-preview":"max-video-preview:-1"},"og_locale":"de_DE","og_type":"article","og_title":"Was passiert, wenn der Rundfunk gecancelt wird? - vof-news.eu","og_description":"Man kennt das","og_url":"https:\/\/vof-news.eu\/de\/was-passiert-wenn-der-rundfunk-gecancelt-wird\/","og_site_name":"vof-news.eu","article_published_time":"2026-01-13T18:28:34+00:00","article_modified_time":"2026-01-13T18:29:18+00:00","author":"Author","twitter_card":"summary_large_image","twitter_misc":{"Verfasst von":"Author","Gesch\u00e4tzte Lesezeit":"3\u00a0Minuten"},"schema":{"@context":"https:\/\/schema.org","@graph":[{"@type":"WebPage","@id":"https:\/\/vof-news.eu\/de\/was-passiert-wenn-der-rundfunk-gecancelt-wird\/","url":"https:\/\/vof-news.eu\/de\/was-passiert-wenn-der-rundfunk-gecancelt-wird\/","name":"Was passiert, wenn der Rundfunk gecancelt wird? - vof-news.eu","isPartOf":{"@id":"https:\/\/vof-news.eu\/de\/#website"},"datePublished":"2026-01-13T18:28:34+00:00","dateModified":"2026-01-13T18:29:18+00:00","author":{"@id":"https:\/\/vof-news.eu\/de\/#\/schema\/person\/f6a2a4309f0561835797fd8c19b333ed"},"description":"Man kennt das","breadcrumb":{"@id":"https:\/\/vof-news.eu\/de\/was-passiert-wenn-der-rundfunk-gecancelt-wird\/#breadcrumb"},"inLanguage":"de","potentialAction":[{"@type":"ReadAction","target":["https:\/\/vof-news.eu\/de\/was-passiert-wenn-der-rundfunk-gecancelt-wird\/"]}]},{"@type":"BreadcrumbList","@id":"https:\/\/vof-news.eu\/de\/was-passiert-wenn-der-rundfunk-gecancelt-wird\/#breadcrumb","itemListElement":[{"@type":"ListItem","position":1,"name":"Home","item":"https:\/\/vof-news.eu\/de\/"},{"@type":"ListItem","position":2,"name":"Was passiert, wenn der Rundfunk gecancelt wird?"}]},{"@type":"WebSite","@id":"https:\/\/vof-news.eu\/de\/#website","url":"https:\/\/vof-news.eu\/de\/","name":"vof-news.eu","description":"","potentialAction":[{"@type":"SearchAction","target":{"@type":"EntryPoint","urlTemplate":"https:\/\/vof-news.eu\/de\/?s={search_term_string}"},"query-input":"required name=search_term_string"}],"inLanguage":"de"},{"@type":"Person","@id":"https:\/\/vof-news.eu\/de\/#\/schema\/person\/f6a2a4309f0561835797fd8c19b333ed","name":"Author","image":{"@type":"ImageObject","inLanguage":"de","@id":"https:\/\/vof-news.eu\/de\/#\/schema\/person\/image\/","url":"https:\/\/secure.gravatar.com\/avatar\/b67e614b1b25b3e9c0c239efdd2fde5ab015b5affd6f1c3c85911ca4b384e790?s=96&d=mm&r=g","contentUrl":"https:\/\/secure.gravatar.com\/avatar\/b67e614b1b25b3e9c0c239efdd2fde5ab015b5affd6f1c3c85911ca4b384e790?s=96&d=mm&r=g","caption":"Author"},"sameAs":["http:\/\/vof-news.eu"],"url":"https:\/\/vof-news.eu\/de\/author\/zwt6qxnjulxbnyg\/"}]}},"yoast_meta":{"yoast_wpseo_title":"","yoast_wpseo_metadesc":"","yoast_wpseo_canonical":""},"_links":{"self":[{"href":"https:\/\/vof-news.eu\/de\/wp-json\/wp\/v2\/posts\/316176","targetHints":{"allow":["GET"]}}],"collection":[{"href":"https:\/\/vof-news.eu\/de\/wp-json\/wp\/v2\/posts"}],"about":[{"href":"https:\/\/vof-news.eu\/de\/wp-json\/wp\/v2\/types\/post"}],"author":[{"embeddable":true,"href":"https:\/\/vof-news.eu\/de\/wp-json\/wp\/v2\/users\/1"}],"replies":[{"embeddable":true,"href":"https:\/\/vof-news.eu\/de\/wp-json\/wp\/v2\/comments?post=316176"}],"version-history":[{"count":1,"href":"https:\/\/vof-news.eu\/de\/wp-json\/wp\/v2\/posts\/316176\/revisions"}],"predecessor-version":[{"id":316178,"href":"https:\/\/vof-news.eu\/de\/wp-json\/wp\/v2\/posts\/316176\/revisions\/316178"}],"wp:attachment":[{"href":"https:\/\/vof-news.eu\/de\/wp-json\/wp\/v2\/media?parent=316176"}],"wp:term":[{"taxonomy":"category","embeddable":true,"href":"https:\/\/vof-news.eu\/de\/wp-json\/wp\/v2\/categories?post=316176"},{"taxonomy":"post_tag","embeddable":true,"href":"https:\/\/vof-news.eu\/de\/wp-json\/wp\/v2\/tags?post=316176"}],"curies":[{"name":"wp","href":"https:\/\/api.w.org\/{rel}","templated":true}]}}