{"id":316091,"date":"2026-01-13T17:28:29","date_gmt":"2026-01-13T14:28:29","guid":{"rendered":"https:\/\/vof-news.eu\/zwei-ukrainer-wegen-sabotageplanen-in-russischem-auftrag-angeklagt\/"},"modified":"2026-01-13T17:29:45","modified_gmt":"2026-01-13T14:29:45","slug":"zwei-ukrainer-wegen-sabotageplanen-in-russischem-auftrag-angeklagt","status":"publish","type":"post","link":"https:\/\/vof-news.eu\/de\/zwei-ukrainer-wegen-sabotageplanen-in-russischem-auftrag-angeklagt\/","title":{"rendered":"Zwei Ukrainer wegen Sabotagepl\u00e4nen in russischem Auftrag angeklagt"},"content":{"rendered":"<div>\n<p>Die <span><a href=\"https:\/\/www.zeit.de\/thema\/bundesanwaltschaft\" rel=\"nofollow\">Bundesanwaltschaft<\/a><\/span> hat am Oberlandesgericht Stuttgart Anklage gegen zwei Ukrainer erhoben, die <a href=\"https:\/\/www.zeit.de\/digital\/internet\/2025-07\/militaerischer-abschirmdienst-russland-spionage-geheimdienste\" rel=\"nofollow\">Sabotagepl\u00e4nen<\/a> in russischem Auftrag zugestimmt haben sollen. Sie waren vor acht Monaten in K\u00f6ln und Konstanz festgenommen worden. Laut Bundesanwaltschaft sollen Daniil B. und Vladyslav T. vorgehabt haben, Pakete mit Sprengs\u00e4tzen zu versenden.\n<\/p>\n<p>Wie die Karlsruher Beh\u00f6rde mitteilte, sind die Angeklagten der<br \/>\ngeheimdienstlichen Agentent\u00e4tigkeit, der Agentent\u00e4tigkeit zu<br \/>\nSabotagezwecken sowie der Verabredung zur schweren Brandstiftung<br \/>\nverd\u00e4chtig. Der Staatsschutzsenat des Oberlandesgerichts <span><a href=\"https:\/\/www.zeit.de\/thema\/stuttgart\" rel=\"nofollow\">Stuttgart<\/a><\/span> muss<br \/>\nnun<br \/>\nentscheiden, ob er die Anklage zul\u00e4sst und wann er einen Prozess<br \/>\nansetzt.\n<\/p>\n<p>Kurz nach den beiden Angeklagten war im Mai 2025 auch ein dritter Ukrainer festgenommen worden. Seine Festnahme erfolgte in der Schweiz, im Dezember wurde er nach Deutschland ausgeliefert. Auch er soll an den Pl\u00e4nen beteiligt gewesen sein. Gegen ihn soll laut Bundesanwaltschaft ebenfalls &#8222;zeitnah&#8220; Anklage erhoben werden.\u00a0\n<\/p>\n<h2>Angeklagte sollen Transportwege ausspioniert haben<\/h2>\n<p>Im M\u00e4rz 2025 sollen die drei Ukrainer von K\u00f6ln aus zwei Pakete mit aktivierten GPS-Trackern in Richtung <span><a href=\"https:\/\/www.zeit.de\/thema\/krieg-in-ukraine\" rel=\"nofollow\">Ukraine<\/a><\/span> verschickt haben. Den entsprechenden Auftrag hatte laut der Ermittlungsbeh\u00f6rde ein russischer Nachrichtendienst \u00fcber Mittelsm\u00e4nner im ukrainischen Mariupol erteilt. Mithilfe der Tracker h\u00e4tten die Beschuldigten Versandrouten und Transportabl\u00e4ufe ausforschen wollen, um im Anschluss Pakete mit Brands\u00e4tzen aufzugeben.\n<\/p>\n<p>&#8222;Solche Pakete sollten sich in Deutschland oder sonst auf dem Weg in nicht von Russland besetzte Teile der Ukraine entz\u00fcnden und m\u00f6glichst gro\u00dfen Schaden verursachen, um das Sicherheitsgef\u00fchl der Bev\u00f6lkerung zu beeintr\u00e4chtigen&#8220;, teilte die Bundesanwaltschaft mit. Die angeklagten Ukrainer h\u00e4tten zugesagt, die Pakete auch zu versenden.\n<\/p>\n<h2>Weniger professionelle Spione<\/h2>\n<p>Seit dem russischen Angriffskrieg in der Ukraine hat sich nach Einsch\u00e4tzung des Bundesamts f\u00fcr Verfassungsschutz (BfV) die <a href=\"https:\/\/www.zeit.de\/politik\/2024-12\/sabotage-russland-bka-warnung\" rel=\"nofollow\">Bedrohungslage durch Spionage, Sabotage und Desinformation in Deutschland<\/a> deutlich zugespitzt. Sowohl staatliche als auch staatlich gesteuerte und private Akteure pr\u00e4gen demnach die nachrichtendienstliche Bedrohungslage durch <span><a href=\"https:\/\/www.zeit.de\/thema\/russland\" rel=\"nofollow\">Russland<\/a><\/span>.\n<\/p>\n<p>Dem BfV zufolge werden zunehmend Personen \u2013 teils aus dem kleinkriminellen Milieu \u2013 angeworben, die f\u00fcr Geld <a href=\"https:\/\/www.zeit.de\/politik\/deutschland\/2025-12\/mad-bericht-sabotage-spionage-extremismus-russland-china-gxe\" rel=\"nofollow\">Spionage- und Sabotageaktionen<\/a> durchf\u00fchren. Der Einsatz professioneller Spione f\u00fcr Russland sei durch Sanktionen und eine erh\u00f6hte Wachsamkeit westlicher Nachrichtendienste hingegen schwieriger geworden.\n<\/p>\n<\/div>\n","protected":false},"excerpt":{"rendered":"<p>Die Bundesanwaltschaft hat am Oberlandesgericht Stuttgart Anklage gegen zwei Ukrainer erhoben, die Sabotagepl\u00e4nen in russischem Auftrag zugestimmt haben sollen. Sie waren vor acht Monaten in K\u00f6ln und Konstanz festgenommen worden. Laut Bundesanwaltschaft sollen Daniil B. und Vladyslav T. vorgehabt haben, Pakete mit Sprengs\u00e4tzen zu versenden. Wie die Karlsruher Beh\u00f6rde mitteilte, sind die Angeklagten der geheimdienstlichen<\/p>\n","protected":false},"author":1,"featured_media":316098,"comment_status":"open","ping_status":"open","sticky":false,"template":"","format":"standard","meta":{"footnotes":""},"categories":[116],"tags":[],"class_list":["post-316091","post","type-post","status-publish","format-standard","has-post-thumbnail","hentry","category-war-chronicles-de"],"acf":[],"yoast_head":"<!-- This site is optimized with the Yoast SEO plugin v22.9 - https:\/\/yoast.com\/wordpress\/plugins\/seo\/ -->\n<title>Zwei Ukrainer wegen Sabotagepl\u00e4nen in russischem Auftrag angeklagt - vof-news.eu<\/title>\n<meta name=\"description\" content=\"Die Bundesanwaltschaft hat am Oberlandesgericht Stuttgart Anklage gegen zwei Ukrainer erhoben, die Sabotagepl\u00e4nen in russischem Auftrag zugestimmt haben sollen. Sie waren vor acht Monaten in K\u00f6ln und Konstanz festgenommen worden. Laut Bundesanwaltschaft sollen Daniil B. und Vladyslav T. vorgehabt haben, Pakete mit Sprengs\u00e4tzen zu versenden.\" \/>\n<meta name=\"robots\" content=\"noindex, follow, max-snippet:-1, max-image-preview:large, max-video-preview:-1\" \/>\n<meta property=\"og:locale\" content=\"de_DE\" \/>\n<meta property=\"og:type\" content=\"article\" \/>\n<meta property=\"og:title\" content=\"Zwei Ukrainer wegen Sabotagepl\u00e4nen in russischem Auftrag angeklagt - vof-news.eu\" \/>\n<meta property=\"og:description\" content=\"Die Bundesanwaltschaft hat am Oberlandesgericht Stuttgart Anklage gegen zwei Ukrainer erhoben, die Sabotagepl\u00e4nen in russischem Auftrag zugestimmt haben sollen. Sie waren vor acht Monaten in K\u00f6ln und Konstanz festgenommen worden. Laut Bundesanwaltschaft sollen Daniil B. und Vladyslav T. vorgehabt haben, Pakete mit Sprengs\u00e4tzen zu versenden.\" \/>\n<meta property=\"og:url\" content=\"https:\/\/vof-news.eu\/de\/zwei-ukrainer-wegen-sabotageplanen-in-russischem-auftrag-angeklagt\/\" \/>\n<meta property=\"og:site_name\" content=\"vof-news.eu\" \/>\n<meta property=\"article:published_time\" content=\"2026-01-13T14:28:29+00:00\" \/>\n<meta property=\"article:modified_time\" content=\"2026-01-13T14:29:45+00:00\" \/>\n<meta property=\"og:image\" content=\"https:\/\/vof-news.eu\/wp-content\/uploads\/2026\/01\/wide__1000x562-39.jpg\" \/>\n\t<meta property=\"og:image:width\" content=\"1000\" \/>\n\t<meta property=\"og:image:height\" content=\"562\" \/>\n\t<meta property=\"og:image:type\" content=\"image\/jpeg\" \/>\n<meta name=\"author\" content=\"Author\" \/>\n<meta name=\"twitter:card\" content=\"summary_large_image\" \/>\n<meta name=\"twitter:label1\" content=\"Verfasst von\" \/>\n\t<meta name=\"twitter:data1\" content=\"Author\" \/>\n\t<meta name=\"twitter:label2\" content=\"Gesch\u00e4tzte Lesezeit\" \/>\n\t<meta name=\"twitter:data2\" content=\"2\u00a0Minuten\" \/>\n<script type=\"application\/ld+json\" class=\"yoast-schema-graph\">{\"@context\":\"https:\/\/schema.org\",\"@graph\":[{\"@type\":\"WebPage\",\"@id\":\"https:\/\/vof-news.eu\/de\/zwei-ukrainer-wegen-sabotageplanen-in-russischem-auftrag-angeklagt\/\",\"url\":\"https:\/\/vof-news.eu\/de\/zwei-ukrainer-wegen-sabotageplanen-in-russischem-auftrag-angeklagt\/\",\"name\":\"Zwei Ukrainer wegen Sabotagepl\u00e4nen in russischem Auftrag angeklagt - vof-news.eu\",\"isPartOf\":{\"@id\":\"https:\/\/vof-news.eu\/de\/#website\"},\"primaryImageOfPage\":{\"@id\":\"https:\/\/vof-news.eu\/de\/zwei-ukrainer-wegen-sabotageplanen-in-russischem-auftrag-angeklagt\/#primaryimage\"},\"image\":{\"@id\":\"https:\/\/vof-news.eu\/de\/zwei-ukrainer-wegen-sabotageplanen-in-russischem-auftrag-angeklagt\/#primaryimage\"},\"thumbnailUrl\":\"https:\/\/vof-news.eu\/wp-content\/uploads\/2026\/01\/wide__1000x562-39.jpg\",\"datePublished\":\"2026-01-13T14:28:29+00:00\",\"dateModified\":\"2026-01-13T14:29:45+00:00\",\"author\":{\"@id\":\"https:\/\/vof-news.eu\/de\/#\/schema\/person\/f6a2a4309f0561835797fd8c19b333ed\"},\"description\":\"Die Bundesanwaltschaft hat am Oberlandesgericht Stuttgart Anklage gegen zwei Ukrainer erhoben, die Sabotagepl\u00e4nen in russischem Auftrag zugestimmt haben sollen. Sie waren vor acht Monaten in K\u00f6ln und Konstanz festgenommen worden. Laut Bundesanwaltschaft sollen Daniil B. und Vladyslav T. vorgehabt haben, Pakete mit Sprengs\u00e4tzen zu versenden.\",\"breadcrumb\":{\"@id\":\"https:\/\/vof-news.eu\/de\/zwei-ukrainer-wegen-sabotageplanen-in-russischem-auftrag-angeklagt\/#breadcrumb\"},\"inLanguage\":\"de\",\"potentialAction\":[{\"@type\":\"ReadAction\",\"target\":[\"https:\/\/vof-news.eu\/de\/zwei-ukrainer-wegen-sabotageplanen-in-russischem-auftrag-angeklagt\/\"]}]},{\"@type\":\"ImageObject\",\"inLanguage\":\"de\",\"@id\":\"https:\/\/vof-news.eu\/de\/zwei-ukrainer-wegen-sabotageplanen-in-russischem-auftrag-angeklagt\/#primaryimage\",\"url\":\"https:\/\/vof-news.eu\/wp-content\/uploads\/2026\/01\/wide__1000x562-39.jpg\",\"contentUrl\":\"https:\/\/vof-news.eu\/wp-content\/uploads\/2026\/01\/wide__1000x562-39.jpg\",\"width\":1000,\"height\":562},{\"@type\":\"BreadcrumbList\",\"@id\":\"https:\/\/vof-news.eu\/de\/zwei-ukrainer-wegen-sabotageplanen-in-russischem-auftrag-angeklagt\/#breadcrumb\",\"itemListElement\":[{\"@type\":\"ListItem\",\"position\":1,\"name\":\"Home\",\"item\":\"https:\/\/vof-news.eu\/de\/\"},{\"@type\":\"ListItem\",\"position\":2,\"name\":\"Zwei Ukrainer wegen Sabotagepl\u00e4nen in russischem Auftrag angeklagt\"}]},{\"@type\":\"WebSite\",\"@id\":\"https:\/\/vof-news.eu\/de\/#website\",\"url\":\"https:\/\/vof-news.eu\/de\/\",\"name\":\"vof-news.eu\",\"description\":\"\",\"potentialAction\":[{\"@type\":\"SearchAction\",\"target\":{\"@type\":\"EntryPoint\",\"urlTemplate\":\"https:\/\/vof-news.eu\/de\/?s={search_term_string}\"},\"query-input\":\"required name=search_term_string\"}],\"inLanguage\":\"de\"},{\"@type\":\"Person\",\"@id\":\"https:\/\/vof-news.eu\/de\/#\/schema\/person\/f6a2a4309f0561835797fd8c19b333ed\",\"name\":\"Author\",\"image\":{\"@type\":\"ImageObject\",\"inLanguage\":\"de\",\"@id\":\"https:\/\/vof-news.eu\/de\/#\/schema\/person\/image\/\",\"url\":\"https:\/\/secure.gravatar.com\/avatar\/b67e614b1b25b3e9c0c239efdd2fde5ab015b5affd6f1c3c85911ca4b384e790?s=96&d=mm&r=g\",\"contentUrl\":\"https:\/\/secure.gravatar.com\/avatar\/b67e614b1b25b3e9c0c239efdd2fde5ab015b5affd6f1c3c85911ca4b384e790?s=96&d=mm&r=g\",\"caption\":\"Author\"},\"sameAs\":[\"http:\/\/vof-news.eu\"],\"url\":\"https:\/\/vof-news.eu\/de\/author\/zwt6qxnjulxbnyg\/\"}]}<\/script>\n<!-- \/ Yoast SEO plugin. -->","yoast_head_json":{"title":"Zwei Ukrainer wegen Sabotagepl\u00e4nen in russischem Auftrag angeklagt - vof-news.eu","description":"Die Bundesanwaltschaft hat am Oberlandesgericht Stuttgart Anklage gegen zwei Ukrainer erhoben, die Sabotagepl\u00e4nen in russischem Auftrag zugestimmt haben sollen. Sie waren vor acht Monaten in K\u00f6ln und Konstanz festgenommen worden. Laut Bundesanwaltschaft sollen Daniil B. und Vladyslav T. vorgehabt haben, Pakete mit Sprengs\u00e4tzen zu versenden.","robots":{"index":"noindex","follow":"follow","max-snippet":"max-snippet:-1","max-image-preview":"max-image-preview:large","max-video-preview":"max-video-preview:-1"},"og_locale":"de_DE","og_type":"article","og_title":"Zwei Ukrainer wegen Sabotagepl\u00e4nen in russischem Auftrag angeklagt - vof-news.eu","og_description":"Die Bundesanwaltschaft hat am Oberlandesgericht Stuttgart Anklage gegen zwei Ukrainer erhoben, die Sabotagepl\u00e4nen in russischem Auftrag zugestimmt haben sollen. Sie waren vor acht Monaten in K\u00f6ln und Konstanz festgenommen worden. Laut Bundesanwaltschaft sollen Daniil B. und Vladyslav T. vorgehabt haben, Pakete mit Sprengs\u00e4tzen zu versenden.","og_url":"https:\/\/vof-news.eu\/de\/zwei-ukrainer-wegen-sabotageplanen-in-russischem-auftrag-angeklagt\/","og_site_name":"vof-news.eu","article_published_time":"2026-01-13T14:28:29+00:00","article_modified_time":"2026-01-13T14:29:45+00:00","og_image":[{"width":1000,"height":562,"url":"https:\/\/vof-news.eu\/wp-content\/uploads\/2026\/01\/wide__1000x562-39.jpg","type":"image\/jpeg"}],"author":"Author","twitter_card":"summary_large_image","twitter_misc":{"Verfasst von":"Author","Gesch\u00e4tzte Lesezeit":"2\u00a0Minuten"},"schema":{"@context":"https:\/\/schema.org","@graph":[{"@type":"WebPage","@id":"https:\/\/vof-news.eu\/de\/zwei-ukrainer-wegen-sabotageplanen-in-russischem-auftrag-angeklagt\/","url":"https:\/\/vof-news.eu\/de\/zwei-ukrainer-wegen-sabotageplanen-in-russischem-auftrag-angeklagt\/","name":"Zwei Ukrainer wegen Sabotagepl\u00e4nen in russischem Auftrag angeklagt - vof-news.eu","isPartOf":{"@id":"https:\/\/vof-news.eu\/de\/#website"},"primaryImageOfPage":{"@id":"https:\/\/vof-news.eu\/de\/zwei-ukrainer-wegen-sabotageplanen-in-russischem-auftrag-angeklagt\/#primaryimage"},"image":{"@id":"https:\/\/vof-news.eu\/de\/zwei-ukrainer-wegen-sabotageplanen-in-russischem-auftrag-angeklagt\/#primaryimage"},"thumbnailUrl":"https:\/\/vof-news.eu\/wp-content\/uploads\/2026\/01\/wide__1000x562-39.jpg","datePublished":"2026-01-13T14:28:29+00:00","dateModified":"2026-01-13T14:29:45+00:00","author":{"@id":"https:\/\/vof-news.eu\/de\/#\/schema\/person\/f6a2a4309f0561835797fd8c19b333ed"},"description":"Die Bundesanwaltschaft hat am Oberlandesgericht Stuttgart Anklage gegen zwei Ukrainer erhoben, die Sabotagepl\u00e4nen in russischem Auftrag zugestimmt haben sollen. Sie waren vor acht Monaten in K\u00f6ln und Konstanz festgenommen worden. Laut Bundesanwaltschaft sollen Daniil B. und Vladyslav T. vorgehabt haben, Pakete mit Sprengs\u00e4tzen zu versenden.","breadcrumb":{"@id":"https:\/\/vof-news.eu\/de\/zwei-ukrainer-wegen-sabotageplanen-in-russischem-auftrag-angeklagt\/#breadcrumb"},"inLanguage":"de","potentialAction":[{"@type":"ReadAction","target":["https:\/\/vof-news.eu\/de\/zwei-ukrainer-wegen-sabotageplanen-in-russischem-auftrag-angeklagt\/"]}]},{"@type":"ImageObject","inLanguage":"de","@id":"https:\/\/vof-news.eu\/de\/zwei-ukrainer-wegen-sabotageplanen-in-russischem-auftrag-angeklagt\/#primaryimage","url":"https:\/\/vof-news.eu\/wp-content\/uploads\/2026\/01\/wide__1000x562-39.jpg","contentUrl":"https:\/\/vof-news.eu\/wp-content\/uploads\/2026\/01\/wide__1000x562-39.jpg","width":1000,"height":562},{"@type":"BreadcrumbList","@id":"https:\/\/vof-news.eu\/de\/zwei-ukrainer-wegen-sabotageplanen-in-russischem-auftrag-angeklagt\/#breadcrumb","itemListElement":[{"@type":"ListItem","position":1,"name":"Home","item":"https:\/\/vof-news.eu\/de\/"},{"@type":"ListItem","position":2,"name":"Zwei Ukrainer wegen Sabotagepl\u00e4nen in russischem Auftrag angeklagt"}]},{"@type":"WebSite","@id":"https:\/\/vof-news.eu\/de\/#website","url":"https:\/\/vof-news.eu\/de\/","name":"vof-news.eu","description":"","potentialAction":[{"@type":"SearchAction","target":{"@type":"EntryPoint","urlTemplate":"https:\/\/vof-news.eu\/de\/?s={search_term_string}"},"query-input":"required name=search_term_string"}],"inLanguage":"de"},{"@type":"Person","@id":"https:\/\/vof-news.eu\/de\/#\/schema\/person\/f6a2a4309f0561835797fd8c19b333ed","name":"Author","image":{"@type":"ImageObject","inLanguage":"de","@id":"https:\/\/vof-news.eu\/de\/#\/schema\/person\/image\/","url":"https:\/\/secure.gravatar.com\/avatar\/b67e614b1b25b3e9c0c239efdd2fde5ab015b5affd6f1c3c85911ca4b384e790?s=96&d=mm&r=g","contentUrl":"https:\/\/secure.gravatar.com\/avatar\/b67e614b1b25b3e9c0c239efdd2fde5ab015b5affd6f1c3c85911ca4b384e790?s=96&d=mm&r=g","caption":"Author"},"sameAs":["http:\/\/vof-news.eu"],"url":"https:\/\/vof-news.eu\/de\/author\/zwt6qxnjulxbnyg\/"}]}},"yoast_meta":{"yoast_wpseo_title":"","yoast_wpseo_metadesc":"","yoast_wpseo_canonical":""},"_links":{"self":[{"href":"https:\/\/vof-news.eu\/de\/wp-json\/wp\/v2\/posts\/316091","targetHints":{"allow":["GET"]}}],"collection":[{"href":"https:\/\/vof-news.eu\/de\/wp-json\/wp\/v2\/posts"}],"about":[{"href":"https:\/\/vof-news.eu\/de\/wp-json\/wp\/v2\/types\/post"}],"author":[{"embeddable":true,"href":"https:\/\/vof-news.eu\/de\/wp-json\/wp\/v2\/users\/1"}],"replies":[{"embeddable":true,"href":"https:\/\/vof-news.eu\/de\/wp-json\/wp\/v2\/comments?post=316091"}],"version-history":[{"count":1,"href":"https:\/\/vof-news.eu\/de\/wp-json\/wp\/v2\/posts\/316091\/revisions"}],"predecessor-version":[{"id":316106,"href":"https:\/\/vof-news.eu\/de\/wp-json\/wp\/v2\/posts\/316091\/revisions\/316106"}],"wp:featuredmedia":[{"embeddable":true,"href":"https:\/\/vof-news.eu\/de\/wp-json\/wp\/v2\/media\/316098"}],"wp:attachment":[{"href":"https:\/\/vof-news.eu\/de\/wp-json\/wp\/v2\/media?parent=316091"}],"wp:term":[{"taxonomy":"category","embeddable":true,"href":"https:\/\/vof-news.eu\/de\/wp-json\/wp\/v2\/categories?post=316091"},{"taxonomy":"post_tag","embeddable":true,"href":"https:\/\/vof-news.eu\/de\/wp-json\/wp\/v2\/tags?post=316091"}],"curies":[{"name":"wp","href":"https:\/\/api.w.org\/{rel}","templated":true}]}}