{"id":315255,"date":"2026-01-10T19:28:18","date_gmt":"2026-01-10T16:28:18","guid":{"rendered":"https:\/\/vof-news.eu\/kyjiw-muss-versorgung-mit-strom-wasser-und-heizung-abstellen\/"},"modified":"2026-01-10T19:29:42","modified_gmt":"2026-01-10T16:29:42","slug":"kyjiw-muss-versorgung-mit-strom-wasser-und-heizung-abstellen","status":"publish","type":"post","link":"https:\/\/vof-news.eu\/de\/kyjiw-muss-versorgung-mit-strom-wasser-und-heizung-abstellen\/","title":{"rendered":"Kyjiw muss Versorgung mit Strom, Wasser und Heizung abstellen"},"content":{"rendered":"<div>\n<p>Nach Angaben des Stadtrats von <span><a href=\"https:\/\/www.zeit.de\/thema\/kiew\" rel=\"nofollow\">Kyjiw<\/a><\/span> hat die <a href=\"https:\/\/www.zeit.de\/politik\/ausland\/2026-01\/ukraine-lage-selenskyj-budanow-sbu-syrskyj-woche\" rel=\"nofollow\">ukrainische Hauptstadt<\/a> die Stromversorgung ebenso wie die Wasser- und W\u00e4rmeversorgung vollst\u00e4ndig abstellen<br \/>\nm\u00fcssen. Der Netzbetreiber hatte darum gebeten, nachdem der Strom in weiten Teilen der Stadt bereits ausgefallen war.\n<\/p>\n<p><a href=\"https:\/\/www.zeit.de\/politik\/ausland\/2025-12\/russland-ukraine-krieg-schuld-verantwortung\/komplettansicht\" rel=\"nofollow\">Russland<\/a> hatte zuvor die ukrainische Infrastruktur angegriffen<br \/>\n und wichtige Teile zerst\u00f6rt. Auch der elektrifizierte \u00f6ffentliche<br \/>\nNahverkehr musste eingestellt werden, wie der Stadtrat auf Telegram<br \/>\nmitteilte.\n<\/p>\n<p>Reparaturen seien im Gange, schrieb die<br \/>\nStadtverwaltung; es wurde aber nicht angegeben, wie lange die Systeme<br \/>\nau\u00dfer Betrieb bleiben w\u00fcrden. Die H\u00e4lfte der Wohnblocks in Kyjiw war am<br \/>\nFreitag nach dem neuesten russischen Angriff ohne Stromversorgung.\u00a0Die Temperaturen fielen unter minus 10 Grad Celsius.\n<\/p>\n<p>Der B\u00fcrgermeister der Stadt, Vitali Klitschko, hatte den Einwohnern am Freitag geraten, die Stadt zeitweilig zu verlassen. In der Hauptstadt der <span><a href=\"https:\/\/www.zeit.de\/politik\/ausland\/ukraine-krieg-news-liveblog\" rel=\"nofollow\">Ukraine<\/a><\/span> k\u00f6nnten nach einem schweren russischen Luftangriff 6.000 Wohnblocks nicht beheizt werden, schrieb er auf Telegram. Das sei die H\u00e4lfte der Mehrfamilienh\u00e4user der ukrainischen Hauptstadt. Wer anderswo Energie und W\u00e4rme finden k\u00f6nne, solle die Hauptstadt vor\u00fcbergehend verlassen.\n<\/p>\n<p><a href=\"https:\/\/www.zeit.de\/politik\/ausland\/ukraine-krieg-news-liveblog\" rel=\"nofollow\"><\/a>\n<\/p>\n<\/div>\n","protected":false},"excerpt":{"rendered":"<p>Nach Angaben des Stadtrats von Kyjiw hat die ukrainische Hauptstadt die Stromversorgung ebenso wie die Wasser- und W\u00e4rmeversorgung vollst\u00e4ndig abstellen m\u00fcssen. Der Netzbetreiber hatte darum gebeten, nachdem der Strom in weiten Teilen der Stadt bereits ausgefallen war. Russland hatte zuvor die ukrainische Infrastruktur angegriffen und wichtige Teile zerst\u00f6rt. Auch der elektrifizierte \u00f6ffentliche Nahverkehr musste eingestellt<\/p>\n","protected":false},"author":1,"featured_media":315256,"comment_status":"open","ping_status":"open","sticky":false,"template":"","format":"standard","meta":{"footnotes":""},"categories":[116],"tags":[],"class_list":["post-315255","post","type-post","status-publish","format-standard","has-post-thumbnail","hentry","category-war-chronicles-de"],"acf":[],"yoast_head":"<!-- This site is optimized with the Yoast SEO plugin v22.9 - https:\/\/yoast.com\/wordpress\/plugins\/seo\/ -->\n<title>Kyjiw muss Versorgung mit Strom, Wasser und Heizung abstellen - vof-news.eu<\/title>\n<meta name=\"description\" content=\"Nach Angaben des Stadtrats von Kyjiw hat die ukrainische Hauptstadt die Stromversorgung ebenso wie die Wasser- und W\u00e4rmeversorgung vollst\u00e4ndig abstellen\" \/>\n<meta name=\"robots\" content=\"noindex, follow, max-snippet:-1, max-image-preview:large, max-video-preview:-1\" \/>\n<meta property=\"og:locale\" content=\"de_DE\" \/>\n<meta property=\"og:type\" content=\"article\" \/>\n<meta property=\"og:title\" content=\"Kyjiw muss Versorgung mit Strom, Wasser und Heizung abstellen - vof-news.eu\" \/>\n<meta property=\"og:description\" content=\"Nach Angaben des Stadtrats von Kyjiw hat die ukrainische Hauptstadt die Stromversorgung ebenso wie die Wasser- und W\u00e4rmeversorgung vollst\u00e4ndig abstellen\" \/>\n<meta property=\"og:url\" content=\"https:\/\/vof-news.eu\/de\/kyjiw-muss-versorgung-mit-strom-wasser-und-heizung-abstellen\/\" \/>\n<meta property=\"og:site_name\" content=\"vof-news.eu\" \/>\n<meta property=\"article:published_time\" content=\"2026-01-10T16:28:18+00:00\" \/>\n<meta property=\"article:modified_time\" content=\"2026-01-10T16:29:42+00:00\" \/>\n<meta property=\"og:image\" content=\"https:\/\/vof-news.eu\/wp-content\/uploads\/2026\/01\/wide__1000x562-37.jpg\" \/>\n\t<meta property=\"og:image:width\" content=\"1000\" \/>\n\t<meta property=\"og:image:height\" content=\"562\" \/>\n\t<meta property=\"og:image:type\" content=\"image\/jpeg\" \/>\n<meta name=\"author\" content=\"Author\" \/>\n<meta name=\"twitter:card\" content=\"summary_large_image\" \/>\n<meta name=\"twitter:label1\" content=\"Verfasst von\" \/>\n\t<meta name=\"twitter:data1\" content=\"Author\" \/>\n\t<meta name=\"twitter:label2\" content=\"Gesch\u00e4tzte Lesezeit\" \/>\n\t<meta name=\"twitter:data2\" content=\"1\u00a0Minute\" \/>\n<script type=\"application\/ld+json\" class=\"yoast-schema-graph\">{\"@context\":\"https:\/\/schema.org\",\"@graph\":[{\"@type\":\"WebPage\",\"@id\":\"https:\/\/vof-news.eu\/de\/kyjiw-muss-versorgung-mit-strom-wasser-und-heizung-abstellen\/\",\"url\":\"https:\/\/vof-news.eu\/de\/kyjiw-muss-versorgung-mit-strom-wasser-und-heizung-abstellen\/\",\"name\":\"Kyjiw muss Versorgung mit Strom, Wasser und Heizung abstellen - vof-news.eu\",\"isPartOf\":{\"@id\":\"https:\/\/vof-news.eu\/de\/#website\"},\"primaryImageOfPage\":{\"@id\":\"https:\/\/vof-news.eu\/de\/kyjiw-muss-versorgung-mit-strom-wasser-und-heizung-abstellen\/#primaryimage\"},\"image\":{\"@id\":\"https:\/\/vof-news.eu\/de\/kyjiw-muss-versorgung-mit-strom-wasser-und-heizung-abstellen\/#primaryimage\"},\"thumbnailUrl\":\"https:\/\/vof-news.eu\/wp-content\/uploads\/2026\/01\/wide__1000x562-37.jpg\",\"datePublished\":\"2026-01-10T16:28:18+00:00\",\"dateModified\":\"2026-01-10T16:29:42+00:00\",\"author\":{\"@id\":\"https:\/\/vof-news.eu\/de\/#\/schema\/person\/f6a2a4309f0561835797fd8c19b333ed\"},\"description\":\"Nach Angaben des Stadtrats von Kyjiw hat die ukrainische Hauptstadt die Stromversorgung ebenso wie die Wasser- und W\u00e4rmeversorgung vollst\u00e4ndig abstellen\",\"breadcrumb\":{\"@id\":\"https:\/\/vof-news.eu\/de\/kyjiw-muss-versorgung-mit-strom-wasser-und-heizung-abstellen\/#breadcrumb\"},\"inLanguage\":\"de\",\"potentialAction\":[{\"@type\":\"ReadAction\",\"target\":[\"https:\/\/vof-news.eu\/de\/kyjiw-muss-versorgung-mit-strom-wasser-und-heizung-abstellen\/\"]}]},{\"@type\":\"ImageObject\",\"inLanguage\":\"de\",\"@id\":\"https:\/\/vof-news.eu\/de\/kyjiw-muss-versorgung-mit-strom-wasser-und-heizung-abstellen\/#primaryimage\",\"url\":\"https:\/\/vof-news.eu\/wp-content\/uploads\/2026\/01\/wide__1000x562-37.jpg\",\"contentUrl\":\"https:\/\/vof-news.eu\/wp-content\/uploads\/2026\/01\/wide__1000x562-37.jpg\",\"width\":1000,\"height\":562},{\"@type\":\"BreadcrumbList\",\"@id\":\"https:\/\/vof-news.eu\/de\/kyjiw-muss-versorgung-mit-strom-wasser-und-heizung-abstellen\/#breadcrumb\",\"itemListElement\":[{\"@type\":\"ListItem\",\"position\":1,\"name\":\"Home\",\"item\":\"https:\/\/vof-news.eu\/de\/\"},{\"@type\":\"ListItem\",\"position\":2,\"name\":\"Kyjiw muss Versorgung mit Strom, Wasser und Heizung abstellen\"}]},{\"@type\":\"WebSite\",\"@id\":\"https:\/\/vof-news.eu\/de\/#website\",\"url\":\"https:\/\/vof-news.eu\/de\/\",\"name\":\"vof-news.eu\",\"description\":\"\",\"potentialAction\":[{\"@type\":\"SearchAction\",\"target\":{\"@type\":\"EntryPoint\",\"urlTemplate\":\"https:\/\/vof-news.eu\/de\/?s={search_term_string}\"},\"query-input\":\"required name=search_term_string\"}],\"inLanguage\":\"de\"},{\"@type\":\"Person\",\"@id\":\"https:\/\/vof-news.eu\/de\/#\/schema\/person\/f6a2a4309f0561835797fd8c19b333ed\",\"name\":\"Author\",\"image\":{\"@type\":\"ImageObject\",\"inLanguage\":\"de\",\"@id\":\"https:\/\/vof-news.eu\/de\/#\/schema\/person\/image\/\",\"url\":\"https:\/\/secure.gravatar.com\/avatar\/b67e614b1b25b3e9c0c239efdd2fde5ab015b5affd6f1c3c85911ca4b384e790?s=96&d=mm&r=g\",\"contentUrl\":\"https:\/\/secure.gravatar.com\/avatar\/b67e614b1b25b3e9c0c239efdd2fde5ab015b5affd6f1c3c85911ca4b384e790?s=96&d=mm&r=g\",\"caption\":\"Author\"},\"sameAs\":[\"http:\/\/vof-news.eu\"],\"url\":\"https:\/\/vof-news.eu\/de\/author\/zwt6qxnjulxbnyg\/\"}]}<\/script>\n<!-- \/ Yoast SEO plugin. -->","yoast_head_json":{"title":"Kyjiw muss Versorgung mit Strom, Wasser und Heizung abstellen - vof-news.eu","description":"Nach Angaben des Stadtrats von Kyjiw hat die ukrainische Hauptstadt die Stromversorgung ebenso wie die Wasser- und W\u00e4rmeversorgung vollst\u00e4ndig abstellen","robots":{"index":"noindex","follow":"follow","max-snippet":"max-snippet:-1","max-image-preview":"max-image-preview:large","max-video-preview":"max-video-preview:-1"},"og_locale":"de_DE","og_type":"article","og_title":"Kyjiw muss Versorgung mit Strom, Wasser und Heizung abstellen - vof-news.eu","og_description":"Nach Angaben des Stadtrats von Kyjiw hat die ukrainische Hauptstadt die Stromversorgung ebenso wie die Wasser- und W\u00e4rmeversorgung vollst\u00e4ndig abstellen","og_url":"https:\/\/vof-news.eu\/de\/kyjiw-muss-versorgung-mit-strom-wasser-und-heizung-abstellen\/","og_site_name":"vof-news.eu","article_published_time":"2026-01-10T16:28:18+00:00","article_modified_time":"2026-01-10T16:29:42+00:00","og_image":[{"width":1000,"height":562,"url":"https:\/\/vof-news.eu\/wp-content\/uploads\/2026\/01\/wide__1000x562-37.jpg","type":"image\/jpeg"}],"author":"Author","twitter_card":"summary_large_image","twitter_misc":{"Verfasst von":"Author","Gesch\u00e4tzte Lesezeit":"1\u00a0Minute"},"schema":{"@context":"https:\/\/schema.org","@graph":[{"@type":"WebPage","@id":"https:\/\/vof-news.eu\/de\/kyjiw-muss-versorgung-mit-strom-wasser-und-heizung-abstellen\/","url":"https:\/\/vof-news.eu\/de\/kyjiw-muss-versorgung-mit-strom-wasser-und-heizung-abstellen\/","name":"Kyjiw muss Versorgung mit Strom, Wasser und Heizung abstellen - vof-news.eu","isPartOf":{"@id":"https:\/\/vof-news.eu\/de\/#website"},"primaryImageOfPage":{"@id":"https:\/\/vof-news.eu\/de\/kyjiw-muss-versorgung-mit-strom-wasser-und-heizung-abstellen\/#primaryimage"},"image":{"@id":"https:\/\/vof-news.eu\/de\/kyjiw-muss-versorgung-mit-strom-wasser-und-heizung-abstellen\/#primaryimage"},"thumbnailUrl":"https:\/\/vof-news.eu\/wp-content\/uploads\/2026\/01\/wide__1000x562-37.jpg","datePublished":"2026-01-10T16:28:18+00:00","dateModified":"2026-01-10T16:29:42+00:00","author":{"@id":"https:\/\/vof-news.eu\/de\/#\/schema\/person\/f6a2a4309f0561835797fd8c19b333ed"},"description":"Nach Angaben des Stadtrats von Kyjiw hat die ukrainische Hauptstadt die Stromversorgung ebenso wie die Wasser- und W\u00e4rmeversorgung vollst\u00e4ndig abstellen","breadcrumb":{"@id":"https:\/\/vof-news.eu\/de\/kyjiw-muss-versorgung-mit-strom-wasser-und-heizung-abstellen\/#breadcrumb"},"inLanguage":"de","potentialAction":[{"@type":"ReadAction","target":["https:\/\/vof-news.eu\/de\/kyjiw-muss-versorgung-mit-strom-wasser-und-heizung-abstellen\/"]}]},{"@type":"ImageObject","inLanguage":"de","@id":"https:\/\/vof-news.eu\/de\/kyjiw-muss-versorgung-mit-strom-wasser-und-heizung-abstellen\/#primaryimage","url":"https:\/\/vof-news.eu\/wp-content\/uploads\/2026\/01\/wide__1000x562-37.jpg","contentUrl":"https:\/\/vof-news.eu\/wp-content\/uploads\/2026\/01\/wide__1000x562-37.jpg","width":1000,"height":562},{"@type":"BreadcrumbList","@id":"https:\/\/vof-news.eu\/de\/kyjiw-muss-versorgung-mit-strom-wasser-und-heizung-abstellen\/#breadcrumb","itemListElement":[{"@type":"ListItem","position":1,"name":"Home","item":"https:\/\/vof-news.eu\/de\/"},{"@type":"ListItem","position":2,"name":"Kyjiw muss Versorgung mit Strom, Wasser und Heizung abstellen"}]},{"@type":"WebSite","@id":"https:\/\/vof-news.eu\/de\/#website","url":"https:\/\/vof-news.eu\/de\/","name":"vof-news.eu","description":"","potentialAction":[{"@type":"SearchAction","target":{"@type":"EntryPoint","urlTemplate":"https:\/\/vof-news.eu\/de\/?s={search_term_string}"},"query-input":"required name=search_term_string"}],"inLanguage":"de"},{"@type":"Person","@id":"https:\/\/vof-news.eu\/de\/#\/schema\/person\/f6a2a4309f0561835797fd8c19b333ed","name":"Author","image":{"@type":"ImageObject","inLanguage":"de","@id":"https:\/\/vof-news.eu\/de\/#\/schema\/person\/image\/","url":"https:\/\/secure.gravatar.com\/avatar\/b67e614b1b25b3e9c0c239efdd2fde5ab015b5affd6f1c3c85911ca4b384e790?s=96&d=mm&r=g","contentUrl":"https:\/\/secure.gravatar.com\/avatar\/b67e614b1b25b3e9c0c239efdd2fde5ab015b5affd6f1c3c85911ca4b384e790?s=96&d=mm&r=g","caption":"Author"},"sameAs":["http:\/\/vof-news.eu"],"url":"https:\/\/vof-news.eu\/de\/author\/zwt6qxnjulxbnyg\/"}]}},"yoast_meta":{"yoast_wpseo_title":"","yoast_wpseo_metadesc":"","yoast_wpseo_canonical":""},"_links":{"self":[{"href":"https:\/\/vof-news.eu\/de\/wp-json\/wp\/v2\/posts\/315255","targetHints":{"allow":["GET"]}}],"collection":[{"href":"https:\/\/vof-news.eu\/de\/wp-json\/wp\/v2\/posts"}],"about":[{"href":"https:\/\/vof-news.eu\/de\/wp-json\/wp\/v2\/types\/post"}],"author":[{"embeddable":true,"href":"https:\/\/vof-news.eu\/de\/wp-json\/wp\/v2\/users\/1"}],"replies":[{"embeddable":true,"href":"https:\/\/vof-news.eu\/de\/wp-json\/wp\/v2\/comments?post=315255"}],"version-history":[{"count":1,"href":"https:\/\/vof-news.eu\/de\/wp-json\/wp\/v2\/posts\/315255\/revisions"}],"predecessor-version":[{"id":315262,"href":"https:\/\/vof-news.eu\/de\/wp-json\/wp\/v2\/posts\/315255\/revisions\/315262"}],"wp:featuredmedia":[{"embeddable":true,"href":"https:\/\/vof-news.eu\/de\/wp-json\/wp\/v2\/media\/315256"}],"wp:attachment":[{"href":"https:\/\/vof-news.eu\/de\/wp-json\/wp\/v2\/media?parent=315255"}],"wp:term":[{"taxonomy":"category","embeddable":true,"href":"https:\/\/vof-news.eu\/de\/wp-json\/wp\/v2\/categories?post=315255"},{"taxonomy":"post_tag","embeddable":true,"href":"https:\/\/vof-news.eu\/de\/wp-json\/wp\/v2\/tags?post=315255"}],"curies":[{"name":"wp","href":"https:\/\/api.w.org\/{rel}","templated":true}]}}