{"id":315042,"date":"2026-01-09T21:29:36","date_gmt":"2026-01-09T18:29:36","guid":{"rendered":"https:\/\/vof-news.eu\/europaische-regierungschefs-verurteilen-angriff-mit-oreschnik-rakete\/"},"modified":"2026-01-09T21:32:01","modified_gmt":"2026-01-09T18:32:01","slug":"europaische-regierungschefs-verurteilen-angriff-mit-oreschnik-rakete","status":"publish","type":"post","link":"https:\/\/vof-news.eu\/de\/europaische-regierungschefs-verurteilen-angriff-mit-oreschnik-rakete\/","title":{"rendered":"Europ\u00e4ische Regierungschefs verurteilen Angriff mit Oreschnik-Rakete"},"content":{"rendered":"<div>\n<p><span><a href=\"https:\/\/www.zeit.de\/thema\/russland\" rel=\"nofollow\">Russland<\/a><\/span> hat mit dem <a href=\"https:\/\/www.zeit.de\/politik\/ausland\/2026-01\/oreschnik-rakete-russland-mittelstreckenrakete-ukraine-infrastruktur-gxe\" rel=\"nofollow\">Einsatz einer Mittelstreckenrakete vom Typ Oreschnik<\/a> viel Kritik ausgel\u00f6st.\u00a0Die Staats- und Regierungschefs<br \/>\n aus Gro\u00dfbritannien, Frankreich und Deutschland reagierten emp\u00f6rt. Sie verurteilten den Angriff als &#8222;eskalierend und inakzeptabel&#8220;. Dies gab eine<br \/>\nSprecherin der britischen Regierung nach einem Telefonat zwischen<br \/>\nBundeskanzler Friedrich Merz (CDU), Frankreichs Pr\u00e4sident Emmanuel<br \/>\nMacron und dem britischen Premierminister Keir Starmer bekannt. Russland habe &#8222;erfundene Vorw\u00fcrfe&#8220; benutzt, um den Angriff zu<br \/>\nrechtfertigen, sagte demnach Starmer.\n<\/p>\n<p>Russland best\u00e4tigte den Angriff auf Ziele in der Westukraine und den Einsatz der Oreschnik-Rakete. Das Land rechtfertigte diesen Schritt als Vergeltungsaktion f\u00fcr den<br \/>\nangeblichen Versuch der <span><a href=\"https:\/\/www.zeit.de\/politik\/ausland\/ukraine-krieg-news-liveblog\" rel=\"nofollow\">Ukraine<\/a><\/span>, eine Residenz von Pr\u00e4sident Wladimir Putin anzugreifen.\u00a0Experten <a href=\"https:\/\/www.zeit.de\/politik\/ausland\/2026-01\/donald-trump-ukraine-krieg-angriff-residenz-wladimir-putin-gxe\" rel=\"nofollow\">bezweifeln allerdings die Glaubw\u00fcrdigkeit der von Russland vorgelegten Informationen<\/a>.\n<\/p>\n<p>Ukrainischen Angaben zufolge traf die ballistische Rakete, die mit einer<br \/>\n Geschwindigkeit von 13.000 Kilometern pro Stunde geflogen sein soll, eine<br \/>\nInfrastruktureinrichtung nahe der Stadt <span><a href=\"https:\/\/www.zeit.de\/thema\/lwiw\" rel=\"nofollow\">Lwiw<\/a><\/span>.<br \/>\n Mit dem Angriff auf zivile Ziele nahe der EU-Grenze &#8222;versucht der<br \/>\nKreml, die lebenswichtige Infrastruktur der Region inmitten sich<br \/>\ndrastisch verschlechternder Wetterbedingungen zu zerst\u00f6ren&#8220;, teilte der ukrainische Inlandsgeheimdienst SBU mit.\n<\/p>\n<h2>Selenskyj fordert Reaktion der USA<\/h2>\n<p>Die Bundesregierung verurteilte das russische<br \/>\nVorgehen. &#8222;Russland hat mit seinem Einsatz der Mittelstreckenrakete<br \/>\ngegen zivile ukrainische Energieinfrastruktur in Lwiw<br \/>\n nochmals eskaliert&#8220;, sagte der stellvertretende Regierungssprecher<br \/>\nSteffen Meyer in Berlin. &#8222;Es sind symbolische Drohgeb\u00e4rden, die Angst<br \/>\nmachen sollen, aber nicht wirken. Daf\u00fcr ist das russische Verhalten an<br \/>\ndieser Stelle zu durchsichtig.&#8220;\n<\/p>\n<p>Auch die EU-Au\u00dfenbeauftragte Kaja Kallas bezeichnete den<br \/>\nEinsatz als &#8222;klare Eskalation&#8220; und &#8222;Warnung an Europa und die<br \/>\nUSA&#8220;. Die EU-L\u00e4nder m\u00fcssten ihre Best\u00e4nde an Luftverteidigung<br \/>\naufstocken.\n<\/p>\n<p>Der ukrainische Pr\u00e4sident <span><a href=\"https:\/\/www.zeit.de\/thema\/wolodymyr-selenskyj\" rel=\"nofollow\">Wolodymyr Selenskyj<\/a><\/span> verlangte nach dem Angriff eine deutliche internationale Reaktion. &#8222;Es bedarf einer klaren Reaktion der<br \/>\nWeltgemeinschaft&#8220;, sagte Selenskyj auf der Plattform X.\u00a0\n<\/p>\n<p>Dies<br \/>\n gelte vor allem f\u00fcr eine Reaktion seitens der USA, &#8222;deren Signalen<br \/>\nRussland wirklich Beachtung schenkt&#8220;, f\u00fcgte Selenskyj hinzu.<\/p>\n<h2>Zweiter Einsatz der Oreschnik<\/h2>\n<p>Die<br \/>\nMittelstreckenrakete kann nach russischen Angaben\u00a0nicht abgefangen werden, weil sie mit mehr als der zehnfachen<br \/>\nSchallgeschwindigkeit fliegt. Sie kann \u200dsowohl<br \/>\nmit konventionellen als auch mit nuklearen Sprengk\u00f6pfen best\u00fcckt<br \/>\nwerden.\u00a0\n<\/p>\n<p>Es ist der zweite dokumentierte Einsatz dieser Waffe. Russland hatte die Oreschnik \u2013 russisch f\u00fcr<br \/>\nHaselnussbaum \u2013 erstmals <a href=\"https:\/\/www.zeit.de\/politik\/ausland\/2024-11\/ukraine-krieg-russland-interkontinentalrakete-angriff\" rel=\"nofollow\">im November 2024<\/a> gegen eine<br \/>\nR\u00fcstungsfabrik in der Ukraine eingesetzt.\u00a0Im August k\u00fcndigte Russlands Staatschef Wladimir Putin <a href=\"https:\/\/www.zeit.de\/politik\/ausland\/2024-11\/wladimir-putin-oreschnik-rakete-mittelstreckenrakete-europa\" rel=\"nofollow\">die Serienproduktion von Oreschnik-Raketen<br \/>\n an<\/a>, die mit einem atomaren Sprengkopf best\u00fcckt werden k\u00f6nnen. Mitte<br \/>\nDezember wurde die Rakete im mit Russland verb\u00fcndeten Belarus<br \/>\nstationiert, wie der belarussische Staatschef Alexander Lukaschenko<br \/>\ndamals mitteilte.\n<\/p>\n<p><strong>Verfolgen Sie alle weiteren Entwicklungen des Ukraine-Krieges <a href=\"https:\/\/www.zeit.de\/politik\/ausland\/ukraine-krieg-news-liveblog\" rel=\"nofollow\">in unserem Live-Blog<\/a>.<\/strong>\n<\/p>\n<\/div>\n","protected":false},"excerpt":{"rendered":"<p>Russland hat mit dem Einsatz einer Mittelstreckenrakete vom Typ Oreschnik viel Kritik ausgel\u00f6st.\u00a0Die Staats- und Regierungschefs aus Gro\u00dfbritannien, Frankreich und Deutschland reagierten emp\u00f6rt. Sie verurteilten den Angriff als &#8222;eskalierend und inakzeptabel&#8220;. Dies gab eine Sprecherin der britischen Regierung nach einem Telefonat zwischen Bundeskanzler Friedrich Merz (CDU), Frankreichs Pr\u00e4sident Emmanuel Macron und dem britischen Premierminister Keir<\/p>\n","protected":false},"author":1,"featured_media":315043,"comment_status":"open","ping_status":"open","sticky":false,"template":"","format":"standard","meta":{"footnotes":""},"categories":[116],"tags":[],"class_list":["post-315042","post","type-post","status-publish","format-standard","has-post-thumbnail","hentry","category-war-chronicles-de"],"acf":[],"yoast_head":"<!-- This site is optimized with the Yoast SEO plugin v22.9 - https:\/\/yoast.com\/wordpress\/plugins\/seo\/ -->\n<title>Europ\u00e4ische Regierungschefs verurteilen Angriff mit Oreschnik-Rakete - vof-news.eu<\/title>\n<meta name=\"description\" content=\"Russland hat mit dem Einsatz einer Mittelstreckenrakete vom Typ Oreschnik viel Kritik ausgel\u00f6st.\u00a0Die Staats- und Regierungschefs\" \/>\n<meta name=\"robots\" content=\"noindex, follow, max-snippet:-1, max-image-preview:large, max-video-preview:-1\" \/>\n<meta property=\"og:locale\" content=\"de_DE\" \/>\n<meta property=\"og:type\" content=\"article\" \/>\n<meta property=\"og:title\" content=\"Europ\u00e4ische Regierungschefs verurteilen Angriff mit Oreschnik-Rakete - vof-news.eu\" \/>\n<meta property=\"og:description\" content=\"Russland hat mit dem Einsatz einer Mittelstreckenrakete vom Typ Oreschnik viel Kritik ausgel\u00f6st.\u00a0Die Staats- und Regierungschefs\" \/>\n<meta property=\"og:url\" content=\"https:\/\/vof-news.eu\/de\/europaische-regierungschefs-verurteilen-angriff-mit-oreschnik-rakete\/\" \/>\n<meta property=\"og:site_name\" content=\"vof-news.eu\" \/>\n<meta property=\"article:published_time\" content=\"2026-01-09T18:29:36+00:00\" \/>\n<meta property=\"article:modified_time\" content=\"2026-01-09T18:32:01+00:00\" \/>\n<meta property=\"og:image\" content=\"https:\/\/vof-news.eu\/wp-content\/uploads\/2026\/01\/wide__1000x562-35.jpg\" \/>\n\t<meta property=\"og:image:width\" content=\"1000\" \/>\n\t<meta property=\"og:image:height\" content=\"562\" \/>\n\t<meta property=\"og:image:type\" content=\"image\/jpeg\" \/>\n<meta name=\"author\" content=\"Author\" \/>\n<meta name=\"twitter:card\" content=\"summary_large_image\" \/>\n<meta name=\"twitter:label1\" content=\"Verfasst von\" \/>\n\t<meta name=\"twitter:data1\" content=\"Author\" \/>\n\t<meta name=\"twitter:label2\" content=\"Gesch\u00e4tzte Lesezeit\" \/>\n\t<meta name=\"twitter:data2\" content=\"2\u00a0Minuten\" \/>\n<script type=\"application\/ld+json\" class=\"yoast-schema-graph\">{\"@context\":\"https:\/\/schema.org\",\"@graph\":[{\"@type\":\"WebPage\",\"@id\":\"https:\/\/vof-news.eu\/de\/europaische-regierungschefs-verurteilen-angriff-mit-oreschnik-rakete\/\",\"url\":\"https:\/\/vof-news.eu\/de\/europaische-regierungschefs-verurteilen-angriff-mit-oreschnik-rakete\/\",\"name\":\"Europ\u00e4ische Regierungschefs verurteilen Angriff mit Oreschnik-Rakete - vof-news.eu\",\"isPartOf\":{\"@id\":\"https:\/\/vof-news.eu\/de\/#website\"},\"primaryImageOfPage\":{\"@id\":\"https:\/\/vof-news.eu\/de\/europaische-regierungschefs-verurteilen-angriff-mit-oreschnik-rakete\/#primaryimage\"},\"image\":{\"@id\":\"https:\/\/vof-news.eu\/de\/europaische-regierungschefs-verurteilen-angriff-mit-oreschnik-rakete\/#primaryimage\"},\"thumbnailUrl\":\"https:\/\/vof-news.eu\/wp-content\/uploads\/2026\/01\/wide__1000x562-35.jpg\",\"datePublished\":\"2026-01-09T18:29:36+00:00\",\"dateModified\":\"2026-01-09T18:32:01+00:00\",\"author\":{\"@id\":\"https:\/\/vof-news.eu\/de\/#\/schema\/person\/f6a2a4309f0561835797fd8c19b333ed\"},\"description\":\"Russland hat mit dem Einsatz einer Mittelstreckenrakete vom Typ Oreschnik viel Kritik ausgel\u00f6st.\u00a0Die Staats- und Regierungschefs\",\"breadcrumb\":{\"@id\":\"https:\/\/vof-news.eu\/de\/europaische-regierungschefs-verurteilen-angriff-mit-oreschnik-rakete\/#breadcrumb\"},\"inLanguage\":\"de\",\"potentialAction\":[{\"@type\":\"ReadAction\",\"target\":[\"https:\/\/vof-news.eu\/de\/europaische-regierungschefs-verurteilen-angriff-mit-oreschnik-rakete\/\"]}]},{\"@type\":\"ImageObject\",\"inLanguage\":\"de\",\"@id\":\"https:\/\/vof-news.eu\/de\/europaische-regierungschefs-verurteilen-angriff-mit-oreschnik-rakete\/#primaryimage\",\"url\":\"https:\/\/vof-news.eu\/wp-content\/uploads\/2026\/01\/wide__1000x562-35.jpg\",\"contentUrl\":\"https:\/\/vof-news.eu\/wp-content\/uploads\/2026\/01\/wide__1000x562-35.jpg\",\"width\":1000,\"height\":562},{\"@type\":\"BreadcrumbList\",\"@id\":\"https:\/\/vof-news.eu\/de\/europaische-regierungschefs-verurteilen-angriff-mit-oreschnik-rakete\/#breadcrumb\",\"itemListElement\":[{\"@type\":\"ListItem\",\"position\":1,\"name\":\"Home\",\"item\":\"https:\/\/vof-news.eu\/de\/\"},{\"@type\":\"ListItem\",\"position\":2,\"name\":\"Europ\u00e4ische Regierungschefs verurteilen Angriff mit Oreschnik-Rakete\"}]},{\"@type\":\"WebSite\",\"@id\":\"https:\/\/vof-news.eu\/de\/#website\",\"url\":\"https:\/\/vof-news.eu\/de\/\",\"name\":\"vof-news.eu\",\"description\":\"\",\"potentialAction\":[{\"@type\":\"SearchAction\",\"target\":{\"@type\":\"EntryPoint\",\"urlTemplate\":\"https:\/\/vof-news.eu\/de\/?s={search_term_string}\"},\"query-input\":\"required name=search_term_string\"}],\"inLanguage\":\"de\"},{\"@type\":\"Person\",\"@id\":\"https:\/\/vof-news.eu\/de\/#\/schema\/person\/f6a2a4309f0561835797fd8c19b333ed\",\"name\":\"Author\",\"image\":{\"@type\":\"ImageObject\",\"inLanguage\":\"de\",\"@id\":\"https:\/\/vof-news.eu\/de\/#\/schema\/person\/image\/\",\"url\":\"https:\/\/secure.gravatar.com\/avatar\/b67e614b1b25b3e9c0c239efdd2fde5ab015b5affd6f1c3c85911ca4b384e790?s=96&d=mm&r=g\",\"contentUrl\":\"https:\/\/secure.gravatar.com\/avatar\/b67e614b1b25b3e9c0c239efdd2fde5ab015b5affd6f1c3c85911ca4b384e790?s=96&d=mm&r=g\",\"caption\":\"Author\"},\"sameAs\":[\"http:\/\/vof-news.eu\"],\"url\":\"https:\/\/vof-news.eu\/de\/author\/zwt6qxnjulxbnyg\/\"}]}<\/script>\n<!-- \/ Yoast SEO plugin. -->","yoast_head_json":{"title":"Europ\u00e4ische Regierungschefs verurteilen Angriff mit Oreschnik-Rakete - vof-news.eu","description":"Russland hat mit dem Einsatz einer Mittelstreckenrakete vom Typ Oreschnik viel Kritik ausgel\u00f6st.\u00a0Die Staats- und Regierungschefs","robots":{"index":"noindex","follow":"follow","max-snippet":"max-snippet:-1","max-image-preview":"max-image-preview:large","max-video-preview":"max-video-preview:-1"},"og_locale":"de_DE","og_type":"article","og_title":"Europ\u00e4ische Regierungschefs verurteilen Angriff mit Oreschnik-Rakete - vof-news.eu","og_description":"Russland hat mit dem Einsatz einer Mittelstreckenrakete vom Typ Oreschnik viel Kritik ausgel\u00f6st.\u00a0Die Staats- und Regierungschefs","og_url":"https:\/\/vof-news.eu\/de\/europaische-regierungschefs-verurteilen-angriff-mit-oreschnik-rakete\/","og_site_name":"vof-news.eu","article_published_time":"2026-01-09T18:29:36+00:00","article_modified_time":"2026-01-09T18:32:01+00:00","og_image":[{"width":1000,"height":562,"url":"https:\/\/vof-news.eu\/wp-content\/uploads\/2026\/01\/wide__1000x562-35.jpg","type":"image\/jpeg"}],"author":"Author","twitter_card":"summary_large_image","twitter_misc":{"Verfasst von":"Author","Gesch\u00e4tzte Lesezeit":"2\u00a0Minuten"},"schema":{"@context":"https:\/\/schema.org","@graph":[{"@type":"WebPage","@id":"https:\/\/vof-news.eu\/de\/europaische-regierungschefs-verurteilen-angriff-mit-oreschnik-rakete\/","url":"https:\/\/vof-news.eu\/de\/europaische-regierungschefs-verurteilen-angriff-mit-oreschnik-rakete\/","name":"Europ\u00e4ische Regierungschefs verurteilen Angriff mit Oreschnik-Rakete - vof-news.eu","isPartOf":{"@id":"https:\/\/vof-news.eu\/de\/#website"},"primaryImageOfPage":{"@id":"https:\/\/vof-news.eu\/de\/europaische-regierungschefs-verurteilen-angriff-mit-oreschnik-rakete\/#primaryimage"},"image":{"@id":"https:\/\/vof-news.eu\/de\/europaische-regierungschefs-verurteilen-angriff-mit-oreschnik-rakete\/#primaryimage"},"thumbnailUrl":"https:\/\/vof-news.eu\/wp-content\/uploads\/2026\/01\/wide__1000x562-35.jpg","datePublished":"2026-01-09T18:29:36+00:00","dateModified":"2026-01-09T18:32:01+00:00","author":{"@id":"https:\/\/vof-news.eu\/de\/#\/schema\/person\/f6a2a4309f0561835797fd8c19b333ed"},"description":"Russland hat mit dem Einsatz einer Mittelstreckenrakete vom Typ Oreschnik viel Kritik ausgel\u00f6st.\u00a0Die Staats- und Regierungschefs","breadcrumb":{"@id":"https:\/\/vof-news.eu\/de\/europaische-regierungschefs-verurteilen-angriff-mit-oreschnik-rakete\/#breadcrumb"},"inLanguage":"de","potentialAction":[{"@type":"ReadAction","target":["https:\/\/vof-news.eu\/de\/europaische-regierungschefs-verurteilen-angriff-mit-oreschnik-rakete\/"]}]},{"@type":"ImageObject","inLanguage":"de","@id":"https:\/\/vof-news.eu\/de\/europaische-regierungschefs-verurteilen-angriff-mit-oreschnik-rakete\/#primaryimage","url":"https:\/\/vof-news.eu\/wp-content\/uploads\/2026\/01\/wide__1000x562-35.jpg","contentUrl":"https:\/\/vof-news.eu\/wp-content\/uploads\/2026\/01\/wide__1000x562-35.jpg","width":1000,"height":562},{"@type":"BreadcrumbList","@id":"https:\/\/vof-news.eu\/de\/europaische-regierungschefs-verurteilen-angriff-mit-oreschnik-rakete\/#breadcrumb","itemListElement":[{"@type":"ListItem","position":1,"name":"Home","item":"https:\/\/vof-news.eu\/de\/"},{"@type":"ListItem","position":2,"name":"Europ\u00e4ische Regierungschefs verurteilen Angriff mit Oreschnik-Rakete"}]},{"@type":"WebSite","@id":"https:\/\/vof-news.eu\/de\/#website","url":"https:\/\/vof-news.eu\/de\/","name":"vof-news.eu","description":"","potentialAction":[{"@type":"SearchAction","target":{"@type":"EntryPoint","urlTemplate":"https:\/\/vof-news.eu\/de\/?s={search_term_string}"},"query-input":"required name=search_term_string"}],"inLanguage":"de"},{"@type":"Person","@id":"https:\/\/vof-news.eu\/de\/#\/schema\/person\/f6a2a4309f0561835797fd8c19b333ed","name":"Author","image":{"@type":"ImageObject","inLanguage":"de","@id":"https:\/\/vof-news.eu\/de\/#\/schema\/person\/image\/","url":"https:\/\/secure.gravatar.com\/avatar\/b67e614b1b25b3e9c0c239efdd2fde5ab015b5affd6f1c3c85911ca4b384e790?s=96&d=mm&r=g","contentUrl":"https:\/\/secure.gravatar.com\/avatar\/b67e614b1b25b3e9c0c239efdd2fde5ab015b5affd6f1c3c85911ca4b384e790?s=96&d=mm&r=g","caption":"Author"},"sameAs":["http:\/\/vof-news.eu"],"url":"https:\/\/vof-news.eu\/de\/author\/zwt6qxnjulxbnyg\/"}]}},"yoast_meta":{"yoast_wpseo_title":"","yoast_wpseo_metadesc":"","yoast_wpseo_canonical":""},"_links":{"self":[{"href":"https:\/\/vof-news.eu\/de\/wp-json\/wp\/v2\/posts\/315042","targetHints":{"allow":["GET"]}}],"collection":[{"href":"https:\/\/vof-news.eu\/de\/wp-json\/wp\/v2\/posts"}],"about":[{"href":"https:\/\/vof-news.eu\/de\/wp-json\/wp\/v2\/types\/post"}],"author":[{"embeddable":true,"href":"https:\/\/vof-news.eu\/de\/wp-json\/wp\/v2\/users\/1"}],"replies":[{"embeddable":true,"href":"https:\/\/vof-news.eu\/de\/wp-json\/wp\/v2\/comments?post=315042"}],"version-history":[{"count":1,"href":"https:\/\/vof-news.eu\/de\/wp-json\/wp\/v2\/posts\/315042\/revisions"}],"predecessor-version":[{"id":315051,"href":"https:\/\/vof-news.eu\/de\/wp-json\/wp\/v2\/posts\/315042\/revisions\/315051"}],"wp:featuredmedia":[{"embeddable":true,"href":"https:\/\/vof-news.eu\/de\/wp-json\/wp\/v2\/media\/315043"}],"wp:attachment":[{"href":"https:\/\/vof-news.eu\/de\/wp-json\/wp\/v2\/media?parent=315042"}],"wp:term":[{"taxonomy":"category","embeddable":true,"href":"https:\/\/vof-news.eu\/de\/wp-json\/wp\/v2\/categories?post=315042"},{"taxonomy":"post_tag","embeddable":true,"href":"https:\/\/vof-news.eu\/de\/wp-json\/wp\/v2\/tags?post=315042"}],"curies":[{"name":"wp","href":"https:\/\/api.w.org\/{rel}","templated":true}]}}