{"id":314998,"date":"2026-01-09T19:28:16","date_gmt":"2026-01-09T16:28:16","guid":{"rendered":"https:\/\/vof-news.eu\/keir-starmer-spricht-sich-fur-erhohte-nato-prasenz-im-norden-aus\/"},"modified":"2026-01-09T19:30:17","modified_gmt":"2026-01-09T16:30:17","slug":"keir-starmer-spricht-sich-fur-erhohte-nato-prasenz-im-norden-aus","status":"publish","type":"post","link":"https:\/\/vof-news.eu\/de\/keir-starmer-spricht-sich-fur-erhohte-nato-prasenz-im-norden-aus\/","title":{"rendered":"Keir Starmer spricht sich f\u00fcr erh\u00f6hte Nato-Pr\u00e4senz im Norden aus"},"content":{"rendered":"<div>\n<p>Der britische Premierminister Keir Starmer hat sich in einem Telefonat mit Bundeskanzler Friedrich Merz (<span><a href=\"https:\/\/www.zeit.de\/thema\/cdu\" rel=\"nofollow\">CDU<\/a><\/span>) und dem franz\u00f6sischen Pr\u00e4sidenten Emmanuel Macron f\u00fcr eine verst\u00e4rkte Nato-Pr\u00e4senz im hohen Norden ausgesprochen. Das B\u00fcndnis m\u00fcsse in der Region st\u00e4rker auftreten, um Gegner wie Russland abzuschrecken, sagte Starmer einer Regierungssprecherin zufolge.\n<\/p>\n<p>Das Telefonat der Staats- und Regierungschefs der sogenannten E3-Staaten folgte auf \u00c4u\u00dferungen der US-Regierung, das zum K\u00f6nigreich D\u00e4nemark geh\u00f6rende <a href=\"https:\/\/www.zeit.de\/politik\/ausland\/2026-01\/martti-koskenniemi-voelkerrecht-donald-trump-nato-eu-groenland\" rel=\"nofollow\">Gr\u00f6nland \u00fcbernehmen zu wollen<\/a>.\u00a0US-Pr\u00e4sident Donald Trump \u00e4u\u00dfert seit Langem <a href=\"https:\/\/www.zeit.de\/politik\/2026-01\/us-aussenpolitik-einfluss-venezuela-kuba-was-jetzt-videopodcast\" rel=\"nofollow\">Besitzanspr\u00fcche auf Gr\u00f6nland<\/a>,<br \/>\n das Teil des d\u00e4nischen K\u00f6nigreichs ist.\u00a0\n<\/p>\n<h2>Wadephul trifft Rubio in Washington<\/h2>\n<p>Auch bei einem Treffen zwischen Au\u00dfenminister <span><a href=\"https:\/\/www.zeit.de\/thema\/johann-wadephul\" rel=\"nofollow\">Johann Wadephul<\/a><\/span> (CDU) und seinem US-Amtskollegen Marco Rubio am Montag in Washington, D. C. d\u00fcrfte <a href=\"https:\/\/www.zeit.de\/politik\/ausland\/2026-01\/groenland-geopolitik-usa-daenemark-strategische-bedeutung-karte\" rel=\"nofollow\">Gr\u00f6nland ein Thema sein<\/a>. Das Ausw\u00e4rtige Amt nannte nur wenig Details zum Inhalt des Gespr\u00e4chs. Es solle um die bilateralen Beziehungen, die weitere Unterst\u00fctzung der Ukraine sowie die transatlantische Sicherheits- und Verteidigungspolitik gehen.\n<\/p>\n<p>Wadephul bricht laut seiner Sprecherin am Sonntagnachmittag in die <span><a href=\"https:\/\/www.zeit.de\/thema\/usa\" rel=\"nofollow\">USA<\/a><\/span> auf und wird am Sonntagabend einen Zwischenstopp in der isl\u00e4ndischen Hauptstadt Reykjavik einlegen. Dort trifft er seine Amtskollegin Thorgerdur Katr\u00edn Gunnarsd\u00f3ttir. Der Au\u00dfenminister war bereits Anfang Dezember in Berlin mit Gunnarsd\u00f3ttir zusammengekommen.\u00a0\n<\/p>\n<p>Die Reise sei ein starkes Zeichen der engen bilateralen Beziehungen zu den USA, aber auch f\u00fcr die Bedeutung der europ\u00e4ischen Nato-Partner, sagte die Sprecherin.\u00a0Zwischen Island und den USA liegt die Insel<br \/>\n<span><a href=\"https:\/\/www.zeit.de\/thema\/groenland\" rel=\"nofollow\">Gr\u00f6nland<\/a><\/span>.\n<\/p>\n<h2>Gr\u00f6nland ist reich an Bodensch\u00e4tzen<\/h2>\n<p>Zuletzt versch\u00e4rfte das US-Pr\u00e4sidialamt <a href=\"https:\/\/www.zeit.de\/politik\/2026-01\/us-aussenpolitik-einfluss-venezuela-kuba-was-jetzt-videopodcast\" rel=\"nofollow\">seine<br \/>\nDrohungen<\/a> gegen Gr\u00f6nland. Es gab eine<br \/>\noffizielle Stellungnahme heraus, in der es hie\u00df, die Insel sei &#8222;eine<br \/>\nPriorit\u00e4t f\u00fcr die nationale Sicherheit&#8220;. Zudem weigerte sich die<br \/>\nTrump-Regierung, den Einsatz milit\u00e4rischer Gewalt auszuschlie\u00dfen.\u00a0\n<\/p>\n<p>F\u00fcr kommende Woche hatte <span><a href=\"https:\/\/www.zeit.de\/thema\/marco-rubio\" rel=\"nofollow\">Rubio<\/a><\/span> ein offizielles Treffen mit seinem d\u00e4nischen Amtskollegen in Washington, D. C. angek\u00fcndigt. Bereits diese Woche Donnerstag soll ein <a href=\"https:\/\/www.zeit.de\/politik\/ausland\/2026-01\/groenland-usa-weisses-haus-daenemark-gxe\" rel=\"nofollow\">Treffen zwischen Trump-Beratern und dem Gr\u00f6nland-Gesandten in der US-Hauptstadt stattgefunden haben<\/a>. Die US-Regierung best\u00e4tigte entsprechende Berichte nicht.\n<\/p>\n<p>Auf der arktischen Insel, die sechsmal so gro\u00df wie<br \/>\nDeutschland ist, leben nur knapp 60.000 Menschen. Sie ist reich<br \/>\n an seltenen Bodensch\u00e4tzen. D\u00e4nemark und die F\u00fchrung mehrerer<br \/>\nNato-Staaten um Deutschland hatten zuletzt ihre Position verdeutlicht, Gr\u00f6nland stehe nicht zum Verkauf und geh\u00f6re den Gr\u00f6nl\u00e4ndern und D\u00e4nen. Durch die Anbindung an das K\u00f6nigreich D\u00e4nemark ist Gr\u00f6nland Teil<br \/>\n der Nato.\n<\/p>\n<\/div>\n","protected":false},"excerpt":{"rendered":"<p>Der britische Premierminister Keir Starmer hat sich in einem Telefonat mit Bundeskanzler Friedrich Merz (CDU) und dem franz\u00f6sischen Pr\u00e4sidenten Emmanuel Macron f\u00fcr eine verst\u00e4rkte Nato-Pr\u00e4senz im hohen Norden ausgesprochen. Das B\u00fcndnis m\u00fcsse in der Region st\u00e4rker auftreten, um Gegner wie Russland abzuschrecken, sagte Starmer einer Regierungssprecherin zufolge. Das Telefonat der Staats- und Regierungschefs der sogenannten<\/p>\n","protected":false},"author":1,"featured_media":314999,"comment_status":"open","ping_status":"open","sticky":false,"template":"","format":"standard","meta":{"footnotes":""},"categories":[116],"tags":[],"class_list":["post-314998","post","type-post","status-publish","format-standard","has-post-thumbnail","hentry","category-war-chronicles-de"],"acf":[],"yoast_head":"<!-- This site is optimized with the Yoast SEO plugin v22.9 - https:\/\/yoast.com\/wordpress\/plugins\/seo\/ -->\n<title>Keir Starmer spricht sich f\u00fcr erh\u00f6hte Nato-Pr\u00e4senz im Norden aus - vof-news.eu<\/title>\n<meta name=\"description\" content=\"Der britische Premierminister Keir Starmer hat sich in einem Telefonat mit Bundeskanzler Friedrich Merz (CDU) und dem franz\u00f6sischen Pr\u00e4sidenten Emmanuel Macron f\u00fcr eine verst\u00e4rkte Nato-Pr\u00e4senz im hohen Norden ausgesprochen. Das B\u00fcndnis m\u00fcsse in der Region st\u00e4rker auftreten, um Gegner wie Russland abzuschrecken, sagte Starmer einer Regierungssprecherin zufolge.\" \/>\n<meta name=\"robots\" content=\"noindex, follow, max-snippet:-1, max-image-preview:large, max-video-preview:-1\" \/>\n<meta property=\"og:locale\" content=\"de_DE\" \/>\n<meta property=\"og:type\" content=\"article\" \/>\n<meta property=\"og:title\" content=\"Keir Starmer spricht sich f\u00fcr erh\u00f6hte Nato-Pr\u00e4senz im Norden aus - vof-news.eu\" \/>\n<meta property=\"og:description\" content=\"Der britische Premierminister Keir Starmer hat sich in einem Telefonat mit Bundeskanzler Friedrich Merz (CDU) und dem franz\u00f6sischen Pr\u00e4sidenten Emmanuel Macron f\u00fcr eine verst\u00e4rkte Nato-Pr\u00e4senz im hohen Norden ausgesprochen. Das B\u00fcndnis m\u00fcsse in der Region st\u00e4rker auftreten, um Gegner wie Russland abzuschrecken, sagte Starmer einer Regierungssprecherin zufolge.\" \/>\n<meta property=\"og:url\" content=\"https:\/\/vof-news.eu\/de\/keir-starmer-spricht-sich-fur-erhohte-nato-prasenz-im-norden-aus\/\" \/>\n<meta property=\"og:site_name\" content=\"vof-news.eu\" \/>\n<meta property=\"article:published_time\" content=\"2026-01-09T16:28:16+00:00\" \/>\n<meta property=\"article:modified_time\" content=\"2026-01-09T16:30:17+00:00\" \/>\n<meta property=\"og:image\" content=\"https:\/\/vof-news.eu\/wp-content\/uploads\/2026\/01\/wide__1000x562-34.jpg\" \/>\n\t<meta property=\"og:image:width\" content=\"1000\" \/>\n\t<meta property=\"og:image:height\" content=\"562\" \/>\n\t<meta property=\"og:image:type\" content=\"image\/jpeg\" \/>\n<meta name=\"author\" content=\"Author\" \/>\n<meta name=\"twitter:card\" content=\"summary_large_image\" \/>\n<meta name=\"twitter:label1\" content=\"Verfasst von\" \/>\n\t<meta name=\"twitter:data1\" content=\"Author\" \/>\n\t<meta name=\"twitter:label2\" content=\"Gesch\u00e4tzte Lesezeit\" \/>\n\t<meta name=\"twitter:data2\" content=\"2\u00a0Minuten\" \/>\n<script type=\"application\/ld+json\" class=\"yoast-schema-graph\">{\"@context\":\"https:\/\/schema.org\",\"@graph\":[{\"@type\":\"WebPage\",\"@id\":\"https:\/\/vof-news.eu\/de\/keir-starmer-spricht-sich-fur-erhohte-nato-prasenz-im-norden-aus\/\",\"url\":\"https:\/\/vof-news.eu\/de\/keir-starmer-spricht-sich-fur-erhohte-nato-prasenz-im-norden-aus\/\",\"name\":\"Keir Starmer spricht sich f\u00fcr erh\u00f6hte Nato-Pr\u00e4senz im Norden aus - vof-news.eu\",\"isPartOf\":{\"@id\":\"https:\/\/vof-news.eu\/de\/#website\"},\"primaryImageOfPage\":{\"@id\":\"https:\/\/vof-news.eu\/de\/keir-starmer-spricht-sich-fur-erhohte-nato-prasenz-im-norden-aus\/#primaryimage\"},\"image\":{\"@id\":\"https:\/\/vof-news.eu\/de\/keir-starmer-spricht-sich-fur-erhohte-nato-prasenz-im-norden-aus\/#primaryimage\"},\"thumbnailUrl\":\"https:\/\/vof-news.eu\/wp-content\/uploads\/2026\/01\/wide__1000x562-34.jpg\",\"datePublished\":\"2026-01-09T16:28:16+00:00\",\"dateModified\":\"2026-01-09T16:30:17+00:00\",\"author\":{\"@id\":\"https:\/\/vof-news.eu\/de\/#\/schema\/person\/f6a2a4309f0561835797fd8c19b333ed\"},\"description\":\"Der britische Premierminister Keir Starmer hat sich in einem Telefonat mit Bundeskanzler Friedrich Merz (CDU) und dem franz\u00f6sischen Pr\u00e4sidenten Emmanuel Macron f\u00fcr eine verst\u00e4rkte Nato-Pr\u00e4senz im hohen Norden ausgesprochen. Das B\u00fcndnis m\u00fcsse in der Region st\u00e4rker auftreten, um Gegner wie Russland abzuschrecken, sagte Starmer einer Regierungssprecherin zufolge.\",\"breadcrumb\":{\"@id\":\"https:\/\/vof-news.eu\/de\/keir-starmer-spricht-sich-fur-erhohte-nato-prasenz-im-norden-aus\/#breadcrumb\"},\"inLanguage\":\"de\",\"potentialAction\":[{\"@type\":\"ReadAction\",\"target\":[\"https:\/\/vof-news.eu\/de\/keir-starmer-spricht-sich-fur-erhohte-nato-prasenz-im-norden-aus\/\"]}]},{\"@type\":\"ImageObject\",\"inLanguage\":\"de\",\"@id\":\"https:\/\/vof-news.eu\/de\/keir-starmer-spricht-sich-fur-erhohte-nato-prasenz-im-norden-aus\/#primaryimage\",\"url\":\"https:\/\/vof-news.eu\/wp-content\/uploads\/2026\/01\/wide__1000x562-34.jpg\",\"contentUrl\":\"https:\/\/vof-news.eu\/wp-content\/uploads\/2026\/01\/wide__1000x562-34.jpg\",\"width\":1000,\"height\":562},{\"@type\":\"BreadcrumbList\",\"@id\":\"https:\/\/vof-news.eu\/de\/keir-starmer-spricht-sich-fur-erhohte-nato-prasenz-im-norden-aus\/#breadcrumb\",\"itemListElement\":[{\"@type\":\"ListItem\",\"position\":1,\"name\":\"Home\",\"item\":\"https:\/\/vof-news.eu\/de\/\"},{\"@type\":\"ListItem\",\"position\":2,\"name\":\"Keir Starmer spricht sich f\u00fcr erh\u00f6hte Nato-Pr\u00e4senz im Norden aus\"}]},{\"@type\":\"WebSite\",\"@id\":\"https:\/\/vof-news.eu\/de\/#website\",\"url\":\"https:\/\/vof-news.eu\/de\/\",\"name\":\"vof-news.eu\",\"description\":\"\",\"potentialAction\":[{\"@type\":\"SearchAction\",\"target\":{\"@type\":\"EntryPoint\",\"urlTemplate\":\"https:\/\/vof-news.eu\/de\/?s={search_term_string}\"},\"query-input\":\"required name=search_term_string\"}],\"inLanguage\":\"de\"},{\"@type\":\"Person\",\"@id\":\"https:\/\/vof-news.eu\/de\/#\/schema\/person\/f6a2a4309f0561835797fd8c19b333ed\",\"name\":\"Author\",\"image\":{\"@type\":\"ImageObject\",\"inLanguage\":\"de\",\"@id\":\"https:\/\/vof-news.eu\/de\/#\/schema\/person\/image\/\",\"url\":\"https:\/\/secure.gravatar.com\/avatar\/b67e614b1b25b3e9c0c239efdd2fde5ab015b5affd6f1c3c85911ca4b384e790?s=96&d=mm&r=g\",\"contentUrl\":\"https:\/\/secure.gravatar.com\/avatar\/b67e614b1b25b3e9c0c239efdd2fde5ab015b5affd6f1c3c85911ca4b384e790?s=96&d=mm&r=g\",\"caption\":\"Author\"},\"sameAs\":[\"http:\/\/vof-news.eu\"],\"url\":\"https:\/\/vof-news.eu\/de\/author\/zwt6qxnjulxbnyg\/\"}]}<\/script>\n<!-- \/ Yoast SEO plugin. -->","yoast_head_json":{"title":"Keir Starmer spricht sich f\u00fcr erh\u00f6hte Nato-Pr\u00e4senz im Norden aus - vof-news.eu","description":"Der britische Premierminister Keir Starmer hat sich in einem Telefonat mit Bundeskanzler Friedrich Merz (CDU) und dem franz\u00f6sischen Pr\u00e4sidenten Emmanuel Macron f\u00fcr eine verst\u00e4rkte Nato-Pr\u00e4senz im hohen Norden ausgesprochen. Das B\u00fcndnis m\u00fcsse in der Region st\u00e4rker auftreten, um Gegner wie Russland abzuschrecken, sagte Starmer einer Regierungssprecherin zufolge.","robots":{"index":"noindex","follow":"follow","max-snippet":"max-snippet:-1","max-image-preview":"max-image-preview:large","max-video-preview":"max-video-preview:-1"},"og_locale":"de_DE","og_type":"article","og_title":"Keir Starmer spricht sich f\u00fcr erh\u00f6hte Nato-Pr\u00e4senz im Norden aus - vof-news.eu","og_description":"Der britische Premierminister Keir Starmer hat sich in einem Telefonat mit Bundeskanzler Friedrich Merz (CDU) und dem franz\u00f6sischen Pr\u00e4sidenten Emmanuel Macron f\u00fcr eine verst\u00e4rkte Nato-Pr\u00e4senz im hohen Norden ausgesprochen. Das B\u00fcndnis m\u00fcsse in der Region st\u00e4rker auftreten, um Gegner wie Russland abzuschrecken, sagte Starmer einer Regierungssprecherin zufolge.","og_url":"https:\/\/vof-news.eu\/de\/keir-starmer-spricht-sich-fur-erhohte-nato-prasenz-im-norden-aus\/","og_site_name":"vof-news.eu","article_published_time":"2026-01-09T16:28:16+00:00","article_modified_time":"2026-01-09T16:30:17+00:00","og_image":[{"width":1000,"height":562,"url":"https:\/\/vof-news.eu\/wp-content\/uploads\/2026\/01\/wide__1000x562-34.jpg","type":"image\/jpeg"}],"author":"Author","twitter_card":"summary_large_image","twitter_misc":{"Verfasst von":"Author","Gesch\u00e4tzte Lesezeit":"2\u00a0Minuten"},"schema":{"@context":"https:\/\/schema.org","@graph":[{"@type":"WebPage","@id":"https:\/\/vof-news.eu\/de\/keir-starmer-spricht-sich-fur-erhohte-nato-prasenz-im-norden-aus\/","url":"https:\/\/vof-news.eu\/de\/keir-starmer-spricht-sich-fur-erhohte-nato-prasenz-im-norden-aus\/","name":"Keir Starmer spricht sich f\u00fcr erh\u00f6hte Nato-Pr\u00e4senz im Norden aus - vof-news.eu","isPartOf":{"@id":"https:\/\/vof-news.eu\/de\/#website"},"primaryImageOfPage":{"@id":"https:\/\/vof-news.eu\/de\/keir-starmer-spricht-sich-fur-erhohte-nato-prasenz-im-norden-aus\/#primaryimage"},"image":{"@id":"https:\/\/vof-news.eu\/de\/keir-starmer-spricht-sich-fur-erhohte-nato-prasenz-im-norden-aus\/#primaryimage"},"thumbnailUrl":"https:\/\/vof-news.eu\/wp-content\/uploads\/2026\/01\/wide__1000x562-34.jpg","datePublished":"2026-01-09T16:28:16+00:00","dateModified":"2026-01-09T16:30:17+00:00","author":{"@id":"https:\/\/vof-news.eu\/de\/#\/schema\/person\/f6a2a4309f0561835797fd8c19b333ed"},"description":"Der britische Premierminister Keir Starmer hat sich in einem Telefonat mit Bundeskanzler Friedrich Merz (CDU) und dem franz\u00f6sischen Pr\u00e4sidenten Emmanuel Macron f\u00fcr eine verst\u00e4rkte Nato-Pr\u00e4senz im hohen Norden ausgesprochen. Das B\u00fcndnis m\u00fcsse in der Region st\u00e4rker auftreten, um Gegner wie Russland abzuschrecken, sagte Starmer einer Regierungssprecherin zufolge.","breadcrumb":{"@id":"https:\/\/vof-news.eu\/de\/keir-starmer-spricht-sich-fur-erhohte-nato-prasenz-im-norden-aus\/#breadcrumb"},"inLanguage":"de","potentialAction":[{"@type":"ReadAction","target":["https:\/\/vof-news.eu\/de\/keir-starmer-spricht-sich-fur-erhohte-nato-prasenz-im-norden-aus\/"]}]},{"@type":"ImageObject","inLanguage":"de","@id":"https:\/\/vof-news.eu\/de\/keir-starmer-spricht-sich-fur-erhohte-nato-prasenz-im-norden-aus\/#primaryimage","url":"https:\/\/vof-news.eu\/wp-content\/uploads\/2026\/01\/wide__1000x562-34.jpg","contentUrl":"https:\/\/vof-news.eu\/wp-content\/uploads\/2026\/01\/wide__1000x562-34.jpg","width":1000,"height":562},{"@type":"BreadcrumbList","@id":"https:\/\/vof-news.eu\/de\/keir-starmer-spricht-sich-fur-erhohte-nato-prasenz-im-norden-aus\/#breadcrumb","itemListElement":[{"@type":"ListItem","position":1,"name":"Home","item":"https:\/\/vof-news.eu\/de\/"},{"@type":"ListItem","position":2,"name":"Keir Starmer spricht sich f\u00fcr erh\u00f6hte Nato-Pr\u00e4senz im Norden aus"}]},{"@type":"WebSite","@id":"https:\/\/vof-news.eu\/de\/#website","url":"https:\/\/vof-news.eu\/de\/","name":"vof-news.eu","description":"","potentialAction":[{"@type":"SearchAction","target":{"@type":"EntryPoint","urlTemplate":"https:\/\/vof-news.eu\/de\/?s={search_term_string}"},"query-input":"required name=search_term_string"}],"inLanguage":"de"},{"@type":"Person","@id":"https:\/\/vof-news.eu\/de\/#\/schema\/person\/f6a2a4309f0561835797fd8c19b333ed","name":"Author","image":{"@type":"ImageObject","inLanguage":"de","@id":"https:\/\/vof-news.eu\/de\/#\/schema\/person\/image\/","url":"https:\/\/secure.gravatar.com\/avatar\/b67e614b1b25b3e9c0c239efdd2fde5ab015b5affd6f1c3c85911ca4b384e790?s=96&d=mm&r=g","contentUrl":"https:\/\/secure.gravatar.com\/avatar\/b67e614b1b25b3e9c0c239efdd2fde5ab015b5affd6f1c3c85911ca4b384e790?s=96&d=mm&r=g","caption":"Author"},"sameAs":["http:\/\/vof-news.eu"],"url":"https:\/\/vof-news.eu\/de\/author\/zwt6qxnjulxbnyg\/"}]}},"yoast_meta":{"yoast_wpseo_title":"","yoast_wpseo_metadesc":"","yoast_wpseo_canonical":""},"_links":{"self":[{"href":"https:\/\/vof-news.eu\/de\/wp-json\/wp\/v2\/posts\/314998","targetHints":{"allow":["GET"]}}],"collection":[{"href":"https:\/\/vof-news.eu\/de\/wp-json\/wp\/v2\/posts"}],"about":[{"href":"https:\/\/vof-news.eu\/de\/wp-json\/wp\/v2\/types\/post"}],"author":[{"embeddable":true,"href":"https:\/\/vof-news.eu\/de\/wp-json\/wp\/v2\/users\/1"}],"replies":[{"embeddable":true,"href":"https:\/\/vof-news.eu\/de\/wp-json\/wp\/v2\/comments?post=314998"}],"version-history":[{"count":1,"href":"https:\/\/vof-news.eu\/de\/wp-json\/wp\/v2\/posts\/314998\/revisions"}],"predecessor-version":[{"id":315006,"href":"https:\/\/vof-news.eu\/de\/wp-json\/wp\/v2\/posts\/314998\/revisions\/315006"}],"wp:featuredmedia":[{"embeddable":true,"href":"https:\/\/vof-news.eu\/de\/wp-json\/wp\/v2\/media\/314999"}],"wp:attachment":[{"href":"https:\/\/vof-news.eu\/de\/wp-json\/wp\/v2\/media?parent=314998"}],"wp:term":[{"taxonomy":"category","embeddable":true,"href":"https:\/\/vof-news.eu\/de\/wp-json\/wp\/v2\/categories?post=314998"},{"taxonomy":"post_tag","embeddable":true,"href":"https:\/\/vof-news.eu\/de\/wp-json\/wp\/v2\/tags?post=314998"}],"curies":[{"name":"wp","href":"https:\/\/api.w.org\/{rel}","templated":true}]}}