{"id":314883,"date":"2026-01-09T13:28:39","date_gmt":"2026-01-09T10:28:39","guid":{"rendered":"https:\/\/vof-news.eu\/russland-soll-erneut-oreschnik-mittelstreckenrakete-eingesetzt-haben\/"},"modified":"2026-01-09T13:30:37","modified_gmt":"2026-01-09T10:30:37","slug":"russland-soll-erneut-oreschnik-mittelstreckenrakete-eingesetzt-haben","status":"publish","type":"post","link":"https:\/\/vof-news.eu\/de\/russland-soll-erneut-oreschnik-mittelstreckenrakete-eingesetzt-haben\/","title":{"rendered":"Russland soll erneut Oreschnik-Mittelstreckenrakete eingesetzt haben"},"content":{"rendered":"<div>\n<p>Russland hat nach eigenen Angaben erneut seine\u00a0<a href=\"https:\/\/www.zeit.de\/politik\/ausland\/2024-11\/wladimir-putin-oreschnik-rakete-mittelstreckenrakete-europa\" rel=\"nofollow\">Mittelstreckenrakete\u00a0Oreschnik<\/a> auf ein Ziel in der <span><a href=\"https:\/\/www.zeit.de\/politik\/ausland\/ukraine-krieg-news-liveblog\" rel=\"nofollow\">Ukraine<\/a><\/span> abgefeuert. Das Verteidigungsministerium teilte mit, \u200dder Angriff habe kritischer Infrastruktur in \u200bder Ukraine gegolten.\u00a0\n<\/p>\n<p>Die ukrainische Luftwaffe best\u00e4tigte \u200cden Einsatz der Rakete, die vom Testgel\u00e4nde Kapustin Jar nahe dem Kaspischen Meer gestartet \u2060worden sei. Der Gouverneur der westukrainischen \u200bRegion Lwiw hatte zuvor gesagt, ein russischer Angriff habe ein Infrastrukturziel getroffen. Unbest\u00e4tigten Berichten in sozialen Medien zufolge \u2060handelte es sich dabei um einen gro\u00dfen unterirdischen Gasspeicher.\n<\/p>\n<h2>Russland spricht von Vergeltung<\/h2>\n<p><span><a href=\"https:\/\/www.zeit.de\/thema\/russland\" rel=\"nofollow\">Russland<\/a><\/span> bezeichnete den Einsatz der Rakete als Vergeltungsaktion f\u00fcr die angebliche Attacke auf die Residenz von Wladimir Putin im Dezember. Das russische Pr\u00e4sidialamt hatte damals von einem <a href=\"https:\/\/www.zeit.de\/politik\/ausland\/2025-12\/drohnenangriff-wladimir-putin-residenz-russland-ukraine-sergej-lawrow\" rel=\"nofollow\">versuchten Terroranschlag gesprochen<\/a>.\n<\/p>\n<p>Die Ukraine wies die Vorw\u00fcrfe als &#8222;L\u00fcge&#8220; zur\u00fcck, mit der die russische Regierung einen Vorwand schaffen wolle, um die Gespr\u00e4che \u00fcber eine Friedensl\u00f6sung zu torpedieren. Der ukrainische Pr\u00e4sident Wolodymyr Selenskyj warnte davor, dass Russland mit den Anschuldigungen neue Angriffe auf Regierungsgeb\u00e4ude in Kyjiw rechtfertigen wolle.\n<\/p>\n<p>Auch Experten bezweifeln die Glaubw\u00fcrdigkeit der von Russland vorgelegten Informationen. So wies etwa das Institute for the Study of War (ISW) auf zahlreiche Ungereimtheiten und widerspr\u00fcchliche Details hin. Auch eine <a href=\"https:\/\/www.zeit.de\/politik\/ausland\/2026-01\/ukraine-cia-kein-gezielter-angriff-auf-putin-residenz-gxe\" rel=\"nofollow\">Analyse des US-Geheimdienstes CIA<\/a> geht davon aus, dass der Drohnenangriff der Ukraine nicht den russischen Pr\u00e4sidenten <span><a href=\"https:\/\/www.zeit.de\/thema\/wladimir-putin\" rel=\"nofollow\">Wladimir Putin<\/a><\/span> oder dessen Residenz zum Ziel hatte.\n<\/p>\n<h2>Erster Angriff mit Interkontinentalrakete<\/h2>\n<p>Bei der sogenannten Oreschnik-Rakete handelt es sich um eine Mittelstreckenrakete mit einer\u00a0Reichweite zwischen 5.000 und 6.000 Kilometern.\u00a0Experten gehen davon aus, dass die Rakete auch nuklear best\u00fcckt werden kann.\n<\/p>\n<p>Es ist das zweite Mal, dass Russland die Oreschnik eingesetzt hat. <a href=\"https:\/\/www.zeit.de\/politik\/ausland\/2024-11\/ukraine-krieg-russland-interkontinentalrakete-angriff\" rel=\"nofollow\">Sie war erstmals im November 2024 auf die s\u00fcdukrainische Gro\u00dfstadt Dnipro abgefeuert worden<\/a>. Die sechs Gefechtsk\u00f6pfe\u00a0enthielten damals nach ukrainischen Angaben keinen Sprengstoff.\u00a0Wladimir Putin sprach von einem Test und drohte an, dass weitere folgen sollten.\u00a0\n<\/p>\n<\/div>\n","protected":false},"excerpt":{"rendered":"<p>Russland hat nach eigenen Angaben erneut seine\u00a0Mittelstreckenrakete\u00a0Oreschnik auf ein Ziel in der Ukraine abgefeuert. Das Verteidigungsministerium teilte mit, \u200dder Angriff habe kritischer Infrastruktur in \u200bder Ukraine gegolten.\u00a0 Die ukrainische Luftwaffe best\u00e4tigte \u200cden Einsatz der Rakete, die vom Testgel\u00e4nde Kapustin Jar nahe dem Kaspischen Meer gestartet \u2060worden sei. Der Gouverneur der westukrainischen \u200bRegion Lwiw hatte zuvor<\/p>\n","protected":false},"author":1,"featured_media":314887,"comment_status":"open","ping_status":"open","sticky":false,"template":"","format":"standard","meta":{"footnotes":""},"categories":[116],"tags":[],"class_list":["post-314883","post","type-post","status-publish","format-standard","has-post-thumbnail","hentry","category-war-chronicles-de"],"acf":[],"yoast_head":"<!-- This site is optimized with the Yoast SEO plugin v22.9 - https:\/\/yoast.com\/wordpress\/plugins\/seo\/ -->\n<title>Russland soll erneut Oreschnik-Mittelstreckenrakete eingesetzt haben - vof-news.eu<\/title>\n<meta name=\"description\" content=\"Russland hat nach eigenen Angaben erneut seine\u00a0Mittelstreckenrakete\u00a0Oreschnik auf ein Ziel in der Ukraine abgefeuert. Das Verteidigungsministerium teilte mit, \u200dder Angriff habe kritischer Infrastruktur in \u200bder Ukraine gegolten.\u00a0\" \/>\n<meta name=\"robots\" content=\"noindex, follow, max-snippet:-1, max-image-preview:large, max-video-preview:-1\" \/>\n<meta property=\"og:locale\" content=\"de_DE\" \/>\n<meta property=\"og:type\" content=\"article\" \/>\n<meta property=\"og:title\" content=\"Russland soll erneut Oreschnik-Mittelstreckenrakete eingesetzt haben - vof-news.eu\" \/>\n<meta property=\"og:description\" content=\"Russland hat nach eigenen Angaben erneut seine\u00a0Mittelstreckenrakete\u00a0Oreschnik auf ein Ziel in der Ukraine abgefeuert. Das Verteidigungsministerium teilte mit, \u200dder Angriff habe kritischer Infrastruktur in \u200bder Ukraine gegolten.\u00a0\" \/>\n<meta property=\"og:url\" content=\"https:\/\/vof-news.eu\/de\/russland-soll-erneut-oreschnik-mittelstreckenrakete-eingesetzt-haben\/\" \/>\n<meta property=\"og:site_name\" content=\"vof-news.eu\" \/>\n<meta property=\"article:published_time\" content=\"2026-01-09T10:28:39+00:00\" \/>\n<meta property=\"article:modified_time\" content=\"2026-01-09T10:30:37+00:00\" \/>\n<meta property=\"og:image\" content=\"https:\/\/vof-news.eu\/wp-content\/uploads\/2026\/01\/wide__1000x562-33.jpg\" \/>\n\t<meta property=\"og:image:width\" content=\"1000\" \/>\n\t<meta property=\"og:image:height\" content=\"562\" \/>\n\t<meta property=\"og:image:type\" content=\"image\/jpeg\" \/>\n<meta name=\"author\" content=\"Author\" \/>\n<meta name=\"twitter:card\" content=\"summary_large_image\" \/>\n<meta name=\"twitter:label1\" content=\"Verfasst von\" \/>\n\t<meta name=\"twitter:data1\" content=\"Author\" \/>\n\t<meta name=\"twitter:label2\" content=\"Gesch\u00e4tzte Lesezeit\" \/>\n\t<meta name=\"twitter:data2\" content=\"2\u00a0Minuten\" \/>\n<script type=\"application\/ld+json\" class=\"yoast-schema-graph\">{\"@context\":\"https:\/\/schema.org\",\"@graph\":[{\"@type\":\"WebPage\",\"@id\":\"https:\/\/vof-news.eu\/de\/russland-soll-erneut-oreschnik-mittelstreckenrakete-eingesetzt-haben\/\",\"url\":\"https:\/\/vof-news.eu\/de\/russland-soll-erneut-oreschnik-mittelstreckenrakete-eingesetzt-haben\/\",\"name\":\"Russland soll erneut Oreschnik-Mittelstreckenrakete eingesetzt haben - vof-news.eu\",\"isPartOf\":{\"@id\":\"https:\/\/vof-news.eu\/de\/#website\"},\"primaryImageOfPage\":{\"@id\":\"https:\/\/vof-news.eu\/de\/russland-soll-erneut-oreschnik-mittelstreckenrakete-eingesetzt-haben\/#primaryimage\"},\"image\":{\"@id\":\"https:\/\/vof-news.eu\/de\/russland-soll-erneut-oreschnik-mittelstreckenrakete-eingesetzt-haben\/#primaryimage\"},\"thumbnailUrl\":\"https:\/\/vof-news.eu\/wp-content\/uploads\/2026\/01\/wide__1000x562-33.jpg\",\"datePublished\":\"2026-01-09T10:28:39+00:00\",\"dateModified\":\"2026-01-09T10:30:37+00:00\",\"author\":{\"@id\":\"https:\/\/vof-news.eu\/de\/#\/schema\/person\/f6a2a4309f0561835797fd8c19b333ed\"},\"description\":\"Russland hat nach eigenen Angaben erneut seine\u00a0Mittelstreckenrakete\u00a0Oreschnik auf ein Ziel in der Ukraine abgefeuert. Das Verteidigungsministerium teilte mit, \u200dder Angriff habe kritischer Infrastruktur in \u200bder Ukraine gegolten.\u00a0\",\"breadcrumb\":{\"@id\":\"https:\/\/vof-news.eu\/de\/russland-soll-erneut-oreschnik-mittelstreckenrakete-eingesetzt-haben\/#breadcrumb\"},\"inLanguage\":\"de\",\"potentialAction\":[{\"@type\":\"ReadAction\",\"target\":[\"https:\/\/vof-news.eu\/de\/russland-soll-erneut-oreschnik-mittelstreckenrakete-eingesetzt-haben\/\"]}]},{\"@type\":\"ImageObject\",\"inLanguage\":\"de\",\"@id\":\"https:\/\/vof-news.eu\/de\/russland-soll-erneut-oreschnik-mittelstreckenrakete-eingesetzt-haben\/#primaryimage\",\"url\":\"https:\/\/vof-news.eu\/wp-content\/uploads\/2026\/01\/wide__1000x562-33.jpg\",\"contentUrl\":\"https:\/\/vof-news.eu\/wp-content\/uploads\/2026\/01\/wide__1000x562-33.jpg\",\"width\":1000,\"height\":562},{\"@type\":\"BreadcrumbList\",\"@id\":\"https:\/\/vof-news.eu\/de\/russland-soll-erneut-oreschnik-mittelstreckenrakete-eingesetzt-haben\/#breadcrumb\",\"itemListElement\":[{\"@type\":\"ListItem\",\"position\":1,\"name\":\"Home\",\"item\":\"https:\/\/vof-news.eu\/de\/\"},{\"@type\":\"ListItem\",\"position\":2,\"name\":\"Russland soll erneut Oreschnik-Mittelstreckenrakete eingesetzt haben\"}]},{\"@type\":\"WebSite\",\"@id\":\"https:\/\/vof-news.eu\/de\/#website\",\"url\":\"https:\/\/vof-news.eu\/de\/\",\"name\":\"vof-news.eu\",\"description\":\"\",\"potentialAction\":[{\"@type\":\"SearchAction\",\"target\":{\"@type\":\"EntryPoint\",\"urlTemplate\":\"https:\/\/vof-news.eu\/de\/?s={search_term_string}\"},\"query-input\":\"required name=search_term_string\"}],\"inLanguage\":\"de\"},{\"@type\":\"Person\",\"@id\":\"https:\/\/vof-news.eu\/de\/#\/schema\/person\/f6a2a4309f0561835797fd8c19b333ed\",\"name\":\"Author\",\"image\":{\"@type\":\"ImageObject\",\"inLanguage\":\"de\",\"@id\":\"https:\/\/vof-news.eu\/de\/#\/schema\/person\/image\/\",\"url\":\"https:\/\/secure.gravatar.com\/avatar\/b67e614b1b25b3e9c0c239efdd2fde5ab015b5affd6f1c3c85911ca4b384e790?s=96&d=mm&r=g\",\"contentUrl\":\"https:\/\/secure.gravatar.com\/avatar\/b67e614b1b25b3e9c0c239efdd2fde5ab015b5affd6f1c3c85911ca4b384e790?s=96&d=mm&r=g\",\"caption\":\"Author\"},\"sameAs\":[\"http:\/\/vof-news.eu\"],\"url\":\"https:\/\/vof-news.eu\/de\/author\/zwt6qxnjulxbnyg\/\"}]}<\/script>\n<!-- \/ Yoast SEO plugin. -->","yoast_head_json":{"title":"Russland soll erneut Oreschnik-Mittelstreckenrakete eingesetzt haben - vof-news.eu","description":"Russland hat nach eigenen Angaben erneut seine\u00a0Mittelstreckenrakete\u00a0Oreschnik auf ein Ziel in der Ukraine abgefeuert. Das Verteidigungsministerium teilte mit, \u200dder Angriff habe kritischer Infrastruktur in \u200bder Ukraine gegolten.\u00a0","robots":{"index":"noindex","follow":"follow","max-snippet":"max-snippet:-1","max-image-preview":"max-image-preview:large","max-video-preview":"max-video-preview:-1"},"og_locale":"de_DE","og_type":"article","og_title":"Russland soll erneut Oreschnik-Mittelstreckenrakete eingesetzt haben - vof-news.eu","og_description":"Russland hat nach eigenen Angaben erneut seine\u00a0Mittelstreckenrakete\u00a0Oreschnik auf ein Ziel in der Ukraine abgefeuert. Das Verteidigungsministerium teilte mit, \u200dder Angriff habe kritischer Infrastruktur in \u200bder Ukraine gegolten.\u00a0","og_url":"https:\/\/vof-news.eu\/de\/russland-soll-erneut-oreschnik-mittelstreckenrakete-eingesetzt-haben\/","og_site_name":"vof-news.eu","article_published_time":"2026-01-09T10:28:39+00:00","article_modified_time":"2026-01-09T10:30:37+00:00","og_image":[{"width":1000,"height":562,"url":"https:\/\/vof-news.eu\/wp-content\/uploads\/2026\/01\/wide__1000x562-33.jpg","type":"image\/jpeg"}],"author":"Author","twitter_card":"summary_large_image","twitter_misc":{"Verfasst von":"Author","Gesch\u00e4tzte Lesezeit":"2\u00a0Minuten"},"schema":{"@context":"https:\/\/schema.org","@graph":[{"@type":"WebPage","@id":"https:\/\/vof-news.eu\/de\/russland-soll-erneut-oreschnik-mittelstreckenrakete-eingesetzt-haben\/","url":"https:\/\/vof-news.eu\/de\/russland-soll-erneut-oreschnik-mittelstreckenrakete-eingesetzt-haben\/","name":"Russland soll erneut Oreschnik-Mittelstreckenrakete eingesetzt haben - vof-news.eu","isPartOf":{"@id":"https:\/\/vof-news.eu\/de\/#website"},"primaryImageOfPage":{"@id":"https:\/\/vof-news.eu\/de\/russland-soll-erneut-oreschnik-mittelstreckenrakete-eingesetzt-haben\/#primaryimage"},"image":{"@id":"https:\/\/vof-news.eu\/de\/russland-soll-erneut-oreschnik-mittelstreckenrakete-eingesetzt-haben\/#primaryimage"},"thumbnailUrl":"https:\/\/vof-news.eu\/wp-content\/uploads\/2026\/01\/wide__1000x562-33.jpg","datePublished":"2026-01-09T10:28:39+00:00","dateModified":"2026-01-09T10:30:37+00:00","author":{"@id":"https:\/\/vof-news.eu\/de\/#\/schema\/person\/f6a2a4309f0561835797fd8c19b333ed"},"description":"Russland hat nach eigenen Angaben erneut seine\u00a0Mittelstreckenrakete\u00a0Oreschnik auf ein Ziel in der Ukraine abgefeuert. Das Verteidigungsministerium teilte mit, \u200dder Angriff habe kritischer Infrastruktur in \u200bder Ukraine gegolten.\u00a0","breadcrumb":{"@id":"https:\/\/vof-news.eu\/de\/russland-soll-erneut-oreschnik-mittelstreckenrakete-eingesetzt-haben\/#breadcrumb"},"inLanguage":"de","potentialAction":[{"@type":"ReadAction","target":["https:\/\/vof-news.eu\/de\/russland-soll-erneut-oreschnik-mittelstreckenrakete-eingesetzt-haben\/"]}]},{"@type":"ImageObject","inLanguage":"de","@id":"https:\/\/vof-news.eu\/de\/russland-soll-erneut-oreschnik-mittelstreckenrakete-eingesetzt-haben\/#primaryimage","url":"https:\/\/vof-news.eu\/wp-content\/uploads\/2026\/01\/wide__1000x562-33.jpg","contentUrl":"https:\/\/vof-news.eu\/wp-content\/uploads\/2026\/01\/wide__1000x562-33.jpg","width":1000,"height":562},{"@type":"BreadcrumbList","@id":"https:\/\/vof-news.eu\/de\/russland-soll-erneut-oreschnik-mittelstreckenrakete-eingesetzt-haben\/#breadcrumb","itemListElement":[{"@type":"ListItem","position":1,"name":"Home","item":"https:\/\/vof-news.eu\/de\/"},{"@type":"ListItem","position":2,"name":"Russland soll erneut Oreschnik-Mittelstreckenrakete eingesetzt haben"}]},{"@type":"WebSite","@id":"https:\/\/vof-news.eu\/de\/#website","url":"https:\/\/vof-news.eu\/de\/","name":"vof-news.eu","description":"","potentialAction":[{"@type":"SearchAction","target":{"@type":"EntryPoint","urlTemplate":"https:\/\/vof-news.eu\/de\/?s={search_term_string}"},"query-input":"required name=search_term_string"}],"inLanguage":"de"},{"@type":"Person","@id":"https:\/\/vof-news.eu\/de\/#\/schema\/person\/f6a2a4309f0561835797fd8c19b333ed","name":"Author","image":{"@type":"ImageObject","inLanguage":"de","@id":"https:\/\/vof-news.eu\/de\/#\/schema\/person\/image\/","url":"https:\/\/secure.gravatar.com\/avatar\/b67e614b1b25b3e9c0c239efdd2fde5ab015b5affd6f1c3c85911ca4b384e790?s=96&d=mm&r=g","contentUrl":"https:\/\/secure.gravatar.com\/avatar\/b67e614b1b25b3e9c0c239efdd2fde5ab015b5affd6f1c3c85911ca4b384e790?s=96&d=mm&r=g","caption":"Author"},"sameAs":["http:\/\/vof-news.eu"],"url":"https:\/\/vof-news.eu\/de\/author\/zwt6qxnjulxbnyg\/"}]}},"yoast_meta":{"yoast_wpseo_title":"","yoast_wpseo_metadesc":"","yoast_wpseo_canonical":""},"_links":{"self":[{"href":"https:\/\/vof-news.eu\/de\/wp-json\/wp\/v2\/posts\/314883","targetHints":{"allow":["GET"]}}],"collection":[{"href":"https:\/\/vof-news.eu\/de\/wp-json\/wp\/v2\/posts"}],"about":[{"href":"https:\/\/vof-news.eu\/de\/wp-json\/wp\/v2\/types\/post"}],"author":[{"embeddable":true,"href":"https:\/\/vof-news.eu\/de\/wp-json\/wp\/v2\/users\/1"}],"replies":[{"embeddable":true,"href":"https:\/\/vof-news.eu\/de\/wp-json\/wp\/v2\/comments?post=314883"}],"version-history":[{"count":1,"href":"https:\/\/vof-news.eu\/de\/wp-json\/wp\/v2\/posts\/314883\/revisions"}],"predecessor-version":[{"id":314900,"href":"https:\/\/vof-news.eu\/de\/wp-json\/wp\/v2\/posts\/314883\/revisions\/314900"}],"wp:featuredmedia":[{"embeddable":true,"href":"https:\/\/vof-news.eu\/de\/wp-json\/wp\/v2\/media\/314887"}],"wp:attachment":[{"href":"https:\/\/vof-news.eu\/de\/wp-json\/wp\/v2\/media?parent=314883"}],"wp:term":[{"taxonomy":"category","embeddable":true,"href":"https:\/\/vof-news.eu\/de\/wp-json\/wp\/v2\/categories?post=314883"},{"taxonomy":"post_tag","embeddable":true,"href":"https:\/\/vof-news.eu\/de\/wp-json\/wp\/v2\/tags?post=314883"}],"curies":[{"name":"wp","href":"https:\/\/api.w.org\/{rel}","templated":true}]}}