{"id":314204,"date":"2026-01-07T15:30:42","date_gmt":"2026-01-07T12:30:42","guid":{"rendered":"https:\/\/vof-news.eu\/neue-mannschaft-alte-hurden\/"},"modified":"2026-01-07T15:31:50","modified_gmt":"2026-01-07T12:31:50","slug":"neue-mannschaft-alte-hurden","status":"publish","type":"post","link":"https:\/\/vof-news.eu\/de\/neue-mannschaft-alte-hurden\/","title":{"rendered":"Neue Mannschaft, alte H\u00fcrden"},"content":{"rendered":"<div>\n<p>Zum Gipfel der sogenannten Koalition der Willigen in <span><a href=\"https:\/\/www.zeit.de\/thema\/paris\" rel=\"nofollow\">Paris<\/a><\/span> reiste die ukrainische Delegation mit einer neuen diplomatischen Besetzung an. Das ist bemerkenswert, denn es d\u00fcrfte Konsequenzen f\u00fcr den weiteren Fortschritt der Verhandlungen haben.\u00a0\n<\/p>\n<p>Erstmals leitete sie Kyrylo Budanow, der gerade erst von Pr\u00e4sident Selenskyj zum neuen Leiter der Pr\u00e4sidialverwaltung ernannt wurde, nachdem er seinen Vertrauten und Budanows Vorg\u00e4nger Andrij Jermak infolge einer Korruptionsaff\u00e4re aus dem Amt entlie\u00df.\u00a0Budanow war zuvor Chef des ukrainischen Milit\u00e4rgeheimdienstes HUR. In der Geheimdienstwelt ist der 40-J\u00e4hrige so was wie ein Star, war bekannt daf\u00fcr, an lebensgef\u00e4hrlichen Operationen teilzunehmen \u2013 und er gilt als herausragender Unterh\u00e4ndler, der mit <span><a href=\"https:\/\/www.zeit.de\/thema\/russland\" rel=\"nofollow\">Russland<\/a><\/span> direkt den Austausch von Gefangenen verhandelte und auch von den USA respektiert wird.\u00a0\n<\/p>\n<p>Die zweite \u00dcberraschung in der ukrainischen Delegation:\u00a0der m\u00e4chtige Chef der Pr\u00e4sidentenfraktion Dawid Arachamija, der 2022 Delegationsleiter bei den Verhandlungen mit Russland war. Wie Budanow geh\u00f6rt Arachamija zu den wenigen Figuren in <span><a href=\"https:\/\/www.zeit.de\/thema\/kiew\" rel=\"nofollow\">Kyjiw<\/a><\/span>, die vergleichsweise gute Kontakte in die US-Regierung von Donald Trump pflegen.\u00a0Arachamija h\u00e4tte schon l\u00e4nger gern eine \u00e4hnlich informelle Rolle wie die beiden US-Unterh\u00e4ndler\u00a0Steve Witkoff und Jared Kushner, die f\u00fcr die Amerikaner nach Paris gereist waren.\u00a0\n<\/p>\n<p>Der Personalumbau in Kyjiw l\u00e4sst sich durchaus so lesen, dass die <span><a href=\"https:\/\/www.zeit.de\/politik\/ausland\/ukraine-krieg-news-liveblog\" rel=\"nofollow\">Ukraine<\/a><\/span> nicht mit einem schnellen Erfolg der Verhandlungen \u00fcber ein Ende der K\u00e4mpfe rechnet. Aus Selenskyjs B\u00fcro hei\u00dft es dazu:\u00a0&#8222;Wir m\u00fcssen sowohl auf Frieden als auch auf die Fortsetzung des Krieges vorbereitet sein.&#8220;\n<\/p>\n<h2>Zwischen der Ukraine und den USA ist das meiste gekl\u00e4rt<\/h2>\n<p>Ohnehin h\u00e4ngt jede Einigung am Ende von Russland ab, unabh\u00e4ngig davon, worauf sich die Koalition der Willigen und die USA verst\u00e4ndigen. Daran hat auch das Treffen in Paris nichts ver\u00e4ndert. Dazu ist das meiste zwischen Kyjiw und Washington schon l\u00e4nger gekl\u00e4rt. Doch bleiben noch zwei zentrale Fragen: einerseits die Forderung an die Ukraine,\u00a0sich aus dem Rest des Donbass zur\u00fcckzuziehen, andererseits die nach dem Status des von Russland besetzten Atomkraftwerks Saporischschja. Bei beiden ist in absehbarer Zeit keine Einigung zu erwarten.\u00a0\n<\/p>\n<p>Realistischer und wohl die Hauptaufgabe f\u00fcr Budanow und sein Team wird zun\u00e4chst wohl sein, die USA von einer anderen Forderung abzubringen. Bisher kn\u00fcpfen diese ihre Zusage zu Sicherheitsgarantien an den R\u00fcckzug der Ukraine aus gr\u00f6\u00dferen St\u00e4dten im Donbass wie Kramatorsk und Slowjansk. Es ist allerdings aus ukrainischer Perspektive nicht nachvollziehbar, wieso die Armee Gebiete verlassen sollte, die Russland selbst milit\u00e4risch gar nicht besetzen kann. Ein erstes positives Signal ist, dass <span><a href=\"https:\/\/www.zeit.de\/thema\/steve-witkoff\" rel=\"nofollow\">Witkoff<\/a><\/span> und Kushner nach\u00a0den Gespr\u00e4chen in Paris in einer gemeinsamen Pressekonferenz mit einigen europ\u00e4ischen Staats- und Regierungschefs die Notwendigkeit der Sicherheitsgarantien f\u00fcr Kyjiw betonten. Jedoch bleibt es weiterhin v\u00f6llig unklar, welche Rolle die USA, die der zuk\u00fcnftig in der Ukraine stationierten multinationalen Truppe aushelfen sollen, dort konkret \u00fcbernehmen w\u00fcrden.\n<\/p>\n<p>Der gr\u00f6\u00dfere Erfolg von Paris ist, dass mit Frankreich und Gro\u00dfbritannien erstmals zwei L\u00e4nder ihre Bereitschaft zur begrenzten Truppenstationierung in der Ukraine signalisierten.\u00a0Dass auch Deutschland \u00fcber <a href=\"https:\/\/www.zeit.de\/politik\/ausland\/2026-01\/ukraine-krieg-europa-usa-sicherheitsgarantien-paris-merz-macron-starmer\" rel=\"nofollow\">zus\u00e4tzliche Truppen auf Nato-Gebiet<\/a> an der Grenze zur Ukraine nachdenkt und grunds\u00e4tzlich nicht ausschlie\u00dft, ist aus Kyjiwer Perspektive ebenfalls ein Schritt nach vorn. \u00dcberbewerten sollte man allerdings beides nicht.\u00a0\n<\/p>\n<p>Denn unklar ist bislang auch,\u00a0ob das kleine internationale Kontingent wirklich eingreifen w\u00fcrde, sollte Russland die Ukraine trotzdem wieder angreifen.\u00a0In Kyjiw verweist man zu Recht darauf, dass jegliche Sicherheitsgarantien juristisch bindend sein und durch die jeweiligen Parlamente ratifiziert werden m\u00fcssen. Zu schmerzhaft sind die Erinnerungen der Ukrainer an das Budapester Memorandum von 1994. Gedacht als Sicherheitsgarantien unter anderem f\u00fcr die Ukraine, die im Gegenzug ihre Atomwaffen an Russland abgab, stellte es sich sp\u00e4ter als nichtssagende Absichtserkl\u00e4rung heraus, die w\u00e4hrend der russischen Krim-Besatzung nicht mal daf\u00fcr ausreichte, die Konsultationen unter den angeblichen Garantiem\u00e4chten auszurufen.\n<\/p>\n<h2>Putins rote Linie bleibt<\/h2>\n<p>Es ist also noch ein langer Weg, der sich in Paris erneut als schwierig erwiesen hat. Und auch mit Donald Trumps zweiter Amtszeit ist ein Waffenstillstand allenfalls rhetorisch ein St\u00fcck n\u00e4her ger\u00fcckt. Denn ein zentrales Problem bleibt:\u00a0Welches Interesse sollte Russland \u00fcberhaupt an einem Waffenstillstand haben, wenn danach in der Ukraine Truppen aus Nato-L\u00e4ndern stationiert werden?\n<\/p>\n<p>Es gibt f\u00fcr Putin kaum eine rote Linie, die sowohl intern als auch \u00f6ffentlich derart deutlich formuliert ist. Dabei geht es nicht so sehr darum, ob sich in der Ukraine 500, 10.000 oder 25.000 westliche Soldaten aufhalten oder wo genau sie stationiert w\u00e4ren. Aber jegliche Truppenpr\u00e4senz in der Ukraine erh\u00f6ht die Wahrscheinlichkeit einer direkten Auseinandersetzung mit einem Nato-Partner und damit der gesamten Nato \u2013 und das macht Russlands Vorhaben schwieriger, das Land vollst\u00e4ndig in seine Einflusssph\u00e4re zur\u00fcckzuholen.\n<\/p>\n<p>Dass Russland diesen Anspruch aufgibt, liegt jenseits der politischen Realit\u00e4t, da k\u00f6nnen die US-Unterh\u00e4ndler Witkoff und Kushner noch so oft von &#8222;gro\u00dfen Fortschritten&#8220; sprechen.\u00a0Genau deswegen hat die Ukraine aber gar keine andere Wahl, als auf so starke Sicherheitsgarantien wie m\u00f6glich zu pochen. Sonst ist der erneute Angriff Russlands lediglich eine Frage der Zeit.\n<\/p>\n<\/div>\n","protected":false},"excerpt":{"rendered":"<p>Zum Gipfel der sogenannten Koalition der Willigen in Paris reiste die ukrainische Delegation mit einer neuen diplomatischen Besetzung an. Das ist bemerkenswert, denn es d\u00fcrfte Konsequenzen f\u00fcr den weiteren Fortschritt der Verhandlungen haben.\u00a0 Erstmals leitete sie Kyrylo Budanow, der gerade erst von Pr\u00e4sident Selenskyj zum neuen Leiter der Pr\u00e4sidialverwaltung ernannt wurde, nachdem er seinen Vertrauten<\/p>\n","protected":false},"author":1,"featured_media":314205,"comment_status":"open","ping_status":"open","sticky":false,"template":"","format":"standard","meta":{"footnotes":""},"categories":[116],"tags":[],"class_list":["post-314204","post","type-post","status-publish","format-standard","has-post-thumbnail","hentry","category-war-chronicles-de"],"acf":[],"yoast_head":"<!-- This site is optimized with the Yoast SEO plugin v22.9 - https:\/\/yoast.com\/wordpress\/plugins\/seo\/ -->\n<title>Neue Mannschaft, alte H\u00fcrden - vof-news.eu<\/title>\n<meta name=\"description\" content=\"Zum Gipfel der sogenannten Koalition der Willigen in Paris reiste die ukrainische Delegation mit einer neuen diplomatischen Besetzung an. Das ist bemerkenswert, denn es d\u00fcrfte Konsequenzen f\u00fcr den weiteren Fortschritt der Verhandlungen haben.\u00a0\" \/>\n<meta name=\"robots\" content=\"noindex, follow, max-snippet:-1, max-image-preview:large, max-video-preview:-1\" \/>\n<meta property=\"og:locale\" content=\"de_DE\" \/>\n<meta property=\"og:type\" content=\"article\" \/>\n<meta property=\"og:title\" content=\"Neue Mannschaft, alte H\u00fcrden - vof-news.eu\" \/>\n<meta property=\"og:description\" content=\"Zum Gipfel der sogenannten Koalition der Willigen in Paris reiste die ukrainische Delegation mit einer neuen diplomatischen Besetzung an. Das ist bemerkenswert, denn es d\u00fcrfte Konsequenzen f\u00fcr den weiteren Fortschritt der Verhandlungen haben.\u00a0\" \/>\n<meta property=\"og:url\" content=\"https:\/\/vof-news.eu\/de\/neue-mannschaft-alte-hurden\/\" \/>\n<meta property=\"og:site_name\" content=\"vof-news.eu\" \/>\n<meta property=\"article:published_time\" content=\"2026-01-07T12:30:42+00:00\" \/>\n<meta property=\"article:modified_time\" content=\"2026-01-07T12:31:50+00:00\" \/>\n<meta property=\"og:image\" content=\"https:\/\/vof-news.eu\/wp-content\/uploads\/2026\/01\/wide__1000x562-31.jpg\" \/>\n\t<meta property=\"og:image:width\" content=\"1000\" \/>\n\t<meta property=\"og:image:height\" content=\"562\" \/>\n\t<meta property=\"og:image:type\" content=\"image\/jpeg\" \/>\n<meta name=\"author\" content=\"Author\" \/>\n<meta name=\"twitter:card\" content=\"summary_large_image\" \/>\n<meta name=\"twitter:label1\" content=\"Verfasst von\" \/>\n\t<meta name=\"twitter:data1\" content=\"Author\" \/>\n\t<meta name=\"twitter:label2\" content=\"Gesch\u00e4tzte Lesezeit\" \/>\n\t<meta name=\"twitter:data2\" content=\"4\u00a0Minuten\" \/>\n<script type=\"application\/ld+json\" class=\"yoast-schema-graph\">{\"@context\":\"https:\/\/schema.org\",\"@graph\":[{\"@type\":\"WebPage\",\"@id\":\"https:\/\/vof-news.eu\/de\/neue-mannschaft-alte-hurden\/\",\"url\":\"https:\/\/vof-news.eu\/de\/neue-mannschaft-alte-hurden\/\",\"name\":\"Neue Mannschaft, alte H\u00fcrden - vof-news.eu\",\"isPartOf\":{\"@id\":\"https:\/\/vof-news.eu\/de\/#website\"},\"primaryImageOfPage\":{\"@id\":\"https:\/\/vof-news.eu\/de\/neue-mannschaft-alte-hurden\/#primaryimage\"},\"image\":{\"@id\":\"https:\/\/vof-news.eu\/de\/neue-mannschaft-alte-hurden\/#primaryimage\"},\"thumbnailUrl\":\"https:\/\/vof-news.eu\/wp-content\/uploads\/2026\/01\/wide__1000x562-31.jpg\",\"datePublished\":\"2026-01-07T12:30:42+00:00\",\"dateModified\":\"2026-01-07T12:31:50+00:00\",\"author\":{\"@id\":\"https:\/\/vof-news.eu\/de\/#\/schema\/person\/f6a2a4309f0561835797fd8c19b333ed\"},\"description\":\"Zum Gipfel der sogenannten Koalition der Willigen in Paris reiste die ukrainische Delegation mit einer neuen diplomatischen Besetzung an. Das ist bemerkenswert, denn es d\u00fcrfte Konsequenzen f\u00fcr den weiteren Fortschritt der Verhandlungen haben.\u00a0\",\"breadcrumb\":{\"@id\":\"https:\/\/vof-news.eu\/de\/neue-mannschaft-alte-hurden\/#breadcrumb\"},\"inLanguage\":\"de\",\"potentialAction\":[{\"@type\":\"ReadAction\",\"target\":[\"https:\/\/vof-news.eu\/de\/neue-mannschaft-alte-hurden\/\"]}]},{\"@type\":\"ImageObject\",\"inLanguage\":\"de\",\"@id\":\"https:\/\/vof-news.eu\/de\/neue-mannschaft-alte-hurden\/#primaryimage\",\"url\":\"https:\/\/vof-news.eu\/wp-content\/uploads\/2026\/01\/wide__1000x562-31.jpg\",\"contentUrl\":\"https:\/\/vof-news.eu\/wp-content\/uploads\/2026\/01\/wide__1000x562-31.jpg\",\"width\":1000,\"height\":562},{\"@type\":\"BreadcrumbList\",\"@id\":\"https:\/\/vof-news.eu\/de\/neue-mannschaft-alte-hurden\/#breadcrumb\",\"itemListElement\":[{\"@type\":\"ListItem\",\"position\":1,\"name\":\"Home\",\"item\":\"https:\/\/vof-news.eu\/de\/\"},{\"@type\":\"ListItem\",\"position\":2,\"name\":\"Neue Mannschaft, alte H\u00fcrden\"}]},{\"@type\":\"WebSite\",\"@id\":\"https:\/\/vof-news.eu\/de\/#website\",\"url\":\"https:\/\/vof-news.eu\/de\/\",\"name\":\"vof-news.eu\",\"description\":\"\",\"potentialAction\":[{\"@type\":\"SearchAction\",\"target\":{\"@type\":\"EntryPoint\",\"urlTemplate\":\"https:\/\/vof-news.eu\/de\/?s={search_term_string}\"},\"query-input\":\"required name=search_term_string\"}],\"inLanguage\":\"de\"},{\"@type\":\"Person\",\"@id\":\"https:\/\/vof-news.eu\/de\/#\/schema\/person\/f6a2a4309f0561835797fd8c19b333ed\",\"name\":\"Author\",\"image\":{\"@type\":\"ImageObject\",\"inLanguage\":\"de\",\"@id\":\"https:\/\/vof-news.eu\/de\/#\/schema\/person\/image\/\",\"url\":\"https:\/\/secure.gravatar.com\/avatar\/b67e614b1b25b3e9c0c239efdd2fde5ab015b5affd6f1c3c85911ca4b384e790?s=96&d=mm&r=g\",\"contentUrl\":\"https:\/\/secure.gravatar.com\/avatar\/b67e614b1b25b3e9c0c239efdd2fde5ab015b5affd6f1c3c85911ca4b384e790?s=96&d=mm&r=g\",\"caption\":\"Author\"},\"sameAs\":[\"http:\/\/vof-news.eu\"],\"url\":\"https:\/\/vof-news.eu\/de\/author\/zwt6qxnjulxbnyg\/\"}]}<\/script>\n<!-- \/ Yoast SEO plugin. -->","yoast_head_json":{"title":"Neue Mannschaft, alte H\u00fcrden - vof-news.eu","description":"Zum Gipfel der sogenannten Koalition der Willigen in Paris reiste die ukrainische Delegation mit einer neuen diplomatischen Besetzung an. Das ist bemerkenswert, denn es d\u00fcrfte Konsequenzen f\u00fcr den weiteren Fortschritt der Verhandlungen haben.\u00a0","robots":{"index":"noindex","follow":"follow","max-snippet":"max-snippet:-1","max-image-preview":"max-image-preview:large","max-video-preview":"max-video-preview:-1"},"og_locale":"de_DE","og_type":"article","og_title":"Neue Mannschaft, alte H\u00fcrden - vof-news.eu","og_description":"Zum Gipfel der sogenannten Koalition der Willigen in Paris reiste die ukrainische Delegation mit einer neuen diplomatischen Besetzung an. Das ist bemerkenswert, denn es d\u00fcrfte Konsequenzen f\u00fcr den weiteren Fortschritt der Verhandlungen haben.\u00a0","og_url":"https:\/\/vof-news.eu\/de\/neue-mannschaft-alte-hurden\/","og_site_name":"vof-news.eu","article_published_time":"2026-01-07T12:30:42+00:00","article_modified_time":"2026-01-07T12:31:50+00:00","og_image":[{"width":1000,"height":562,"url":"https:\/\/vof-news.eu\/wp-content\/uploads\/2026\/01\/wide__1000x562-31.jpg","type":"image\/jpeg"}],"author":"Author","twitter_card":"summary_large_image","twitter_misc":{"Verfasst von":"Author","Gesch\u00e4tzte Lesezeit":"4\u00a0Minuten"},"schema":{"@context":"https:\/\/schema.org","@graph":[{"@type":"WebPage","@id":"https:\/\/vof-news.eu\/de\/neue-mannschaft-alte-hurden\/","url":"https:\/\/vof-news.eu\/de\/neue-mannschaft-alte-hurden\/","name":"Neue Mannschaft, alte H\u00fcrden - vof-news.eu","isPartOf":{"@id":"https:\/\/vof-news.eu\/de\/#website"},"primaryImageOfPage":{"@id":"https:\/\/vof-news.eu\/de\/neue-mannschaft-alte-hurden\/#primaryimage"},"image":{"@id":"https:\/\/vof-news.eu\/de\/neue-mannschaft-alte-hurden\/#primaryimage"},"thumbnailUrl":"https:\/\/vof-news.eu\/wp-content\/uploads\/2026\/01\/wide__1000x562-31.jpg","datePublished":"2026-01-07T12:30:42+00:00","dateModified":"2026-01-07T12:31:50+00:00","author":{"@id":"https:\/\/vof-news.eu\/de\/#\/schema\/person\/f6a2a4309f0561835797fd8c19b333ed"},"description":"Zum Gipfel der sogenannten Koalition der Willigen in Paris reiste die ukrainische Delegation mit einer neuen diplomatischen Besetzung an. Das ist bemerkenswert, denn es d\u00fcrfte Konsequenzen f\u00fcr den weiteren Fortschritt der Verhandlungen haben.\u00a0","breadcrumb":{"@id":"https:\/\/vof-news.eu\/de\/neue-mannschaft-alte-hurden\/#breadcrumb"},"inLanguage":"de","potentialAction":[{"@type":"ReadAction","target":["https:\/\/vof-news.eu\/de\/neue-mannschaft-alte-hurden\/"]}]},{"@type":"ImageObject","inLanguage":"de","@id":"https:\/\/vof-news.eu\/de\/neue-mannschaft-alte-hurden\/#primaryimage","url":"https:\/\/vof-news.eu\/wp-content\/uploads\/2026\/01\/wide__1000x562-31.jpg","contentUrl":"https:\/\/vof-news.eu\/wp-content\/uploads\/2026\/01\/wide__1000x562-31.jpg","width":1000,"height":562},{"@type":"BreadcrumbList","@id":"https:\/\/vof-news.eu\/de\/neue-mannschaft-alte-hurden\/#breadcrumb","itemListElement":[{"@type":"ListItem","position":1,"name":"Home","item":"https:\/\/vof-news.eu\/de\/"},{"@type":"ListItem","position":2,"name":"Neue Mannschaft, alte H\u00fcrden"}]},{"@type":"WebSite","@id":"https:\/\/vof-news.eu\/de\/#website","url":"https:\/\/vof-news.eu\/de\/","name":"vof-news.eu","description":"","potentialAction":[{"@type":"SearchAction","target":{"@type":"EntryPoint","urlTemplate":"https:\/\/vof-news.eu\/de\/?s={search_term_string}"},"query-input":"required name=search_term_string"}],"inLanguage":"de"},{"@type":"Person","@id":"https:\/\/vof-news.eu\/de\/#\/schema\/person\/f6a2a4309f0561835797fd8c19b333ed","name":"Author","image":{"@type":"ImageObject","inLanguage":"de","@id":"https:\/\/vof-news.eu\/de\/#\/schema\/person\/image\/","url":"https:\/\/secure.gravatar.com\/avatar\/b67e614b1b25b3e9c0c239efdd2fde5ab015b5affd6f1c3c85911ca4b384e790?s=96&d=mm&r=g","contentUrl":"https:\/\/secure.gravatar.com\/avatar\/b67e614b1b25b3e9c0c239efdd2fde5ab015b5affd6f1c3c85911ca4b384e790?s=96&d=mm&r=g","caption":"Author"},"sameAs":["http:\/\/vof-news.eu"],"url":"https:\/\/vof-news.eu\/de\/author\/zwt6qxnjulxbnyg\/"}]}},"yoast_meta":{"yoast_wpseo_title":"","yoast_wpseo_metadesc":"","yoast_wpseo_canonical":""},"_links":{"self":[{"href":"https:\/\/vof-news.eu\/de\/wp-json\/wp\/v2\/posts\/314204","targetHints":{"allow":["GET"]}}],"collection":[{"href":"https:\/\/vof-news.eu\/de\/wp-json\/wp\/v2\/posts"}],"about":[{"href":"https:\/\/vof-news.eu\/de\/wp-json\/wp\/v2\/types\/post"}],"author":[{"embeddable":true,"href":"https:\/\/vof-news.eu\/de\/wp-json\/wp\/v2\/users\/1"}],"replies":[{"embeddable":true,"href":"https:\/\/vof-news.eu\/de\/wp-json\/wp\/v2\/comments?post=314204"}],"version-history":[{"count":1,"href":"https:\/\/vof-news.eu\/de\/wp-json\/wp\/v2\/posts\/314204\/revisions"}],"predecessor-version":[{"id":314211,"href":"https:\/\/vof-news.eu\/de\/wp-json\/wp\/v2\/posts\/314204\/revisions\/314211"}],"wp:featuredmedia":[{"embeddable":true,"href":"https:\/\/vof-news.eu\/de\/wp-json\/wp\/v2\/media\/314205"}],"wp:attachment":[{"href":"https:\/\/vof-news.eu\/de\/wp-json\/wp\/v2\/media?parent=314204"}],"wp:term":[{"taxonomy":"category","embeddable":true,"href":"https:\/\/vof-news.eu\/de\/wp-json\/wp\/v2\/categories?post=314204"},{"taxonomy":"post_tag","embeddable":true,"href":"https:\/\/vof-news.eu\/de\/wp-json\/wp\/v2\/tags?post=314204"}],"curies":[{"name":"wp","href":"https:\/\/api.w.org\/{rel}","templated":true}]}}