{"id":314196,"date":"2026-01-07T15:28:17","date_gmt":"2026-01-07T12:28:17","guid":{"rendered":"https:\/\/vof-news.eu\/grune-offen-fur-bundeswehreinsatz-zur-sicherung-eines-ukrainefriedens\/"},"modified":"2026-01-07T15:29:50","modified_gmt":"2026-01-07T12:29:50","slug":"grune-offen-fur-bundeswehreinsatz-zur-sicherung-eines-ukrainefriedens","status":"publish","type":"post","link":"https:\/\/vof-news.eu\/de\/grune-offen-fur-bundeswehreinsatz-zur-sicherung-eines-ukrainefriedens\/","title":{"rendered":"Gr\u00fcne offen f\u00fcr Bundeswehreinsatz zur Sicherung eines Ukrainefriedens"},"content":{"rendered":"<div>\n<p>Gr\u00fcnenchefin Franziska Brantner steht einem deutschen Einsatz zur Sicherung eines Friedens in der <span><a href=\"https:\/\/www.zeit.de\/politik\/ausland\/ukraine-krieg-news-liveblog\" rel=\"nofollow\">Ukraine<\/a><\/span> offen gegen\u00fcber. &#8222;Sollte sich die Notwendigkeit<br \/>\nergeben, einen Frieden in der Ukraine<br \/>\ngemeinsam mit unseren europ\u00e4ischen Partnern zu sch\u00fctzen, kann und darf<br \/>\nsich Deutschland dieser Solidarit\u00e4t nicht verweigern&#8220;, sagte Brantner<br \/>\nder ZEIT. Entscheidend sei, dass Sicherheitsgarantien &#8222;so robust&#8220; ausgestaltet sein m\u00fcssten, dass die Ukraine ohne permanente Angst vor neuen russischen Angriffen in die Zukunft blicken k\u00f6nne.\u00a0&#8222;Alles andere w\u00e4re kein Frieden, sondern nur eine Kriegspause auf Zeit&#8220;, sagte Brantner.\n<\/p>\n<p>Bevor \u00fcber Sicherheitsgarantien oder gar die Stationierung von<br \/>\n Truppen in der Ukraine gesprochen werden k\u00f6nne, brauche es aber<br \/>\nzun\u00e4chst Wladimir Putins Zustimmung zu einem belastbaren<br \/>\nFriedensabkommen. &#8222;Meine Hoffnung, dass er zu einem echten,<br \/>\nverl\u00e4sslichen Frieden bereit ist, ist allerdings gering&#8220;, sagte<br \/>\n<span><a href=\"https:\/\/www.zeit.de\/thema\/franziska-brantner\" rel=\"nofollow\">Brantner<\/a><\/span>.\u00a0\n<\/p>\n<p>Bundeskanzler <span><a href=\"https:\/\/www.zeit.de\/thema\/friedrich-merz\" rel=\"nofollow\">Friedrich Merz<\/a><\/span> (CDU) hatte am Dienstag <a href=\"https:\/\/www.zeit.de\/politik\/ausland\/2026-01\/koalition-der-willigen-ukraine-treffen-paris-friedensverhandlungen\" rel=\"nofollow\">nach Gespr\u00e4chen in Paris<\/a> \u00fcber Sicherheitsgarantien f\u00fcr die Ukraine <a href=\"https:\/\/www.zeit.de\/politik\/ausland\/2026-01\/ukraine-krieg-europa-usa-sicherheitsgarantien-paris-merz-macron-starmer\" rel=\"nofollow\">eine Beteiligung der Bundeswehr in Aussicht gestellt<\/a>, allerdings nicht auf ukrainischem Boden. &#8222;Dazu kann zum<br \/>\nBeispiel geh\u00f6ren, dass wir nach einem Waffenstillstand Kr\u00e4fte f\u00fcr die<br \/>\nUkraine auf benachbartem Nato-Gebiet einmelden&#8220;, sagte Merz.\u00a0\u00dcber Art und Umfang eines deutschen Beitrags<br \/>\nm\u00fcssten Bundesregierung und Bundestag entscheiden.\n<\/p>\n<h2>Stegner bezeichnet Debatte als &#8222;nicht hilfreich&#8220;<\/h2>\n<p>SPD-Politiker <span><a href=\"https:\/\/www.zeit.de\/thema\/ralf-stegner\" rel=\"nofollow\">Ralf Stegner<\/a><\/span> glaubt dagegen nicht an <a href=\"https:\/\/www.zeit.de\/politik\/deutschland\/2025-12\/zeitenwende-deutsche-kriegsangst-wehrhaftigkeit-bundeswehr\" rel=\"nofollow\">einen Bundeswehreinsatz<\/a> zur Absicherung eines Ukraine-Waffenstillstands.\u00a0&#8222;Ich sehe nicht, dass der Bundestag ein solches Mandat beschlie\u00dft&#8220;, sagte Stegner der ZEIT. Im Augenblick sei &#8222;so eine Debatte nicht hilfreich&#8220;.\u00a0\n<\/p>\n<p>BSW-Chef Fabio De Masi wirft Merz vor, &#8222;mit dem Feuer&#8220; zu spielen.\u00a0&#8222;Die Bundeswehr hat weder Kapazit\u00e4ten noch F\u00e4higkeiten, den Frieden in der Ukraine zu sichern&#8220;, hei\u00dft es in einem Statement, das der ZEIT vorliegt. Es sei &#8222;lebensfremd&#8220; anzunehmen, dass Russland einer Stationierung westlicher Truppen in der Ukraine zustimmen w\u00fcrde. &#8222;W\u00fcrde der Konflikt neu aufflammen, w\u00e4ren wir zudem im direkten Krieg mit Russland&#8220;, sagte De Masi.\n<\/p>\n<\/div>\n","protected":false},"excerpt":{"rendered":"<p>Gr\u00fcnenchefin Franziska Brantner steht einem deutschen Einsatz zur Sicherung eines Friedens in der Ukraine offen gegen\u00fcber. &#8222;Sollte sich die Notwendigkeit ergeben, einen Frieden in der Ukraine gemeinsam mit unseren europ\u00e4ischen Partnern zu sch\u00fctzen, kann und darf sich Deutschland dieser Solidarit\u00e4t nicht verweigern&#8220;, sagte Brantner der ZEIT. Entscheidend sei, dass Sicherheitsgarantien &#8222;so robust&#8220; ausgestaltet sein m\u00fcssten,<\/p>\n","protected":false},"author":1,"featured_media":314197,"comment_status":"open","ping_status":"open","sticky":false,"template":"","format":"standard","meta":{"footnotes":""},"categories":[116],"tags":[],"class_list":["post-314196","post","type-post","status-publish","format-standard","has-post-thumbnail","hentry","category-war-chronicles-de"],"acf":[],"yoast_head":"<!-- This site is optimized with the Yoast SEO plugin v22.9 - https:\/\/yoast.com\/wordpress\/plugins\/seo\/ -->\n<title>Gr\u00fcne offen f\u00fcr Bundeswehreinsatz zur Sicherung eines Ukrainefriedens - vof-news.eu<\/title>\n<meta name=\"description\" content=\"Gr\u00fcnenchefin Franziska Brantner steht einem deutschen Einsatz zur Sicherung eines Friedens in der Ukraine offen gegen\u00fcber. &quot;Sollte sich die Notwendigkeit\" \/>\n<meta name=\"robots\" content=\"noindex, follow, max-snippet:-1, max-image-preview:large, max-video-preview:-1\" \/>\n<meta property=\"og:locale\" content=\"de_DE\" \/>\n<meta property=\"og:type\" content=\"article\" \/>\n<meta property=\"og:title\" content=\"Gr\u00fcne offen f\u00fcr Bundeswehreinsatz zur Sicherung eines Ukrainefriedens - vof-news.eu\" \/>\n<meta property=\"og:description\" content=\"Gr\u00fcnenchefin Franziska Brantner steht einem deutschen Einsatz zur Sicherung eines Friedens in der Ukraine offen gegen\u00fcber. &quot;Sollte sich die Notwendigkeit\" \/>\n<meta property=\"og:url\" content=\"https:\/\/vof-news.eu\/de\/grune-offen-fur-bundeswehreinsatz-zur-sicherung-eines-ukrainefriedens\/\" \/>\n<meta property=\"og:site_name\" content=\"vof-news.eu\" \/>\n<meta property=\"article:published_time\" content=\"2026-01-07T12:28:17+00:00\" \/>\n<meta property=\"article:modified_time\" content=\"2026-01-07T12:29:50+00:00\" \/>\n<meta property=\"og:image\" content=\"https:\/\/vof-news.eu\/wp-content\/uploads\/2026\/01\/wide__1000x562-30.jpg\" \/>\n\t<meta property=\"og:image:width\" content=\"1000\" \/>\n\t<meta property=\"og:image:height\" content=\"562\" \/>\n\t<meta property=\"og:image:type\" content=\"image\/jpeg\" \/>\n<meta name=\"author\" content=\"Author\" \/>\n<meta name=\"twitter:card\" content=\"summary_large_image\" \/>\n<meta name=\"twitter:label1\" content=\"Verfasst von\" \/>\n\t<meta name=\"twitter:data1\" content=\"Author\" \/>\n\t<meta name=\"twitter:label2\" content=\"Gesch\u00e4tzte Lesezeit\" \/>\n\t<meta name=\"twitter:data2\" content=\"2\u00a0Minuten\" \/>\n<script type=\"application\/ld+json\" class=\"yoast-schema-graph\">{\"@context\":\"https:\/\/schema.org\",\"@graph\":[{\"@type\":\"WebPage\",\"@id\":\"https:\/\/vof-news.eu\/de\/grune-offen-fur-bundeswehreinsatz-zur-sicherung-eines-ukrainefriedens\/\",\"url\":\"https:\/\/vof-news.eu\/de\/grune-offen-fur-bundeswehreinsatz-zur-sicherung-eines-ukrainefriedens\/\",\"name\":\"Gr\u00fcne offen f\u00fcr Bundeswehreinsatz zur Sicherung eines Ukrainefriedens - vof-news.eu\",\"isPartOf\":{\"@id\":\"https:\/\/vof-news.eu\/de\/#website\"},\"primaryImageOfPage\":{\"@id\":\"https:\/\/vof-news.eu\/de\/grune-offen-fur-bundeswehreinsatz-zur-sicherung-eines-ukrainefriedens\/#primaryimage\"},\"image\":{\"@id\":\"https:\/\/vof-news.eu\/de\/grune-offen-fur-bundeswehreinsatz-zur-sicherung-eines-ukrainefriedens\/#primaryimage\"},\"thumbnailUrl\":\"https:\/\/vof-news.eu\/wp-content\/uploads\/2026\/01\/wide__1000x562-30.jpg\",\"datePublished\":\"2026-01-07T12:28:17+00:00\",\"dateModified\":\"2026-01-07T12:29:50+00:00\",\"author\":{\"@id\":\"https:\/\/vof-news.eu\/de\/#\/schema\/person\/f6a2a4309f0561835797fd8c19b333ed\"},\"description\":\"Gr\u00fcnenchefin Franziska Brantner steht einem deutschen Einsatz zur Sicherung eines Friedens in der Ukraine offen gegen\u00fcber. \\\"Sollte sich die Notwendigkeit\",\"breadcrumb\":{\"@id\":\"https:\/\/vof-news.eu\/de\/grune-offen-fur-bundeswehreinsatz-zur-sicherung-eines-ukrainefriedens\/#breadcrumb\"},\"inLanguage\":\"de\",\"potentialAction\":[{\"@type\":\"ReadAction\",\"target\":[\"https:\/\/vof-news.eu\/de\/grune-offen-fur-bundeswehreinsatz-zur-sicherung-eines-ukrainefriedens\/\"]}]},{\"@type\":\"ImageObject\",\"inLanguage\":\"de\",\"@id\":\"https:\/\/vof-news.eu\/de\/grune-offen-fur-bundeswehreinsatz-zur-sicherung-eines-ukrainefriedens\/#primaryimage\",\"url\":\"https:\/\/vof-news.eu\/wp-content\/uploads\/2026\/01\/wide__1000x562-30.jpg\",\"contentUrl\":\"https:\/\/vof-news.eu\/wp-content\/uploads\/2026\/01\/wide__1000x562-30.jpg\",\"width\":1000,\"height\":562},{\"@type\":\"BreadcrumbList\",\"@id\":\"https:\/\/vof-news.eu\/de\/grune-offen-fur-bundeswehreinsatz-zur-sicherung-eines-ukrainefriedens\/#breadcrumb\",\"itemListElement\":[{\"@type\":\"ListItem\",\"position\":1,\"name\":\"Home\",\"item\":\"https:\/\/vof-news.eu\/de\/\"},{\"@type\":\"ListItem\",\"position\":2,\"name\":\"Gr\u00fcne offen f\u00fcr Bundeswehreinsatz zur Sicherung eines Ukrainefriedens\"}]},{\"@type\":\"WebSite\",\"@id\":\"https:\/\/vof-news.eu\/de\/#website\",\"url\":\"https:\/\/vof-news.eu\/de\/\",\"name\":\"vof-news.eu\",\"description\":\"\",\"potentialAction\":[{\"@type\":\"SearchAction\",\"target\":{\"@type\":\"EntryPoint\",\"urlTemplate\":\"https:\/\/vof-news.eu\/de\/?s={search_term_string}\"},\"query-input\":\"required name=search_term_string\"}],\"inLanguage\":\"de\"},{\"@type\":\"Person\",\"@id\":\"https:\/\/vof-news.eu\/de\/#\/schema\/person\/f6a2a4309f0561835797fd8c19b333ed\",\"name\":\"Author\",\"image\":{\"@type\":\"ImageObject\",\"inLanguage\":\"de\",\"@id\":\"https:\/\/vof-news.eu\/de\/#\/schema\/person\/image\/\",\"url\":\"https:\/\/secure.gravatar.com\/avatar\/b67e614b1b25b3e9c0c239efdd2fde5ab015b5affd6f1c3c85911ca4b384e790?s=96&d=mm&r=g\",\"contentUrl\":\"https:\/\/secure.gravatar.com\/avatar\/b67e614b1b25b3e9c0c239efdd2fde5ab015b5affd6f1c3c85911ca4b384e790?s=96&d=mm&r=g\",\"caption\":\"Author\"},\"sameAs\":[\"http:\/\/vof-news.eu\"],\"url\":\"https:\/\/vof-news.eu\/de\/author\/zwt6qxnjulxbnyg\/\"}]}<\/script>\n<!-- \/ Yoast SEO plugin. -->","yoast_head_json":{"title":"Gr\u00fcne offen f\u00fcr Bundeswehreinsatz zur Sicherung eines Ukrainefriedens - vof-news.eu","description":"Gr\u00fcnenchefin Franziska Brantner steht einem deutschen Einsatz zur Sicherung eines Friedens in der Ukraine offen gegen\u00fcber. \"Sollte sich die Notwendigkeit","robots":{"index":"noindex","follow":"follow","max-snippet":"max-snippet:-1","max-image-preview":"max-image-preview:large","max-video-preview":"max-video-preview:-1"},"og_locale":"de_DE","og_type":"article","og_title":"Gr\u00fcne offen f\u00fcr Bundeswehreinsatz zur Sicherung eines Ukrainefriedens - vof-news.eu","og_description":"Gr\u00fcnenchefin Franziska Brantner steht einem deutschen Einsatz zur Sicherung eines Friedens in der Ukraine offen gegen\u00fcber. \"Sollte sich die Notwendigkeit","og_url":"https:\/\/vof-news.eu\/de\/grune-offen-fur-bundeswehreinsatz-zur-sicherung-eines-ukrainefriedens\/","og_site_name":"vof-news.eu","article_published_time":"2026-01-07T12:28:17+00:00","article_modified_time":"2026-01-07T12:29:50+00:00","og_image":[{"width":1000,"height":562,"url":"https:\/\/vof-news.eu\/wp-content\/uploads\/2026\/01\/wide__1000x562-30.jpg","type":"image\/jpeg"}],"author":"Author","twitter_card":"summary_large_image","twitter_misc":{"Verfasst von":"Author","Gesch\u00e4tzte Lesezeit":"2\u00a0Minuten"},"schema":{"@context":"https:\/\/schema.org","@graph":[{"@type":"WebPage","@id":"https:\/\/vof-news.eu\/de\/grune-offen-fur-bundeswehreinsatz-zur-sicherung-eines-ukrainefriedens\/","url":"https:\/\/vof-news.eu\/de\/grune-offen-fur-bundeswehreinsatz-zur-sicherung-eines-ukrainefriedens\/","name":"Gr\u00fcne offen f\u00fcr Bundeswehreinsatz zur Sicherung eines Ukrainefriedens - vof-news.eu","isPartOf":{"@id":"https:\/\/vof-news.eu\/de\/#website"},"primaryImageOfPage":{"@id":"https:\/\/vof-news.eu\/de\/grune-offen-fur-bundeswehreinsatz-zur-sicherung-eines-ukrainefriedens\/#primaryimage"},"image":{"@id":"https:\/\/vof-news.eu\/de\/grune-offen-fur-bundeswehreinsatz-zur-sicherung-eines-ukrainefriedens\/#primaryimage"},"thumbnailUrl":"https:\/\/vof-news.eu\/wp-content\/uploads\/2026\/01\/wide__1000x562-30.jpg","datePublished":"2026-01-07T12:28:17+00:00","dateModified":"2026-01-07T12:29:50+00:00","author":{"@id":"https:\/\/vof-news.eu\/de\/#\/schema\/person\/f6a2a4309f0561835797fd8c19b333ed"},"description":"Gr\u00fcnenchefin Franziska Brantner steht einem deutschen Einsatz zur Sicherung eines Friedens in der Ukraine offen gegen\u00fcber. \"Sollte sich die Notwendigkeit","breadcrumb":{"@id":"https:\/\/vof-news.eu\/de\/grune-offen-fur-bundeswehreinsatz-zur-sicherung-eines-ukrainefriedens\/#breadcrumb"},"inLanguage":"de","potentialAction":[{"@type":"ReadAction","target":["https:\/\/vof-news.eu\/de\/grune-offen-fur-bundeswehreinsatz-zur-sicherung-eines-ukrainefriedens\/"]}]},{"@type":"ImageObject","inLanguage":"de","@id":"https:\/\/vof-news.eu\/de\/grune-offen-fur-bundeswehreinsatz-zur-sicherung-eines-ukrainefriedens\/#primaryimage","url":"https:\/\/vof-news.eu\/wp-content\/uploads\/2026\/01\/wide__1000x562-30.jpg","contentUrl":"https:\/\/vof-news.eu\/wp-content\/uploads\/2026\/01\/wide__1000x562-30.jpg","width":1000,"height":562},{"@type":"BreadcrumbList","@id":"https:\/\/vof-news.eu\/de\/grune-offen-fur-bundeswehreinsatz-zur-sicherung-eines-ukrainefriedens\/#breadcrumb","itemListElement":[{"@type":"ListItem","position":1,"name":"Home","item":"https:\/\/vof-news.eu\/de\/"},{"@type":"ListItem","position":2,"name":"Gr\u00fcne offen f\u00fcr Bundeswehreinsatz zur Sicherung eines Ukrainefriedens"}]},{"@type":"WebSite","@id":"https:\/\/vof-news.eu\/de\/#website","url":"https:\/\/vof-news.eu\/de\/","name":"vof-news.eu","description":"","potentialAction":[{"@type":"SearchAction","target":{"@type":"EntryPoint","urlTemplate":"https:\/\/vof-news.eu\/de\/?s={search_term_string}"},"query-input":"required name=search_term_string"}],"inLanguage":"de"},{"@type":"Person","@id":"https:\/\/vof-news.eu\/de\/#\/schema\/person\/f6a2a4309f0561835797fd8c19b333ed","name":"Author","image":{"@type":"ImageObject","inLanguage":"de","@id":"https:\/\/vof-news.eu\/de\/#\/schema\/person\/image\/","url":"https:\/\/secure.gravatar.com\/avatar\/b67e614b1b25b3e9c0c239efdd2fde5ab015b5affd6f1c3c85911ca4b384e790?s=96&d=mm&r=g","contentUrl":"https:\/\/secure.gravatar.com\/avatar\/b67e614b1b25b3e9c0c239efdd2fde5ab015b5affd6f1c3c85911ca4b384e790?s=96&d=mm&r=g","caption":"Author"},"sameAs":["http:\/\/vof-news.eu"],"url":"https:\/\/vof-news.eu\/de\/author\/zwt6qxnjulxbnyg\/"}]}},"yoast_meta":{"yoast_wpseo_title":"","yoast_wpseo_metadesc":"","yoast_wpseo_canonical":""},"_links":{"self":[{"href":"https:\/\/vof-news.eu\/de\/wp-json\/wp\/v2\/posts\/314196","targetHints":{"allow":["GET"]}}],"collection":[{"href":"https:\/\/vof-news.eu\/de\/wp-json\/wp\/v2\/posts"}],"about":[{"href":"https:\/\/vof-news.eu\/de\/wp-json\/wp\/v2\/types\/post"}],"author":[{"embeddable":true,"href":"https:\/\/vof-news.eu\/de\/wp-json\/wp\/v2\/users\/1"}],"replies":[{"embeddable":true,"href":"https:\/\/vof-news.eu\/de\/wp-json\/wp\/v2\/comments?post=314196"}],"version-history":[{"count":1,"href":"https:\/\/vof-news.eu\/de\/wp-json\/wp\/v2\/posts\/314196\/revisions"}],"predecessor-version":[{"id":314203,"href":"https:\/\/vof-news.eu\/de\/wp-json\/wp\/v2\/posts\/314196\/revisions\/314203"}],"wp:featuredmedia":[{"embeddable":true,"href":"https:\/\/vof-news.eu\/de\/wp-json\/wp\/v2\/media\/314197"}],"wp:attachment":[{"href":"https:\/\/vof-news.eu\/de\/wp-json\/wp\/v2\/media?parent=314196"}],"wp:term":[{"taxonomy":"category","embeddable":true,"href":"https:\/\/vof-news.eu\/de\/wp-json\/wp\/v2\/categories?post=314196"},{"taxonomy":"post_tag","embeddable":true,"href":"https:\/\/vof-news.eu\/de\/wp-json\/wp\/v2\/tags?post=314196"}],"curies":[{"name":"wp","href":"https:\/\/api.w.org\/{rel}","templated":true}]}}