{"id":314152,"date":"2026-01-07T13:28:15","date_gmt":"2026-01-07T10:28:15","guid":{"rendered":"https:\/\/vof-news.eu\/dax-steigt-auf-rekordniveau-von-mehr-als-25-000-punkten\/"},"modified":"2026-01-07T13:29:33","modified_gmt":"2026-01-07T10:29:33","slug":"dax-steigt-auf-rekordniveau-von-mehr-als-25-000-punkten","status":"publish","type":"post","link":"https:\/\/vof-news.eu\/de\/dax-steigt-auf-rekordniveau-von-mehr-als-25-000-punkten\/","title":{"rendered":"Dax steigt auf Rekordniveau von mehr als 25.000 Punkten"},"content":{"rendered":"<div>\n<p>Der <span><a href=\"https:\/\/www.zeit.de\/thema\/dax\" rel=\"nofollow\">Dax<\/a><\/span> hat erstmals in seiner Geschichte die<br \/>\nMarke von 25.000 Punkten \u00fcberschritten. Der deutsche B\u00f6rsen-Leitindex<br \/>\nstieg in den ersten Handelsminuten auf 25.003,73 Z\u00e4hler.\u00a0Wegen der Infrastruktur- und R\u00fcstungsmilliarden<br \/>\n der Bundesregierung ist die Aussicht auf eine Belebung der deutschen<br \/>\nWirtschaft im neuen Jahr ein zentraler Kurstreiber.\n<\/p>\n<p>Ein Run auf Aktien von R\u00fcstungsfirmen \u200cnach dem<br \/>\nUS-Milit\u00e4rschlag gegen <a href=\"https:\/\/www.zeit.de\/wirtschaft\/2026-01\/bodenschaetze-oel-ressourcen-venezuela\" rel=\"nofollow\">Venezuela<\/a> hatte den Dax bereits am Montag<br \/>\n\u00fcber \u2060die im Oktober aufgestellte \u200bBestmarke getrieben. Zu den Indexrekorden trugen zudem<br \/>\nungel\u00f6ste Konflikte bei \u2013 wie etwa der <span><a href=\"https:\/\/www.zeit.de\/thema\/krieg-in-ukraine\" rel=\"nofollow\">Ukrainekrieg<\/a><\/span>, der in <a href=\"https:\/\/www.zeit.de\/2026\/01\/wirtschaftliche-bilanz-2025-deutschland-boerse-dax-loehne-bip\" rel=\"nofollow\">Deutschland<\/a> zu einer h\u00f6heren Nachfrage an R\u00fcstungsaktien f\u00fchrte.\u00a0\n<\/p>\n<p>Zudem wuchs an der B\u00f6rse die Hoffnung auf sinkende \u00d6lpreise, die sich bereits ein St\u00fcck weit bewahrheitet hat. Billigeres \u00d6l ist gut f\u00fcr die Weltwirtschaft, k\u00f6nnte den Inflationsdruck mindern und weitere Zinssenkungen durch Notenbanken bedeuten. Auch die<br \/>\nSaisonalit\u00e4t spricht f\u00fcr den Dax, denn der Januar z\u00e4hlt f\u00fcr gew\u00f6hnlich<br \/>\nzu den st\u00e4rkeren B\u00f6rsenmonaten.\u00a0\n<\/p>\n<h2>Auch anderswo steigen Kurse<\/h2>\n<p>Marktanalyst Jochen Stanzl von der Consorsbank nennt drei Gr\u00fcnde f\u00fcr den Dax-Anstieg: Erstens die Erleichterung dar\u00fcber, dass es wegen der <a href=\"https:\/\/www.zeit.de\/wirtschaft\/boerse\/2026-01\/boerse-usa-aktien-ruestungskonzerne-steigen-venezuela\" rel=\"nofollow\">US-Attacke auf<br \/>\nVenezuela<\/a> nicht zu einem milit\u00e4rischen Konflikt gekommen ist, zweitens<br \/>\ndie Aussicht auf mittelfristig sinkende \u00d6lpreise und drittens eine neue<br \/>\nLust der Anleger auf <span><a href=\"https:\/\/www.zeit.de\/thema\/aktien\" rel=\"nofollow\">Aktien<\/a><\/span> au\u00dferhalb der USA. Die &#8222;Neujahres-Rally&#8220; im Dax sei in vollem Gang, sagte er.\n<\/p>\n<p>Die B\u00f6rsenstimmung ist derzeit insgesamt<br \/>\nausgesprochen freundlich. In Europa nimmt das Eurozonen-Leitbarometer Euro Stoxx 50 allm\u00e4hlich Kurs auf die Marke von 6.000 Z\u00e4hlern. R\u00fcckenwind<br \/>\n kommt aber auch von der Wall Street, wo der Leitindex Dow Jones<br \/>\nIndustrial inzwischen auf die Marke von 50.000 Punkten zusteuert.\n<\/p>\n<h2>Der Dax w\u00e4chst, die Wirtschaft schrumpft<\/h2>\n<p>Bereits gegen Ende 2025 hatten Anleger am<br \/>\ndeutschen Aktienmarkt zunehmend auf eine Belebung der deutschen<br \/>\nWirtschaft durch die schuldenfinanzierten Infrastruktur- und<br \/>\nR\u00fcstungsmilliarden im Sonderverm\u00f6gen der Bundesregierung sowie durch weniger B\u00fcrokratie<br \/>\ngesetzt.\u00a0\n<\/p>\n<p>Die Rally an den B\u00f6rsen steht in starkem<br \/>\nGegensatz zur gegenw\u00e4rtig z\u00e4hen Wirtschaftslage in Deutschland. Die<br \/>\nBlicke der Investoren richten sich oft aber nicht auf die aktuelle Lage,<br \/>\n sondern auf k\u00fcnftige Gewinne. Zudem sind die 40 im Dax gef\u00fchrten Konzerne international aufgestellt und machen den Gro\u00dfteil ihrer Ums\u00e4tze im Ausland.\n<\/p>\n<\/div>\n","protected":false},"excerpt":{"rendered":"<p>Der Dax hat erstmals in seiner Geschichte die Marke von 25.000 Punkten \u00fcberschritten. Der deutsche B\u00f6rsen-Leitindex stieg in den ersten Handelsminuten auf 25.003,73 Z\u00e4hler.\u00a0Wegen der Infrastruktur- und R\u00fcstungsmilliarden der Bundesregierung ist die Aussicht auf eine Belebung der deutschen Wirtschaft im neuen Jahr ein zentraler Kurstreiber. Ein Run auf Aktien von R\u00fcstungsfirmen \u200cnach dem US-Milit\u00e4rschlag gegen<\/p>\n","protected":false},"author":1,"featured_media":314153,"comment_status":"open","ping_status":"open","sticky":false,"template":"","format":"standard","meta":{"footnotes":""},"categories":[116],"tags":[],"class_list":["post-314152","post","type-post","status-publish","format-standard","has-post-thumbnail","hentry","category-war-chronicles-de"],"acf":[],"yoast_head":"<!-- This site is optimized with the Yoast SEO plugin v22.9 - https:\/\/yoast.com\/wordpress\/plugins\/seo\/ -->\n<title>Dax steigt auf Rekordniveau von mehr als 25.000 Punkten - vof-news.eu<\/title>\n<meta name=\"description\" content=\"Der Dax hat erstmals in seiner Geschichte die\" \/>\n<meta name=\"robots\" content=\"noindex, follow, max-snippet:-1, max-image-preview:large, max-video-preview:-1\" \/>\n<meta property=\"og:locale\" content=\"de_DE\" \/>\n<meta property=\"og:type\" content=\"article\" \/>\n<meta property=\"og:title\" content=\"Dax steigt auf Rekordniveau von mehr als 25.000 Punkten - vof-news.eu\" \/>\n<meta property=\"og:description\" content=\"Der Dax hat erstmals in seiner Geschichte die\" \/>\n<meta property=\"og:url\" content=\"https:\/\/vof-news.eu\/de\/dax-steigt-auf-rekordniveau-von-mehr-als-25-000-punkten\/\" \/>\n<meta property=\"og:site_name\" content=\"vof-news.eu\" \/>\n<meta property=\"article:published_time\" content=\"2026-01-07T10:28:15+00:00\" \/>\n<meta property=\"article:modified_time\" content=\"2026-01-07T10:29:33+00:00\" \/>\n<meta property=\"og:image\" content=\"https:\/\/vof-news.eu\/wp-content\/uploads\/2026\/01\/wide__1000x562-29.jpg\" \/>\n\t<meta property=\"og:image:width\" content=\"1000\" \/>\n\t<meta property=\"og:image:height\" content=\"562\" \/>\n\t<meta property=\"og:image:type\" content=\"image\/jpeg\" \/>\n<meta name=\"author\" content=\"Author\" \/>\n<meta name=\"twitter:card\" content=\"summary_large_image\" \/>\n<meta name=\"twitter:label1\" content=\"Verfasst von\" \/>\n\t<meta name=\"twitter:data1\" content=\"Author\" \/>\n\t<meta name=\"twitter:label2\" content=\"Gesch\u00e4tzte Lesezeit\" \/>\n\t<meta name=\"twitter:data2\" content=\"2\u00a0Minuten\" \/>\n<script type=\"application\/ld+json\" class=\"yoast-schema-graph\">{\"@context\":\"https:\/\/schema.org\",\"@graph\":[{\"@type\":\"WebPage\",\"@id\":\"https:\/\/vof-news.eu\/de\/dax-steigt-auf-rekordniveau-von-mehr-als-25-000-punkten\/\",\"url\":\"https:\/\/vof-news.eu\/de\/dax-steigt-auf-rekordniveau-von-mehr-als-25-000-punkten\/\",\"name\":\"Dax steigt auf Rekordniveau von mehr als 25.000 Punkten - vof-news.eu\",\"isPartOf\":{\"@id\":\"https:\/\/vof-news.eu\/de\/#website\"},\"primaryImageOfPage\":{\"@id\":\"https:\/\/vof-news.eu\/de\/dax-steigt-auf-rekordniveau-von-mehr-als-25-000-punkten\/#primaryimage\"},\"image\":{\"@id\":\"https:\/\/vof-news.eu\/de\/dax-steigt-auf-rekordniveau-von-mehr-als-25-000-punkten\/#primaryimage\"},\"thumbnailUrl\":\"https:\/\/vof-news.eu\/wp-content\/uploads\/2026\/01\/wide__1000x562-29.jpg\",\"datePublished\":\"2026-01-07T10:28:15+00:00\",\"dateModified\":\"2026-01-07T10:29:33+00:00\",\"author\":{\"@id\":\"https:\/\/vof-news.eu\/de\/#\/schema\/person\/f6a2a4309f0561835797fd8c19b333ed\"},\"description\":\"Der Dax hat erstmals in seiner Geschichte die\",\"breadcrumb\":{\"@id\":\"https:\/\/vof-news.eu\/de\/dax-steigt-auf-rekordniveau-von-mehr-als-25-000-punkten\/#breadcrumb\"},\"inLanguage\":\"de\",\"potentialAction\":[{\"@type\":\"ReadAction\",\"target\":[\"https:\/\/vof-news.eu\/de\/dax-steigt-auf-rekordniveau-von-mehr-als-25-000-punkten\/\"]}]},{\"@type\":\"ImageObject\",\"inLanguage\":\"de\",\"@id\":\"https:\/\/vof-news.eu\/de\/dax-steigt-auf-rekordniveau-von-mehr-als-25-000-punkten\/#primaryimage\",\"url\":\"https:\/\/vof-news.eu\/wp-content\/uploads\/2026\/01\/wide__1000x562-29.jpg\",\"contentUrl\":\"https:\/\/vof-news.eu\/wp-content\/uploads\/2026\/01\/wide__1000x562-29.jpg\",\"width\":1000,\"height\":562},{\"@type\":\"BreadcrumbList\",\"@id\":\"https:\/\/vof-news.eu\/de\/dax-steigt-auf-rekordniveau-von-mehr-als-25-000-punkten\/#breadcrumb\",\"itemListElement\":[{\"@type\":\"ListItem\",\"position\":1,\"name\":\"Home\",\"item\":\"https:\/\/vof-news.eu\/de\/\"},{\"@type\":\"ListItem\",\"position\":2,\"name\":\"Dax steigt auf Rekordniveau von mehr als 25.000 Punkten\"}]},{\"@type\":\"WebSite\",\"@id\":\"https:\/\/vof-news.eu\/de\/#website\",\"url\":\"https:\/\/vof-news.eu\/de\/\",\"name\":\"vof-news.eu\",\"description\":\"\",\"potentialAction\":[{\"@type\":\"SearchAction\",\"target\":{\"@type\":\"EntryPoint\",\"urlTemplate\":\"https:\/\/vof-news.eu\/de\/?s={search_term_string}\"},\"query-input\":\"required name=search_term_string\"}],\"inLanguage\":\"de\"},{\"@type\":\"Person\",\"@id\":\"https:\/\/vof-news.eu\/de\/#\/schema\/person\/f6a2a4309f0561835797fd8c19b333ed\",\"name\":\"Author\",\"image\":{\"@type\":\"ImageObject\",\"inLanguage\":\"de\",\"@id\":\"https:\/\/vof-news.eu\/de\/#\/schema\/person\/image\/\",\"url\":\"https:\/\/secure.gravatar.com\/avatar\/b67e614b1b25b3e9c0c239efdd2fde5ab015b5affd6f1c3c85911ca4b384e790?s=96&d=mm&r=g\",\"contentUrl\":\"https:\/\/secure.gravatar.com\/avatar\/b67e614b1b25b3e9c0c239efdd2fde5ab015b5affd6f1c3c85911ca4b384e790?s=96&d=mm&r=g\",\"caption\":\"Author\"},\"sameAs\":[\"http:\/\/vof-news.eu\"],\"url\":\"https:\/\/vof-news.eu\/de\/author\/zwt6qxnjulxbnyg\/\"}]}<\/script>\n<!-- \/ Yoast SEO plugin. -->","yoast_head_json":{"title":"Dax steigt auf Rekordniveau von mehr als 25.000 Punkten - vof-news.eu","description":"Der Dax hat erstmals in seiner Geschichte die","robots":{"index":"noindex","follow":"follow","max-snippet":"max-snippet:-1","max-image-preview":"max-image-preview:large","max-video-preview":"max-video-preview:-1"},"og_locale":"de_DE","og_type":"article","og_title":"Dax steigt auf Rekordniveau von mehr als 25.000 Punkten - vof-news.eu","og_description":"Der Dax hat erstmals in seiner Geschichte die","og_url":"https:\/\/vof-news.eu\/de\/dax-steigt-auf-rekordniveau-von-mehr-als-25-000-punkten\/","og_site_name":"vof-news.eu","article_published_time":"2026-01-07T10:28:15+00:00","article_modified_time":"2026-01-07T10:29:33+00:00","og_image":[{"width":1000,"height":562,"url":"https:\/\/vof-news.eu\/wp-content\/uploads\/2026\/01\/wide__1000x562-29.jpg","type":"image\/jpeg"}],"author":"Author","twitter_card":"summary_large_image","twitter_misc":{"Verfasst von":"Author","Gesch\u00e4tzte Lesezeit":"2\u00a0Minuten"},"schema":{"@context":"https:\/\/schema.org","@graph":[{"@type":"WebPage","@id":"https:\/\/vof-news.eu\/de\/dax-steigt-auf-rekordniveau-von-mehr-als-25-000-punkten\/","url":"https:\/\/vof-news.eu\/de\/dax-steigt-auf-rekordniveau-von-mehr-als-25-000-punkten\/","name":"Dax steigt auf Rekordniveau von mehr als 25.000 Punkten - vof-news.eu","isPartOf":{"@id":"https:\/\/vof-news.eu\/de\/#website"},"primaryImageOfPage":{"@id":"https:\/\/vof-news.eu\/de\/dax-steigt-auf-rekordniveau-von-mehr-als-25-000-punkten\/#primaryimage"},"image":{"@id":"https:\/\/vof-news.eu\/de\/dax-steigt-auf-rekordniveau-von-mehr-als-25-000-punkten\/#primaryimage"},"thumbnailUrl":"https:\/\/vof-news.eu\/wp-content\/uploads\/2026\/01\/wide__1000x562-29.jpg","datePublished":"2026-01-07T10:28:15+00:00","dateModified":"2026-01-07T10:29:33+00:00","author":{"@id":"https:\/\/vof-news.eu\/de\/#\/schema\/person\/f6a2a4309f0561835797fd8c19b333ed"},"description":"Der Dax hat erstmals in seiner Geschichte die","breadcrumb":{"@id":"https:\/\/vof-news.eu\/de\/dax-steigt-auf-rekordniveau-von-mehr-als-25-000-punkten\/#breadcrumb"},"inLanguage":"de","potentialAction":[{"@type":"ReadAction","target":["https:\/\/vof-news.eu\/de\/dax-steigt-auf-rekordniveau-von-mehr-als-25-000-punkten\/"]}]},{"@type":"ImageObject","inLanguage":"de","@id":"https:\/\/vof-news.eu\/de\/dax-steigt-auf-rekordniveau-von-mehr-als-25-000-punkten\/#primaryimage","url":"https:\/\/vof-news.eu\/wp-content\/uploads\/2026\/01\/wide__1000x562-29.jpg","contentUrl":"https:\/\/vof-news.eu\/wp-content\/uploads\/2026\/01\/wide__1000x562-29.jpg","width":1000,"height":562},{"@type":"BreadcrumbList","@id":"https:\/\/vof-news.eu\/de\/dax-steigt-auf-rekordniveau-von-mehr-als-25-000-punkten\/#breadcrumb","itemListElement":[{"@type":"ListItem","position":1,"name":"Home","item":"https:\/\/vof-news.eu\/de\/"},{"@type":"ListItem","position":2,"name":"Dax steigt auf Rekordniveau von mehr als 25.000 Punkten"}]},{"@type":"WebSite","@id":"https:\/\/vof-news.eu\/de\/#website","url":"https:\/\/vof-news.eu\/de\/","name":"vof-news.eu","description":"","potentialAction":[{"@type":"SearchAction","target":{"@type":"EntryPoint","urlTemplate":"https:\/\/vof-news.eu\/de\/?s={search_term_string}"},"query-input":"required name=search_term_string"}],"inLanguage":"de"},{"@type":"Person","@id":"https:\/\/vof-news.eu\/de\/#\/schema\/person\/f6a2a4309f0561835797fd8c19b333ed","name":"Author","image":{"@type":"ImageObject","inLanguage":"de","@id":"https:\/\/vof-news.eu\/de\/#\/schema\/person\/image\/","url":"https:\/\/secure.gravatar.com\/avatar\/b67e614b1b25b3e9c0c239efdd2fde5ab015b5affd6f1c3c85911ca4b384e790?s=96&d=mm&r=g","contentUrl":"https:\/\/secure.gravatar.com\/avatar\/b67e614b1b25b3e9c0c239efdd2fde5ab015b5affd6f1c3c85911ca4b384e790?s=96&d=mm&r=g","caption":"Author"},"sameAs":["http:\/\/vof-news.eu"],"url":"https:\/\/vof-news.eu\/de\/author\/zwt6qxnjulxbnyg\/"}]}},"yoast_meta":{"yoast_wpseo_title":"","yoast_wpseo_metadesc":"","yoast_wpseo_canonical":""},"_links":{"self":[{"href":"https:\/\/vof-news.eu\/de\/wp-json\/wp\/v2\/posts\/314152","targetHints":{"allow":["GET"]}}],"collection":[{"href":"https:\/\/vof-news.eu\/de\/wp-json\/wp\/v2\/posts"}],"about":[{"href":"https:\/\/vof-news.eu\/de\/wp-json\/wp\/v2\/types\/post"}],"author":[{"embeddable":true,"href":"https:\/\/vof-news.eu\/de\/wp-json\/wp\/v2\/users\/1"}],"replies":[{"embeddable":true,"href":"https:\/\/vof-news.eu\/de\/wp-json\/wp\/v2\/comments?post=314152"}],"version-history":[{"count":1,"href":"https:\/\/vof-news.eu\/de\/wp-json\/wp\/v2\/posts\/314152\/revisions"}],"predecessor-version":[{"id":314159,"href":"https:\/\/vof-news.eu\/de\/wp-json\/wp\/v2\/posts\/314152\/revisions\/314159"}],"wp:featuredmedia":[{"embeddable":true,"href":"https:\/\/vof-news.eu\/de\/wp-json\/wp\/v2\/media\/314153"}],"wp:attachment":[{"href":"https:\/\/vof-news.eu\/de\/wp-json\/wp\/v2\/media?parent=314152"}],"wp:term":[{"taxonomy":"category","embeddable":true,"href":"https:\/\/vof-news.eu\/de\/wp-json\/wp\/v2\/categories?post=314152"},{"taxonomy":"post_tag","embeddable":true,"href":"https:\/\/vof-news.eu\/de\/wp-json\/wp\/v2\/tags?post=314152"}],"curies":[{"name":"wp","href":"https:\/\/api.w.org\/{rel}","templated":true}]}}