{"id":314105,"date":"2026-01-07T11:28:16","date_gmt":"2026-01-07T08:28:16","guid":{"rendered":"https:\/\/vof-news.eu\/ein-denkwurdiger-gipfel\/"},"modified":"2026-01-07T11:29:35","modified_gmt":"2026-01-07T08:29:35","slug":"ein-denkwurdiger-gipfel","status":"publish","type":"post","link":"https:\/\/vof-news.eu\/de\/ein-denkwurdiger-gipfel\/","title":{"rendered":"Ein denkw\u00fcrdiger Gipfel"},"content":{"rendered":"<div>\n<p>Bevor man sich \u00fcber den j\u00fcngsten Ukraine-Gipfel beugt, sollte man vielleicht vorausschicken, worum es an diesem Dienstag in Paris nicht ging. Im \u00c9lys\u00e9e haben keine Friedensgespr\u00e4che stattgefunden, auch \u00fcber einen m\u00f6glichen Waffenstillstand zwischen Russland und der <span><a href=\"https:\/\/www.zeit.de\/politik\/ausland\/ukraine-krieg-news-liveblog\" rel=\"nofollow\">Ukraine<\/a><\/span> wurde nicht verhandelt. Die Vertreterinnen und Vertreter aus insgesamt 35 L\u00e4ndern, unter ihnen mehr als zwei Dutzend Staats- und Regierungschefs, haben beraten, welche Voraussetzungen notwendig sind, damit die Ukraine \u00fcberhaupt mit Russland \u00fcber ein Ende des Krieges sprechen kann. Bereits zum 15. Mal haben sich Vertreterinnen und Vertreter der sogenannten &#8222;Koalition der Willigen&#8220; getroffen. Nie seit dem Ende des Zweiten Weltkriegs hat die europ\u00e4ische Diplomatie einen solchen Aufwand betrieben.\u00a0\n<\/p>\n<p>Und, sind die Europ\u00e4er weitergekommen? Wie m\u00fchsam der Weg ist, wie fragil die Ergebnisse sind, zeigt sich an den Worten, die die Beteiligten im Anschluss an das Treffen w\u00e4hlten. Frankreichs Pr\u00e4sident Emmanuel Macron, sonst nie um einen Superlativ verlegen, sprach f\u00fcr seine Verh\u00e4ltnisse fast zur\u00fcckhaltend von einem &#8222;erheblichen Fortschritt&#8220;. <span><a href=\"https:\/\/www.zeit.de\/thema\/friedrich-merz\" rel=\"nofollow\">Friedrich Merz<\/a><\/span> ganz n\u00fcchtern nur von &#8222;einem weiteren Schritt&#8220;.\u00a0\n<\/p>\n<h2>Dem Zwischenziel etwas n\u00e4hergekommen<\/h2>\n<p>Ob und wann das Morden in der Ukraine aufh\u00f6rt, h\u00e4ngt zuvorderst von Russland ab, also von Wladimir Putin. Trotzdem sieht es so aus, als w\u00e4re die Koalition der Willigen \u2013 vor allem sind es europ\u00e4ische L\u00e4nder \u2013 ihrem Zwischenziel etwas n\u00e4hergekommen. Dieses Zwischenziel lautet: eine gemeinsame Basis mit den USA zu finden, also mit Donald Trump. In <span><a href=\"https:\/\/www.zeit.de\/thema\/paris\" rel=\"nofollow\">Paris<\/a><\/span> standen dessen Sondergesandter Steve Witkoff und Trumps Schwiegersohn Jared Kushner bei der abschlie\u00dfenden Pressekonferenz an der Seite von Starmer, Merz, Macron und Selenskyj. Auch die Abschlusserkl\u00e4rung des Treffens haben die Koalition der Willigen, die Ukraine und die USA gemeinsam beschlossen. Ein Schritt, aber was hat er zu bedeuten?\u00a0\n<\/p>\n<p>Mit der Pariser Erkl\u00e4rung wird etwas deutlicher, wie sich Europ\u00e4er, US-Amerikaner und Ukrainer den Weg zu einem dauerhaften Frieden vorstellen. Friedrich Merz hat auch ein m\u00f6gliches Engagement Deutschlands f\u00fcr den Fall eines <span><a href=\"https:\/\/www.zeit.de\/thema\/waffenstillstand\" rel=\"nofollow\">Waffenstillstands<\/a><\/span> etwas genauer benannt als bisher.\u00a0\n<\/p>\n<p>Im Falle eines Waffenstillstands, so steht es in der gemeinsamen Erkl\u00e4rung, w\u00fcrden die USA diesen \u00fcberwachen und m\u00f6gliche Verst\u00f6\u00dfe feststellen. Die Europ\u00e4er, auch Deutschland, haben ihnen dabei Unterst\u00fctzung zugesagt. In Paris weisen die Berater des Pr\u00e4sidenten darauf hin, dass es sich hierbei im Wesentlichen um technische Ma\u00dfnahmen handeln w\u00fcrde. Die 1.400 Kilometer lange Frontlinie soll, wenn sie eingefroren w\u00fcrde, vor allem mithilfe von Satelliten, Drohnen und anderen Ger\u00e4ten \u00fcberwacht werden, nicht von Soldaten. Daf\u00fcr sei die Linie viel zu lang, hei\u00dft es in Paris.\u00a0\n<\/p>\n<p>Die zweite wesentliche Vereinbarung betrifft die viel beschworenen Sicherheitsgarantien f\u00fcr die Ukraine. Also die Frage: Wie kann man die Ukraine unterst\u00fctzen, um einen neuerlichen Angriff Russlands zu verhindern? Und, damit verbunden, was w\u00fcrde man unternehmen, falls Russland doch noch einmal angreift?\u00a0\n<\/p>\n<p>Die Koalition der Willigen stellt der Ukraine hierf\u00fcr eine &#8222;multinationale Streitmacht&#8220; in Aussicht. Diese Streitmacht, hei\u00dft es in der Erkl\u00e4rung, w\u00fcrde von den Europ\u00e4ern gef\u00fchrt und von den USA unterst\u00fctzt. Gro\u00dfbritannien und Frankreich, die die Koalition der Willigen im vergangenen Jahr ins Leben gerufen haben, gehen auch jetzt voran. In Paris unterzeichneten Emmanuel <span><a href=\"https:\/\/www.zeit.de\/thema\/emmanuel-macron\" rel=\"nofollow\">Macron<\/a><\/span> und der britische Premierminister Keir Starmer eine Absichtserkl\u00e4rung. Darin verpflichten sich beide L\u00e4nder, nach einem m\u00f6glichen Waffenstillstand Soldaten in der Ukraine zu stationieren. Macron sprach am Abend in einem Fernsehinterview davon, &#8222;dass Tausende (franz\u00f6sische) Soldaten entsandt werden k\u00f6nnten&#8220;.\u00a0\n<\/p>\n<h2>&#8222;Wir schlie\u00dfen grunds\u00e4tzlich nichts aus&#8220;<\/h2>\n<p>Sp\u00e4testens an dieser Stelle richten sich viele Augen auf Deutschland. Friedrich Merz hatte bislang nicht festlegen wollen, in welcher Form sich deutsche Soldaten an Sicherheitsgarantien f\u00fcr die Ukraine beteiligen k\u00f6nnten. Festgelegt hat er sich auch in Paris nicht, aber er hat eine T\u00fcr ge\u00f6ffnet. Deutschland, so der Kanzler, k\u00f6nnte &#8222;nach einem Waffenstillstand Kr\u00e4fte f\u00fcr die Ukraine auf benachbartem Nato-Gebiet einmelden&#8220;. \u00dcbersetzt aus dem Milit\u00e4rjargon bedeutet es, dass deutsche Soldatinnen und Soldaten, die zum Beispiel in einem baltischen Land stationiert w\u00e4ren, sich an der Unterst\u00fctzung der Ukraine beteiligen k\u00f6nnten. Und noch etwas hat Merz in Paris gesagt, um das deutsche Engagement zu unterstreichen: &#8222;Wir schlie\u00dfen grunds\u00e4tzlich nichts aus.&#8220; Ein Satz, bewusst vage gehalten, der in Berlin f\u00fcr Diskussionen sorgen wird.\u00a0\n<\/p>\n<p>Bereits vor dem Gipfel hatten <a href=\"https:\/\/www.zeit.de\/politik\/ausland\/2026-01\/groenland-daenemark-eu-trump-usa-gxe\" rel=\"nofollow\">Merz, Macron, Starmer und vier weitere Regierungschefs der Europ\u00e4ischen Union eine gemeinsame Erkl\u00e4rung zu Gr\u00f6nland ver\u00f6ffentlicht<\/a>. Darin weisen sie den Anspruch der USA auf die Insel, den Donald Trump in den vergangenen Tagen mehrfach wiederholt hatte, entschieden zur\u00fcck. Gr\u00f6nland sei ein Teil D\u00e4nemarks, Souver\u00e4nit\u00e4t und territoriale Integrit\u00e4t seien &#8222;universelle Prinzipien, wir werden nicht aufh\u00f6ren, sie zu verteidigen&#8220;.\u00a0\n<\/p>\n<p>In demselben Moment, an dem die Europ\u00e4er versuchen, die Trump-Regierung f\u00fcr die Sache der Ukraine zu gewinnen, warnen sie die USA vor einem m\u00f6glichen Angriff auf einen EU- und Nato-Staat. So br\u00fcchig und widerspr\u00fcchlich ist das transatlantische Verh\u00e4ltnis geworden \u2013 mit Trump und gegen Trump, beides an einem Tag.\u00a0\n<\/p>\n<\/div>\n","protected":false},"excerpt":{"rendered":"<p>Bevor man sich \u00fcber den j\u00fcngsten Ukraine-Gipfel beugt, sollte man vielleicht vorausschicken, worum es an diesem Dienstag in Paris nicht ging. Im \u00c9lys\u00e9e haben keine Friedensgespr\u00e4che stattgefunden, auch \u00fcber einen m\u00f6glichen Waffenstillstand zwischen Russland und der Ukraine wurde nicht verhandelt. Die Vertreterinnen und Vertreter aus insgesamt 35 L\u00e4ndern, unter ihnen mehr als zwei Dutzend Staats-<\/p>\n","protected":false},"author":1,"featured_media":314106,"comment_status":"open","ping_status":"open","sticky":false,"template":"","format":"standard","meta":{"footnotes":""},"categories":[116],"tags":[],"class_list":["post-314105","post","type-post","status-publish","format-standard","has-post-thumbnail","hentry","category-war-chronicles-de"],"acf":[],"yoast_head":"<!-- This site is optimized with the Yoast SEO plugin v22.9 - https:\/\/yoast.com\/wordpress\/plugins\/seo\/ -->\n<title>Ein denkw\u00fcrdiger Gipfel - vof-news.eu<\/title>\n<meta name=\"description\" content=\"Bevor man sich \u00fcber den j\u00fcngsten Ukraine-Gipfel beugt, sollte man vielleicht vorausschicken, worum es an diesem Dienstag in Paris nicht ging. Im \u00c9lys\u00e9e haben keine Friedensgespr\u00e4che stattgefunden, auch \u00fcber einen m\u00f6glichen Waffenstillstand zwischen Russland und der Ukraine wurde nicht verhandelt. Die Vertreterinnen und Vertreter aus insgesamt 35 L\u00e4ndern, unter ihnen mehr als zwei Dutzend Staats- und Regierungschefs, haben beraten, welche Voraussetzungen notwendig sind, damit die Ukraine \u00fcberhaupt mit Russland \u00fcber ein Ende des Krieges sprechen kann. Bereits zum 15. Mal haben sich Vertreterinnen und Vertreter der sogenannten &quot;Koalition der Willigen&quot; getroffen. Nie seit dem Ende des Zweiten Weltkriegs hat die europ\u00e4ische Diplomatie einen solchen Aufwand betrieben.\u00a0\" \/>\n<meta name=\"robots\" content=\"noindex, follow, max-snippet:-1, max-image-preview:large, max-video-preview:-1\" \/>\n<meta property=\"og:locale\" content=\"de_DE\" \/>\n<meta property=\"og:type\" content=\"article\" \/>\n<meta property=\"og:title\" content=\"Ein denkw\u00fcrdiger Gipfel - vof-news.eu\" \/>\n<meta property=\"og:description\" content=\"Bevor man sich \u00fcber den j\u00fcngsten Ukraine-Gipfel beugt, sollte man vielleicht vorausschicken, worum es an diesem Dienstag in Paris nicht ging. Im \u00c9lys\u00e9e haben keine Friedensgespr\u00e4che stattgefunden, auch \u00fcber einen m\u00f6glichen Waffenstillstand zwischen Russland und der Ukraine wurde nicht verhandelt. Die Vertreterinnen und Vertreter aus insgesamt 35 L\u00e4ndern, unter ihnen mehr als zwei Dutzend Staats- und Regierungschefs, haben beraten, welche Voraussetzungen notwendig sind, damit die Ukraine \u00fcberhaupt mit Russland \u00fcber ein Ende des Krieges sprechen kann. Bereits zum 15. Mal haben sich Vertreterinnen und Vertreter der sogenannten &quot;Koalition der Willigen&quot; getroffen. Nie seit dem Ende des Zweiten Weltkriegs hat die europ\u00e4ische Diplomatie einen solchen Aufwand betrieben.\u00a0\" \/>\n<meta property=\"og:url\" content=\"https:\/\/vof-news.eu\/de\/ein-denkwurdiger-gipfel\/\" \/>\n<meta property=\"og:site_name\" content=\"vof-news.eu\" \/>\n<meta property=\"article:published_time\" content=\"2026-01-07T08:28:16+00:00\" \/>\n<meta property=\"article:modified_time\" content=\"2026-01-07T08:29:35+00:00\" \/>\n<meta property=\"og:image\" content=\"https:\/\/vof-news.eu\/wp-content\/uploads\/2026\/01\/wide__1000x562-28.jpg\" \/>\n\t<meta property=\"og:image:width\" content=\"1000\" \/>\n\t<meta property=\"og:image:height\" content=\"562\" \/>\n\t<meta property=\"og:image:type\" content=\"image\/jpeg\" \/>\n<meta name=\"author\" content=\"Author\" \/>\n<meta name=\"twitter:card\" content=\"summary_large_image\" \/>\n<meta name=\"twitter:label1\" content=\"Verfasst von\" \/>\n\t<meta name=\"twitter:data1\" content=\"Author\" \/>\n\t<meta name=\"twitter:label2\" content=\"Gesch\u00e4tzte Lesezeit\" \/>\n\t<meta name=\"twitter:data2\" content=\"4\u00a0Minuten\" \/>\n<script type=\"application\/ld+json\" class=\"yoast-schema-graph\">{\"@context\":\"https:\/\/schema.org\",\"@graph\":[{\"@type\":\"WebPage\",\"@id\":\"https:\/\/vof-news.eu\/de\/ein-denkwurdiger-gipfel\/\",\"url\":\"https:\/\/vof-news.eu\/de\/ein-denkwurdiger-gipfel\/\",\"name\":\"Ein denkw\u00fcrdiger Gipfel - vof-news.eu\",\"isPartOf\":{\"@id\":\"https:\/\/vof-news.eu\/de\/#website\"},\"primaryImageOfPage\":{\"@id\":\"https:\/\/vof-news.eu\/de\/ein-denkwurdiger-gipfel\/#primaryimage\"},\"image\":{\"@id\":\"https:\/\/vof-news.eu\/de\/ein-denkwurdiger-gipfel\/#primaryimage\"},\"thumbnailUrl\":\"https:\/\/vof-news.eu\/wp-content\/uploads\/2026\/01\/wide__1000x562-28.jpg\",\"datePublished\":\"2026-01-07T08:28:16+00:00\",\"dateModified\":\"2026-01-07T08:29:35+00:00\",\"author\":{\"@id\":\"https:\/\/vof-news.eu\/de\/#\/schema\/person\/f6a2a4309f0561835797fd8c19b333ed\"},\"description\":\"Bevor man sich \u00fcber den j\u00fcngsten Ukraine-Gipfel beugt, sollte man vielleicht vorausschicken, worum es an diesem Dienstag in Paris nicht ging. Im \u00c9lys\u00e9e haben keine Friedensgespr\u00e4che stattgefunden, auch \u00fcber einen m\u00f6glichen Waffenstillstand zwischen Russland und der Ukraine wurde nicht verhandelt. Die Vertreterinnen und Vertreter aus insgesamt 35 L\u00e4ndern, unter ihnen mehr als zwei Dutzend Staats- und Regierungschefs, haben beraten, welche Voraussetzungen notwendig sind, damit die Ukraine \u00fcberhaupt mit Russland \u00fcber ein Ende des Krieges sprechen kann. Bereits zum 15. Mal haben sich Vertreterinnen und Vertreter der sogenannten \\\"Koalition der Willigen\\\" getroffen. Nie seit dem Ende des Zweiten Weltkriegs hat die europ\u00e4ische Diplomatie einen solchen Aufwand betrieben.\u00a0\",\"breadcrumb\":{\"@id\":\"https:\/\/vof-news.eu\/de\/ein-denkwurdiger-gipfel\/#breadcrumb\"},\"inLanguage\":\"de\",\"potentialAction\":[{\"@type\":\"ReadAction\",\"target\":[\"https:\/\/vof-news.eu\/de\/ein-denkwurdiger-gipfel\/\"]}]},{\"@type\":\"ImageObject\",\"inLanguage\":\"de\",\"@id\":\"https:\/\/vof-news.eu\/de\/ein-denkwurdiger-gipfel\/#primaryimage\",\"url\":\"https:\/\/vof-news.eu\/wp-content\/uploads\/2026\/01\/wide__1000x562-28.jpg\",\"contentUrl\":\"https:\/\/vof-news.eu\/wp-content\/uploads\/2026\/01\/wide__1000x562-28.jpg\",\"width\":1000,\"height\":562},{\"@type\":\"BreadcrumbList\",\"@id\":\"https:\/\/vof-news.eu\/de\/ein-denkwurdiger-gipfel\/#breadcrumb\",\"itemListElement\":[{\"@type\":\"ListItem\",\"position\":1,\"name\":\"Home\",\"item\":\"https:\/\/vof-news.eu\/de\/\"},{\"@type\":\"ListItem\",\"position\":2,\"name\":\"Ein denkw\u00fcrdiger Gipfel\"}]},{\"@type\":\"WebSite\",\"@id\":\"https:\/\/vof-news.eu\/de\/#website\",\"url\":\"https:\/\/vof-news.eu\/de\/\",\"name\":\"vof-news.eu\",\"description\":\"\",\"potentialAction\":[{\"@type\":\"SearchAction\",\"target\":{\"@type\":\"EntryPoint\",\"urlTemplate\":\"https:\/\/vof-news.eu\/de\/?s={search_term_string}\"},\"query-input\":\"required name=search_term_string\"}],\"inLanguage\":\"de\"},{\"@type\":\"Person\",\"@id\":\"https:\/\/vof-news.eu\/de\/#\/schema\/person\/f6a2a4309f0561835797fd8c19b333ed\",\"name\":\"Author\",\"image\":{\"@type\":\"ImageObject\",\"inLanguage\":\"de\",\"@id\":\"https:\/\/vof-news.eu\/de\/#\/schema\/person\/image\/\",\"url\":\"https:\/\/secure.gravatar.com\/avatar\/b67e614b1b25b3e9c0c239efdd2fde5ab015b5affd6f1c3c85911ca4b384e790?s=96&d=mm&r=g\",\"contentUrl\":\"https:\/\/secure.gravatar.com\/avatar\/b67e614b1b25b3e9c0c239efdd2fde5ab015b5affd6f1c3c85911ca4b384e790?s=96&d=mm&r=g\",\"caption\":\"Author\"},\"sameAs\":[\"http:\/\/vof-news.eu\"],\"url\":\"https:\/\/vof-news.eu\/de\/author\/zwt6qxnjulxbnyg\/\"}]}<\/script>\n<!-- \/ Yoast SEO plugin. -->","yoast_head_json":{"title":"Ein denkw\u00fcrdiger Gipfel - vof-news.eu","description":"Bevor man sich \u00fcber den j\u00fcngsten Ukraine-Gipfel beugt, sollte man vielleicht vorausschicken, worum es an diesem Dienstag in Paris nicht ging. Im \u00c9lys\u00e9e haben keine Friedensgespr\u00e4che stattgefunden, auch \u00fcber einen m\u00f6glichen Waffenstillstand zwischen Russland und der Ukraine wurde nicht verhandelt. Die Vertreterinnen und Vertreter aus insgesamt 35 L\u00e4ndern, unter ihnen mehr als zwei Dutzend Staats- und Regierungschefs, haben beraten, welche Voraussetzungen notwendig sind, damit die Ukraine \u00fcberhaupt mit Russland \u00fcber ein Ende des Krieges sprechen kann. Bereits zum 15. Mal haben sich Vertreterinnen und Vertreter der sogenannten \"Koalition der Willigen\" getroffen. Nie seit dem Ende des Zweiten Weltkriegs hat die europ\u00e4ische Diplomatie einen solchen Aufwand betrieben.\u00a0","robots":{"index":"noindex","follow":"follow","max-snippet":"max-snippet:-1","max-image-preview":"max-image-preview:large","max-video-preview":"max-video-preview:-1"},"og_locale":"de_DE","og_type":"article","og_title":"Ein denkw\u00fcrdiger Gipfel - vof-news.eu","og_description":"Bevor man sich \u00fcber den j\u00fcngsten Ukraine-Gipfel beugt, sollte man vielleicht vorausschicken, worum es an diesem Dienstag in Paris nicht ging. Im \u00c9lys\u00e9e haben keine Friedensgespr\u00e4che stattgefunden, auch \u00fcber einen m\u00f6glichen Waffenstillstand zwischen Russland und der Ukraine wurde nicht verhandelt. Die Vertreterinnen und Vertreter aus insgesamt 35 L\u00e4ndern, unter ihnen mehr als zwei Dutzend Staats- und Regierungschefs, haben beraten, welche Voraussetzungen notwendig sind, damit die Ukraine \u00fcberhaupt mit Russland \u00fcber ein Ende des Krieges sprechen kann. Bereits zum 15. Mal haben sich Vertreterinnen und Vertreter der sogenannten \"Koalition der Willigen\" getroffen. Nie seit dem Ende des Zweiten Weltkriegs hat die europ\u00e4ische Diplomatie einen solchen Aufwand betrieben.\u00a0","og_url":"https:\/\/vof-news.eu\/de\/ein-denkwurdiger-gipfel\/","og_site_name":"vof-news.eu","article_published_time":"2026-01-07T08:28:16+00:00","article_modified_time":"2026-01-07T08:29:35+00:00","og_image":[{"width":1000,"height":562,"url":"https:\/\/vof-news.eu\/wp-content\/uploads\/2026\/01\/wide__1000x562-28.jpg","type":"image\/jpeg"}],"author":"Author","twitter_card":"summary_large_image","twitter_misc":{"Verfasst von":"Author","Gesch\u00e4tzte Lesezeit":"4\u00a0Minuten"},"schema":{"@context":"https:\/\/schema.org","@graph":[{"@type":"WebPage","@id":"https:\/\/vof-news.eu\/de\/ein-denkwurdiger-gipfel\/","url":"https:\/\/vof-news.eu\/de\/ein-denkwurdiger-gipfel\/","name":"Ein denkw\u00fcrdiger Gipfel - vof-news.eu","isPartOf":{"@id":"https:\/\/vof-news.eu\/de\/#website"},"primaryImageOfPage":{"@id":"https:\/\/vof-news.eu\/de\/ein-denkwurdiger-gipfel\/#primaryimage"},"image":{"@id":"https:\/\/vof-news.eu\/de\/ein-denkwurdiger-gipfel\/#primaryimage"},"thumbnailUrl":"https:\/\/vof-news.eu\/wp-content\/uploads\/2026\/01\/wide__1000x562-28.jpg","datePublished":"2026-01-07T08:28:16+00:00","dateModified":"2026-01-07T08:29:35+00:00","author":{"@id":"https:\/\/vof-news.eu\/de\/#\/schema\/person\/f6a2a4309f0561835797fd8c19b333ed"},"description":"Bevor man sich \u00fcber den j\u00fcngsten Ukraine-Gipfel beugt, sollte man vielleicht vorausschicken, worum es an diesem Dienstag in Paris nicht ging. Im \u00c9lys\u00e9e haben keine Friedensgespr\u00e4che stattgefunden, auch \u00fcber einen m\u00f6glichen Waffenstillstand zwischen Russland und der Ukraine wurde nicht verhandelt. Die Vertreterinnen und Vertreter aus insgesamt 35 L\u00e4ndern, unter ihnen mehr als zwei Dutzend Staats- und Regierungschefs, haben beraten, welche Voraussetzungen notwendig sind, damit die Ukraine \u00fcberhaupt mit Russland \u00fcber ein Ende des Krieges sprechen kann. Bereits zum 15. Mal haben sich Vertreterinnen und Vertreter der sogenannten \"Koalition der Willigen\" getroffen. Nie seit dem Ende des Zweiten Weltkriegs hat die europ\u00e4ische Diplomatie einen solchen Aufwand betrieben.\u00a0","breadcrumb":{"@id":"https:\/\/vof-news.eu\/de\/ein-denkwurdiger-gipfel\/#breadcrumb"},"inLanguage":"de","potentialAction":[{"@type":"ReadAction","target":["https:\/\/vof-news.eu\/de\/ein-denkwurdiger-gipfel\/"]}]},{"@type":"ImageObject","inLanguage":"de","@id":"https:\/\/vof-news.eu\/de\/ein-denkwurdiger-gipfel\/#primaryimage","url":"https:\/\/vof-news.eu\/wp-content\/uploads\/2026\/01\/wide__1000x562-28.jpg","contentUrl":"https:\/\/vof-news.eu\/wp-content\/uploads\/2026\/01\/wide__1000x562-28.jpg","width":1000,"height":562},{"@type":"BreadcrumbList","@id":"https:\/\/vof-news.eu\/de\/ein-denkwurdiger-gipfel\/#breadcrumb","itemListElement":[{"@type":"ListItem","position":1,"name":"Home","item":"https:\/\/vof-news.eu\/de\/"},{"@type":"ListItem","position":2,"name":"Ein denkw\u00fcrdiger Gipfel"}]},{"@type":"WebSite","@id":"https:\/\/vof-news.eu\/de\/#website","url":"https:\/\/vof-news.eu\/de\/","name":"vof-news.eu","description":"","potentialAction":[{"@type":"SearchAction","target":{"@type":"EntryPoint","urlTemplate":"https:\/\/vof-news.eu\/de\/?s={search_term_string}"},"query-input":"required name=search_term_string"}],"inLanguage":"de"},{"@type":"Person","@id":"https:\/\/vof-news.eu\/de\/#\/schema\/person\/f6a2a4309f0561835797fd8c19b333ed","name":"Author","image":{"@type":"ImageObject","inLanguage":"de","@id":"https:\/\/vof-news.eu\/de\/#\/schema\/person\/image\/","url":"https:\/\/secure.gravatar.com\/avatar\/b67e614b1b25b3e9c0c239efdd2fde5ab015b5affd6f1c3c85911ca4b384e790?s=96&d=mm&r=g","contentUrl":"https:\/\/secure.gravatar.com\/avatar\/b67e614b1b25b3e9c0c239efdd2fde5ab015b5affd6f1c3c85911ca4b384e790?s=96&d=mm&r=g","caption":"Author"},"sameAs":["http:\/\/vof-news.eu"],"url":"https:\/\/vof-news.eu\/de\/author\/zwt6qxnjulxbnyg\/"}]}},"yoast_meta":{"yoast_wpseo_title":"","yoast_wpseo_metadesc":"","yoast_wpseo_canonical":""},"_links":{"self":[{"href":"https:\/\/vof-news.eu\/de\/wp-json\/wp\/v2\/posts\/314105","targetHints":{"allow":["GET"]}}],"collection":[{"href":"https:\/\/vof-news.eu\/de\/wp-json\/wp\/v2\/posts"}],"about":[{"href":"https:\/\/vof-news.eu\/de\/wp-json\/wp\/v2\/types\/post"}],"author":[{"embeddable":true,"href":"https:\/\/vof-news.eu\/de\/wp-json\/wp\/v2\/users\/1"}],"replies":[{"embeddable":true,"href":"https:\/\/vof-news.eu\/de\/wp-json\/wp\/v2\/comments?post=314105"}],"version-history":[{"count":1,"href":"https:\/\/vof-news.eu\/de\/wp-json\/wp\/v2\/posts\/314105\/revisions"}],"predecessor-version":[{"id":314112,"href":"https:\/\/vof-news.eu\/de\/wp-json\/wp\/v2\/posts\/314105\/revisions\/314112"}],"wp:featuredmedia":[{"embeddable":true,"href":"https:\/\/vof-news.eu\/de\/wp-json\/wp\/v2\/media\/314106"}],"wp:attachment":[{"href":"https:\/\/vof-news.eu\/de\/wp-json\/wp\/v2\/media?parent=314105"}],"wp:term":[{"taxonomy":"category","embeddable":true,"href":"https:\/\/vof-news.eu\/de\/wp-json\/wp\/v2\/categories?post=314105"},{"taxonomy":"post_tag","embeddable":true,"href":"https:\/\/vof-news.eu\/de\/wp-json\/wp\/v2\/tags?post=314105"}],"curies":[{"name":"wp","href":"https:\/\/api.w.org\/{rel}","templated":true}]}}