{"id":313974,"date":"2026-01-06T23:29:22","date_gmt":"2026-01-06T20:29:22","guid":{"rendered":"https:\/\/vof-news.eu\/merz-fur-deutsche-beteiligung-an-friedenssicherung-in-der-ukraine\/"},"modified":"2026-01-06T23:31:14","modified_gmt":"2026-01-06T20:31:14","slug":"merz-fur-deutsche-beteiligung-an-friedenssicherung-in-der-ukraine","status":"publish","type":"post","link":"https:\/\/vof-news.eu\/de\/merz-fur-deutsche-beteiligung-an-friedenssicherung-in-der-ukraine\/","title":{"rendered":"Merz f\u00fcr deutsche Beteiligung an Friedenssicherung in der Ukraine"},"content":{"rendered":"<div>\n<p>Bundeskanzler Friedrich Merz (CDU) hat eine<br \/>\nmilit\u00e4rische Beteiligung Deutschlands an der Absicherung eines m\u00f6glichen<br \/>\n Waffenstillstands in der <span><a href=\"https:\/\/www.zeit.de\/politik\/ausland\/ukraine-krieg-news-liveblog\" rel=\"nofollow\">Ukraine<\/a><\/span> in Aussicht gestellt. &#8222;Dazu kann zum<br \/>\nBeispiel geh\u00f6ren, dass wir nach einem Waffenstillstand Kr\u00e4fte f\u00fcr die<br \/>\nUkraine auf benachbartem Nato-Gebiet einmelden&#8220;, sagte er. \u00dcber Art und Umfang eines deutschen Beitrags<br \/>\nm\u00fcssten Bundesregierung und Bundestag entscheiden,<br \/>\nsobald die genannten Bedingungen gekl\u00e4rt seien.\u00a0\n<\/p>\n<p>Zu diesen Bedingungen z\u00e4hle insbesondere &#8222;eine starke rechtlich bindende<br \/>\nSicherheitsgarantie der USA und ein amerikanischer Backstop zur<br \/>\nAbsicherung eines europ\u00e4ischen Engagements&#8220;, sagte er. Merz zeigte sich \u00fcberzeugt, dass die USA dazu bereit seien. &#8222;Deutschland wird<br \/>\n sich weiter politisch, finanziell und eben auch milit\u00e4risch einbringen&#8220;, sagte er. &#8222;Ich will f\u00fcr mich sagen und auch f\u00fcr die<br \/>\nBundesregierung: Wir schlie\u00dfen dabei grunds\u00e4tzlich nichts aus.&#8220; Damit d\u00fcrfte auch eine Stationierung von Bundeswehrsoldaten in der<br \/>\nUkraine nicht ausgeschlossen sein.\n<\/p>\n<p>Die Unterst\u00fctzer der Ukraine hatten sich zuvor in ihrem Treffen auf die<br \/>\ngroben Z\u00fcge eines Plans f\u00fcr das angegriffene Land nach einem m\u00f6glichen<br \/>\nWaffenstillstand geeinigt. Frankreichs Pr\u00e4sident<br \/>\nEmmanuel Macron, der britische Premierminister Keir Starmer und\u00a0der<br \/>\nukrainische Pr\u00e4sident Wolodymyr<br \/>\nSelenskyj unterzeichneten eine entsprechende gemeinsame Absichtserkl\u00e4rung.\n<\/p>\n<h2>Frankreich und Gro\u00dfbritannien sind federf\u00fchrend<\/h2>\n<p>&#8222;Diese Erkl\u00e4rung der Koalition der Willigen erkennt zum ersten Mal die Zusammenarbeit zwischen den 35 L\u00e4ndern, die die Koalition der Willigen bilden, der Ukraine und den Vereinigten Staaten von Amerika an&#8220;, sagte\u00a0der franz\u00f6sische Pr\u00e4sident Emmanuel Macron\u00a0nach einem Treffen der Koalition. &#8222;Wir haben die Architektur, die Planung, die Mittel und die Regeln f\u00fcr die Sicherheitsgarantien f\u00fcr die Ukraine konsolidiert.&#8220;\n<\/p>\n<p>Der Plan sehe verschiedene Schritte vor, sagte Macron. &#8222;Zun\u00e4chst werden wir einen Mechanismus zur \u00dcberwachung des Waffenstillstands unter amerikanischer F\u00fchrung einrichten, zu dem mehrere Staaten beitragen werden, die sich dazu bereit und in der Lage erkl\u00e4rt haben&#8220;, sagte Macron. Dann folge die langfristige Unterst\u00fctzung des ukrainischen Milit\u00e4rs an der Front und zur k\u00fcnftigen Verteidigung. L\u00e4ngerfristig solle eine &#8222;multinationale Streitmacht in der Luft, auf See und an Land&#8220; geschaffen werden, um nach dem Waffenstillstand f\u00fcr Sicherheit zu sorgen. Und schlie\u00dflich habe die Koalition beschlossen, diese Verpflichtungen zur Unterst\u00fctzung der Ukraine im Falle eines neuen Angriffs Russlands &#8222;durch einen Solidarit\u00e4ts- und Interventionsmechanismus in rechtliche Bestimmungen umzusetzen&#8220;.\n<\/p>\n<p>Ein Teil der Pl\u00e4ne war bereits im Vorfeld bekannt geworden.\n<\/p>\n<h2>M\u00f6gliche europ\u00e4ische Truppen auf ukrainischem Boden<\/h2>\n<p>Der britische Premierminister Keir Starmer\u00a0stellte den Einsatz von britischen und franz\u00f6sischen Streitkr\u00e4ften auf<br \/>\nukrainischem Boden in Aussicht. Auch weitere, nicht namentlich genannte Verb\u00fcndete<br \/>\nwollen demnach ihre Einheiten in die Ukraine entsenden. Nach einem<br \/>\nWaffenstillstand wollten Gro\u00dfbritannien und Frankreich<br \/>\nMilit\u00e4rst\u00fctzpunkte in der Ukraine aufbauen und gesch\u00fctzte Anlagen f\u00fcr<br \/>\nWaffen und milit\u00e4rische Ausr\u00fcstung bauen.\n<\/p>\n<p>Starmer zufolge will<br \/>\nsich Gro\u00dfbritannien zudem an einer von den USA angef\u00fchrten \u00dcberwachung<br \/>\neines m\u00f6glichen Waffenstillstands beteiligen. Langfristig wolle das Land<br \/>\n der Ukraine weiterhin Verteidigungswaffen bereitstellen. Es solle eine<br \/>\nGrundlage f\u00fcr langfristigen Frieden in dem Land nach der russischen Aggression geschaffen werden.\n<\/p>\n<p>Merz appellierte zudem an Selenskyj, dass sich<br \/>\n<a href=\"https:\/\/www.zeit.de\/politik\/deutschland\/2026-01\/csu-verschaerfungen-migrationspolitik-gxe\" rel=\"nofollow\">junge Ukrainer k\u00fcnftig &#8222;in den Dienst einer sicheren und wirtschaftlich<br \/>\ngesundenden Ukraine stellen, statt nach Deutschland<\/a>, Polen oder<br \/>\nFrankreich auszureisen, so wie wir es gegenw\u00e4rtig erleben&#8220;. Die schwarz-rote Regierung will m\u00f6glicherweise ihre Migrationspolitik versch\u00e4rfen.\n<\/p>\n<h2>Selenskyj zeigt sich hoffnungsvoll<\/h2>\n<p>Selenskyj bedankte sich bei allen beteiligten Staaten und betonte das festgeschriebene Ergebnis. Die von den drei L\u00e4ndern unterzeichnete Absichtserkl\u00e4rung verdeutliche &#8222;die Bereitschaft der Koalition und der europ\u00e4ischen L\u00e4nder, sich f\u00fcr den Frieden einzusetzen. Wir wollen bereit sein, damit wir, sobald die Diplomatie Frieden erreicht hat, die Streitkr\u00e4fte der Koalition der Willigen einsetzen k\u00f6nnen&#8220;, sagte er. <a href=\"https:\/\/www.zeit.de\/politik\/ausland\/2025-12\/ukraine-krieg-verhandlungen-friedensplan-wolodymyr-selenskyj-donald-trump-gxe\" rel=\"nofollow\">Details w\u00fcrden in anderen Dokumenten festgelegt, an denen die Ukraine mit ihren Partnern bereits arbeite<\/a>. Man pr\u00fcfe, welche Streitkr\u00e4fte notwendig seien und welcher Staat alles koordinieren k\u00f6nne. Auch die Finanzierung solle vorher gekl\u00e4rt werden.\n<\/p>\n<p>Auch auf die Teilnahme der USA ging er ein und bedankte sich besonders bei den US-Sondergesandten und dem US-Pr\u00e4sidenten. &#8222;Wir hatten sehr konkrete Gespr\u00e4che mit der amerikanischen Delegation \u00fcber die \u00dcberwachung des Friedens&#8220;, sagte er. Es seien jedoch noch einige Fragen offen, wie etwa zum 20-Punkte-Plan der USA. Auch territoriale Fragen seien noch nicht gekl\u00e4rt, das m\u00fcsse vor einem Waffenstillstand aber passieren.\n<\/p>\n<h2>USA sehen &#8222;Meilenstein&#8220; geschafft<\/h2>\n<p>Der US-Sonderbeauftragte f\u00fcr die Ukraine, Steve<br \/>\nWitkoff, sagt, die Ukraine ben\u00f6tige k\u00fcnftig sehr starke<br \/>\nSicherheitsgarantien \u2013 &#8222;so stark wie noch nie&#8220;. Wichtig sei aber<br \/>\nauch der Wiederaufbau nach dem Krieg. Deshalb seien auch Unternehmen wie der<br \/>\nUS-Verm\u00f6gensverwalter Blackrock in m\u00f6gliche k\u00fcnftige Wiederaufbaupl\u00e4ne f\u00fcr das Land eingebunden.\n<\/p>\n<p>Trumps Schwiegersohn Jared Kushner nannte die Gespr\u00e4che &#8222;einen gro\u00dfen Meilenstein&#8220;. Die Teilnahme der USA, wenn auch nicht durch den US-Pr\u00e4sidenten pers\u00f6nlich, wurde als Zeichen des <a href=\"https:\/\/www.zeit.de\/politik\/ausland\/2025-12\/krieg-ukraine-humanitaere-lage-kyjiw-gespraeche-usa\" rel=\"nofollow\">Entgegenkommens gewertet, nachdem die USA sich zuletzt zunehmend unzufrieden mit der Ukraine und der EU gezeigt hatten<\/a>.\n<\/p>\n<h2>27 Staatschefs und die USA einigen sich<\/h2>\n<p>Auch auf die weitere akute Unterst\u00fctzung der Ukraine einigten sich die Beteiligten, sagte Macron. &#8222;Kurzfristig werden wir die Ukraine weiterhin unterst\u00fctzen, damit sie alle Herausforderungen bew\u00e4ltigen kann, denen sie derzeit gegen\u00fcbersteht&#8220;, sagte er. Das betreffe den Schutz ihres Luftraums und den Schutz der Zivilbev\u00f6lkerung, &#8222;die, w\u00e4hrend wir hier sprechen, st\u00e4ndig von den Russen angegriffen wird&#8220;.\u00a0\n<\/p>\n<p><a href=\"https:\/\/www.zeit.de\/politik\/ausland\/2026-01\/ukraine-krieg-sicherheitsgarantien-koalition-der-willigen-paris\" rel=\"nofollow\">27 Staats- und Regierungschefs von Unterst\u00fctzerstaaten der Ukraine hatten in Paris \u00fcber konkrete Zusagen verhandelt<\/a>, die nach einem k\u00fcnftigen<br \/>\nWaffenstillstand die Sicherheit der Ukraine gew\u00e4hrleisten sollen.\u00a0An dem Treffen nahmen neben Selenskyj und den US-Verhandlern auch Vertreter der Europ\u00e4ischen Union (EU) und<br \/>\ndes Verteidigungsb\u00fcndnisses Nato teil.\n<\/p>\n<p>Es war das<br \/>\nerste Mal seit M\u00e4rz 2025, dass sich Vertreter aller 35 Mitglieder der<br \/>\nsogenannten Koalition der Willigen pers\u00f6nlich trafen, wie das<br \/>\nfranz\u00f6sische Pr\u00e4sidentenamt mitteilte. In Paris befindet sich das Hauptquartier der Koalition der Willigen, das k\u00fcnftige Zusammenarbeit koordinieren soll.\u00a0Merz und Macron sollen sich anschlie\u00dfend zu einem Zweiergespr\u00e4ch treffen, bei<br \/>\ndem es auch um die Zukunft des gemeinsamen Kampfjets FCAS gehen soll.\n<\/p>\n<p><a href=\"https:\/\/www.zeit.de\/politik\/ausland\/ukraine-krieg-news-liveblog\" rel=\"nofollow\"><\/a>\n<\/p>\n<\/div>\n","protected":false},"excerpt":{"rendered":"<p>Bundeskanzler Friedrich Merz (CDU) hat eine milit\u00e4rische Beteiligung Deutschlands an der Absicherung eines m\u00f6glichen Waffenstillstands in der Ukraine in Aussicht gestellt. &#8222;Dazu kann zum Beispiel geh\u00f6ren, dass wir nach einem Waffenstillstand Kr\u00e4fte f\u00fcr die Ukraine auf benachbartem Nato-Gebiet einmelden&#8220;, sagte er. \u00dcber Art und Umfang eines deutschen Beitrags m\u00fcssten Bundesregierung und Bundestag entscheiden, sobald die<\/p>\n","protected":false},"author":1,"featured_media":313975,"comment_status":"open","ping_status":"open","sticky":false,"template":"","format":"standard","meta":{"footnotes":""},"categories":[116],"tags":[],"class_list":["post-313974","post","type-post","status-publish","format-standard","has-post-thumbnail","hentry","category-war-chronicles-de"],"acf":[],"yoast_head":"<!-- This site is optimized with the Yoast SEO plugin v22.9 - https:\/\/yoast.com\/wordpress\/plugins\/seo\/ -->\n<title>Merz f\u00fcr deutsche Beteiligung an Friedenssicherung in der Ukraine - vof-news.eu<\/title>\n<meta name=\"description\" content=\"Bundeskanzler Friedrich Merz (CDU) hat eine\" \/>\n<meta name=\"robots\" content=\"noindex, follow, max-snippet:-1, max-image-preview:large, max-video-preview:-1\" \/>\n<meta property=\"og:locale\" content=\"de_DE\" \/>\n<meta property=\"og:type\" content=\"article\" \/>\n<meta property=\"og:title\" content=\"Merz f\u00fcr deutsche Beteiligung an Friedenssicherung in der Ukraine - vof-news.eu\" \/>\n<meta property=\"og:description\" content=\"Bundeskanzler Friedrich Merz (CDU) hat eine\" \/>\n<meta property=\"og:url\" content=\"https:\/\/vof-news.eu\/de\/merz-fur-deutsche-beteiligung-an-friedenssicherung-in-der-ukraine\/\" \/>\n<meta property=\"og:site_name\" content=\"vof-news.eu\" \/>\n<meta property=\"article:published_time\" content=\"2026-01-06T20:29:22+00:00\" \/>\n<meta property=\"article:modified_time\" content=\"2026-01-06T20:31:14+00:00\" \/>\n<meta property=\"og:image\" content=\"https:\/\/vof-news.eu\/wp-content\/uploads\/2026\/01\/wide__1000x562-26.jpg\" \/>\n\t<meta property=\"og:image:width\" content=\"1000\" \/>\n\t<meta property=\"og:image:height\" content=\"562\" \/>\n\t<meta property=\"og:image:type\" content=\"image\/jpeg\" \/>\n<meta name=\"author\" content=\"Author\" \/>\n<meta name=\"twitter:card\" content=\"summary_large_image\" \/>\n<meta name=\"twitter:label1\" content=\"Verfasst von\" \/>\n\t<meta name=\"twitter:data1\" content=\"Author\" \/>\n\t<meta name=\"twitter:label2\" content=\"Gesch\u00e4tzte Lesezeit\" \/>\n\t<meta name=\"twitter:data2\" content=\"5\u00a0Minuten\" \/>\n<script type=\"application\/ld+json\" class=\"yoast-schema-graph\">{\"@context\":\"https:\/\/schema.org\",\"@graph\":[{\"@type\":\"WebPage\",\"@id\":\"https:\/\/vof-news.eu\/de\/merz-fur-deutsche-beteiligung-an-friedenssicherung-in-der-ukraine\/\",\"url\":\"https:\/\/vof-news.eu\/de\/merz-fur-deutsche-beteiligung-an-friedenssicherung-in-der-ukraine\/\",\"name\":\"Merz f\u00fcr deutsche Beteiligung an Friedenssicherung in der Ukraine - vof-news.eu\",\"isPartOf\":{\"@id\":\"https:\/\/vof-news.eu\/de\/#website\"},\"primaryImageOfPage\":{\"@id\":\"https:\/\/vof-news.eu\/de\/merz-fur-deutsche-beteiligung-an-friedenssicherung-in-der-ukraine\/#primaryimage\"},\"image\":{\"@id\":\"https:\/\/vof-news.eu\/de\/merz-fur-deutsche-beteiligung-an-friedenssicherung-in-der-ukraine\/#primaryimage\"},\"thumbnailUrl\":\"https:\/\/vof-news.eu\/wp-content\/uploads\/2026\/01\/wide__1000x562-26.jpg\",\"datePublished\":\"2026-01-06T20:29:22+00:00\",\"dateModified\":\"2026-01-06T20:31:14+00:00\",\"author\":{\"@id\":\"https:\/\/vof-news.eu\/de\/#\/schema\/person\/f6a2a4309f0561835797fd8c19b333ed\"},\"description\":\"Bundeskanzler Friedrich Merz (CDU) hat eine\",\"breadcrumb\":{\"@id\":\"https:\/\/vof-news.eu\/de\/merz-fur-deutsche-beteiligung-an-friedenssicherung-in-der-ukraine\/#breadcrumb\"},\"inLanguage\":\"de\",\"potentialAction\":[{\"@type\":\"ReadAction\",\"target\":[\"https:\/\/vof-news.eu\/de\/merz-fur-deutsche-beteiligung-an-friedenssicherung-in-der-ukraine\/\"]}]},{\"@type\":\"ImageObject\",\"inLanguage\":\"de\",\"@id\":\"https:\/\/vof-news.eu\/de\/merz-fur-deutsche-beteiligung-an-friedenssicherung-in-der-ukraine\/#primaryimage\",\"url\":\"https:\/\/vof-news.eu\/wp-content\/uploads\/2026\/01\/wide__1000x562-26.jpg\",\"contentUrl\":\"https:\/\/vof-news.eu\/wp-content\/uploads\/2026\/01\/wide__1000x562-26.jpg\",\"width\":1000,\"height\":562},{\"@type\":\"BreadcrumbList\",\"@id\":\"https:\/\/vof-news.eu\/de\/merz-fur-deutsche-beteiligung-an-friedenssicherung-in-der-ukraine\/#breadcrumb\",\"itemListElement\":[{\"@type\":\"ListItem\",\"position\":1,\"name\":\"Home\",\"item\":\"https:\/\/vof-news.eu\/de\/\"},{\"@type\":\"ListItem\",\"position\":2,\"name\":\"Merz f\u00fcr deutsche Beteiligung an Friedenssicherung in der Ukraine\"}]},{\"@type\":\"WebSite\",\"@id\":\"https:\/\/vof-news.eu\/de\/#website\",\"url\":\"https:\/\/vof-news.eu\/de\/\",\"name\":\"vof-news.eu\",\"description\":\"\",\"potentialAction\":[{\"@type\":\"SearchAction\",\"target\":{\"@type\":\"EntryPoint\",\"urlTemplate\":\"https:\/\/vof-news.eu\/de\/?s={search_term_string}\"},\"query-input\":\"required name=search_term_string\"}],\"inLanguage\":\"de\"},{\"@type\":\"Person\",\"@id\":\"https:\/\/vof-news.eu\/de\/#\/schema\/person\/f6a2a4309f0561835797fd8c19b333ed\",\"name\":\"Author\",\"image\":{\"@type\":\"ImageObject\",\"inLanguage\":\"de\",\"@id\":\"https:\/\/vof-news.eu\/de\/#\/schema\/person\/image\/\",\"url\":\"https:\/\/secure.gravatar.com\/avatar\/b67e614b1b25b3e9c0c239efdd2fde5ab015b5affd6f1c3c85911ca4b384e790?s=96&d=mm&r=g\",\"contentUrl\":\"https:\/\/secure.gravatar.com\/avatar\/b67e614b1b25b3e9c0c239efdd2fde5ab015b5affd6f1c3c85911ca4b384e790?s=96&d=mm&r=g\",\"caption\":\"Author\"},\"sameAs\":[\"http:\/\/vof-news.eu\"],\"url\":\"https:\/\/vof-news.eu\/de\/author\/zwt6qxnjulxbnyg\/\"}]}<\/script>\n<!-- \/ Yoast SEO plugin. -->","yoast_head_json":{"title":"Merz f\u00fcr deutsche Beteiligung an Friedenssicherung in der Ukraine - vof-news.eu","description":"Bundeskanzler Friedrich Merz (CDU) hat eine","robots":{"index":"noindex","follow":"follow","max-snippet":"max-snippet:-1","max-image-preview":"max-image-preview:large","max-video-preview":"max-video-preview:-1"},"og_locale":"de_DE","og_type":"article","og_title":"Merz f\u00fcr deutsche Beteiligung an Friedenssicherung in der Ukraine - vof-news.eu","og_description":"Bundeskanzler Friedrich Merz (CDU) hat eine","og_url":"https:\/\/vof-news.eu\/de\/merz-fur-deutsche-beteiligung-an-friedenssicherung-in-der-ukraine\/","og_site_name":"vof-news.eu","article_published_time":"2026-01-06T20:29:22+00:00","article_modified_time":"2026-01-06T20:31:14+00:00","og_image":[{"width":1000,"height":562,"url":"https:\/\/vof-news.eu\/wp-content\/uploads\/2026\/01\/wide__1000x562-26.jpg","type":"image\/jpeg"}],"author":"Author","twitter_card":"summary_large_image","twitter_misc":{"Verfasst von":"Author","Gesch\u00e4tzte Lesezeit":"5\u00a0Minuten"},"schema":{"@context":"https:\/\/schema.org","@graph":[{"@type":"WebPage","@id":"https:\/\/vof-news.eu\/de\/merz-fur-deutsche-beteiligung-an-friedenssicherung-in-der-ukraine\/","url":"https:\/\/vof-news.eu\/de\/merz-fur-deutsche-beteiligung-an-friedenssicherung-in-der-ukraine\/","name":"Merz f\u00fcr deutsche Beteiligung an Friedenssicherung in der Ukraine - vof-news.eu","isPartOf":{"@id":"https:\/\/vof-news.eu\/de\/#website"},"primaryImageOfPage":{"@id":"https:\/\/vof-news.eu\/de\/merz-fur-deutsche-beteiligung-an-friedenssicherung-in-der-ukraine\/#primaryimage"},"image":{"@id":"https:\/\/vof-news.eu\/de\/merz-fur-deutsche-beteiligung-an-friedenssicherung-in-der-ukraine\/#primaryimage"},"thumbnailUrl":"https:\/\/vof-news.eu\/wp-content\/uploads\/2026\/01\/wide__1000x562-26.jpg","datePublished":"2026-01-06T20:29:22+00:00","dateModified":"2026-01-06T20:31:14+00:00","author":{"@id":"https:\/\/vof-news.eu\/de\/#\/schema\/person\/f6a2a4309f0561835797fd8c19b333ed"},"description":"Bundeskanzler Friedrich Merz (CDU) hat eine","breadcrumb":{"@id":"https:\/\/vof-news.eu\/de\/merz-fur-deutsche-beteiligung-an-friedenssicherung-in-der-ukraine\/#breadcrumb"},"inLanguage":"de","potentialAction":[{"@type":"ReadAction","target":["https:\/\/vof-news.eu\/de\/merz-fur-deutsche-beteiligung-an-friedenssicherung-in-der-ukraine\/"]}]},{"@type":"ImageObject","inLanguage":"de","@id":"https:\/\/vof-news.eu\/de\/merz-fur-deutsche-beteiligung-an-friedenssicherung-in-der-ukraine\/#primaryimage","url":"https:\/\/vof-news.eu\/wp-content\/uploads\/2026\/01\/wide__1000x562-26.jpg","contentUrl":"https:\/\/vof-news.eu\/wp-content\/uploads\/2026\/01\/wide__1000x562-26.jpg","width":1000,"height":562},{"@type":"BreadcrumbList","@id":"https:\/\/vof-news.eu\/de\/merz-fur-deutsche-beteiligung-an-friedenssicherung-in-der-ukraine\/#breadcrumb","itemListElement":[{"@type":"ListItem","position":1,"name":"Home","item":"https:\/\/vof-news.eu\/de\/"},{"@type":"ListItem","position":2,"name":"Merz f\u00fcr deutsche Beteiligung an Friedenssicherung in der Ukraine"}]},{"@type":"WebSite","@id":"https:\/\/vof-news.eu\/de\/#website","url":"https:\/\/vof-news.eu\/de\/","name":"vof-news.eu","description":"","potentialAction":[{"@type":"SearchAction","target":{"@type":"EntryPoint","urlTemplate":"https:\/\/vof-news.eu\/de\/?s={search_term_string}"},"query-input":"required name=search_term_string"}],"inLanguage":"de"},{"@type":"Person","@id":"https:\/\/vof-news.eu\/de\/#\/schema\/person\/f6a2a4309f0561835797fd8c19b333ed","name":"Author","image":{"@type":"ImageObject","inLanguage":"de","@id":"https:\/\/vof-news.eu\/de\/#\/schema\/person\/image\/","url":"https:\/\/secure.gravatar.com\/avatar\/b67e614b1b25b3e9c0c239efdd2fde5ab015b5affd6f1c3c85911ca4b384e790?s=96&d=mm&r=g","contentUrl":"https:\/\/secure.gravatar.com\/avatar\/b67e614b1b25b3e9c0c239efdd2fde5ab015b5affd6f1c3c85911ca4b384e790?s=96&d=mm&r=g","caption":"Author"},"sameAs":["http:\/\/vof-news.eu"],"url":"https:\/\/vof-news.eu\/de\/author\/zwt6qxnjulxbnyg\/"}]}},"yoast_meta":{"yoast_wpseo_title":"","yoast_wpseo_metadesc":"","yoast_wpseo_canonical":""},"_links":{"self":[{"href":"https:\/\/vof-news.eu\/de\/wp-json\/wp\/v2\/posts\/313974","targetHints":{"allow":["GET"]}}],"collection":[{"href":"https:\/\/vof-news.eu\/de\/wp-json\/wp\/v2\/posts"}],"about":[{"href":"https:\/\/vof-news.eu\/de\/wp-json\/wp\/v2\/types\/post"}],"author":[{"embeddable":true,"href":"https:\/\/vof-news.eu\/de\/wp-json\/wp\/v2\/users\/1"}],"replies":[{"embeddable":true,"href":"https:\/\/vof-news.eu\/de\/wp-json\/wp\/v2\/comments?post=313974"}],"version-history":[{"count":1,"href":"https:\/\/vof-news.eu\/de\/wp-json\/wp\/v2\/posts\/313974\/revisions"}],"predecessor-version":[{"id":313981,"href":"https:\/\/vof-news.eu\/de\/wp-json\/wp\/v2\/posts\/313974\/revisions\/313981"}],"wp:featuredmedia":[{"embeddable":true,"href":"https:\/\/vof-news.eu\/de\/wp-json\/wp\/v2\/media\/313975"}],"wp:attachment":[{"href":"https:\/\/vof-news.eu\/de\/wp-json\/wp\/v2\/media?parent=313974"}],"wp:term":[{"taxonomy":"category","embeddable":true,"href":"https:\/\/vof-news.eu\/de\/wp-json\/wp\/v2\/categories?post=313974"},{"taxonomy":"post_tag","embeddable":true,"href":"https:\/\/vof-news.eu\/de\/wp-json\/wp\/v2\/tags?post=313974"}],"curies":[{"name":"wp","href":"https:\/\/api.w.org\/{rel}","templated":true}]}}