{"id":313948,"date":"2026-01-06T21:28:26","date_gmt":"2026-01-06T18:28:26","guid":{"rendered":"https:\/\/vof-news.eu\/usa-und-europa-wollen-sicherheitszusagen-fur-ukraine-konkretisieren-2\/"},"modified":"2026-01-06T21:30:36","modified_gmt":"2026-01-06T18:30:36","slug":"usa-und-europa-wollen-sicherheitszusagen-fur-ukraine-konkretisieren-2","status":"publish","type":"post","link":"https:\/\/vof-news.eu\/de\/usa-und-europa-wollen-sicherheitszusagen-fur-ukraine-konkretisieren-2\/","title":{"rendered":"USA und Europa wollen Sicherheitszusagen f\u00fcr Ukraine konkretisieren"},"content":{"rendered":"<div>\n<p>Staats- und Regierungschefs von Unterst\u00fctzerstaaten der <span><a href=\"https:\/\/www.zeit.de\/politik\/ausland\/ukraine-krieg-news-liveblog\" rel=\"nofollow\">Ukraine<\/a><\/span> verhandeln in Paris \u00fcber konkrete Zusagen, die nach einem k\u00fcnftigen Waffenstillstand die Sicherheit des Landes gew\u00e4hren sollen. Es sei das erste Mal seit M\u00e4rz 2025, dass sich Vertreter aller 35 Mitglieder der sogenannten Koalition der Willigen pers\u00f6nlich treffen, teilte das franz\u00f6sische Pr\u00e4sidentenamt mit. An dem Treffen nehmen neben 27 Staats- und Regierungschefs, darunter der ukrainische Pr\u00e4sident Wolodymyr Selenskyj und Bundeskanzler Friedrich Merz, auch Vertreter der EU und der Nato sowie die US-Verhandler Steve Witkoff und Jared Kushner teil.\u00a0\n<\/p>\n<p><span><a href=\"https:\/\/www.zeit.de\/thema\/wolodymyr-selenskyj\" rel=\"nofollow\">Selenskyj<\/a><\/span> hatte das Treffen nach seinem Gipfel mit US-Pr\u00e4sident Donald Trump auf dessen Anwesen Mar-a-Lago in Florida Ende Dezember angek\u00fcndigt. <a href=\"https:\/\/www.zeit.de\/politik\/ausland\/2025-12\/ukraine-krieg-verhandlungen-friedensplan-wolodymyr-selenskyj-donald-trump-gxe\" rel=\"nofollow\">Der ukrainische Pr\u00e4sident gab damals als Ziel aus, <\/a>bis Ende Januar verpflichtende Sicherheitszusagen der Ukraine-Unterst\u00fctzerstaaten als Teil eines gemeinsamen Friedensplans zu erwirken.\n<\/p>\n<p>Erstmals seit dem Amtsantritt Trumps k\u00f6nnte es eine geeinte Position geben, \u00fcber die anschlie\u00dfend mit Russland verhandelt wird. Beim Selenskyj-Trump-Treffen Ende Dezember, zu dem zeitweise auch europ\u00e4ische Regierungschefs zugeschaltet waren, <a href=\"https:\/\/www.zeit.de\/politik\/ausland\/2025-12\/ukraine-verhandlungen-donald-trump-wolodymyr-selenykyj-florida-gxe\" rel=\"nofollow\">war eine solche Einigung nicht erreicht worden<\/a>. Zuvor hatte der sogenannte 28-Punkte-Plan der <span><a href=\"https:\/\/www.zeit.de\/thema\/usa\" rel=\"nofollow\">USA<\/a><\/span> zu heftiger <a href=\"https:\/\/www.zeit.de\/politik\/ausland\/2025-11\/ukraine-lage-usa-friedensplan-russland-europa-verhandlungen-woche\" rel=\"nofollow\">Kritik der europ\u00e4ischen Unterst\u00fctzerl\u00e4nder der Ukraine<\/a> gef\u00fchrt und ein von der Ukraine \u00fcberarbeiteter, <a href=\"https:\/\/www.zeit.de\/politik\/ausland\/2025-12\/ukraine-krieg-russland-friendsplan-gxe\" rel=\"nofollow\">auf 20 Punkte reduzierter Plan<\/a> nicht die Unterst\u00fctzung der USA erhalten.\n<\/p>\n<h2>Sicherheitszusagen sollen laut Entwurf rechtlich verbindlich sein<\/h2>\n<p>Die Ukraine fordert aus Sorge vor k\u00fcnftigen russischen Angriffen auch nach einer hypothetischen Waffenruhe verbindliche Sicherheitszusagen als Bedingung, um auf bestimmte Forderungen Russlands einzugehen. Ob dies ausreichen wird, ein Ende des Krieges zu erwirken, ist allerdings fraglich, da es sich bislang nur um Absprachen zwischen der Ukraine und ihren Unterst\u00fctzern handelt, deren Ergebnis mutma\u00dflich von einer Zustimmung Russlands abh\u00e4ngig sein wird. Dennoch w\u00e4re es f\u00fcr die Ukraine ein wichtiger Zwischenschritt, verbindliche Zusagen zu erwirken.\n<\/p>\n<p>Letzteres sieht laut Medienberichten ein Entwurf f\u00fcr die erwartete Erkl\u00e4rung vor, \u00fcber die bis dahin verhandelt wird. &#8222;Wir haben uns nun auf die operativen Modalit\u00e4ten dieser Sicherheitsgarantien geeinigt&#8220;, teilte auch das franz\u00f6sische Pr\u00e4sidentenb\u00fcro mit. In <span><a href=\"https:\/\/www.zeit.de\/thema\/paris\" rel=\"nofollow\">Paris<\/a><\/span> werde angek\u00fcndigt, &#8222;was das Milit\u00e4rgeheimnis zu sagen erlaubt&#8220;.\n<\/p>\n<h2>USA sollen Waffenstillstand \u00fcberwachen und europ\u00e4ische Truppen unterst\u00fctzen<\/h2>\n<p>Dem Entwurf zufolge sollen die USA die \u00dcberwachung eines k\u00fcnftigen Waffenstillstandes in der Ukraine leiten. Zudem sollen sich die USA verpflichten, &#8222;f\u00fcr den Fall&#8220; eines k\u00fcnftigen russischen Angriffs eine geplante, von europ\u00e4ischen L\u00e4ndern angef\u00fchrte internationale Truppe in der Ukraine zu unterst\u00fctzen \u2013 etwa bei der Aufkl\u00e4rung und der Logistik. Es gebe bereits milit\u00e4rische Planungen &#8222;um Sicherheitsma\u00dfnahmen in der Luft, auf See und an Land sowie f\u00fcr den Wiederaufbau der ukrainischen Streitkr\u00e4fte&#8220;, hei\u00dft es in dem Entwurf.\u00a0\n<\/p>\n<p>Die rechtlich bindenden Zusagen betreffen demnach unter anderem &#8222;den Einsatz milit\u00e4rischer F\u00e4higkeiten,<br \/>\ngeheimdienstlicher und logistischer Unterst\u00fctzung, diplomatischer<br \/>\nInitiativen und der Einf\u00fchrung zus\u00e4tzlicher Sanktionen&#8220; im Fall eines erneuten russischen Angriffs auf die Ukraine. Details der Planungen f\u00fcr eine m\u00f6gliche Friedenstruppe sind hingegen noch nicht bekannt.\u00a0\n<\/p>\n<p>Die USA hatten ausgeschlossen, Soldaten daf\u00fcr zu stellen. Zugleich schloss Russland aus, einer Stationierung westlicher Soldaten in der Ukraine zuzustimmen. Eine konkrete Einigung darauf k\u00f6nnte somit weitere Verhandlungen mit Russland erschweren. Zudem w\u00e4re davon abh\u00e4ngig, dass die USA sich hinter die mit der Ukraine und ihren europ\u00e4ischen Partnern vereinbarten Zusagen stellen und sie nach einer m\u00f6glichen Einigung in Paris <a href=\"https:\/\/www.zeit.de\/2026\/01\/ukraine-diplomatie-donald-trump-wolodymyr-selenskyj-wladimir-putin-krieg\" rel=\"nofollow\">nicht mehr ohne Zustimmung der Ukraine als Verhandlungsgegenstand in Gespr\u00e4chen mit Russland betrachten.<\/a>\n<\/p>\n<h2>Frankreich sieht &#8222;Wiederann\u00e4herung&#8220; zwischen Ukraine, Europa und USA<\/h2>\n<p>Das franz\u00f6sische Pr\u00e4sidentenamt gab sich hinsichtlich der Aussichten auf eine Einigung dennoch optimistisch: Vor allem die Teilnahme der US-Verhandler Witkoff und Kushner an dem Treffen sei ein Zeichen der &#8222;Wiederann\u00e4herung&#8220; zwischen der Ukraine, <span><a href=\"https:\/\/www.zeit.de\/thema\/europa\" rel=\"nofollow\">Europa<\/a><\/span> und den USA. Die Koalition der Willigen habe erreicht, &#8222;dass die USA die Ukraine nicht fallen lassen&#8220;. <a href=\"https:\/\/x.com\/ZelenskyyUa\/status\/2008506242885411312\" rel=\"nofollow\">Selenskyj k\u00fcndigte an<\/a>, sich zus\u00e4tzlich zu den Gespr\u00e4chen mit allen Beteiligten mit Kushner und Witkoff zu treffen.\u00a0\n<\/p>\n<p>Zentral d\u00fcrften, neben Fragen der \u00dcberwachung einer k\u00fcnftigen Waffenstillstandslinie sowie der US-Beteiligung an der Absicherung einer europ\u00e4ischen Mission, auch rechtlich verbindliche Zusagen f\u00fcr die Modernisierung der ukrainischen Streitkr\u00e4fte sein: Die wichtigste Sicherheitsgarantie bleibe das ukrainische Milit\u00e4r, teilte das franz\u00f6sische Pr\u00e4sidentenamt mit.\u00a0\n<\/p>\n<p>\n<\/p>\n<\/div>\n","protected":false},"excerpt":{"rendered":"<p>Staats- und Regierungschefs von Unterst\u00fctzerstaaten der Ukraine verhandeln in Paris \u00fcber konkrete Zusagen, die nach einem k\u00fcnftigen Waffenstillstand die Sicherheit des Landes gew\u00e4hren sollen. Es sei das erste Mal seit M\u00e4rz 2025, dass sich Vertreter aller 35 Mitglieder der sogenannten Koalition der Willigen pers\u00f6nlich treffen, teilte das franz\u00f6sische Pr\u00e4sidentenamt mit. An dem Treffen nehmen neben<\/p>\n","protected":false},"author":1,"featured_media":313949,"comment_status":"open","ping_status":"open","sticky":false,"template":"","format":"standard","meta":{"footnotes":""},"categories":[116],"tags":[],"class_list":["post-313948","post","type-post","status-publish","format-standard","has-post-thumbnail","hentry","category-war-chronicles-de"],"acf":[],"yoast_head":"<!-- This site is optimized with the Yoast SEO plugin v22.9 - https:\/\/yoast.com\/wordpress\/plugins\/seo\/ -->\n<title>USA und Europa wollen Sicherheitszusagen f\u00fcr Ukraine konkretisieren - vof-news.eu<\/title>\n<meta name=\"description\" content=\"Staats- und Regierungschefs von Unterst\u00fctzerstaaten der Ukraine verhandeln in Paris \u00fcber konkrete Zusagen, die nach einem k\u00fcnftigen Waffenstillstand die Sicherheit des Landes gew\u00e4hren sollen. Es sei das erste Mal seit M\u00e4rz 2025, dass sich Vertreter aller 35 Mitglieder der sogenannten Koalition der Willigen pers\u00f6nlich treffen, teilte das franz\u00f6sische Pr\u00e4sidentenamt mit. An dem Treffen nehmen neben 27 Staats- und Regierungschefs, darunter der ukrainische Pr\u00e4sident Wolodymyr Selenskyj und Bundeskanzler Friedrich Merz, auch Vertreter der EU und der Nato sowie die US-Verhandler Steve Witkoff und Jared Kushner teil.\u00a0\" \/>\n<meta name=\"robots\" content=\"noindex, follow, max-snippet:-1, max-image-preview:large, max-video-preview:-1\" \/>\n<meta property=\"og:locale\" content=\"de_DE\" \/>\n<meta property=\"og:type\" content=\"article\" \/>\n<meta property=\"og:title\" content=\"USA und Europa wollen Sicherheitszusagen f\u00fcr Ukraine konkretisieren - vof-news.eu\" \/>\n<meta property=\"og:description\" content=\"Staats- und Regierungschefs von Unterst\u00fctzerstaaten der Ukraine verhandeln in Paris \u00fcber konkrete Zusagen, die nach einem k\u00fcnftigen Waffenstillstand die Sicherheit des Landes gew\u00e4hren sollen. Es sei das erste Mal seit M\u00e4rz 2025, dass sich Vertreter aller 35 Mitglieder der sogenannten Koalition der Willigen pers\u00f6nlich treffen, teilte das franz\u00f6sische Pr\u00e4sidentenamt mit. An dem Treffen nehmen neben 27 Staats- und Regierungschefs, darunter der ukrainische Pr\u00e4sident Wolodymyr Selenskyj und Bundeskanzler Friedrich Merz, auch Vertreter der EU und der Nato sowie die US-Verhandler Steve Witkoff und Jared Kushner teil.\u00a0\" \/>\n<meta property=\"og:url\" content=\"https:\/\/vof-news.eu\/de\/usa-und-europa-wollen-sicherheitszusagen-fur-ukraine-konkretisieren-2\/\" \/>\n<meta property=\"og:site_name\" content=\"vof-news.eu\" \/>\n<meta property=\"article:published_time\" content=\"2026-01-06T18:28:26+00:00\" \/>\n<meta property=\"article:modified_time\" content=\"2026-01-06T18:30:36+00:00\" \/>\n<meta property=\"og:image\" content=\"https:\/\/vof-news.eu\/wp-content\/uploads\/2026\/01\/wide__1000x562-25.jpg\" \/>\n\t<meta property=\"og:image:width\" content=\"1000\" \/>\n\t<meta property=\"og:image:height\" content=\"562\" \/>\n\t<meta property=\"og:image:type\" content=\"image\/jpeg\" \/>\n<meta name=\"author\" content=\"Author\" \/>\n<meta name=\"twitter:card\" content=\"summary_large_image\" \/>\n<meta name=\"twitter:label1\" content=\"Verfasst von\" \/>\n\t<meta name=\"twitter:data1\" content=\"Author\" \/>\n\t<meta name=\"twitter:label2\" content=\"Gesch\u00e4tzte Lesezeit\" \/>\n\t<meta name=\"twitter:data2\" content=\"4\u00a0Minuten\" \/>\n<script type=\"application\/ld+json\" class=\"yoast-schema-graph\">{\"@context\":\"https:\/\/schema.org\",\"@graph\":[{\"@type\":\"WebPage\",\"@id\":\"https:\/\/vof-news.eu\/de\/usa-und-europa-wollen-sicherheitszusagen-fur-ukraine-konkretisieren-2\/\",\"url\":\"https:\/\/vof-news.eu\/de\/usa-und-europa-wollen-sicherheitszusagen-fur-ukraine-konkretisieren-2\/\",\"name\":\"USA und Europa wollen Sicherheitszusagen f\u00fcr Ukraine konkretisieren - vof-news.eu\",\"isPartOf\":{\"@id\":\"https:\/\/vof-news.eu\/de\/#website\"},\"primaryImageOfPage\":{\"@id\":\"https:\/\/vof-news.eu\/de\/usa-und-europa-wollen-sicherheitszusagen-fur-ukraine-konkretisieren-2\/#primaryimage\"},\"image\":{\"@id\":\"https:\/\/vof-news.eu\/de\/usa-und-europa-wollen-sicherheitszusagen-fur-ukraine-konkretisieren-2\/#primaryimage\"},\"thumbnailUrl\":\"https:\/\/vof-news.eu\/wp-content\/uploads\/2026\/01\/wide__1000x562-25.jpg\",\"datePublished\":\"2026-01-06T18:28:26+00:00\",\"dateModified\":\"2026-01-06T18:30:36+00:00\",\"author\":{\"@id\":\"https:\/\/vof-news.eu\/de\/#\/schema\/person\/f6a2a4309f0561835797fd8c19b333ed\"},\"description\":\"Staats- und Regierungschefs von Unterst\u00fctzerstaaten der Ukraine verhandeln in Paris \u00fcber konkrete Zusagen, die nach einem k\u00fcnftigen Waffenstillstand die Sicherheit des Landes gew\u00e4hren sollen. Es sei das erste Mal seit M\u00e4rz 2025, dass sich Vertreter aller 35 Mitglieder der sogenannten Koalition der Willigen pers\u00f6nlich treffen, teilte das franz\u00f6sische Pr\u00e4sidentenamt mit. An dem Treffen nehmen neben 27 Staats- und Regierungschefs, darunter der ukrainische Pr\u00e4sident Wolodymyr Selenskyj und Bundeskanzler Friedrich Merz, auch Vertreter der EU und der Nato sowie die US-Verhandler Steve Witkoff und Jared Kushner teil.\u00a0\",\"breadcrumb\":{\"@id\":\"https:\/\/vof-news.eu\/de\/usa-und-europa-wollen-sicherheitszusagen-fur-ukraine-konkretisieren-2\/#breadcrumb\"},\"inLanguage\":\"de\",\"potentialAction\":[{\"@type\":\"ReadAction\",\"target\":[\"https:\/\/vof-news.eu\/de\/usa-und-europa-wollen-sicherheitszusagen-fur-ukraine-konkretisieren-2\/\"]}]},{\"@type\":\"ImageObject\",\"inLanguage\":\"de\",\"@id\":\"https:\/\/vof-news.eu\/de\/usa-und-europa-wollen-sicherheitszusagen-fur-ukraine-konkretisieren-2\/#primaryimage\",\"url\":\"https:\/\/vof-news.eu\/wp-content\/uploads\/2026\/01\/wide__1000x562-25.jpg\",\"contentUrl\":\"https:\/\/vof-news.eu\/wp-content\/uploads\/2026\/01\/wide__1000x562-25.jpg\",\"width\":1000,\"height\":562},{\"@type\":\"BreadcrumbList\",\"@id\":\"https:\/\/vof-news.eu\/de\/usa-und-europa-wollen-sicherheitszusagen-fur-ukraine-konkretisieren-2\/#breadcrumb\",\"itemListElement\":[{\"@type\":\"ListItem\",\"position\":1,\"name\":\"Home\",\"item\":\"https:\/\/vof-news.eu\/de\/\"},{\"@type\":\"ListItem\",\"position\":2,\"name\":\"USA und Europa wollen Sicherheitszusagen f\u00fcr Ukraine konkretisieren\"}]},{\"@type\":\"WebSite\",\"@id\":\"https:\/\/vof-news.eu\/de\/#website\",\"url\":\"https:\/\/vof-news.eu\/de\/\",\"name\":\"vof-news.eu\",\"description\":\"\",\"potentialAction\":[{\"@type\":\"SearchAction\",\"target\":{\"@type\":\"EntryPoint\",\"urlTemplate\":\"https:\/\/vof-news.eu\/de\/?s={search_term_string}\"},\"query-input\":\"required name=search_term_string\"}],\"inLanguage\":\"de\"},{\"@type\":\"Person\",\"@id\":\"https:\/\/vof-news.eu\/de\/#\/schema\/person\/f6a2a4309f0561835797fd8c19b333ed\",\"name\":\"Author\",\"image\":{\"@type\":\"ImageObject\",\"inLanguage\":\"de\",\"@id\":\"https:\/\/vof-news.eu\/de\/#\/schema\/person\/image\/\",\"url\":\"https:\/\/secure.gravatar.com\/avatar\/b67e614b1b25b3e9c0c239efdd2fde5ab015b5affd6f1c3c85911ca4b384e790?s=96&d=mm&r=g\",\"contentUrl\":\"https:\/\/secure.gravatar.com\/avatar\/b67e614b1b25b3e9c0c239efdd2fde5ab015b5affd6f1c3c85911ca4b384e790?s=96&d=mm&r=g\",\"caption\":\"Author\"},\"sameAs\":[\"http:\/\/vof-news.eu\"],\"url\":\"https:\/\/vof-news.eu\/de\/author\/zwt6qxnjulxbnyg\/\"}]}<\/script>\n<!-- \/ Yoast SEO plugin. -->","yoast_head_json":{"title":"USA und Europa wollen Sicherheitszusagen f\u00fcr Ukraine konkretisieren - vof-news.eu","description":"Staats- und Regierungschefs von Unterst\u00fctzerstaaten der Ukraine verhandeln in Paris \u00fcber konkrete Zusagen, die nach einem k\u00fcnftigen Waffenstillstand die Sicherheit des Landes gew\u00e4hren sollen. Es sei das erste Mal seit M\u00e4rz 2025, dass sich Vertreter aller 35 Mitglieder der sogenannten Koalition der Willigen pers\u00f6nlich treffen, teilte das franz\u00f6sische Pr\u00e4sidentenamt mit. An dem Treffen nehmen neben 27 Staats- und Regierungschefs, darunter der ukrainische Pr\u00e4sident Wolodymyr Selenskyj und Bundeskanzler Friedrich Merz, auch Vertreter der EU und der Nato sowie die US-Verhandler Steve Witkoff und Jared Kushner teil.\u00a0","robots":{"index":"noindex","follow":"follow","max-snippet":"max-snippet:-1","max-image-preview":"max-image-preview:large","max-video-preview":"max-video-preview:-1"},"og_locale":"de_DE","og_type":"article","og_title":"USA und Europa wollen Sicherheitszusagen f\u00fcr Ukraine konkretisieren - vof-news.eu","og_description":"Staats- und Regierungschefs von Unterst\u00fctzerstaaten der Ukraine verhandeln in Paris \u00fcber konkrete Zusagen, die nach einem k\u00fcnftigen Waffenstillstand die Sicherheit des Landes gew\u00e4hren sollen. Es sei das erste Mal seit M\u00e4rz 2025, dass sich Vertreter aller 35 Mitglieder der sogenannten Koalition der Willigen pers\u00f6nlich treffen, teilte das franz\u00f6sische Pr\u00e4sidentenamt mit. An dem Treffen nehmen neben 27 Staats- und Regierungschefs, darunter der ukrainische Pr\u00e4sident Wolodymyr Selenskyj und Bundeskanzler Friedrich Merz, auch Vertreter der EU und der Nato sowie die US-Verhandler Steve Witkoff und Jared Kushner teil.\u00a0","og_url":"https:\/\/vof-news.eu\/de\/usa-und-europa-wollen-sicherheitszusagen-fur-ukraine-konkretisieren-2\/","og_site_name":"vof-news.eu","article_published_time":"2026-01-06T18:28:26+00:00","article_modified_time":"2026-01-06T18:30:36+00:00","og_image":[{"width":1000,"height":562,"url":"https:\/\/vof-news.eu\/wp-content\/uploads\/2026\/01\/wide__1000x562-25.jpg","type":"image\/jpeg"}],"author":"Author","twitter_card":"summary_large_image","twitter_misc":{"Verfasst von":"Author","Gesch\u00e4tzte Lesezeit":"4\u00a0Minuten"},"schema":{"@context":"https:\/\/schema.org","@graph":[{"@type":"WebPage","@id":"https:\/\/vof-news.eu\/de\/usa-und-europa-wollen-sicherheitszusagen-fur-ukraine-konkretisieren-2\/","url":"https:\/\/vof-news.eu\/de\/usa-und-europa-wollen-sicherheitszusagen-fur-ukraine-konkretisieren-2\/","name":"USA und Europa wollen Sicherheitszusagen f\u00fcr Ukraine konkretisieren - vof-news.eu","isPartOf":{"@id":"https:\/\/vof-news.eu\/de\/#website"},"primaryImageOfPage":{"@id":"https:\/\/vof-news.eu\/de\/usa-und-europa-wollen-sicherheitszusagen-fur-ukraine-konkretisieren-2\/#primaryimage"},"image":{"@id":"https:\/\/vof-news.eu\/de\/usa-und-europa-wollen-sicherheitszusagen-fur-ukraine-konkretisieren-2\/#primaryimage"},"thumbnailUrl":"https:\/\/vof-news.eu\/wp-content\/uploads\/2026\/01\/wide__1000x562-25.jpg","datePublished":"2026-01-06T18:28:26+00:00","dateModified":"2026-01-06T18:30:36+00:00","author":{"@id":"https:\/\/vof-news.eu\/de\/#\/schema\/person\/f6a2a4309f0561835797fd8c19b333ed"},"description":"Staats- und Regierungschefs von Unterst\u00fctzerstaaten der Ukraine verhandeln in Paris \u00fcber konkrete Zusagen, die nach einem k\u00fcnftigen Waffenstillstand die Sicherheit des Landes gew\u00e4hren sollen. Es sei das erste Mal seit M\u00e4rz 2025, dass sich Vertreter aller 35 Mitglieder der sogenannten Koalition der Willigen pers\u00f6nlich treffen, teilte das franz\u00f6sische Pr\u00e4sidentenamt mit. An dem Treffen nehmen neben 27 Staats- und Regierungschefs, darunter der ukrainische Pr\u00e4sident Wolodymyr Selenskyj und Bundeskanzler Friedrich Merz, auch Vertreter der EU und der Nato sowie die US-Verhandler Steve Witkoff und Jared Kushner teil.\u00a0","breadcrumb":{"@id":"https:\/\/vof-news.eu\/de\/usa-und-europa-wollen-sicherheitszusagen-fur-ukraine-konkretisieren-2\/#breadcrumb"},"inLanguage":"de","potentialAction":[{"@type":"ReadAction","target":["https:\/\/vof-news.eu\/de\/usa-und-europa-wollen-sicherheitszusagen-fur-ukraine-konkretisieren-2\/"]}]},{"@type":"ImageObject","inLanguage":"de","@id":"https:\/\/vof-news.eu\/de\/usa-und-europa-wollen-sicherheitszusagen-fur-ukraine-konkretisieren-2\/#primaryimage","url":"https:\/\/vof-news.eu\/wp-content\/uploads\/2026\/01\/wide__1000x562-25.jpg","contentUrl":"https:\/\/vof-news.eu\/wp-content\/uploads\/2026\/01\/wide__1000x562-25.jpg","width":1000,"height":562},{"@type":"BreadcrumbList","@id":"https:\/\/vof-news.eu\/de\/usa-und-europa-wollen-sicherheitszusagen-fur-ukraine-konkretisieren-2\/#breadcrumb","itemListElement":[{"@type":"ListItem","position":1,"name":"Home","item":"https:\/\/vof-news.eu\/de\/"},{"@type":"ListItem","position":2,"name":"USA und Europa wollen Sicherheitszusagen f\u00fcr Ukraine konkretisieren"}]},{"@type":"WebSite","@id":"https:\/\/vof-news.eu\/de\/#website","url":"https:\/\/vof-news.eu\/de\/","name":"vof-news.eu","description":"","potentialAction":[{"@type":"SearchAction","target":{"@type":"EntryPoint","urlTemplate":"https:\/\/vof-news.eu\/de\/?s={search_term_string}"},"query-input":"required name=search_term_string"}],"inLanguage":"de"},{"@type":"Person","@id":"https:\/\/vof-news.eu\/de\/#\/schema\/person\/f6a2a4309f0561835797fd8c19b333ed","name":"Author","image":{"@type":"ImageObject","inLanguage":"de","@id":"https:\/\/vof-news.eu\/de\/#\/schema\/person\/image\/","url":"https:\/\/secure.gravatar.com\/avatar\/b67e614b1b25b3e9c0c239efdd2fde5ab015b5affd6f1c3c85911ca4b384e790?s=96&d=mm&r=g","contentUrl":"https:\/\/secure.gravatar.com\/avatar\/b67e614b1b25b3e9c0c239efdd2fde5ab015b5affd6f1c3c85911ca4b384e790?s=96&d=mm&r=g","caption":"Author"},"sameAs":["http:\/\/vof-news.eu"],"url":"https:\/\/vof-news.eu\/de\/author\/zwt6qxnjulxbnyg\/"}]}},"yoast_meta":{"yoast_wpseo_title":"","yoast_wpseo_metadesc":"","yoast_wpseo_canonical":""},"_links":{"self":[{"href":"https:\/\/vof-news.eu\/de\/wp-json\/wp\/v2\/posts\/313948","targetHints":{"allow":["GET"]}}],"collection":[{"href":"https:\/\/vof-news.eu\/de\/wp-json\/wp\/v2\/posts"}],"about":[{"href":"https:\/\/vof-news.eu\/de\/wp-json\/wp\/v2\/types\/post"}],"author":[{"embeddable":true,"href":"https:\/\/vof-news.eu\/de\/wp-json\/wp\/v2\/users\/1"}],"replies":[{"embeddable":true,"href":"https:\/\/vof-news.eu\/de\/wp-json\/wp\/v2\/comments?post=313948"}],"version-history":[{"count":1,"href":"https:\/\/vof-news.eu\/de\/wp-json\/wp\/v2\/posts\/313948\/revisions"}],"predecessor-version":[{"id":313955,"href":"https:\/\/vof-news.eu\/de\/wp-json\/wp\/v2\/posts\/313948\/revisions\/313955"}],"wp:featuredmedia":[{"embeddable":true,"href":"https:\/\/vof-news.eu\/de\/wp-json\/wp\/v2\/media\/313949"}],"wp:attachment":[{"href":"https:\/\/vof-news.eu\/de\/wp-json\/wp\/v2\/media?parent=313948"}],"wp:term":[{"taxonomy":"category","embeddable":true,"href":"https:\/\/vof-news.eu\/de\/wp-json\/wp\/v2\/categories?post=313948"},{"taxonomy":"post_tag","embeddable":true,"href":"https:\/\/vof-news.eu\/de\/wp-json\/wp\/v2\/tags?post=313948"}],"curies":[{"name":"wp","href":"https:\/\/api.w.org\/{rel}","templated":true}]}}