{"id":313333,"date":"2026-01-05T03:30:47","date_gmt":"2026-01-05T00:30:47","guid":{"rendered":"https:\/\/vof-news.eu\/der-wolf-stirbt-immer-2\/"},"modified":"2026-01-05T03:32:10","modified_gmt":"2026-01-05T00:32:10","slug":"der-wolf-stirbt-immer-2","status":"publish","type":"post","link":"https:\/\/vof-news.eu\/de\/der-wolf-stirbt-immer-2\/","title":{"rendered":"Der Wolf stirbt immer"},"content":{"rendered":"<div>\n<p>In den Credits des neuen Schwarzwald- (SWR-Redaktion: Katharina Dufner) taucht unter<br \/>\n&#8222;Besetzung&#8220; der Name Jacqueline Rietz auf. Ein Zeichen daf\u00fcr, dass<br \/>\nechte Kinder und Jugendliche im Film mitspielen; Rietz&#8217;Agentur ist auf<br \/>\nPersonal in der Altersspanne von sechs bis Anfang 20 spezialisiert. Das Drehen mit<br \/>\nMinderj\u00e4hrigen ist aufwendig, weil strengere Vorschriften k\u00fcrzere Arbeitszeiten<br \/>\nverordnen. Deshalb greifen Filmproduktionen bei Teenagern \u00f6fter <a href=\"https:\/\/www.deutschlandfunkkultur.de\/warum-spielen-erwachsene-in-filmen-teenager-und-was-das-mit-uns-macht-podcast-dlf-kultur-27b17c0c-100.html\" rel=\"nofollow\">auf<br \/>\n\u00e4ltere, erwachsene Darstellerinnen zur\u00fcck<\/a> \u2013 auf Kosten stimmiger Besetzung.<\/p>\n<p>Die Hauptfigur Eliza wird in  von<br \/>\nHanna Heckt (geboren 2015) gespielt, deren eindrucksvolles Gesicht vom Plakat<br \/>\ndes deutschen <a href=\"https:\/\/www.zeit.de\/kultur\/film\/2025-05\/in-die-sonne-schauen-mascha-schilinski-filmfestival-cannes-rezension\" rel=\"nofollow\">Cannes-Darlings<br \/>\nund Oscar-Kandidaten <\/a> blickt. Der <a href=\"https:\/\/www.zeit.de\/kultur\/film\/2025-11\/tatort-schwarzwald-der-reini-obduktionsbericht\/komplettansicht\" rel=\"nofollow\">wegen des letzten Mals vom Dienst suspendierte<\/a> Kommissar Berg (Hans-Jochen<br \/>\nWagner) entdeckt das M\u00e4dchen im leeren Haus; hingefahren ist er auf Bitten der B\u00e4ckersfrau (Michaela Caspar),<br \/>\nbei der Elizas Mutter arbeitet, die an diesem Tag aber nicht zum Dienst gekommen ist.<br \/>\nErgebnisorientiert betrachtet k\u00f6nnte man sagen, dass damit schon die<br \/>\nT\u00e4terin gefunden ist. Das traumatisierte Kind, das nicht spricht<br \/>\n(&#8222;Mutismus&#8220;), lebt in einer m\u00e4rchenhaften Welt, in der erst der neue<br \/>\nFreund der Mutter und dann die pelzbemantelte Mutter selbst als Wolf erscheinen, den es mit einem<br \/>\nK\u00fcchenmesser zu t\u00f6ten gilt.\n<\/p>\n<p>So aufgeschrieben, klingt die Handlung bl\u00f6de. Weil im Film<br \/>\nanders als im Fu\u00dfball aber die Spielz\u00fcge entscheidend sind, ist dieser<br \/>\nein sehr sch\u00f6ner. Ein kluges Beispiel daf\u00fcr, wie sich aus einer einfachen, auf<br \/>\ndem Papier abwegig wirkenden Plot-Idee eine atmosph\u00e4rische, pr\u00e4zise Erz\u00e4hlung<br \/>\nentfalten l\u00e4sst (Drehbuch: Ulrike Sch\u00f6lles und Regisseur: Rudi Gaul).\n<\/p>\n<p>Das Schweigen des Kindes setzt die Ermittlung in Gang. Die<br \/>\nPolizei muss sich ein Bild machen, von dem, was geschehen ist, und verfolgt bei<br \/>\nder Suche nach der verschwunden geglaubten Mutter Annahmen (h\u00e4usliche Gewalt),<br \/>\ndie wieder verworfen werden m\u00fcssen. Der dosierte Horror kommt \u00fcber das<br \/>\nschaurige M\u00e4rchen der Grimms in den . Die Sprecherin aus dem Off am Anfang des Films wird an einem bestimmten Punkt erkennbar als die Stimme, die Eliza auf der Kassette im altmodischen<br \/>\nWalkman h\u00f6rt.\n<\/p>\n<p>Wenn man solche Details lobt, klingt das nach B-Note, nach<br \/>\neinem Au\u00dferdem, das zu einem herausragenden ARD-Sonntagabendkrimi auch noch<br \/>\ngeh\u00f6rt. In Wahrheit macht die Genauigkeit im Kleinen das Gelingen aus. Die<br \/>\nBetrachterin bekommt\u00a0durch<br \/>\nvermeintliche Details\u00a0ein tiefes Verst\u00e4ndnis\u00a0 der Figuren.\n<\/p>\n<p>Wenn es etwa darum geht, Berg in zu<br \/>\nintegrieren, obwohl der doch nicht arbeiten darf. Er entdeckt das M\u00e4dchen, das sich wie im M\u00e4rchen in<br \/>\neinem Uhrenkasten versteckt und n\u00e4hert sich ihm behutsam, indem er zur<br \/>\nBeruhigung  singt, was eine spezifisch deutsche (das<br \/>\nM\u00e4rchen) mit einer spezifisch franz\u00f6sischen Kultur verschwei\u00dft (dem Kanon),<br \/>\nweil es in dem Lied auch um Glockenschl\u00e4ge und Zeit geht. Die<br \/>\nschweigende Eliza spricht dann sp\u00e4ter auf dem Revier mit Berg, den sie f\u00fcr<br \/>\nihren Retter h\u00e4lt \u2013 eine Verbindung, die auf der Tonebene durch eine Variation des<br \/>\nKanons bedeutet wird (Musik: Verena Marisa).\n<\/p>\n<\/div>\n","protected":false},"excerpt":{"rendered":"<p>In den Credits des neuen Schwarzwald- (SWR-Redaktion: Katharina Dufner) taucht unter &#8222;Besetzung&#8220; der Name Jacqueline Rietz auf. Ein Zeichen daf\u00fcr, dass echte Kinder und Jugendliche im Film mitspielen; Rietz&#8217;Agentur ist auf Personal in der Altersspanne von sechs bis Anfang 20 spezialisiert. Das Drehen mit Minderj\u00e4hrigen ist aufwendig, weil strengere Vorschriften k\u00fcrzere Arbeitszeiten verordnen. Deshalb greifen<\/p>\n","protected":false},"author":1,"featured_media":313334,"comment_status":"open","ping_status":"open","sticky":false,"template":"","format":"standard","meta":{"footnotes":""},"categories":[64],"tags":[],"class_list":["post-313333","post","type-post","status-publish","format-standard","has-post-thumbnail","hentry","category-culture-de"],"acf":[],"yoast_head":"<!-- This site is optimized with the Yoast SEO plugin v22.9 - https:\/\/yoast.com\/wordpress\/plugins\/seo\/ -->\n<title>Der Wolf stirbt immer - vof-news.eu<\/title>\n<meta name=\"description\" content=\"In den Credits des neuen Schwarzwald- (SWR-Redaktion: Katharina Dufner) taucht unter\" \/>\n<meta name=\"robots\" content=\"noindex, follow, max-snippet:-1, max-image-preview:large, max-video-preview:-1\" \/>\n<meta property=\"og:locale\" content=\"de_DE\" \/>\n<meta property=\"og:type\" content=\"article\" \/>\n<meta property=\"og:title\" content=\"Der Wolf stirbt immer - vof-news.eu\" \/>\n<meta property=\"og:description\" content=\"In den Credits des neuen Schwarzwald- (SWR-Redaktion: Katharina Dufner) taucht unter\" \/>\n<meta property=\"og:url\" content=\"https:\/\/vof-news.eu\/de\/der-wolf-stirbt-immer-2\/\" \/>\n<meta property=\"og:site_name\" content=\"vof-news.eu\" \/>\n<meta property=\"article:published_time\" content=\"2026-01-05T00:30:47+00:00\" \/>\n<meta property=\"article:modified_time\" content=\"2026-01-05T00:32:10+00:00\" \/>\n<meta property=\"og:image\" content=\"https:\/\/vof-news.eu\/wp-content\/uploads\/2026\/01\/wide__1000x562-17.jpg\" \/>\n\t<meta property=\"og:image:width\" content=\"1000\" \/>\n\t<meta property=\"og:image:height\" content=\"562\" \/>\n\t<meta property=\"og:image:type\" content=\"image\/jpeg\" \/>\n<meta name=\"author\" content=\"Author\" \/>\n<meta name=\"twitter:card\" content=\"summary_large_image\" \/>\n<meta name=\"twitter:label1\" content=\"Verfasst von\" \/>\n\t<meta name=\"twitter:data1\" content=\"Author\" \/>\n\t<meta name=\"twitter:label2\" content=\"Gesch\u00e4tzte Lesezeit\" \/>\n\t<meta name=\"twitter:data2\" content=\"2\u00a0Minuten\" \/>\n<script type=\"application\/ld+json\" class=\"yoast-schema-graph\">{\"@context\":\"https:\/\/schema.org\",\"@graph\":[{\"@type\":\"WebPage\",\"@id\":\"https:\/\/vof-news.eu\/de\/der-wolf-stirbt-immer-2\/\",\"url\":\"https:\/\/vof-news.eu\/de\/der-wolf-stirbt-immer-2\/\",\"name\":\"Der Wolf stirbt immer - vof-news.eu\",\"isPartOf\":{\"@id\":\"https:\/\/vof-news.eu\/de\/#website\"},\"primaryImageOfPage\":{\"@id\":\"https:\/\/vof-news.eu\/de\/der-wolf-stirbt-immer-2\/#primaryimage\"},\"image\":{\"@id\":\"https:\/\/vof-news.eu\/de\/der-wolf-stirbt-immer-2\/#primaryimage\"},\"thumbnailUrl\":\"https:\/\/vof-news.eu\/wp-content\/uploads\/2026\/01\/wide__1000x562-17.jpg\",\"datePublished\":\"2026-01-05T00:30:47+00:00\",\"dateModified\":\"2026-01-05T00:32:10+00:00\",\"author\":{\"@id\":\"https:\/\/vof-news.eu\/de\/#\/schema\/person\/f6a2a4309f0561835797fd8c19b333ed\"},\"description\":\"In den Credits des neuen Schwarzwald- (SWR-Redaktion: Katharina Dufner) taucht unter\",\"breadcrumb\":{\"@id\":\"https:\/\/vof-news.eu\/de\/der-wolf-stirbt-immer-2\/#breadcrumb\"},\"inLanguage\":\"de\",\"potentialAction\":[{\"@type\":\"ReadAction\",\"target\":[\"https:\/\/vof-news.eu\/de\/der-wolf-stirbt-immer-2\/\"]}]},{\"@type\":\"ImageObject\",\"inLanguage\":\"de\",\"@id\":\"https:\/\/vof-news.eu\/de\/der-wolf-stirbt-immer-2\/#primaryimage\",\"url\":\"https:\/\/vof-news.eu\/wp-content\/uploads\/2026\/01\/wide__1000x562-17.jpg\",\"contentUrl\":\"https:\/\/vof-news.eu\/wp-content\/uploads\/2026\/01\/wide__1000x562-17.jpg\",\"width\":1000,\"height\":562},{\"@type\":\"BreadcrumbList\",\"@id\":\"https:\/\/vof-news.eu\/de\/der-wolf-stirbt-immer-2\/#breadcrumb\",\"itemListElement\":[{\"@type\":\"ListItem\",\"position\":1,\"name\":\"Home\",\"item\":\"https:\/\/vof-news.eu\/de\/\"},{\"@type\":\"ListItem\",\"position\":2,\"name\":\"Der Wolf stirbt immer\"}]},{\"@type\":\"WebSite\",\"@id\":\"https:\/\/vof-news.eu\/de\/#website\",\"url\":\"https:\/\/vof-news.eu\/de\/\",\"name\":\"vof-news.eu\",\"description\":\"\",\"potentialAction\":[{\"@type\":\"SearchAction\",\"target\":{\"@type\":\"EntryPoint\",\"urlTemplate\":\"https:\/\/vof-news.eu\/de\/?s={search_term_string}\"},\"query-input\":\"required name=search_term_string\"}],\"inLanguage\":\"de\"},{\"@type\":\"Person\",\"@id\":\"https:\/\/vof-news.eu\/de\/#\/schema\/person\/f6a2a4309f0561835797fd8c19b333ed\",\"name\":\"Author\",\"image\":{\"@type\":\"ImageObject\",\"inLanguage\":\"de\",\"@id\":\"https:\/\/vof-news.eu\/de\/#\/schema\/person\/image\/\",\"url\":\"https:\/\/secure.gravatar.com\/avatar\/b67e614b1b25b3e9c0c239efdd2fde5ab015b5affd6f1c3c85911ca4b384e790?s=96&d=mm&r=g\",\"contentUrl\":\"https:\/\/secure.gravatar.com\/avatar\/b67e614b1b25b3e9c0c239efdd2fde5ab015b5affd6f1c3c85911ca4b384e790?s=96&d=mm&r=g\",\"caption\":\"Author\"},\"sameAs\":[\"http:\/\/vof-news.eu\"],\"url\":\"https:\/\/vof-news.eu\/de\/author\/zwt6qxnjulxbnyg\/\"}]}<\/script>\n<!-- \/ Yoast SEO plugin. -->","yoast_head_json":{"title":"Der Wolf stirbt immer - vof-news.eu","description":"In den Credits des neuen Schwarzwald- (SWR-Redaktion: Katharina Dufner) taucht unter","robots":{"index":"noindex","follow":"follow","max-snippet":"max-snippet:-1","max-image-preview":"max-image-preview:large","max-video-preview":"max-video-preview:-1"},"og_locale":"de_DE","og_type":"article","og_title":"Der Wolf stirbt immer - vof-news.eu","og_description":"In den Credits des neuen Schwarzwald- (SWR-Redaktion: Katharina Dufner) taucht unter","og_url":"https:\/\/vof-news.eu\/de\/der-wolf-stirbt-immer-2\/","og_site_name":"vof-news.eu","article_published_time":"2026-01-05T00:30:47+00:00","article_modified_time":"2026-01-05T00:32:10+00:00","og_image":[{"width":1000,"height":562,"url":"https:\/\/vof-news.eu\/wp-content\/uploads\/2026\/01\/wide__1000x562-17.jpg","type":"image\/jpeg"}],"author":"Author","twitter_card":"summary_large_image","twitter_misc":{"Verfasst von":"Author","Gesch\u00e4tzte Lesezeit":"2\u00a0Minuten"},"schema":{"@context":"https:\/\/schema.org","@graph":[{"@type":"WebPage","@id":"https:\/\/vof-news.eu\/de\/der-wolf-stirbt-immer-2\/","url":"https:\/\/vof-news.eu\/de\/der-wolf-stirbt-immer-2\/","name":"Der Wolf stirbt immer - vof-news.eu","isPartOf":{"@id":"https:\/\/vof-news.eu\/de\/#website"},"primaryImageOfPage":{"@id":"https:\/\/vof-news.eu\/de\/der-wolf-stirbt-immer-2\/#primaryimage"},"image":{"@id":"https:\/\/vof-news.eu\/de\/der-wolf-stirbt-immer-2\/#primaryimage"},"thumbnailUrl":"https:\/\/vof-news.eu\/wp-content\/uploads\/2026\/01\/wide__1000x562-17.jpg","datePublished":"2026-01-05T00:30:47+00:00","dateModified":"2026-01-05T00:32:10+00:00","author":{"@id":"https:\/\/vof-news.eu\/de\/#\/schema\/person\/f6a2a4309f0561835797fd8c19b333ed"},"description":"In den Credits des neuen Schwarzwald- (SWR-Redaktion: Katharina Dufner) taucht unter","breadcrumb":{"@id":"https:\/\/vof-news.eu\/de\/der-wolf-stirbt-immer-2\/#breadcrumb"},"inLanguage":"de","potentialAction":[{"@type":"ReadAction","target":["https:\/\/vof-news.eu\/de\/der-wolf-stirbt-immer-2\/"]}]},{"@type":"ImageObject","inLanguage":"de","@id":"https:\/\/vof-news.eu\/de\/der-wolf-stirbt-immer-2\/#primaryimage","url":"https:\/\/vof-news.eu\/wp-content\/uploads\/2026\/01\/wide__1000x562-17.jpg","contentUrl":"https:\/\/vof-news.eu\/wp-content\/uploads\/2026\/01\/wide__1000x562-17.jpg","width":1000,"height":562},{"@type":"BreadcrumbList","@id":"https:\/\/vof-news.eu\/de\/der-wolf-stirbt-immer-2\/#breadcrumb","itemListElement":[{"@type":"ListItem","position":1,"name":"Home","item":"https:\/\/vof-news.eu\/de\/"},{"@type":"ListItem","position":2,"name":"Der Wolf stirbt immer"}]},{"@type":"WebSite","@id":"https:\/\/vof-news.eu\/de\/#website","url":"https:\/\/vof-news.eu\/de\/","name":"vof-news.eu","description":"","potentialAction":[{"@type":"SearchAction","target":{"@type":"EntryPoint","urlTemplate":"https:\/\/vof-news.eu\/de\/?s={search_term_string}"},"query-input":"required name=search_term_string"}],"inLanguage":"de"},{"@type":"Person","@id":"https:\/\/vof-news.eu\/de\/#\/schema\/person\/f6a2a4309f0561835797fd8c19b333ed","name":"Author","image":{"@type":"ImageObject","inLanguage":"de","@id":"https:\/\/vof-news.eu\/de\/#\/schema\/person\/image\/","url":"https:\/\/secure.gravatar.com\/avatar\/b67e614b1b25b3e9c0c239efdd2fde5ab015b5affd6f1c3c85911ca4b384e790?s=96&d=mm&r=g","contentUrl":"https:\/\/secure.gravatar.com\/avatar\/b67e614b1b25b3e9c0c239efdd2fde5ab015b5affd6f1c3c85911ca4b384e790?s=96&d=mm&r=g","caption":"Author"},"sameAs":["http:\/\/vof-news.eu"],"url":"https:\/\/vof-news.eu\/de\/author\/zwt6qxnjulxbnyg\/"}]}},"yoast_meta":{"yoast_wpseo_title":"","yoast_wpseo_metadesc":"","yoast_wpseo_canonical":""},"_links":{"self":[{"href":"https:\/\/vof-news.eu\/de\/wp-json\/wp\/v2\/posts\/313333","targetHints":{"allow":["GET"]}}],"collection":[{"href":"https:\/\/vof-news.eu\/de\/wp-json\/wp\/v2\/posts"}],"about":[{"href":"https:\/\/vof-news.eu\/de\/wp-json\/wp\/v2\/types\/post"}],"author":[{"embeddable":true,"href":"https:\/\/vof-news.eu\/de\/wp-json\/wp\/v2\/users\/1"}],"replies":[{"embeddable":true,"href":"https:\/\/vof-news.eu\/de\/wp-json\/wp\/v2\/comments?post=313333"}],"version-history":[{"count":1,"href":"https:\/\/vof-news.eu\/de\/wp-json\/wp\/v2\/posts\/313333\/revisions"}],"predecessor-version":[{"id":313340,"href":"https:\/\/vof-news.eu\/de\/wp-json\/wp\/v2\/posts\/313333\/revisions\/313340"}],"wp:featuredmedia":[{"embeddable":true,"href":"https:\/\/vof-news.eu\/de\/wp-json\/wp\/v2\/media\/313334"}],"wp:attachment":[{"href":"https:\/\/vof-news.eu\/de\/wp-json\/wp\/v2\/media?parent=313333"}],"wp:term":[{"taxonomy":"category","embeddable":true,"href":"https:\/\/vof-news.eu\/de\/wp-json\/wp\/v2\/categories?post=313333"},{"taxonomy":"post_tag","embeddable":true,"href":"https:\/\/vof-news.eu\/de\/wp-json\/wp\/v2\/tags?post=313333"}],"curies":[{"name":"wp","href":"https:\/\/api.w.org\/{rel}","templated":true}]}}