{"id":313278,"date":"2026-01-04T23:28:10","date_gmt":"2026-01-04T20:28:10","guid":{"rendered":"https:\/\/vof-news.eu\/medwedew-konnte-sich-entfuhrung-von-bundeskanzler-merz-vorstellen-2\/"},"modified":"2026-01-04T23:30:15","modified_gmt":"2026-01-04T20:30:15","slug":"medwedew-konnte-sich-entfuhrung-von-bundeskanzler-merz-vorstellen-2","status":"publish","type":"post","link":"https:\/\/vof-news.eu\/de\/medwedew-konnte-sich-entfuhrung-von-bundeskanzler-merz-vorstellen-2\/","title":{"rendered":"Medwedew k\u00f6nnte sich Entf\u00fchrung von Bundeskanzler Merz vorstellen"},"content":{"rendered":"<div>\n<p>Analog zu dem Vorgehen der <a href=\"https:\/\/www.zeit.de\/thema\/usa\" rel=\"nofollow\">USA<\/a> in Venezuela kann sich Russlands Ex-Pr\u00e4sident Dmitri Medwedew \u00e4hnliche Entf\u00fchrungsaktionen gegen andere Staats- oder Regierungschefs vorstellen, unter ihnen Bundeskanzler <a href=\"https:\/\/www.zeit.de\/thema\/friedrich-merz\" rel=\"nofollow\">Friedrich Merz<\/a>. Medwedew bezeichnete Merz in einem Gespr\u00e4ch mit der Staatsagentur Tass als Neonazi und sagte, dessen Entf\u00fchrung &#8222;k\u00f6nnte eine hervorragende Wendung in dieser Karnevalsserie sein&#8220;. Ein solches Szenario h\u00e4tte durchaus etwas Realistisches an sich, meinte er. &#8222;Es gibt sogar Gr\u00fcnde, ihn in Deutschland zu verfolgen, daher w\u00e4re es kein Verlust, zumal die B\u00fcrger umsonst leiden.&#8220;\n<\/p>\n<p>Gegenw\u00e4rtig ist Medwedew Vizevorsitzender des nationalen Sicherheitsrats in Moskau. Der fr\u00fchere Pr\u00e4sident (2008-2012) hat sich in den vergangenen Jahren als Scharfmacher gegen den Westen etabliert. Wiederholt f\u00e4llt er mit rhetorischen Angriffen gegen die <span><a href=\"https:\/\/www.zeit.de\/politik\/ausland\/ukraine-krieg-news-liveblog\" rel=\"nofollow\">Ukraine<\/a><\/span> und den Westen auf.\u00a0\n<\/p>\n<h2>Drohung auch in Richtung Selenskyj<\/h2>\n<p>Wenn behauptet werde, dass der nun entmachtete venezolanische Staatschef <a href=\"https:\/\/www.zeit.de\/thema\/nicolas-maduro\" rel=\"nofollow\">Nicol\u00e1s Maduro<\/a> ein illegitimer Pr\u00e4sident sei, dann halte das keiner Kritik stand, sagte Medwedew weiter. Dies gelte vor allem f\u00fcr die europ\u00e4ischen Reaktionen, die einen &#8222;doppelten Standard&#8220; Europas aufzeigten.\u00a0\n<\/p>\n<p>Er f\u00fcgte mit Blick auf den ukrainischen Pr\u00e4sidenten <a href=\"https:\/\/www.zeit.de\/thema\/wolodymyr-selenskyj\" rel=\"nofollow\">Wolodymyr Selenskyj<\/a> hinzu, dass es aus dieser Sicht &#8222;sicherlich besser ist, sich nicht zu entspannen&#8220;, da dessen Amtszeit l\u00e4ngst abgelaufen sei. Selenskyj allerdings bleibt aufgrund der Verfassung zu Kriegszeiten im Amt.\n<\/p>\n<\/div>\n","protected":false},"excerpt":{"rendered":"<p>Analog zu dem Vorgehen der USA in Venezuela kann sich Russlands Ex-Pr\u00e4sident Dmitri Medwedew \u00e4hnliche Entf\u00fchrungsaktionen gegen andere Staats- oder Regierungschefs vorstellen, unter ihnen Bundeskanzler Friedrich Merz. Medwedew bezeichnete Merz in einem Gespr\u00e4ch mit der Staatsagentur Tass als Neonazi und sagte, dessen Entf\u00fchrung &#8222;k\u00f6nnte eine hervorragende Wendung in dieser Karnevalsserie sein&#8220;. Ein solches Szenario h\u00e4tte<\/p>\n","protected":false},"author":1,"featured_media":313279,"comment_status":"open","ping_status":"open","sticky":false,"template":"","format":"standard","meta":{"footnotes":""},"categories":[116],"tags":[],"class_list":["post-313278","post","type-post","status-publish","format-standard","has-post-thumbnail","hentry","category-war-chronicles-de"],"acf":[],"yoast_head":"<!-- This site is optimized with the Yoast SEO plugin v22.9 - https:\/\/yoast.com\/wordpress\/plugins\/seo\/ -->\n<title>Medwedew k\u00f6nnte sich Entf\u00fchrung von Bundeskanzler Merz vorstellen - vof-news.eu<\/title>\n<meta name=\"description\" content=\"Analog zu dem Vorgehen der USA in Venezuela kann sich Russlands Ex-Pr\u00e4sident Dmitri Medwedew \u00e4hnliche Entf\u00fchrungsaktionen gegen andere Staats- oder Regierungschefs vorstellen, unter ihnen Bundeskanzler Friedrich Merz. Medwedew bezeichnete Merz in einem Gespr\u00e4ch mit der Staatsagentur Tass als Neonazi und sagte, dessen Entf\u00fchrung &quot;k\u00f6nnte eine hervorragende Wendung in dieser Karnevalsserie sein&quot;. Ein solches Szenario h\u00e4tte durchaus etwas Realistisches an sich, meinte er. &quot;Es gibt sogar Gr\u00fcnde, ihn in Deutschland zu verfolgen, daher w\u00e4re es kein Verlust, zumal die B\u00fcrger umsonst leiden.&quot;\" \/>\n<meta name=\"robots\" content=\"noindex, follow, max-snippet:-1, max-image-preview:large, max-video-preview:-1\" \/>\n<meta property=\"og:locale\" content=\"de_DE\" \/>\n<meta property=\"og:type\" content=\"article\" \/>\n<meta property=\"og:title\" content=\"Medwedew k\u00f6nnte sich Entf\u00fchrung von Bundeskanzler Merz vorstellen - vof-news.eu\" \/>\n<meta property=\"og:description\" content=\"Analog zu dem Vorgehen der USA in Venezuela kann sich Russlands Ex-Pr\u00e4sident Dmitri Medwedew \u00e4hnliche Entf\u00fchrungsaktionen gegen andere Staats- oder Regierungschefs vorstellen, unter ihnen Bundeskanzler Friedrich Merz. Medwedew bezeichnete Merz in einem Gespr\u00e4ch mit der Staatsagentur Tass als Neonazi und sagte, dessen Entf\u00fchrung &quot;k\u00f6nnte eine hervorragende Wendung in dieser Karnevalsserie sein&quot;. Ein solches Szenario h\u00e4tte durchaus etwas Realistisches an sich, meinte er. &quot;Es gibt sogar Gr\u00fcnde, ihn in Deutschland zu verfolgen, daher w\u00e4re es kein Verlust, zumal die B\u00fcrger umsonst leiden.&quot;\" \/>\n<meta property=\"og:url\" content=\"https:\/\/vof-news.eu\/de\/medwedew-konnte-sich-entfuhrung-von-bundeskanzler-merz-vorstellen-2\/\" \/>\n<meta property=\"og:site_name\" content=\"vof-news.eu\" \/>\n<meta property=\"article:published_time\" content=\"2026-01-04T20:28:10+00:00\" \/>\n<meta property=\"article:modified_time\" content=\"2026-01-04T20:30:15+00:00\" \/>\n<meta property=\"og:image\" content=\"https:\/\/vof-news.eu\/wp-content\/uploads\/2026\/01\/wide__1000x562-15.jpg\" \/>\n\t<meta property=\"og:image:width\" content=\"1000\" \/>\n\t<meta property=\"og:image:height\" content=\"562\" \/>\n\t<meta property=\"og:image:type\" content=\"image\/jpeg\" \/>\n<meta name=\"author\" content=\"Author\" \/>\n<meta name=\"twitter:card\" content=\"summary_large_image\" \/>\n<meta name=\"twitter:label1\" content=\"Verfasst von\" \/>\n\t<meta name=\"twitter:data1\" content=\"Author\" \/>\n\t<meta name=\"twitter:label2\" content=\"Gesch\u00e4tzte Lesezeit\" \/>\n\t<meta name=\"twitter:data2\" content=\"1\u00a0Minute\" \/>\n<script type=\"application\/ld+json\" class=\"yoast-schema-graph\">{\"@context\":\"https:\/\/schema.org\",\"@graph\":[{\"@type\":\"WebPage\",\"@id\":\"https:\/\/vof-news.eu\/de\/medwedew-konnte-sich-entfuhrung-von-bundeskanzler-merz-vorstellen-2\/\",\"url\":\"https:\/\/vof-news.eu\/de\/medwedew-konnte-sich-entfuhrung-von-bundeskanzler-merz-vorstellen-2\/\",\"name\":\"Medwedew k\u00f6nnte sich Entf\u00fchrung von Bundeskanzler Merz vorstellen - vof-news.eu\",\"isPartOf\":{\"@id\":\"https:\/\/vof-news.eu\/de\/#website\"},\"primaryImageOfPage\":{\"@id\":\"https:\/\/vof-news.eu\/de\/medwedew-konnte-sich-entfuhrung-von-bundeskanzler-merz-vorstellen-2\/#primaryimage\"},\"image\":{\"@id\":\"https:\/\/vof-news.eu\/de\/medwedew-konnte-sich-entfuhrung-von-bundeskanzler-merz-vorstellen-2\/#primaryimage\"},\"thumbnailUrl\":\"https:\/\/vof-news.eu\/wp-content\/uploads\/2026\/01\/wide__1000x562-15.jpg\",\"datePublished\":\"2026-01-04T20:28:10+00:00\",\"dateModified\":\"2026-01-04T20:30:15+00:00\",\"author\":{\"@id\":\"https:\/\/vof-news.eu\/de\/#\/schema\/person\/f6a2a4309f0561835797fd8c19b333ed\"},\"description\":\"Analog zu dem Vorgehen der USA in Venezuela kann sich Russlands Ex-Pr\u00e4sident Dmitri Medwedew \u00e4hnliche Entf\u00fchrungsaktionen gegen andere Staats- oder Regierungschefs vorstellen, unter ihnen Bundeskanzler Friedrich Merz. Medwedew bezeichnete Merz in einem Gespr\u00e4ch mit der Staatsagentur Tass als Neonazi und sagte, dessen Entf\u00fchrung \\\"k\u00f6nnte eine hervorragende Wendung in dieser Karnevalsserie sein\\\". Ein solches Szenario h\u00e4tte durchaus etwas Realistisches an sich, meinte er. \\\"Es gibt sogar Gr\u00fcnde, ihn in Deutschland zu verfolgen, daher w\u00e4re es kein Verlust, zumal die B\u00fcrger umsonst leiden.\\\"\",\"breadcrumb\":{\"@id\":\"https:\/\/vof-news.eu\/de\/medwedew-konnte-sich-entfuhrung-von-bundeskanzler-merz-vorstellen-2\/#breadcrumb\"},\"inLanguage\":\"de\",\"potentialAction\":[{\"@type\":\"ReadAction\",\"target\":[\"https:\/\/vof-news.eu\/de\/medwedew-konnte-sich-entfuhrung-von-bundeskanzler-merz-vorstellen-2\/\"]}]},{\"@type\":\"ImageObject\",\"inLanguage\":\"de\",\"@id\":\"https:\/\/vof-news.eu\/de\/medwedew-konnte-sich-entfuhrung-von-bundeskanzler-merz-vorstellen-2\/#primaryimage\",\"url\":\"https:\/\/vof-news.eu\/wp-content\/uploads\/2026\/01\/wide__1000x562-15.jpg\",\"contentUrl\":\"https:\/\/vof-news.eu\/wp-content\/uploads\/2026\/01\/wide__1000x562-15.jpg\",\"width\":1000,\"height\":562},{\"@type\":\"BreadcrumbList\",\"@id\":\"https:\/\/vof-news.eu\/de\/medwedew-konnte-sich-entfuhrung-von-bundeskanzler-merz-vorstellen-2\/#breadcrumb\",\"itemListElement\":[{\"@type\":\"ListItem\",\"position\":1,\"name\":\"Home\",\"item\":\"https:\/\/vof-news.eu\/de\/\"},{\"@type\":\"ListItem\",\"position\":2,\"name\":\"Medwedew k\u00f6nnte sich Entf\u00fchrung von Bundeskanzler Merz vorstellen\"}]},{\"@type\":\"WebSite\",\"@id\":\"https:\/\/vof-news.eu\/de\/#website\",\"url\":\"https:\/\/vof-news.eu\/de\/\",\"name\":\"vof-news.eu\",\"description\":\"\",\"potentialAction\":[{\"@type\":\"SearchAction\",\"target\":{\"@type\":\"EntryPoint\",\"urlTemplate\":\"https:\/\/vof-news.eu\/de\/?s={search_term_string}\"},\"query-input\":\"required name=search_term_string\"}],\"inLanguage\":\"de\"},{\"@type\":\"Person\",\"@id\":\"https:\/\/vof-news.eu\/de\/#\/schema\/person\/f6a2a4309f0561835797fd8c19b333ed\",\"name\":\"Author\",\"image\":{\"@type\":\"ImageObject\",\"inLanguage\":\"de\",\"@id\":\"https:\/\/vof-news.eu\/de\/#\/schema\/person\/image\/\",\"url\":\"https:\/\/secure.gravatar.com\/avatar\/b67e614b1b25b3e9c0c239efdd2fde5ab015b5affd6f1c3c85911ca4b384e790?s=96&d=mm&r=g\",\"contentUrl\":\"https:\/\/secure.gravatar.com\/avatar\/b67e614b1b25b3e9c0c239efdd2fde5ab015b5affd6f1c3c85911ca4b384e790?s=96&d=mm&r=g\",\"caption\":\"Author\"},\"sameAs\":[\"http:\/\/vof-news.eu\"],\"url\":\"https:\/\/vof-news.eu\/de\/author\/zwt6qxnjulxbnyg\/\"}]}<\/script>\n<!-- \/ Yoast SEO plugin. -->","yoast_head_json":{"title":"Medwedew k\u00f6nnte sich Entf\u00fchrung von Bundeskanzler Merz vorstellen - vof-news.eu","description":"Analog zu dem Vorgehen der USA in Venezuela kann sich Russlands Ex-Pr\u00e4sident Dmitri Medwedew \u00e4hnliche Entf\u00fchrungsaktionen gegen andere Staats- oder Regierungschefs vorstellen, unter ihnen Bundeskanzler Friedrich Merz. Medwedew bezeichnete Merz in einem Gespr\u00e4ch mit der Staatsagentur Tass als Neonazi und sagte, dessen Entf\u00fchrung \"k\u00f6nnte eine hervorragende Wendung in dieser Karnevalsserie sein\". Ein solches Szenario h\u00e4tte durchaus etwas Realistisches an sich, meinte er. \"Es gibt sogar Gr\u00fcnde, ihn in Deutschland zu verfolgen, daher w\u00e4re es kein Verlust, zumal die B\u00fcrger umsonst leiden.\"","robots":{"index":"noindex","follow":"follow","max-snippet":"max-snippet:-1","max-image-preview":"max-image-preview:large","max-video-preview":"max-video-preview:-1"},"og_locale":"de_DE","og_type":"article","og_title":"Medwedew k\u00f6nnte sich Entf\u00fchrung von Bundeskanzler Merz vorstellen - vof-news.eu","og_description":"Analog zu dem Vorgehen der USA in Venezuela kann sich Russlands Ex-Pr\u00e4sident Dmitri Medwedew \u00e4hnliche Entf\u00fchrungsaktionen gegen andere Staats- oder Regierungschefs vorstellen, unter ihnen Bundeskanzler Friedrich Merz. Medwedew bezeichnete Merz in einem Gespr\u00e4ch mit der Staatsagentur Tass als Neonazi und sagte, dessen Entf\u00fchrung \"k\u00f6nnte eine hervorragende Wendung in dieser Karnevalsserie sein\". Ein solches Szenario h\u00e4tte durchaus etwas Realistisches an sich, meinte er. \"Es gibt sogar Gr\u00fcnde, ihn in Deutschland zu verfolgen, daher w\u00e4re es kein Verlust, zumal die B\u00fcrger umsonst leiden.\"","og_url":"https:\/\/vof-news.eu\/de\/medwedew-konnte-sich-entfuhrung-von-bundeskanzler-merz-vorstellen-2\/","og_site_name":"vof-news.eu","article_published_time":"2026-01-04T20:28:10+00:00","article_modified_time":"2026-01-04T20:30:15+00:00","og_image":[{"width":1000,"height":562,"url":"https:\/\/vof-news.eu\/wp-content\/uploads\/2026\/01\/wide__1000x562-15.jpg","type":"image\/jpeg"}],"author":"Author","twitter_card":"summary_large_image","twitter_misc":{"Verfasst von":"Author","Gesch\u00e4tzte Lesezeit":"1\u00a0Minute"},"schema":{"@context":"https:\/\/schema.org","@graph":[{"@type":"WebPage","@id":"https:\/\/vof-news.eu\/de\/medwedew-konnte-sich-entfuhrung-von-bundeskanzler-merz-vorstellen-2\/","url":"https:\/\/vof-news.eu\/de\/medwedew-konnte-sich-entfuhrung-von-bundeskanzler-merz-vorstellen-2\/","name":"Medwedew k\u00f6nnte sich Entf\u00fchrung von Bundeskanzler Merz vorstellen - vof-news.eu","isPartOf":{"@id":"https:\/\/vof-news.eu\/de\/#website"},"primaryImageOfPage":{"@id":"https:\/\/vof-news.eu\/de\/medwedew-konnte-sich-entfuhrung-von-bundeskanzler-merz-vorstellen-2\/#primaryimage"},"image":{"@id":"https:\/\/vof-news.eu\/de\/medwedew-konnte-sich-entfuhrung-von-bundeskanzler-merz-vorstellen-2\/#primaryimage"},"thumbnailUrl":"https:\/\/vof-news.eu\/wp-content\/uploads\/2026\/01\/wide__1000x562-15.jpg","datePublished":"2026-01-04T20:28:10+00:00","dateModified":"2026-01-04T20:30:15+00:00","author":{"@id":"https:\/\/vof-news.eu\/de\/#\/schema\/person\/f6a2a4309f0561835797fd8c19b333ed"},"description":"Analog zu dem Vorgehen der USA in Venezuela kann sich Russlands Ex-Pr\u00e4sident Dmitri Medwedew \u00e4hnliche Entf\u00fchrungsaktionen gegen andere Staats- oder Regierungschefs vorstellen, unter ihnen Bundeskanzler Friedrich Merz. Medwedew bezeichnete Merz in einem Gespr\u00e4ch mit der Staatsagentur Tass als Neonazi und sagte, dessen Entf\u00fchrung \"k\u00f6nnte eine hervorragende Wendung in dieser Karnevalsserie sein\". Ein solches Szenario h\u00e4tte durchaus etwas Realistisches an sich, meinte er. \"Es gibt sogar Gr\u00fcnde, ihn in Deutschland zu verfolgen, daher w\u00e4re es kein Verlust, zumal die B\u00fcrger umsonst leiden.\"","breadcrumb":{"@id":"https:\/\/vof-news.eu\/de\/medwedew-konnte-sich-entfuhrung-von-bundeskanzler-merz-vorstellen-2\/#breadcrumb"},"inLanguage":"de","potentialAction":[{"@type":"ReadAction","target":["https:\/\/vof-news.eu\/de\/medwedew-konnte-sich-entfuhrung-von-bundeskanzler-merz-vorstellen-2\/"]}]},{"@type":"ImageObject","inLanguage":"de","@id":"https:\/\/vof-news.eu\/de\/medwedew-konnte-sich-entfuhrung-von-bundeskanzler-merz-vorstellen-2\/#primaryimage","url":"https:\/\/vof-news.eu\/wp-content\/uploads\/2026\/01\/wide__1000x562-15.jpg","contentUrl":"https:\/\/vof-news.eu\/wp-content\/uploads\/2026\/01\/wide__1000x562-15.jpg","width":1000,"height":562},{"@type":"BreadcrumbList","@id":"https:\/\/vof-news.eu\/de\/medwedew-konnte-sich-entfuhrung-von-bundeskanzler-merz-vorstellen-2\/#breadcrumb","itemListElement":[{"@type":"ListItem","position":1,"name":"Home","item":"https:\/\/vof-news.eu\/de\/"},{"@type":"ListItem","position":2,"name":"Medwedew k\u00f6nnte sich Entf\u00fchrung von Bundeskanzler Merz vorstellen"}]},{"@type":"WebSite","@id":"https:\/\/vof-news.eu\/de\/#website","url":"https:\/\/vof-news.eu\/de\/","name":"vof-news.eu","description":"","potentialAction":[{"@type":"SearchAction","target":{"@type":"EntryPoint","urlTemplate":"https:\/\/vof-news.eu\/de\/?s={search_term_string}"},"query-input":"required name=search_term_string"}],"inLanguage":"de"},{"@type":"Person","@id":"https:\/\/vof-news.eu\/de\/#\/schema\/person\/f6a2a4309f0561835797fd8c19b333ed","name":"Author","image":{"@type":"ImageObject","inLanguage":"de","@id":"https:\/\/vof-news.eu\/de\/#\/schema\/person\/image\/","url":"https:\/\/secure.gravatar.com\/avatar\/b67e614b1b25b3e9c0c239efdd2fde5ab015b5affd6f1c3c85911ca4b384e790?s=96&d=mm&r=g","contentUrl":"https:\/\/secure.gravatar.com\/avatar\/b67e614b1b25b3e9c0c239efdd2fde5ab015b5affd6f1c3c85911ca4b384e790?s=96&d=mm&r=g","caption":"Author"},"sameAs":["http:\/\/vof-news.eu"],"url":"https:\/\/vof-news.eu\/de\/author\/zwt6qxnjulxbnyg\/"}]}},"yoast_meta":{"yoast_wpseo_title":"","yoast_wpseo_metadesc":"","yoast_wpseo_canonical":""},"_links":{"self":[{"href":"https:\/\/vof-news.eu\/de\/wp-json\/wp\/v2\/posts\/313278","targetHints":{"allow":["GET"]}}],"collection":[{"href":"https:\/\/vof-news.eu\/de\/wp-json\/wp\/v2\/posts"}],"about":[{"href":"https:\/\/vof-news.eu\/de\/wp-json\/wp\/v2\/types\/post"}],"author":[{"embeddable":true,"href":"https:\/\/vof-news.eu\/de\/wp-json\/wp\/v2\/users\/1"}],"replies":[{"embeddable":true,"href":"https:\/\/vof-news.eu\/de\/wp-json\/wp\/v2\/comments?post=313278"}],"version-history":[{"count":1,"href":"https:\/\/vof-news.eu\/de\/wp-json\/wp\/v2\/posts\/313278\/revisions"}],"predecessor-version":[{"id":313285,"href":"https:\/\/vof-news.eu\/de\/wp-json\/wp\/v2\/posts\/313278\/revisions\/313285"}],"wp:featuredmedia":[{"embeddable":true,"href":"https:\/\/vof-news.eu\/de\/wp-json\/wp\/v2\/media\/313279"}],"wp:attachment":[{"href":"https:\/\/vof-news.eu\/de\/wp-json\/wp\/v2\/media?parent=313278"}],"wp:term":[{"taxonomy":"category","embeddable":true,"href":"https:\/\/vof-news.eu\/de\/wp-json\/wp\/v2\/categories?post=313278"},{"taxonomy":"post_tag","embeddable":true,"href":"https:\/\/vof-news.eu\/de\/wp-json\/wp\/v2\/tags?post=313278"}],"curies":[{"name":"wp","href":"https:\/\/api.w.org\/{rel}","templated":true}]}}