{"id":312905,"date":"2026-01-03T11:28:11","date_gmt":"2026-01-03T08:28:11","guid":{"rendered":"https:\/\/vof-news.eu\/wolodymyr-selenskyj-will-verteidigungsminister-erneut-auswechseln\/"},"modified":"2026-01-03T11:29:51","modified_gmt":"2026-01-03T08:29:51","slug":"wolodymyr-selenskyj-will-verteidigungsminister-erneut-auswechseln","status":"publish","type":"post","link":"https:\/\/vof-news.eu\/de\/wolodymyr-selenskyj-will-verteidigungsminister-erneut-auswechseln\/","title":{"rendered":"Wolodymyr Selenskyj will Verteidigungsminister erneut auswechseln"},"content":{"rendered":"<div>\n<p>Der ukrainische Pr\u00e4sident <a href=\"https:\/\/www.zeit.de\/thema\/wolodymyr-selenskyj\" rel=\"nofollow\">Wolodymyr Selenskyj<\/a> hat eine Neubesetzung des Verteidigungsministeriums angek\u00fcndigt. Der Vizeregierungschef und Minister f\u00fcr digitale Transformation, Mychajlo Fedorow, solle das Amt von Denys Schmyhal \u00fcbernehmen, sagte Selenskyj <a href=\"https:\/\/www.president.gov.ua\/news\/sogodni-mi-pochali-suttyeve-perezavantazhennya-zmini-vnutris-102277\" rel=\"nofollow\">in seiner abendlichen Videobotschaft<\/a>. Das ukrainische Parlament muss der Personalie noch zustimmen.\n<\/p>\n<p>Schmyhal war erst im Sommer anstelle von Rustem Umjerow als Verteidigungsminister eingesetzt worden. Schmyhal solle eine andere, f\u00fcr die Stabilit\u00e4t des Landes nicht weniger wichtige Aufgabe \u00fcbernehmen, sagte Selenskyj. &#8222;Ich habe beschlossen, die Arbeitsweise des Verteidigungsministeriums zu \u00e4ndern&#8220;, sagte der Pr\u00e4sident.\n<\/p>\n<p>Fedorow besch\u00e4ftige sich intensiv mit dem Einsatz von Drohnen <a href=\"https:\/\/www.zeit.de\/thema\/krieg-in-ukraine\" rel=\"nofollow\">im Krieg<\/a> und arbeite sehr effektiv an der Digitalisierung staatlicher Dienstleistungen und Prozesse, sagte Selenskyj. Und weiter: &#8222;Zusammen mit unserem gesamten Milit\u00e4r, der Milit\u00e4rf\u00fchrung, den nationalen Waffenherstellern und den Partnern der Ukraine m\u00fcssen wir im Verteidigungsbereich solche Ver\u00e4nderungen umsetzen, die hilfreich sind.&#8220;\n<\/p>\n<h2>Umfassende Neuaufstellung des Verteidigungsapparats<\/h2>\n<p>Die Personalie ist Teil einer von Selenskyj angesto\u00dfenen Neuaufstellung des Verteidigungs- und Sicherheitsapparats in der <span><a href=\"https:\/\/www.zeit.de\/politik\/ausland\/ukraine-krieg-news-liveblog\" rel=\"nofollow\">Ukraine<\/a><\/span>. &#8222;Heute haben wir einen grundlegenden Neustart begonnen \u2013 interne Ver\u00e4nderungen, damit die Ukraine stabiler wird&#8220;, sagte Selenskyj. Wegen Problemen in der Vergangenheit gebe es eine &#8222;Welle personeller Ver\u00e4nderungen&#8220;. Weitere sollen demnach folgen.\n<\/p>\n<p>Zuvor hatte Selenskyj den Milit\u00e4rgeheimdienstchef Kyrylo Budanow zu\u00a0<a href=\"https:\/\/www.zeit.de\/politik\/ausland\/2026-01\/ukraine-wolodymyr-selenskyj-kyrylo-budanow-andrij-jermak-nachfolger\" rel=\"nofollow\">seinem neuen Stabschef<\/a>\u00a0gemacht, nachdem seine bisherige rechte Hand auf dem Posten, Andrij Jermak, im Zuge eines Korruptionsskandals zur\u00fcckgetreten war.\u00a0Selenskyj sagte, die Ukraine m\u00fcsse sich verst\u00e4rkt auf &#8222;Sicherheitsfragen, den Ausbau der Verteidigungs- und Sicherheitskr\u00e4fte sowie den diplomatischen Weg in den Verhandlungen&#8220; konzentrieren. &#8222;Kyrylo hat spezielle Erfahrung in diesen Bereichen und die n\u00f6tige St\u00e4rke, um Ergebnisse zu erzielen&#8220;, so der Staatschef.\n<\/p>\n<p>Budanows Nachfolge beim Milit\u00e4rgeheimdienst HUR \u00fcbernahm der Auslandsgeheimdienstchef Oleh Iwaschtschenko. Der 56 Jahre alte Generalleutnant Iwaschtschenko solle in der neuen Aufgabe weiter an der wirtschaftlichen Schw\u00e4chung Russlands und an der Einschr\u00e4nkung des russischen Milit\u00e4rpotenzials arbeiten, teilte Selenskyj mit.\n<\/p>\n<h2>Koalition der Willigen ber\u00e4t sich in Kyjiw<\/h2>\n<p>Derweil gehen die <a href=\"https:\/\/www.zeit.de\/politik\/ausland\/2026-01\/ukraine-sicherheitsberater-treffen-kyjiw-ankuendigung\" rel=\"nofollow\">Gespr\u00e4che zwischen der ukrainischen Regierung und ihren westlichen Unterst\u00fctzern<\/a> weiter. Am Samstag werden in Kyjiw die nationalen Sicherheitsberater der Koalition der Willigen beraten. Vertreter von etwa 15 Unterst\u00fctzerstaaten werden an den Gespr\u00e4chen teilnehmen, wie Selenskyj ank\u00fcndigte. Auch Vertreter der EU und der Nato seien dabei. Eine US-Delegation nimmt nach Angaben von Selenskyj per Videoschalte an den Beratungen teil.\n<\/p>\n<p>In der kommenden Woche will Selenskyj in Frankreich mit Spitzenvertretern von Partnerstaaten der Ukraine zusammenkommen. Die internationalen Bem\u00fchungen, den Krieg in der Ukraine zu beenden, hatten sich j\u00fcngst wieder intensiviert.\n<\/p>\n<\/p>\n<\/div>\n","protected":false},"excerpt":{"rendered":"<p>Der ukrainische Pr\u00e4sident Wolodymyr Selenskyj hat eine Neubesetzung des Verteidigungsministeriums angek\u00fcndigt. Der Vizeregierungschef und Minister f\u00fcr digitale Transformation, Mychajlo Fedorow, solle das Amt von Denys Schmyhal \u00fcbernehmen, sagte Selenskyj in seiner abendlichen Videobotschaft. Das ukrainische Parlament muss der Personalie noch zustimmen. Schmyhal war erst im Sommer anstelle von Rustem Umjerow als Verteidigungsminister eingesetzt worden. Schmyhal<\/p>\n","protected":false},"author":1,"featured_media":312906,"comment_status":"open","ping_status":"open","sticky":false,"template":"","format":"standard","meta":{"footnotes":""},"categories":[116],"tags":[],"class_list":["post-312905","post","type-post","status-publish","format-standard","has-post-thumbnail","hentry","category-war-chronicles-de"],"acf":[],"yoast_head":"<!-- This site is optimized with the Yoast SEO plugin v22.9 - https:\/\/yoast.com\/wordpress\/plugins\/seo\/ -->\n<title>Wolodymyr Selenskyj will Verteidigungsminister erneut auswechseln - vof-news.eu<\/title>\n<meta name=\"description\" content=\"Der ukrainische Pr\u00e4sident Wolodymyr Selenskyj hat eine Neubesetzung des Verteidigungsministeriums angek\u00fcndigt. Der Vizeregierungschef und Minister f\u00fcr digitale Transformation, Mychajlo Fedorow, solle das Amt von Denys Schmyhal \u00fcbernehmen, sagte Selenskyj in seiner abendlichen Videobotschaft. Das ukrainische Parlament muss der Personalie noch zustimmen.\" \/>\n<meta name=\"robots\" content=\"noindex, follow, max-snippet:-1, max-image-preview:large, max-video-preview:-1\" \/>\n<meta property=\"og:locale\" content=\"de_DE\" \/>\n<meta property=\"og:type\" content=\"article\" \/>\n<meta property=\"og:title\" content=\"Wolodymyr Selenskyj will Verteidigungsminister erneut auswechseln - vof-news.eu\" \/>\n<meta property=\"og:description\" content=\"Der ukrainische Pr\u00e4sident Wolodymyr Selenskyj hat eine Neubesetzung des Verteidigungsministeriums angek\u00fcndigt. Der Vizeregierungschef und Minister f\u00fcr digitale Transformation, Mychajlo Fedorow, solle das Amt von Denys Schmyhal \u00fcbernehmen, sagte Selenskyj in seiner abendlichen Videobotschaft. Das ukrainische Parlament muss der Personalie noch zustimmen.\" \/>\n<meta property=\"og:url\" content=\"https:\/\/vof-news.eu\/de\/wolodymyr-selenskyj-will-verteidigungsminister-erneut-auswechseln\/\" \/>\n<meta property=\"og:site_name\" content=\"vof-news.eu\" \/>\n<meta property=\"article:published_time\" content=\"2026-01-03T08:28:11+00:00\" \/>\n<meta property=\"article:modified_time\" content=\"2026-01-03T08:29:51+00:00\" \/>\n<meta property=\"og:image\" content=\"https:\/\/vof-news.eu\/wp-content\/uploads\/2026\/01\/wide__1000x562-11.jpg\" \/>\n\t<meta property=\"og:image:width\" content=\"1000\" \/>\n\t<meta property=\"og:image:height\" content=\"562\" \/>\n\t<meta property=\"og:image:type\" content=\"image\/jpeg\" \/>\n<meta name=\"author\" content=\"Author\" \/>\n<meta name=\"twitter:card\" content=\"summary_large_image\" \/>\n<meta name=\"twitter:label1\" content=\"Verfasst von\" \/>\n\t<meta name=\"twitter:data1\" content=\"Author\" \/>\n\t<meta name=\"twitter:label2\" content=\"Gesch\u00e4tzte Lesezeit\" \/>\n\t<meta name=\"twitter:data2\" content=\"2\u00a0Minuten\" \/>\n<script type=\"application\/ld+json\" class=\"yoast-schema-graph\">{\"@context\":\"https:\/\/schema.org\",\"@graph\":[{\"@type\":\"WebPage\",\"@id\":\"https:\/\/vof-news.eu\/de\/wolodymyr-selenskyj-will-verteidigungsminister-erneut-auswechseln\/\",\"url\":\"https:\/\/vof-news.eu\/de\/wolodymyr-selenskyj-will-verteidigungsminister-erneut-auswechseln\/\",\"name\":\"Wolodymyr Selenskyj will Verteidigungsminister erneut auswechseln - vof-news.eu\",\"isPartOf\":{\"@id\":\"https:\/\/vof-news.eu\/de\/#website\"},\"primaryImageOfPage\":{\"@id\":\"https:\/\/vof-news.eu\/de\/wolodymyr-selenskyj-will-verteidigungsminister-erneut-auswechseln\/#primaryimage\"},\"image\":{\"@id\":\"https:\/\/vof-news.eu\/de\/wolodymyr-selenskyj-will-verteidigungsminister-erneut-auswechseln\/#primaryimage\"},\"thumbnailUrl\":\"https:\/\/vof-news.eu\/wp-content\/uploads\/2026\/01\/wide__1000x562-11.jpg\",\"datePublished\":\"2026-01-03T08:28:11+00:00\",\"dateModified\":\"2026-01-03T08:29:51+00:00\",\"author\":{\"@id\":\"https:\/\/vof-news.eu\/de\/#\/schema\/person\/f6a2a4309f0561835797fd8c19b333ed\"},\"description\":\"Der ukrainische Pr\u00e4sident Wolodymyr Selenskyj hat eine Neubesetzung des Verteidigungsministeriums angek\u00fcndigt. Der Vizeregierungschef und Minister f\u00fcr digitale Transformation, Mychajlo Fedorow, solle das Amt von Denys Schmyhal \u00fcbernehmen, sagte Selenskyj in seiner abendlichen Videobotschaft. Das ukrainische Parlament muss der Personalie noch zustimmen.\",\"breadcrumb\":{\"@id\":\"https:\/\/vof-news.eu\/de\/wolodymyr-selenskyj-will-verteidigungsminister-erneut-auswechseln\/#breadcrumb\"},\"inLanguage\":\"de\",\"potentialAction\":[{\"@type\":\"ReadAction\",\"target\":[\"https:\/\/vof-news.eu\/de\/wolodymyr-selenskyj-will-verteidigungsminister-erneut-auswechseln\/\"]}]},{\"@type\":\"ImageObject\",\"inLanguage\":\"de\",\"@id\":\"https:\/\/vof-news.eu\/de\/wolodymyr-selenskyj-will-verteidigungsminister-erneut-auswechseln\/#primaryimage\",\"url\":\"https:\/\/vof-news.eu\/wp-content\/uploads\/2026\/01\/wide__1000x562-11.jpg\",\"contentUrl\":\"https:\/\/vof-news.eu\/wp-content\/uploads\/2026\/01\/wide__1000x562-11.jpg\",\"width\":1000,\"height\":562},{\"@type\":\"BreadcrumbList\",\"@id\":\"https:\/\/vof-news.eu\/de\/wolodymyr-selenskyj-will-verteidigungsminister-erneut-auswechseln\/#breadcrumb\",\"itemListElement\":[{\"@type\":\"ListItem\",\"position\":1,\"name\":\"Home\",\"item\":\"https:\/\/vof-news.eu\/de\/\"},{\"@type\":\"ListItem\",\"position\":2,\"name\":\"Wolodymyr Selenskyj will Verteidigungsminister erneut auswechseln\"}]},{\"@type\":\"WebSite\",\"@id\":\"https:\/\/vof-news.eu\/de\/#website\",\"url\":\"https:\/\/vof-news.eu\/de\/\",\"name\":\"vof-news.eu\",\"description\":\"\",\"potentialAction\":[{\"@type\":\"SearchAction\",\"target\":{\"@type\":\"EntryPoint\",\"urlTemplate\":\"https:\/\/vof-news.eu\/de\/?s={search_term_string}\"},\"query-input\":\"required name=search_term_string\"}],\"inLanguage\":\"de\"},{\"@type\":\"Person\",\"@id\":\"https:\/\/vof-news.eu\/de\/#\/schema\/person\/f6a2a4309f0561835797fd8c19b333ed\",\"name\":\"Author\",\"image\":{\"@type\":\"ImageObject\",\"inLanguage\":\"de\",\"@id\":\"https:\/\/vof-news.eu\/de\/#\/schema\/person\/image\/\",\"url\":\"https:\/\/secure.gravatar.com\/avatar\/b67e614b1b25b3e9c0c239efdd2fde5ab015b5affd6f1c3c85911ca4b384e790?s=96&d=mm&r=g\",\"contentUrl\":\"https:\/\/secure.gravatar.com\/avatar\/b67e614b1b25b3e9c0c239efdd2fde5ab015b5affd6f1c3c85911ca4b384e790?s=96&d=mm&r=g\",\"caption\":\"Author\"},\"sameAs\":[\"http:\/\/vof-news.eu\"],\"url\":\"https:\/\/vof-news.eu\/de\/author\/zwt6qxnjulxbnyg\/\"}]}<\/script>\n<!-- \/ Yoast SEO plugin. -->","yoast_head_json":{"title":"Wolodymyr Selenskyj will Verteidigungsminister erneut auswechseln - vof-news.eu","description":"Der ukrainische Pr\u00e4sident Wolodymyr Selenskyj hat eine Neubesetzung des Verteidigungsministeriums angek\u00fcndigt. Der Vizeregierungschef und Minister f\u00fcr digitale Transformation, Mychajlo Fedorow, solle das Amt von Denys Schmyhal \u00fcbernehmen, sagte Selenskyj in seiner abendlichen Videobotschaft. Das ukrainische Parlament muss der Personalie noch zustimmen.","robots":{"index":"noindex","follow":"follow","max-snippet":"max-snippet:-1","max-image-preview":"max-image-preview:large","max-video-preview":"max-video-preview:-1"},"og_locale":"de_DE","og_type":"article","og_title":"Wolodymyr Selenskyj will Verteidigungsminister erneut auswechseln - vof-news.eu","og_description":"Der ukrainische Pr\u00e4sident Wolodymyr Selenskyj hat eine Neubesetzung des Verteidigungsministeriums angek\u00fcndigt. Der Vizeregierungschef und Minister f\u00fcr digitale Transformation, Mychajlo Fedorow, solle das Amt von Denys Schmyhal \u00fcbernehmen, sagte Selenskyj in seiner abendlichen Videobotschaft. Das ukrainische Parlament muss der Personalie noch zustimmen.","og_url":"https:\/\/vof-news.eu\/de\/wolodymyr-selenskyj-will-verteidigungsminister-erneut-auswechseln\/","og_site_name":"vof-news.eu","article_published_time":"2026-01-03T08:28:11+00:00","article_modified_time":"2026-01-03T08:29:51+00:00","og_image":[{"width":1000,"height":562,"url":"https:\/\/vof-news.eu\/wp-content\/uploads\/2026\/01\/wide__1000x562-11.jpg","type":"image\/jpeg"}],"author":"Author","twitter_card":"summary_large_image","twitter_misc":{"Verfasst von":"Author","Gesch\u00e4tzte Lesezeit":"2\u00a0Minuten"},"schema":{"@context":"https:\/\/schema.org","@graph":[{"@type":"WebPage","@id":"https:\/\/vof-news.eu\/de\/wolodymyr-selenskyj-will-verteidigungsminister-erneut-auswechseln\/","url":"https:\/\/vof-news.eu\/de\/wolodymyr-selenskyj-will-verteidigungsminister-erneut-auswechseln\/","name":"Wolodymyr Selenskyj will Verteidigungsminister erneut auswechseln - vof-news.eu","isPartOf":{"@id":"https:\/\/vof-news.eu\/de\/#website"},"primaryImageOfPage":{"@id":"https:\/\/vof-news.eu\/de\/wolodymyr-selenskyj-will-verteidigungsminister-erneut-auswechseln\/#primaryimage"},"image":{"@id":"https:\/\/vof-news.eu\/de\/wolodymyr-selenskyj-will-verteidigungsminister-erneut-auswechseln\/#primaryimage"},"thumbnailUrl":"https:\/\/vof-news.eu\/wp-content\/uploads\/2026\/01\/wide__1000x562-11.jpg","datePublished":"2026-01-03T08:28:11+00:00","dateModified":"2026-01-03T08:29:51+00:00","author":{"@id":"https:\/\/vof-news.eu\/de\/#\/schema\/person\/f6a2a4309f0561835797fd8c19b333ed"},"description":"Der ukrainische Pr\u00e4sident Wolodymyr Selenskyj hat eine Neubesetzung des Verteidigungsministeriums angek\u00fcndigt. Der Vizeregierungschef und Minister f\u00fcr digitale Transformation, Mychajlo Fedorow, solle das Amt von Denys Schmyhal \u00fcbernehmen, sagte Selenskyj in seiner abendlichen Videobotschaft. Das ukrainische Parlament muss der Personalie noch zustimmen.","breadcrumb":{"@id":"https:\/\/vof-news.eu\/de\/wolodymyr-selenskyj-will-verteidigungsminister-erneut-auswechseln\/#breadcrumb"},"inLanguage":"de","potentialAction":[{"@type":"ReadAction","target":["https:\/\/vof-news.eu\/de\/wolodymyr-selenskyj-will-verteidigungsminister-erneut-auswechseln\/"]}]},{"@type":"ImageObject","inLanguage":"de","@id":"https:\/\/vof-news.eu\/de\/wolodymyr-selenskyj-will-verteidigungsminister-erneut-auswechseln\/#primaryimage","url":"https:\/\/vof-news.eu\/wp-content\/uploads\/2026\/01\/wide__1000x562-11.jpg","contentUrl":"https:\/\/vof-news.eu\/wp-content\/uploads\/2026\/01\/wide__1000x562-11.jpg","width":1000,"height":562},{"@type":"BreadcrumbList","@id":"https:\/\/vof-news.eu\/de\/wolodymyr-selenskyj-will-verteidigungsminister-erneut-auswechseln\/#breadcrumb","itemListElement":[{"@type":"ListItem","position":1,"name":"Home","item":"https:\/\/vof-news.eu\/de\/"},{"@type":"ListItem","position":2,"name":"Wolodymyr Selenskyj will Verteidigungsminister erneut auswechseln"}]},{"@type":"WebSite","@id":"https:\/\/vof-news.eu\/de\/#website","url":"https:\/\/vof-news.eu\/de\/","name":"vof-news.eu","description":"","potentialAction":[{"@type":"SearchAction","target":{"@type":"EntryPoint","urlTemplate":"https:\/\/vof-news.eu\/de\/?s={search_term_string}"},"query-input":"required name=search_term_string"}],"inLanguage":"de"},{"@type":"Person","@id":"https:\/\/vof-news.eu\/de\/#\/schema\/person\/f6a2a4309f0561835797fd8c19b333ed","name":"Author","image":{"@type":"ImageObject","inLanguage":"de","@id":"https:\/\/vof-news.eu\/de\/#\/schema\/person\/image\/","url":"https:\/\/secure.gravatar.com\/avatar\/b67e614b1b25b3e9c0c239efdd2fde5ab015b5affd6f1c3c85911ca4b384e790?s=96&d=mm&r=g","contentUrl":"https:\/\/secure.gravatar.com\/avatar\/b67e614b1b25b3e9c0c239efdd2fde5ab015b5affd6f1c3c85911ca4b384e790?s=96&d=mm&r=g","caption":"Author"},"sameAs":["http:\/\/vof-news.eu"],"url":"https:\/\/vof-news.eu\/de\/author\/zwt6qxnjulxbnyg\/"}]}},"yoast_meta":{"yoast_wpseo_title":"","yoast_wpseo_metadesc":"","yoast_wpseo_canonical":""},"_links":{"self":[{"href":"https:\/\/vof-news.eu\/de\/wp-json\/wp\/v2\/posts\/312905","targetHints":{"allow":["GET"]}}],"collection":[{"href":"https:\/\/vof-news.eu\/de\/wp-json\/wp\/v2\/posts"}],"about":[{"href":"https:\/\/vof-news.eu\/de\/wp-json\/wp\/v2\/types\/post"}],"author":[{"embeddable":true,"href":"https:\/\/vof-news.eu\/de\/wp-json\/wp\/v2\/users\/1"}],"replies":[{"embeddable":true,"href":"https:\/\/vof-news.eu\/de\/wp-json\/wp\/v2\/comments?post=312905"}],"version-history":[{"count":1,"href":"https:\/\/vof-news.eu\/de\/wp-json\/wp\/v2\/posts\/312905\/revisions"}],"predecessor-version":[{"id":312913,"href":"https:\/\/vof-news.eu\/de\/wp-json\/wp\/v2\/posts\/312905\/revisions\/312913"}],"wp:featuredmedia":[{"embeddable":true,"href":"https:\/\/vof-news.eu\/de\/wp-json\/wp\/v2\/media\/312906"}],"wp:attachment":[{"href":"https:\/\/vof-news.eu\/de\/wp-json\/wp\/v2\/media?parent=312905"}],"wp:term":[{"taxonomy":"category","embeddable":true,"href":"https:\/\/vof-news.eu\/de\/wp-json\/wp\/v2\/categories?post=312905"},{"taxonomy":"post_tag","embeddable":true,"href":"https:\/\/vof-news.eu\/de\/wp-json\/wp\/v2\/tags?post=312905"}],"curies":[{"name":"wp","href":"https:\/\/api.w.org\/{rel}","templated":true}]}}